{"id":118,"date":"2009-12-04T10:09:12","date_gmt":"2009-12-04T09:09:12","guid":{"rendered":"http:\/\/blog.zeit.de\/gruenegeschaefte\/?p=118"},"modified":"2009-12-04T10:09:51","modified_gmt":"2009-12-04T09:09:51","slug":"carrotmobs-der-positive-boykott","status":"publish","type":"post","link":"https:\/\/blog.zeit.de\/gruenegeschaefte\/2009\/12\/04\/carrotmobs-der-positive-boykott\/","title":{"rendered":"Carrotmobs: Der positive Boykott"},"content":{"rendered":"<p>Die Idee der Carrotmobber finde ich simpel und genial: Sie st\u00fcrmen seit j\u00fcngster Zeit &#8222;gute L\u00e4den&#8220; und shoppen sie leer. Damit belohnen sie Unternehmer, die etwa radikal in Energieeffizienz investiert haben. Am 12. Dezember <a href=\"http:\/\/carrotmobfrankfurt.de\/\">trifft es diesmal<\/a> den Naturkostladen Andersch in Frankfurt am Main, wo Achim Andersch rund 75 Prozent seines Umsatzes in Energiesparma\u00dfnahmen investiert hat. In Berlin durfte sich bereits Ende Oktober der Schnellimbiss &#8222;eve &amp; adam\u00b4s&#8220; \u00fcber den <a href=\"http:\/\/www.carrotmobberlin.com\/\">Ansturm von 500 G\u00e4sten<\/a> und ein Zusatzgesch\u00e4ft von mehr als 2300 Euro freuen. <a href=\"http:\/\/www.carrotmobbielefeld.de\/\">In Bielefeld<\/a> entsorgte ein Bioladen mit dem ungeahnten Geldsegen 15 Jahre alte K\u00fchltruhen. Aufgekommen ist die Bewegung \u00fcbrigens in den USA, via facebook und twitter dauerte es nicht lange, bis sie auch in Europa ankam.\u00a0 Wie lobt das Time Magazin: &#8222;<a href=\"http:\/\/www.time.com\/time\/business\/article\/0,8599,1898728,00.html\">Carrotmobs are cooler than boycotts&#8220;<\/a>. Stimmt!<\/p>\n","protected":false},"excerpt":{"rendered":"<p>Die Idee der Carrotmobber finde ich simpel und genial: Sie st\u00fcrmen seit j\u00fcngster Zeit &#8222;gute L\u00e4den&#8220; und shoppen sie leer. Damit belohnen sie Unternehmer, die etwa radikal in Energieeffizienz investiert haben. Am 12. Dezember trifft es diesmal den Naturkostladen Andersch in Frankfurt am Main, wo Achim Andersch rund 75 Prozent seines Umsatzes in Energiesparma\u00dfnahmen investiert [&hellip;]<\/p>\n","protected":false},"author":196,"featured_media":0,"comment_status":"open","ping_status":"open","sticky":false,"template":"","format":"standard","meta":{"_jetpack_memberships_contains_paid_content":false,"footnotes":""},"categories":[1131],"tags":[],"class_list":["post-118","post","type-post","status-publish","format-standard","hentry","category-aktionen"],"yoast_head":"<!-- This site is optimized with the Yoast SEO plugin v21.0 - https:\/\/yoast.com\/wordpress\/plugins\/seo\/ -->\n<title>Carrotmobs: Der positive Boykott - Gr\u00fcne Gesch\u00e4fte<\/title>\n<meta name=\"robots\" content=\"index, follow, max-snippet:-1, max-image-preview:large, max-video-preview:-1\" \/>\n<link rel=\"canonical\" href=\"https:\/\/blog.zeit.de\/gruenegeschaefte\/2009\/12\/04\/carrotmobs-der-positive-boykott\/\" \/>\n<meta property=\"og:locale\" content=\"de_DE\" \/>\n<meta property=\"og:type\" content=\"article\" \/>\n<meta property=\"og:title\" content=\"Carrotmobs: Der positive Boykott - Gr\u00fcne Gesch\u00e4fte\" \/>\n<meta property=\"og:description\" content=\"Die Idee der Carrotmobber finde ich simpel und genial: Sie st\u00fcrmen seit j\u00fcngster Zeit &#8222;gute L\u00e4den&#8220; und shoppen sie leer. Damit belohnen sie Unternehmer, die etwa radikal in Energieeffizienz investiert haben. Am 12. Dezember trifft es diesmal den Naturkostladen Andersch in Frankfurt am Main, wo Achim Andersch rund 75 Prozent seines Umsatzes in Energiesparma\u00dfnahmen investiert [&hellip;]\" \/>\n<meta property=\"og:url\" content=\"https:\/\/blog.zeit.de\/gruenegeschaefte\/2009\/12\/04\/carrotmobs-der-positive-boykott\/\" \/>\n<meta property=\"og:site_name\" content=\"Gr\u00fcne Gesch\u00e4fte\" \/>\n<meta property=\"article:published_time\" content=\"2009-12-04T09:09:12+00:00\" \/>\n<meta property=\"article:modified_time\" content=\"2009-12-04T09:09:51+00:00\" \/>\n<meta name=\"author\" content=\"Marlies Uken\" \/>\n<meta name=\"twitter:card\" content=\"summary_large_image\" \/>\n<meta name=\"twitter:creator\" content=\"@zeitonline\" \/>\n<meta name=\"twitter:site\" content=\"@zeitonline\" \/>\n<meta name=\"twitter:label1\" content=\"Geschrieben von\" \/>\n\t<meta name=\"twitter:data1\" content=\"Marlies Uken\" \/>\n\t<meta name=\"twitter:label2\" content=\"Gesch\u00e4tzte Lesezeit\" \/>\n\t<meta name=\"twitter:data2\" content=\"1\u00a0Minute\" \/>\n<script type=\"application\/ld+json\" class=\"yoast-schema-graph\">{\"@context\":\"https:\/\/schema.org\",\"@graph\":[{\"@type\":\"WebPage\",\"@id\":\"https:\/\/blog.zeit.de\/gruenegeschaefte\/2009\/12\/04\/carrotmobs-der-positive-boykott\/\",\"url\":\"https:\/\/blog.zeit.de\/gruenegeschaefte\/2009\/12\/04\/carrotmobs-der-positive-boykott\/\",\"name\":\"Carrotmobs: Der positive Boykott - Gr\u00fcne Gesch\u00e4fte\",\"isPartOf\":{\"@id\":\"https:\/\/blog.zeit.de\/gruenegeschaefte\/#website\"},\"datePublished\":\"2009-12-04T09:09:12+00:00\",\"dateModified\":\"2009-12-04T09:09:51+00:00\",\"author\":{\"@id\":\"https:\/\/blog.zeit.de\/gruenegeschaefte\/#\/schema\/person\/56a2bdb136cd5997b1dd0485f3d105f9\"},\"breadcrumb\":{\"@id\":\"https:\/\/blog.zeit.de\/gruenegeschaefte\/2009\/12\/04\/carrotmobs-der-positive-boykott\/#breadcrumb\"},\"inLanguage\":\"de\",\"potentialAction\":[{\"@type\":\"ReadAction\",\"target\":[\"https:\/\/blog.zeit.de\/gruenegeschaefte\/2009\/12\/04\/carrotmobs-der-positive-boykott\/\"]}]},{\"@type\":\"BreadcrumbList\",\"@id\":\"https:\/\/blog.zeit.de\/gruenegeschaefte\/2009\/12\/04\/carrotmobs-der-positive-boykott\/#breadcrumb\",\"itemListElement\":[{\"@type\":\"ListItem\",\"position\":1,\"name\":\"Startseite\",\"item\":\"https:\/\/blog.zeit.de\/gruenegeschaefte\/\"},{\"@type\":\"ListItem\",\"position\":2,\"name\":\"Carrotmobs: Der positive Boykott\"}]},{\"@type\":\"WebSite\",\"@id\":\"https:\/\/blog.zeit.de\/gruenegeschaefte\/#website\",\"url\":\"https:\/\/blog.zeit.de\/gruenegeschaefte\/\",\"name\":\"Gr\u00fcne Gesch\u00e4fte\",\"description\":\"Wir k\u00f6nnen&#039;s besser: Das Blog f\u00fcr eine Wirtschaft, die Ressourcen und Klima schont\",\"potentialAction\":[{\"@type\":\"SearchAction\",\"target\":{\"@type\":\"EntryPoint\",\"urlTemplate\":\"https:\/\/blog.zeit.de\/gruenegeschaefte\/?s={search_term_string}\"},\"query-input\":\"required name=search_term_string\"}],\"inLanguage\":\"de\"},{\"@type\":\"Person\",\"@id\":\"https:\/\/blog.zeit.de\/gruenegeschaefte\/#\/schema\/person\/56a2bdb136cd5997b1dd0485f3d105f9\",\"name\":\"Marlies Uken\",\"image\":{\"@type\":\"ImageObject\",\"inLanguage\":\"de\",\"@id\":\"https:\/\/blog.zeit.de\/gruenegeschaefte\/#\/schema\/person\/image\/\",\"url\":\"https:\/\/secure.gravatar.com\/avatar\/1b4c2e971f407a9ead4389a9370b171e45b0ee693342f36fcc448bb9175b9ee2?s=96&d=mm&r=g\",\"contentUrl\":\"https:\/\/secure.gravatar.com\/avatar\/1b4c2e971f407a9ead4389a9370b171e45b0ee693342f36fcc448bb9175b9ee2?s=96&d=mm&r=g\",\"caption\":\"Marlies Uken\"},\"description\":\"ist Redakteurin bei ZEIT ONLINE.\",\"sameAs\":[\"https:\/\/blog.zeit.de\/gruenegeschaefte\/\"],\"url\":\"https:\/\/blog.zeit.de\/gruenegeschaefte\/author\/marlies-uken\/\"}]}<\/script>\n<!-- \/ Yoast SEO plugin. -->","yoast_head_json":{"title":"Carrotmobs: Der positive Boykott - Gr\u00fcne Gesch\u00e4fte","robots":{"index":"index","follow":"follow","max-snippet":"max-snippet:-1","max-image-preview":"max-image-preview:large","max-video-preview":"max-video-preview:-1"},"canonical":"https:\/\/blog.zeit.de\/gruenegeschaefte\/2009\/12\/04\/carrotmobs-der-positive-boykott\/","og_locale":"de_DE","og_type":"article","og_title":"Carrotmobs: Der positive Boykott - Gr\u00fcne Gesch\u00e4fte","og_description":"Die Idee der Carrotmobber finde ich simpel und genial: Sie st\u00fcrmen seit j\u00fcngster Zeit &#8222;gute L\u00e4den&#8220; und shoppen sie leer. Damit belohnen sie Unternehmer, die etwa radikal in Energieeffizienz investiert haben. Am 12. Dezember trifft es diesmal den Naturkostladen Andersch in Frankfurt am Main, wo Achim Andersch rund 75 Prozent seines Umsatzes in Energiesparma\u00dfnahmen investiert [&hellip;]","og_url":"https:\/\/blog.zeit.de\/gruenegeschaefte\/2009\/12\/04\/carrotmobs-der-positive-boykott\/","og_site_name":"Gr\u00fcne Gesch\u00e4fte","article_published_time":"2009-12-04T09:09:12+00:00","article_modified_time":"2009-12-04T09:09:51+00:00","author":"Marlies Uken","twitter_card":"summary_large_image","twitter_creator":"@zeitonline","twitter_site":"@zeitonline","twitter_misc":{"Geschrieben von":"Marlies Uken","Gesch\u00e4tzte Lesezeit":"1\u00a0Minute"},"schema":{"@context":"https:\/\/schema.org","@graph":[{"@type":"WebPage","@id":"https:\/\/blog.zeit.de\/gruenegeschaefte\/2009\/12\/04\/carrotmobs-der-positive-boykott\/","url":"https:\/\/blog.zeit.de\/gruenegeschaefte\/2009\/12\/04\/carrotmobs-der-positive-boykott\/","name":"Carrotmobs: Der positive Boykott - Gr\u00fcne Gesch\u00e4fte","isPartOf":{"@id":"https:\/\/blog.zeit.de\/gruenegeschaefte\/#website"},"datePublished":"2009-12-04T09:09:12+00:00","dateModified":"2009-12-04T09:09:51+00:00","author":{"@id":"https:\/\/blog.zeit.de\/gruenegeschaefte\/#\/schema\/person\/56a2bdb136cd5997b1dd0485f3d105f9"},"breadcrumb":{"@id":"https:\/\/blog.zeit.de\/gruenegeschaefte\/2009\/12\/04\/carrotmobs-der-positive-boykott\/#breadcrumb"},"inLanguage":"de","potentialAction":[{"@type":"ReadAction","target":["https:\/\/blog.zeit.de\/gruenegeschaefte\/2009\/12\/04\/carrotmobs-der-positive-boykott\/"]}]},{"@type":"BreadcrumbList","@id":"https:\/\/blog.zeit.de\/gruenegeschaefte\/2009\/12\/04\/carrotmobs-der-positive-boykott\/#breadcrumb","itemListElement":[{"@type":"ListItem","position":1,"name":"Startseite","item":"https:\/\/blog.zeit.de\/gruenegeschaefte\/"},{"@type":"ListItem","position":2,"name":"Carrotmobs: Der positive Boykott"}]},{"@type":"WebSite","@id":"https:\/\/blog.zeit.de\/gruenegeschaefte\/#website","url":"https:\/\/blog.zeit.de\/gruenegeschaefte\/","name":"Gr\u00fcne Gesch\u00e4fte","description":"Wir k\u00f6nnen&#039;s besser: Das Blog f\u00fcr eine Wirtschaft, die Ressourcen und Klima schont","potentialAction":[{"@type":"SearchAction","target":{"@type":"EntryPoint","urlTemplate":"https:\/\/blog.zeit.de\/gruenegeschaefte\/?s={search_term_string}"},"query-input":"required name=search_term_string"}],"inLanguage":"de"},{"@type":"Person","@id":"https:\/\/blog.zeit.de\/gruenegeschaefte\/#\/schema\/person\/56a2bdb136cd5997b1dd0485f3d105f9","name":"Marlies Uken","image":{"@type":"ImageObject","inLanguage":"de","@id":"https:\/\/blog.zeit.de\/gruenegeschaefte\/#\/schema\/person\/image\/","url":"https:\/\/secure.gravatar.com\/avatar\/1b4c2e971f407a9ead4389a9370b171e45b0ee693342f36fcc448bb9175b9ee2?s=96&d=mm&r=g","contentUrl":"https:\/\/secure.gravatar.com\/avatar\/1b4c2e971f407a9ead4389a9370b171e45b0ee693342f36fcc448bb9175b9ee2?s=96&d=mm&r=g","caption":"Marlies Uken"},"description":"ist Redakteurin bei ZEIT ONLINE.","sameAs":["https:\/\/blog.zeit.de\/gruenegeschaefte\/"],"url":"https:\/\/blog.zeit.de\/gruenegeschaefte\/author\/marlies-uken\/"}]}},"jetpack_featured_media_url":"","jetpack_sharing_enabled":true,"_links":{"self":[{"href":"https:\/\/blog.zeit.de\/gruenegeschaefte\/wp-json\/wp\/v2\/posts\/118","targetHints":{"allow":["GET"]}}],"collection":[{"href":"https:\/\/blog.zeit.de\/gruenegeschaefte\/wp-json\/wp\/v2\/posts"}],"about":[{"href":"https:\/\/blog.zeit.de\/gruenegeschaefte\/wp-json\/wp\/v2\/types\/post"}],"author":[{"embeddable":true,"href":"https:\/\/blog.zeit.de\/gruenegeschaefte\/wp-json\/wp\/v2\/users\/196"}],"replies":[{"embeddable":true,"href":"https:\/\/blog.zeit.de\/gruenegeschaefte\/wp-json\/wp\/v2\/comments?post=118"}],"version-history":[{"count":0,"href":"https:\/\/blog.zeit.de\/gruenegeschaefte\/wp-json\/wp\/v2\/posts\/118\/revisions"}],"wp:attachment":[{"href":"https:\/\/blog.zeit.de\/gruenegeschaefte\/wp-json\/wp\/v2\/media?parent=118"}],"wp:term":[{"taxonomy":"category","embeddable":true,"href":"https:\/\/blog.zeit.de\/gruenegeschaefte\/wp-json\/wp\/v2\/categories?post=118"},{"taxonomy":"post_tag","embeddable":true,"href":"https:\/\/blog.zeit.de\/gruenegeschaefte\/wp-json\/wp\/v2\/tags?post=118"}],"curies":[{"name":"wp","href":"https:\/\/api.w.org\/{rel}","templated":true}]}}