{"id":1296,"date":"2010-08-27T15:14:15","date_gmt":"2010-08-27T13:14:15","guid":{"rendered":"http:\/\/blog.zeit.de\/gruenegeschaefte\/?p=1296"},"modified":"2010-08-27T15:14:15","modified_gmt":"2010-08-27T13:14:15","slug":"1-bio-plastik-ohne-futterneid","status":"publish","type":"post","link":"https:\/\/blog.zeit.de\/gruenegeschaefte\/2010\/08\/27\/1-bio-plastik-ohne-futterneid\/","title":{"rendered":"1. Bio-Plastik ohne Futterneid"},"content":{"rendered":"<p>Den japanischen Konzern <a href=\"http:\/\/www.nec.com\/\">NEC<\/a> kannte ich bislang nur als Hersteller von Computerbildschirmen und als Spezialisten f\u00fcr\u00a0 IT-Produkte. Aber weit gefehlt: Die Forschungsabteilung entwickelt seit Jahren auch nachhaltige Ersatzstoffe f\u00fcr Kunststoffe. Jetzt pr\u00e4sentiert das Unternehmen seine neuste Entwicklung, die nach eigenen Angaben &#8222;<a href=\"http:\/\/www.nec.co.jp\/press\/en\/1008\/2501.html\" target=\"_blank\">weltweit erste Bioplastik aus nicht-essbarem Material&#8220;<\/a> . Der Clou: NEC verwendet keine pflanzlichen Rohstoffe wie Mais &#8211; den kann man n\u00e4mlich besser selbst essen oder an Tiere verf\u00fcttern, statt ihn energetisch aufw\u00e4ndig zu Kunststoff aufzubereiten. Stattdessen besteht die neue Bio-Plastik aus Zellulose und Cardanol, das aus den Schalen von Cashew-N\u00fcssen gewonnen wird.<\/p>\n<p>Da das neue Bio-Material besonders hitzeresistent ist, l\u00e4sst es sich auch f\u00fcr Computergeh\u00e4use o.\u00e4. verwenden. In sp\u00e4testens drei Jahren will NEC die ersten Produkte aus Bio-Plastik auf den Markt bringen. Bis dahin wird NEC hoffentlich auch eine Recyclingl\u00f6sung gefunden haben. Denn im Kompost hat selbst Bio-Plastik nix zu suchen.<\/p>\n","protected":false},"excerpt":{"rendered":"<p>Den japanischen Konzern NEC kannte ich bislang nur als Hersteller von Computerbildschirmen und als Spezialisten f\u00fcr\u00a0 IT-Produkte. Aber weit gefehlt: Die Forschungsabteilung entwickelt seit Jahren auch nachhaltige Ersatzstoffe f\u00fcr Kunststoffe. Jetzt pr\u00e4sentiert das Unternehmen seine neuste Entwicklung, die nach eigenen Angaben &#8222;weltweit erste Bioplastik aus nicht-essbarem Material&#8220; . Der Clou: NEC verwendet keine pflanzlichen Rohstoffe [&hellip;]<\/p>\n","protected":false},"author":196,"featured_media":0,"comment_status":"open","ping_status":"open","sticky":false,"template":"","format":"standard","meta":{"_jetpack_memberships_contains_paid_content":false,"footnotes":""},"categories":[1312,2042],"tags":[],"class_list":["post-1296","post","type-post","status-publish","format-standard","hentry","category-abfall","category-innovation"],"yoast_head":"<!-- This site is optimized with the Yoast SEO plugin v21.0 - https:\/\/yoast.com\/wordpress\/plugins\/seo\/ -->\n<title>1. Bio-Plastik ohne Futterneid - Gr\u00fcne Gesch\u00e4fte<\/title>\n<meta name=\"robots\" content=\"index, follow, max-snippet:-1, max-image-preview:large, max-video-preview:-1\" \/>\n<link rel=\"canonical\" href=\"https:\/\/blog.zeit.de\/gruenegeschaefte\/2010\/08\/27\/1-bio-plastik-ohne-futterneid\/\" \/>\n<meta property=\"og:locale\" content=\"de_DE\" \/>\n<meta property=\"og:type\" content=\"article\" \/>\n<meta property=\"og:title\" content=\"1. Bio-Plastik ohne Futterneid - Gr\u00fcne Gesch\u00e4fte\" \/>\n<meta property=\"og:description\" content=\"Den japanischen Konzern NEC kannte ich bislang nur als Hersteller von Computerbildschirmen und als Spezialisten f\u00fcr\u00a0 IT-Produkte. Aber weit gefehlt: Die Forschungsabteilung entwickelt seit Jahren auch nachhaltige Ersatzstoffe f\u00fcr Kunststoffe. Jetzt pr\u00e4sentiert das Unternehmen seine neuste Entwicklung, die nach eigenen Angaben &#8222;weltweit erste Bioplastik aus nicht-essbarem Material&#8220; . Der Clou: NEC verwendet keine pflanzlichen Rohstoffe [&hellip;]\" \/>\n<meta property=\"og:url\" content=\"https:\/\/blog.zeit.de\/gruenegeschaefte\/2010\/08\/27\/1-bio-plastik-ohne-futterneid\/\" \/>\n<meta property=\"og:site_name\" content=\"Gr\u00fcne Gesch\u00e4fte\" \/>\n<meta property=\"article:published_time\" content=\"2010-08-27T13:14:15+00:00\" \/>\n<meta name=\"author\" content=\"Marlies Uken\" \/>\n<meta name=\"twitter:card\" content=\"summary_large_image\" \/>\n<meta name=\"twitter:creator\" content=\"@zeitonline\" \/>\n<meta name=\"twitter:site\" content=\"@zeitonline\" \/>\n<meta name=\"twitter:label1\" content=\"Geschrieben von\" \/>\n\t<meta name=\"twitter:data1\" content=\"Marlies Uken\" \/>\n\t<meta name=\"twitter:label2\" content=\"Gesch\u00e4tzte Lesezeit\" \/>\n\t<meta name=\"twitter:data2\" content=\"1\u00a0Minute\" \/>\n<script type=\"application\/ld+json\" class=\"yoast-schema-graph\">{\"@context\":\"https:\/\/schema.org\",\"@graph\":[{\"@type\":\"WebPage\",\"@id\":\"https:\/\/blog.zeit.de\/gruenegeschaefte\/2010\/08\/27\/1-bio-plastik-ohne-futterneid\/\",\"url\":\"https:\/\/blog.zeit.de\/gruenegeschaefte\/2010\/08\/27\/1-bio-plastik-ohne-futterneid\/\",\"name\":\"1. Bio-Plastik ohne Futterneid - Gr\u00fcne Gesch\u00e4fte\",\"isPartOf\":{\"@id\":\"https:\/\/blog.zeit.de\/gruenegeschaefte\/#website\"},\"datePublished\":\"2010-08-27T13:14:15+00:00\",\"dateModified\":\"2010-08-27T13:14:15+00:00\",\"author\":{\"@id\":\"https:\/\/blog.zeit.de\/gruenegeschaefte\/#\/schema\/person\/56a2bdb136cd5997b1dd0485f3d105f9\"},\"breadcrumb\":{\"@id\":\"https:\/\/blog.zeit.de\/gruenegeschaefte\/2010\/08\/27\/1-bio-plastik-ohne-futterneid\/#breadcrumb\"},\"inLanguage\":\"de\",\"potentialAction\":[{\"@type\":\"ReadAction\",\"target\":[\"https:\/\/blog.zeit.de\/gruenegeschaefte\/2010\/08\/27\/1-bio-plastik-ohne-futterneid\/\"]}]},{\"@type\":\"BreadcrumbList\",\"@id\":\"https:\/\/blog.zeit.de\/gruenegeschaefte\/2010\/08\/27\/1-bio-plastik-ohne-futterneid\/#breadcrumb\",\"itemListElement\":[{\"@type\":\"ListItem\",\"position\":1,\"name\":\"Startseite\",\"item\":\"https:\/\/blog.zeit.de\/gruenegeschaefte\/\"},{\"@type\":\"ListItem\",\"position\":2,\"name\":\"1. Bio-Plastik ohne Futterneid\"}]},{\"@type\":\"WebSite\",\"@id\":\"https:\/\/blog.zeit.de\/gruenegeschaefte\/#website\",\"url\":\"https:\/\/blog.zeit.de\/gruenegeschaefte\/\",\"name\":\"Gr\u00fcne Gesch\u00e4fte\",\"description\":\"Wir k\u00f6nnen&#039;s besser: Das Blog f\u00fcr eine Wirtschaft, die Ressourcen und Klima schont\",\"potentialAction\":[{\"@type\":\"SearchAction\",\"target\":{\"@type\":\"EntryPoint\",\"urlTemplate\":\"https:\/\/blog.zeit.de\/gruenegeschaefte\/?s={search_term_string}\"},\"query-input\":\"required name=search_term_string\"}],\"inLanguage\":\"de\"},{\"@type\":\"Person\",\"@id\":\"https:\/\/blog.zeit.de\/gruenegeschaefte\/#\/schema\/person\/56a2bdb136cd5997b1dd0485f3d105f9\",\"name\":\"Marlies Uken\",\"image\":{\"@type\":\"ImageObject\",\"inLanguage\":\"de\",\"@id\":\"https:\/\/blog.zeit.de\/gruenegeschaefte\/#\/schema\/person\/image\/\",\"url\":\"https:\/\/secure.gravatar.com\/avatar\/1b4c2e971f407a9ead4389a9370b171e45b0ee693342f36fcc448bb9175b9ee2?s=96&d=mm&r=g\",\"contentUrl\":\"https:\/\/secure.gravatar.com\/avatar\/1b4c2e971f407a9ead4389a9370b171e45b0ee693342f36fcc448bb9175b9ee2?s=96&d=mm&r=g\",\"caption\":\"Marlies Uken\"},\"description\":\"ist Redakteurin bei ZEIT ONLINE.\",\"sameAs\":[\"https:\/\/blog.zeit.de\/gruenegeschaefte\/\"],\"url\":\"https:\/\/blog.zeit.de\/gruenegeschaefte\/author\/marlies-uken\/\"}]}<\/script>\n<!-- \/ Yoast SEO plugin. -->","yoast_head_json":{"title":"1. Bio-Plastik ohne Futterneid - Gr\u00fcne Gesch\u00e4fte","robots":{"index":"index","follow":"follow","max-snippet":"max-snippet:-1","max-image-preview":"max-image-preview:large","max-video-preview":"max-video-preview:-1"},"canonical":"https:\/\/blog.zeit.de\/gruenegeschaefte\/2010\/08\/27\/1-bio-plastik-ohne-futterneid\/","og_locale":"de_DE","og_type":"article","og_title":"1. Bio-Plastik ohne Futterneid - Gr\u00fcne Gesch\u00e4fte","og_description":"Den japanischen Konzern NEC kannte ich bislang nur als Hersteller von Computerbildschirmen und als Spezialisten f\u00fcr\u00a0 IT-Produkte. Aber weit gefehlt: Die Forschungsabteilung entwickelt seit Jahren auch nachhaltige Ersatzstoffe f\u00fcr Kunststoffe. Jetzt pr\u00e4sentiert das Unternehmen seine neuste Entwicklung, die nach eigenen Angaben &#8222;weltweit erste Bioplastik aus nicht-essbarem Material&#8220; . Der Clou: NEC verwendet keine pflanzlichen Rohstoffe [&hellip;]","og_url":"https:\/\/blog.zeit.de\/gruenegeschaefte\/2010\/08\/27\/1-bio-plastik-ohne-futterneid\/","og_site_name":"Gr\u00fcne Gesch\u00e4fte","article_published_time":"2010-08-27T13:14:15+00:00","author":"Marlies Uken","twitter_card":"summary_large_image","twitter_creator":"@zeitonline","twitter_site":"@zeitonline","twitter_misc":{"Geschrieben von":"Marlies Uken","Gesch\u00e4tzte Lesezeit":"1\u00a0Minute"},"schema":{"@context":"https:\/\/schema.org","@graph":[{"@type":"WebPage","@id":"https:\/\/blog.zeit.de\/gruenegeschaefte\/2010\/08\/27\/1-bio-plastik-ohne-futterneid\/","url":"https:\/\/blog.zeit.de\/gruenegeschaefte\/2010\/08\/27\/1-bio-plastik-ohne-futterneid\/","name":"1. Bio-Plastik ohne Futterneid - Gr\u00fcne Gesch\u00e4fte","isPartOf":{"@id":"https:\/\/blog.zeit.de\/gruenegeschaefte\/#website"},"datePublished":"2010-08-27T13:14:15+00:00","dateModified":"2010-08-27T13:14:15+00:00","author":{"@id":"https:\/\/blog.zeit.de\/gruenegeschaefte\/#\/schema\/person\/56a2bdb136cd5997b1dd0485f3d105f9"},"breadcrumb":{"@id":"https:\/\/blog.zeit.de\/gruenegeschaefte\/2010\/08\/27\/1-bio-plastik-ohne-futterneid\/#breadcrumb"},"inLanguage":"de","potentialAction":[{"@type":"ReadAction","target":["https:\/\/blog.zeit.de\/gruenegeschaefte\/2010\/08\/27\/1-bio-plastik-ohne-futterneid\/"]}]},{"@type":"BreadcrumbList","@id":"https:\/\/blog.zeit.de\/gruenegeschaefte\/2010\/08\/27\/1-bio-plastik-ohne-futterneid\/#breadcrumb","itemListElement":[{"@type":"ListItem","position":1,"name":"Startseite","item":"https:\/\/blog.zeit.de\/gruenegeschaefte\/"},{"@type":"ListItem","position":2,"name":"1. Bio-Plastik ohne Futterneid"}]},{"@type":"WebSite","@id":"https:\/\/blog.zeit.de\/gruenegeschaefte\/#website","url":"https:\/\/blog.zeit.de\/gruenegeschaefte\/","name":"Gr\u00fcne Gesch\u00e4fte","description":"Wir k\u00f6nnen&#039;s besser: Das Blog f\u00fcr eine Wirtschaft, die Ressourcen und Klima schont","potentialAction":[{"@type":"SearchAction","target":{"@type":"EntryPoint","urlTemplate":"https:\/\/blog.zeit.de\/gruenegeschaefte\/?s={search_term_string}"},"query-input":"required name=search_term_string"}],"inLanguage":"de"},{"@type":"Person","@id":"https:\/\/blog.zeit.de\/gruenegeschaefte\/#\/schema\/person\/56a2bdb136cd5997b1dd0485f3d105f9","name":"Marlies Uken","image":{"@type":"ImageObject","inLanguage":"de","@id":"https:\/\/blog.zeit.de\/gruenegeschaefte\/#\/schema\/person\/image\/","url":"https:\/\/secure.gravatar.com\/avatar\/1b4c2e971f407a9ead4389a9370b171e45b0ee693342f36fcc448bb9175b9ee2?s=96&d=mm&r=g","contentUrl":"https:\/\/secure.gravatar.com\/avatar\/1b4c2e971f407a9ead4389a9370b171e45b0ee693342f36fcc448bb9175b9ee2?s=96&d=mm&r=g","caption":"Marlies Uken"},"description":"ist Redakteurin bei ZEIT ONLINE.","sameAs":["https:\/\/blog.zeit.de\/gruenegeschaefte\/"],"url":"https:\/\/blog.zeit.de\/gruenegeschaefte\/author\/marlies-uken\/"}]}},"jetpack_featured_media_url":"","jetpack_sharing_enabled":true,"_links":{"self":[{"href":"https:\/\/blog.zeit.de\/gruenegeschaefte\/wp-json\/wp\/v2\/posts\/1296","targetHints":{"allow":["GET"]}}],"collection":[{"href":"https:\/\/blog.zeit.de\/gruenegeschaefte\/wp-json\/wp\/v2\/posts"}],"about":[{"href":"https:\/\/blog.zeit.de\/gruenegeschaefte\/wp-json\/wp\/v2\/types\/post"}],"author":[{"embeddable":true,"href":"https:\/\/blog.zeit.de\/gruenegeschaefte\/wp-json\/wp\/v2\/users\/196"}],"replies":[{"embeddable":true,"href":"https:\/\/blog.zeit.de\/gruenegeschaefte\/wp-json\/wp\/v2\/comments?post=1296"}],"version-history":[{"count":0,"href":"https:\/\/blog.zeit.de\/gruenegeschaefte\/wp-json\/wp\/v2\/posts\/1296\/revisions"}],"wp:attachment":[{"href":"https:\/\/blog.zeit.de\/gruenegeschaefte\/wp-json\/wp\/v2\/media?parent=1296"}],"wp:term":[{"taxonomy":"category","embeddable":true,"href":"https:\/\/blog.zeit.de\/gruenegeschaefte\/wp-json\/wp\/v2\/categories?post=1296"},{"taxonomy":"post_tag","embeddable":true,"href":"https:\/\/blog.zeit.de\/gruenegeschaefte\/wp-json\/wp\/v2\/tags?post=1296"}],"curies":[{"name":"wp","href":"https:\/\/api.w.org\/{rel}","templated":true}]}}