{"id":1333,"date":"2010-09-08T15:15:00","date_gmt":"2010-09-08T13:15:00","guid":{"rendered":"http:\/\/blog.zeit.de\/gruenegeschaefte\/?p=1333"},"modified":"2010-09-09T12:30:00","modified_gmt":"2010-09-09T10:30:00","slug":"ikea-will-nicht-auf-dem-sperrmull-landen","status":"publish","type":"post","link":"https:\/\/blog.zeit.de\/gruenegeschaefte\/2010\/09\/08\/ikea-will-nicht-auf-dem-sperrmull-landen\/","title":{"rendered":"Ikea will nicht auf dem Sperrm\u00fcll landen"},"content":{"rendered":"<p>Auf den ersten Blick gleicht es doch einer Kannibalisierung: Ikea Schweden steigt in das Gesch\u00e4ft mit gebrauchten Billy-Regalen und anderen Ikea-M\u00f6beln ein, berichtet das<a href=\"http:\/\/newsfeed.time.com\/2010\/09\/02\/ikea-to-sell-second-hand-ikea-furniture\/\" target=\"_blank\"><em> Times Magazin.<\/em><\/a> Auf der <a href=\"http:\/\/www.ikea.com\/se\/\" target=\"_blank\">schwedischen Ikea-Seite<\/a> soll es jetzt einen Link zu einer Gebrauchtm\u00f6bel-Plattform geben, die nur Ikea-M\u00f6bel vertickt (den Link h\u00e4tte ich echt gerne hier gepostet, aber das machen meine Schwedisch-Kenntnisse leider nicht mit &#8211; Hilfe willkommen!). F\u00fcr Ikea ist es &#8211; so die offizielle Interpretation &#8211; ein weiterer Schritt, sich als\u00a0 nachhaltiger und <a href=\"http:\/\/www.ikea.com\/ms\/de_DE\/the_ikea_story\/people_and_the_environment\/index.html\" target=\"_blank\">umweltfreundlicher M\u00f6belgigant<\/a> zu positionieren. F\u00fcr Kritiker ist es nur eine andere Variante, sich Marktanteile zu sichern &#8211; dann eben auch im Gesch\u00e4ft mit Gebrauchtm\u00f6bel. So oder so: Solange Ikea hilft, den Sperrm\u00fcll zu reduzieren, sei es mir willkommen.<\/p>\n<p>Update 9.9.2010: Und Ikea steigt jetzt sogar ins Gesch\u00e4ft mit Windpark ein, <a href=\"http:\/\/www.focus.de\/finanzen\/news\/unternehmen\/erneuerbare-energien-ikea-investiert-in-windkraft_aid_549937.html\" target=\"_blank\">berichtet <em>Focus Online<\/em><\/a>.<\/p>\n","protected":false},"excerpt":{"rendered":"<p>Auf den ersten Blick gleicht es doch einer Kannibalisierung: Ikea Schweden steigt in das Gesch\u00e4ft mit gebrauchten Billy-Regalen und anderen Ikea-M\u00f6beln ein, berichtet das Times Magazin. Auf der schwedischen Ikea-Seite soll es jetzt einen Link zu einer Gebrauchtm\u00f6bel-Plattform geben, die nur Ikea-M\u00f6bel vertickt (den Link h\u00e4tte ich echt gerne hier gepostet, aber das machen meine [&hellip;]<\/p>\n","protected":false},"author":196,"featured_media":0,"comment_status":"open","ping_status":"open","sticky":false,"template":"","format":"standard","meta":{"_jetpack_memberships_contains_paid_content":false,"footnotes":""},"categories":[1312,1432],"tags":[],"class_list":["post-1333","post","type-post","status-publish","format-standard","hentry","category-abfall","category-nachhaltigkeit"],"yoast_head":"<!-- This site is optimized with the Yoast SEO plugin v21.0 - https:\/\/yoast.com\/wordpress\/plugins\/seo\/ -->\n<title>Ikea will nicht auf dem Sperrm\u00fcll landen - Gr\u00fcne Gesch\u00e4fte<\/title>\n<meta name=\"robots\" content=\"index, follow, max-snippet:-1, max-image-preview:large, max-video-preview:-1\" \/>\n<link rel=\"canonical\" href=\"https:\/\/blog.zeit.de\/gruenegeschaefte\/2010\/09\/08\/ikea-will-nicht-auf-dem-sperrmull-landen\/\" \/>\n<meta property=\"og:locale\" content=\"de_DE\" \/>\n<meta property=\"og:type\" content=\"article\" \/>\n<meta property=\"og:title\" content=\"Ikea will nicht auf dem Sperrm\u00fcll landen - Gr\u00fcne Gesch\u00e4fte\" \/>\n<meta property=\"og:description\" content=\"Auf den ersten Blick gleicht es doch einer Kannibalisierung: Ikea Schweden steigt in das Gesch\u00e4ft mit gebrauchten Billy-Regalen und anderen Ikea-M\u00f6beln ein, berichtet das Times Magazin. Auf der schwedischen Ikea-Seite soll es jetzt einen Link zu einer Gebrauchtm\u00f6bel-Plattform geben, die nur Ikea-M\u00f6bel vertickt (den Link h\u00e4tte ich echt gerne hier gepostet, aber das machen meine [&hellip;]\" \/>\n<meta property=\"og:url\" content=\"https:\/\/blog.zeit.de\/gruenegeschaefte\/2010\/09\/08\/ikea-will-nicht-auf-dem-sperrmull-landen\/\" \/>\n<meta property=\"og:site_name\" content=\"Gr\u00fcne Gesch\u00e4fte\" \/>\n<meta property=\"article:published_time\" content=\"2010-09-08T13:15:00+00:00\" \/>\n<meta property=\"article:modified_time\" content=\"2010-09-09T10:30:00+00:00\" \/>\n<meta name=\"author\" content=\"Marlies Uken\" \/>\n<meta name=\"twitter:card\" content=\"summary_large_image\" \/>\n<meta name=\"twitter:creator\" content=\"@zeitonline\" \/>\n<meta name=\"twitter:site\" content=\"@zeitonline\" \/>\n<meta name=\"twitter:label1\" content=\"Geschrieben von\" \/>\n\t<meta name=\"twitter:data1\" content=\"Marlies Uken\" \/>\n\t<meta name=\"twitter:label2\" content=\"Gesch\u00e4tzte Lesezeit\" \/>\n\t<meta name=\"twitter:data2\" content=\"1\u00a0Minute\" \/>\n<script type=\"application\/ld+json\" class=\"yoast-schema-graph\">{\"@context\":\"https:\/\/schema.org\",\"@graph\":[{\"@type\":\"WebPage\",\"@id\":\"https:\/\/blog.zeit.de\/gruenegeschaefte\/2010\/09\/08\/ikea-will-nicht-auf-dem-sperrmull-landen\/\",\"url\":\"https:\/\/blog.zeit.de\/gruenegeschaefte\/2010\/09\/08\/ikea-will-nicht-auf-dem-sperrmull-landen\/\",\"name\":\"Ikea will nicht auf dem Sperrm\u00fcll landen - Gr\u00fcne Gesch\u00e4fte\",\"isPartOf\":{\"@id\":\"https:\/\/blog.zeit.de\/gruenegeschaefte\/#website\"},\"datePublished\":\"2010-09-08T13:15:00+00:00\",\"dateModified\":\"2010-09-09T10:30:00+00:00\",\"author\":{\"@id\":\"https:\/\/blog.zeit.de\/gruenegeschaefte\/#\/schema\/person\/56a2bdb136cd5997b1dd0485f3d105f9\"},\"breadcrumb\":{\"@id\":\"https:\/\/blog.zeit.de\/gruenegeschaefte\/2010\/09\/08\/ikea-will-nicht-auf-dem-sperrmull-landen\/#breadcrumb\"},\"inLanguage\":\"de\",\"potentialAction\":[{\"@type\":\"ReadAction\",\"target\":[\"https:\/\/blog.zeit.de\/gruenegeschaefte\/2010\/09\/08\/ikea-will-nicht-auf-dem-sperrmull-landen\/\"]}]},{\"@type\":\"BreadcrumbList\",\"@id\":\"https:\/\/blog.zeit.de\/gruenegeschaefte\/2010\/09\/08\/ikea-will-nicht-auf-dem-sperrmull-landen\/#breadcrumb\",\"itemListElement\":[{\"@type\":\"ListItem\",\"position\":1,\"name\":\"Startseite\",\"item\":\"https:\/\/blog.zeit.de\/gruenegeschaefte\/\"},{\"@type\":\"ListItem\",\"position\":2,\"name\":\"Ikea will nicht auf dem Sperrm\u00fcll landen\"}]},{\"@type\":\"WebSite\",\"@id\":\"https:\/\/blog.zeit.de\/gruenegeschaefte\/#website\",\"url\":\"https:\/\/blog.zeit.de\/gruenegeschaefte\/\",\"name\":\"Gr\u00fcne Gesch\u00e4fte\",\"description\":\"Wir k\u00f6nnen&#039;s besser: Das Blog f\u00fcr eine Wirtschaft, die Ressourcen und Klima schont\",\"potentialAction\":[{\"@type\":\"SearchAction\",\"target\":{\"@type\":\"EntryPoint\",\"urlTemplate\":\"https:\/\/blog.zeit.de\/gruenegeschaefte\/?s={search_term_string}\"},\"query-input\":\"required name=search_term_string\"}],\"inLanguage\":\"de\"},{\"@type\":\"Person\",\"@id\":\"https:\/\/blog.zeit.de\/gruenegeschaefte\/#\/schema\/person\/56a2bdb136cd5997b1dd0485f3d105f9\",\"name\":\"Marlies Uken\",\"image\":{\"@type\":\"ImageObject\",\"inLanguage\":\"de\",\"@id\":\"https:\/\/blog.zeit.de\/gruenegeschaefte\/#\/schema\/person\/image\/\",\"url\":\"https:\/\/secure.gravatar.com\/avatar\/1b4c2e971f407a9ead4389a9370b171e45b0ee693342f36fcc448bb9175b9ee2?s=96&d=mm&r=g\",\"contentUrl\":\"https:\/\/secure.gravatar.com\/avatar\/1b4c2e971f407a9ead4389a9370b171e45b0ee693342f36fcc448bb9175b9ee2?s=96&d=mm&r=g\",\"caption\":\"Marlies Uken\"},\"description\":\"ist Redakteurin bei ZEIT ONLINE.\",\"sameAs\":[\"https:\/\/blog.zeit.de\/gruenegeschaefte\/\"],\"url\":\"https:\/\/blog.zeit.de\/gruenegeschaefte\/author\/marlies-uken\/\"}]}<\/script>\n<!-- \/ Yoast SEO plugin. -->","yoast_head_json":{"title":"Ikea will nicht auf dem Sperrm\u00fcll landen - Gr\u00fcne Gesch\u00e4fte","robots":{"index":"index","follow":"follow","max-snippet":"max-snippet:-1","max-image-preview":"max-image-preview:large","max-video-preview":"max-video-preview:-1"},"canonical":"https:\/\/blog.zeit.de\/gruenegeschaefte\/2010\/09\/08\/ikea-will-nicht-auf-dem-sperrmull-landen\/","og_locale":"de_DE","og_type":"article","og_title":"Ikea will nicht auf dem Sperrm\u00fcll landen - Gr\u00fcne Gesch\u00e4fte","og_description":"Auf den ersten Blick gleicht es doch einer Kannibalisierung: Ikea Schweden steigt in das Gesch\u00e4ft mit gebrauchten Billy-Regalen und anderen Ikea-M\u00f6beln ein, berichtet das Times Magazin. Auf der schwedischen Ikea-Seite soll es jetzt einen Link zu einer Gebrauchtm\u00f6bel-Plattform geben, die nur Ikea-M\u00f6bel vertickt (den Link h\u00e4tte ich echt gerne hier gepostet, aber das machen meine [&hellip;]","og_url":"https:\/\/blog.zeit.de\/gruenegeschaefte\/2010\/09\/08\/ikea-will-nicht-auf-dem-sperrmull-landen\/","og_site_name":"Gr\u00fcne Gesch\u00e4fte","article_published_time":"2010-09-08T13:15:00+00:00","article_modified_time":"2010-09-09T10:30:00+00:00","author":"Marlies Uken","twitter_card":"summary_large_image","twitter_creator":"@zeitonline","twitter_site":"@zeitonline","twitter_misc":{"Geschrieben von":"Marlies Uken","Gesch\u00e4tzte Lesezeit":"1\u00a0Minute"},"schema":{"@context":"https:\/\/schema.org","@graph":[{"@type":"WebPage","@id":"https:\/\/blog.zeit.de\/gruenegeschaefte\/2010\/09\/08\/ikea-will-nicht-auf-dem-sperrmull-landen\/","url":"https:\/\/blog.zeit.de\/gruenegeschaefte\/2010\/09\/08\/ikea-will-nicht-auf-dem-sperrmull-landen\/","name":"Ikea will nicht auf dem Sperrm\u00fcll landen - Gr\u00fcne Gesch\u00e4fte","isPartOf":{"@id":"https:\/\/blog.zeit.de\/gruenegeschaefte\/#website"},"datePublished":"2010-09-08T13:15:00+00:00","dateModified":"2010-09-09T10:30:00+00:00","author":{"@id":"https:\/\/blog.zeit.de\/gruenegeschaefte\/#\/schema\/person\/56a2bdb136cd5997b1dd0485f3d105f9"},"breadcrumb":{"@id":"https:\/\/blog.zeit.de\/gruenegeschaefte\/2010\/09\/08\/ikea-will-nicht-auf-dem-sperrmull-landen\/#breadcrumb"},"inLanguage":"de","potentialAction":[{"@type":"ReadAction","target":["https:\/\/blog.zeit.de\/gruenegeschaefte\/2010\/09\/08\/ikea-will-nicht-auf-dem-sperrmull-landen\/"]}]},{"@type":"BreadcrumbList","@id":"https:\/\/blog.zeit.de\/gruenegeschaefte\/2010\/09\/08\/ikea-will-nicht-auf-dem-sperrmull-landen\/#breadcrumb","itemListElement":[{"@type":"ListItem","position":1,"name":"Startseite","item":"https:\/\/blog.zeit.de\/gruenegeschaefte\/"},{"@type":"ListItem","position":2,"name":"Ikea will nicht auf dem Sperrm\u00fcll landen"}]},{"@type":"WebSite","@id":"https:\/\/blog.zeit.de\/gruenegeschaefte\/#website","url":"https:\/\/blog.zeit.de\/gruenegeschaefte\/","name":"Gr\u00fcne Gesch\u00e4fte","description":"Wir k\u00f6nnen&#039;s besser: Das Blog f\u00fcr eine Wirtschaft, die Ressourcen und Klima schont","potentialAction":[{"@type":"SearchAction","target":{"@type":"EntryPoint","urlTemplate":"https:\/\/blog.zeit.de\/gruenegeschaefte\/?s={search_term_string}"},"query-input":"required name=search_term_string"}],"inLanguage":"de"},{"@type":"Person","@id":"https:\/\/blog.zeit.de\/gruenegeschaefte\/#\/schema\/person\/56a2bdb136cd5997b1dd0485f3d105f9","name":"Marlies Uken","image":{"@type":"ImageObject","inLanguage":"de","@id":"https:\/\/blog.zeit.de\/gruenegeschaefte\/#\/schema\/person\/image\/","url":"https:\/\/secure.gravatar.com\/avatar\/1b4c2e971f407a9ead4389a9370b171e45b0ee693342f36fcc448bb9175b9ee2?s=96&d=mm&r=g","contentUrl":"https:\/\/secure.gravatar.com\/avatar\/1b4c2e971f407a9ead4389a9370b171e45b0ee693342f36fcc448bb9175b9ee2?s=96&d=mm&r=g","caption":"Marlies Uken"},"description":"ist Redakteurin bei ZEIT ONLINE.","sameAs":["https:\/\/blog.zeit.de\/gruenegeschaefte\/"],"url":"https:\/\/blog.zeit.de\/gruenegeschaefte\/author\/marlies-uken\/"}]}},"jetpack_featured_media_url":"","jetpack_sharing_enabled":true,"_links":{"self":[{"href":"https:\/\/blog.zeit.de\/gruenegeschaefte\/wp-json\/wp\/v2\/posts\/1333","targetHints":{"allow":["GET"]}}],"collection":[{"href":"https:\/\/blog.zeit.de\/gruenegeschaefte\/wp-json\/wp\/v2\/posts"}],"about":[{"href":"https:\/\/blog.zeit.de\/gruenegeschaefte\/wp-json\/wp\/v2\/types\/post"}],"author":[{"embeddable":true,"href":"https:\/\/blog.zeit.de\/gruenegeschaefte\/wp-json\/wp\/v2\/users\/196"}],"replies":[{"embeddable":true,"href":"https:\/\/blog.zeit.de\/gruenegeschaefte\/wp-json\/wp\/v2\/comments?post=1333"}],"version-history":[{"count":0,"href":"https:\/\/blog.zeit.de\/gruenegeschaefte\/wp-json\/wp\/v2\/posts\/1333\/revisions"}],"wp:attachment":[{"href":"https:\/\/blog.zeit.de\/gruenegeschaefte\/wp-json\/wp\/v2\/media?parent=1333"}],"wp:term":[{"taxonomy":"category","embeddable":true,"href":"https:\/\/blog.zeit.de\/gruenegeschaefte\/wp-json\/wp\/v2\/categories?post=1333"},{"taxonomy":"post_tag","embeddable":true,"href":"https:\/\/blog.zeit.de\/gruenegeschaefte\/wp-json\/wp\/v2\/tags?post=1333"}],"curies":[{"name":"wp","href":"https:\/\/api.w.org\/{rel}","templated":true}]}}