{"id":1784,"date":"2011-02-02T16:28:37","date_gmt":"2011-02-02T15:28:37","guid":{"rendered":"http:\/\/blog.zeit.de\/gruenegeschaefte\/?p=1784"},"modified":"2011-02-02T20:48:33","modified_gmt":"2011-02-02T19:48:33","slug":"auf-dem-holzweg","status":"publish","type":"post","link":"https:\/\/blog.zeit.de\/gruenegeschaefte\/2011\/02\/02\/auf-dem-holzweg\/","title":{"rendered":"Auf dem Holzweg"},"content":{"rendered":"<p>Der Ticker am Berliner Hauptbahnhof erinnert rein \u00e4u\u00dferlich betrachtet an den Countdown bei einem Raketenstart. Nur, dass beim <a href=\"http:\/\/www.wwf.de\/themen\/waelder\">Waldticker des WWF<\/a> nicht r\u00fcckw\u00e4rts gez\u00e4hlt wird, sondern vorw\u00e4rts. Die digitale Uhr zeigt, wie Minute f\u00fcr Minute W\u00e4lder weltweit verschwinden.<\/p>\n<p>Unter dem Z\u00e4hler prangt in gro\u00dfen Lettern der Satz: \u201eInnerhalb der n\u00e4chsten 60 Stunden verlieren wir Wald von der Gr\u00f6\u00dfe Berlins\u201c. Der WWF enth\u00fcllte seinen Ticker passgenau zum heutigen Start des UN-Jahres der W\u00e4lder. Trotz zahlreicher Initiativen gegen den Kahlschlag, blieben Erfolge bislang aus: Allein S\u00fcdamerika verliert j\u00e4hrlich vier Millionen Hektar Wald pro Jahr. Afrika knapp \u00fcber drei Millionen Hektar.<\/p>\n<p>Ein Qu\u00e4ntchen mehr Aufmerksamkeit und symboltr\u00e4chtige Aktionen kann das Thema Waldschutz also vertragen. Klugerweise bel\u00e4sst es der WWF nicht dabei. Denn der Wald verschwindet nicht einfach so, sondern auch durch unseren Konsum. Und so rechnen die Natursch\u00fctzer vor, dass die Deutschen in den letzten Jahren im Schnitt 235 Kilo Papier j\u00e4hrlich verbrauchten. Damit liegt Deutschland EU-weit an der Spitze. Laut UN-Experten liegt der Grundbedarf an Toilettenpapier, Zeitungen oder Schulheften lediglich bei spartanischen 40 Kilogramm.<\/p>\n<p>Der Wald bleibt nat\u00fcrlich nicht nur f\u00fcr Papier auf der Strecke, sondern auch um den wachsenden Bedarf an Fleisch, Futtermitteln, Holz oder Bioenergie zu decken. Aber immerhin gewichtige 40 Prozent des industriell geschlagenen Holzes werden zu Papier verarbeitet. Soll hei\u00dfen: Aus fast jedem zweiten Baum wird heute Papier.<\/p>\n<p>Allein 30 Kilogramm Werbeprospekte landen j\u00e4hrlich in deutschen Briefk\u00e4sten. Das sind 1,3 Millionen Tonnen Papier. Ein Aufkleber: \u201eBitte keine Werbung\u201c w\u00fcrde diese Flut verringern. Sieben Milliarden Papier-K\u00fcchenrollen helfen beim Putzen. Schwammt\u00fccher w\u00e4ren ein Ersatz . Und vielleicht am beeindruckensten: F\u00fcr den Kaffee unterwegs dienen sechs Milliarden Pappbecher. Ein Thermobecher t\u00e4te es auch. Nur durch diese letzte Mini-Aktion m\u00fcssten rund eine halbe Million B\u00e4ume weniger gef\u00e4llt werden.<\/p>\n<p>Eigentlich wissen wir doch, dass in allen diesen Wegwerfprodukten Wald steckt, oder? Fragt sich, warum uns simple Aktionen im Alltag so schwerfallen? Unterm Strich \u2013 das zeigen die neuen WWF-Statistiken \u2013 reden wir gerne \u00fcber Umweltschutz, konsumieren aber st\u00e4ndig mehr. Etwa Papier. Als sei der ganze gr\u00fcne Lebensstil nur eine Art Zuschauersport und nicht essentiell f\u00fcr ein modernes und aktives B\u00fcrgertum, das den sorgsamen Umgang mit begrenzten Ressourcen im Sinn hat.<\/p>\n","protected":false},"excerpt":{"rendered":"<p>Der Ticker am Berliner Hauptbahnhof erinnert rein \u00e4u\u00dferlich betrachtet an den Countdown bei einem Raketenstart. Nur, dass beim Waldticker des WWF nicht r\u00fcckw\u00e4rts gez\u00e4hlt wird, sondern vorw\u00e4rts. Die digitale Uhr zeigt, wie Minute f\u00fcr Minute W\u00e4lder weltweit verschwinden. Unter dem Z\u00e4hler prangt in gro\u00dfen Lettern der Satz: \u201eInnerhalb der n\u00e4chsten 60 Stunden verlieren wir Wald [&hellip;]<\/p>\n","protected":false},"author":302,"featured_media":0,"comment_status":"open","ping_status":"open","sticky":false,"template":"","format":"standard","meta":{"_jetpack_memberships_contains_paid_content":false,"footnotes":""},"categories":[1312,1131],"tags":[],"class_list":["post-1784","post","type-post","status-publish","format-standard","hentry","category-abfall","category-aktionen"],"yoast_head":"<!-- This site is optimized with the Yoast SEO plugin v21.0 - https:\/\/yoast.com\/wordpress\/plugins\/seo\/ -->\n<title>Auf dem Holzweg - Gr\u00fcne Gesch\u00e4fte<\/title>\n<meta name=\"robots\" content=\"index, follow, max-snippet:-1, max-image-preview:large, max-video-preview:-1\" \/>\n<link rel=\"canonical\" href=\"https:\/\/blog.zeit.de\/gruenegeschaefte\/2011\/02\/02\/auf-dem-holzweg\/\" \/>\n<meta property=\"og:locale\" content=\"de_DE\" \/>\n<meta property=\"og:type\" content=\"article\" \/>\n<meta property=\"og:title\" content=\"Auf dem Holzweg - Gr\u00fcne Gesch\u00e4fte\" \/>\n<meta property=\"og:description\" content=\"Der Ticker am Berliner Hauptbahnhof erinnert rein \u00e4u\u00dferlich betrachtet an den Countdown bei einem Raketenstart. Nur, dass beim Waldticker des WWF nicht r\u00fcckw\u00e4rts gez\u00e4hlt wird, sondern vorw\u00e4rts. Die digitale Uhr zeigt, wie Minute f\u00fcr Minute W\u00e4lder weltweit verschwinden. Unter dem Z\u00e4hler prangt in gro\u00dfen Lettern der Satz: \u201eInnerhalb der n\u00e4chsten 60 Stunden verlieren wir Wald [&hellip;]\" \/>\n<meta property=\"og:url\" content=\"https:\/\/blog.zeit.de\/gruenegeschaefte\/2011\/02\/02\/auf-dem-holzweg\/\" \/>\n<meta property=\"og:site_name\" content=\"Gr\u00fcne Gesch\u00e4fte\" \/>\n<meta property=\"article:published_time\" content=\"2011-02-02T15:28:37+00:00\" \/>\n<meta property=\"article:modified_time\" content=\"2011-02-02T19:48:33+00:00\" \/>\n<meta name=\"author\" content=\"Kirsten Brodde\" \/>\n<meta name=\"twitter:card\" content=\"summary_large_image\" \/>\n<meta name=\"twitter:creator\" content=\"@zeitonline\" \/>\n<meta name=\"twitter:site\" content=\"@zeitonline\" \/>\n<meta name=\"twitter:label1\" content=\"Geschrieben von\" \/>\n\t<meta name=\"twitter:data1\" content=\"Kirsten Brodde\" \/>\n\t<meta name=\"twitter:label2\" content=\"Gesch\u00e4tzte Lesezeit\" \/>\n\t<meta name=\"twitter:data2\" content=\"2\u00a0Minuten\" \/>\n<script type=\"application\/ld+json\" class=\"yoast-schema-graph\">{\"@context\":\"https:\/\/schema.org\",\"@graph\":[{\"@type\":\"WebPage\",\"@id\":\"https:\/\/blog.zeit.de\/gruenegeschaefte\/2011\/02\/02\/auf-dem-holzweg\/\",\"url\":\"https:\/\/blog.zeit.de\/gruenegeschaefte\/2011\/02\/02\/auf-dem-holzweg\/\",\"name\":\"Auf dem Holzweg - Gr\u00fcne Gesch\u00e4fte\",\"isPartOf\":{\"@id\":\"https:\/\/blog.zeit.de\/gruenegeschaefte\/#website\"},\"datePublished\":\"2011-02-02T15:28:37+00:00\",\"dateModified\":\"2011-02-02T19:48:33+00:00\",\"author\":{\"@id\":\"https:\/\/blog.zeit.de\/gruenegeschaefte\/#\/schema\/person\/a9eaf0c52c56058159e021560bb9e6de\"},\"breadcrumb\":{\"@id\":\"https:\/\/blog.zeit.de\/gruenegeschaefte\/2011\/02\/02\/auf-dem-holzweg\/#breadcrumb\"},\"inLanguage\":\"de\",\"potentialAction\":[{\"@type\":\"ReadAction\",\"target\":[\"https:\/\/blog.zeit.de\/gruenegeschaefte\/2011\/02\/02\/auf-dem-holzweg\/\"]}]},{\"@type\":\"BreadcrumbList\",\"@id\":\"https:\/\/blog.zeit.de\/gruenegeschaefte\/2011\/02\/02\/auf-dem-holzweg\/#breadcrumb\",\"itemListElement\":[{\"@type\":\"ListItem\",\"position\":1,\"name\":\"Startseite\",\"item\":\"https:\/\/blog.zeit.de\/gruenegeschaefte\/\"},{\"@type\":\"ListItem\",\"position\":2,\"name\":\"Auf dem Holzweg\"}]},{\"@type\":\"WebSite\",\"@id\":\"https:\/\/blog.zeit.de\/gruenegeschaefte\/#website\",\"url\":\"https:\/\/blog.zeit.de\/gruenegeschaefte\/\",\"name\":\"Gr\u00fcne Gesch\u00e4fte\",\"description\":\"Wir k\u00f6nnen&#039;s besser: Das Blog f\u00fcr eine Wirtschaft, die Ressourcen und Klima schont\",\"potentialAction\":[{\"@type\":\"SearchAction\",\"target\":{\"@type\":\"EntryPoint\",\"urlTemplate\":\"https:\/\/blog.zeit.de\/gruenegeschaefte\/?s={search_term_string}\"},\"query-input\":\"required name=search_term_string\"}],\"inLanguage\":\"de\"},{\"@type\":\"Person\",\"@id\":\"https:\/\/blog.zeit.de\/gruenegeschaefte\/#\/schema\/person\/a9eaf0c52c56058159e021560bb9e6de\",\"name\":\"Kirsten Brodde\",\"image\":{\"@type\":\"ImageObject\",\"inLanguage\":\"de\",\"@id\":\"https:\/\/blog.zeit.de\/gruenegeschaefte\/#\/schema\/person\/image\/\",\"url\":\"https:\/\/secure.gravatar.com\/avatar\/10adcbad6b3371e90cf762386cd8ddb47c6bd907d7aa96e3cdef2943ca37e62e?s=96&d=mm&r=g\",\"contentUrl\":\"https:\/\/secure.gravatar.com\/avatar\/10adcbad6b3371e90cf762386cd8ddb47c6bd907d7aa96e3cdef2943ca37e62e?s=96&d=mm&r=g\",\"caption\":\"Kirsten Brodde\"},\"url\":\"https:\/\/blog.zeit.de\/gruenegeschaefte\/author\/kirsten-brodde\/\"}]}<\/script>\n<!-- \/ Yoast SEO plugin. -->","yoast_head_json":{"title":"Auf dem Holzweg - Gr\u00fcne Gesch\u00e4fte","robots":{"index":"index","follow":"follow","max-snippet":"max-snippet:-1","max-image-preview":"max-image-preview:large","max-video-preview":"max-video-preview:-1"},"canonical":"https:\/\/blog.zeit.de\/gruenegeschaefte\/2011\/02\/02\/auf-dem-holzweg\/","og_locale":"de_DE","og_type":"article","og_title":"Auf dem Holzweg - Gr\u00fcne Gesch\u00e4fte","og_description":"Der Ticker am Berliner Hauptbahnhof erinnert rein \u00e4u\u00dferlich betrachtet an den Countdown bei einem Raketenstart. Nur, dass beim Waldticker des WWF nicht r\u00fcckw\u00e4rts gez\u00e4hlt wird, sondern vorw\u00e4rts. Die digitale Uhr zeigt, wie Minute f\u00fcr Minute W\u00e4lder weltweit verschwinden. Unter dem Z\u00e4hler prangt in gro\u00dfen Lettern der Satz: \u201eInnerhalb der n\u00e4chsten 60 Stunden verlieren wir Wald [&hellip;]","og_url":"https:\/\/blog.zeit.de\/gruenegeschaefte\/2011\/02\/02\/auf-dem-holzweg\/","og_site_name":"Gr\u00fcne Gesch\u00e4fte","article_published_time":"2011-02-02T15:28:37+00:00","article_modified_time":"2011-02-02T19:48:33+00:00","author":"Kirsten Brodde","twitter_card":"summary_large_image","twitter_creator":"@zeitonline","twitter_site":"@zeitonline","twitter_misc":{"Geschrieben von":"Kirsten Brodde","Gesch\u00e4tzte Lesezeit":"2\u00a0Minuten"},"schema":{"@context":"https:\/\/schema.org","@graph":[{"@type":"WebPage","@id":"https:\/\/blog.zeit.de\/gruenegeschaefte\/2011\/02\/02\/auf-dem-holzweg\/","url":"https:\/\/blog.zeit.de\/gruenegeschaefte\/2011\/02\/02\/auf-dem-holzweg\/","name":"Auf dem Holzweg - Gr\u00fcne Gesch\u00e4fte","isPartOf":{"@id":"https:\/\/blog.zeit.de\/gruenegeschaefte\/#website"},"datePublished":"2011-02-02T15:28:37+00:00","dateModified":"2011-02-02T19:48:33+00:00","author":{"@id":"https:\/\/blog.zeit.de\/gruenegeschaefte\/#\/schema\/person\/a9eaf0c52c56058159e021560bb9e6de"},"breadcrumb":{"@id":"https:\/\/blog.zeit.de\/gruenegeschaefte\/2011\/02\/02\/auf-dem-holzweg\/#breadcrumb"},"inLanguage":"de","potentialAction":[{"@type":"ReadAction","target":["https:\/\/blog.zeit.de\/gruenegeschaefte\/2011\/02\/02\/auf-dem-holzweg\/"]}]},{"@type":"BreadcrumbList","@id":"https:\/\/blog.zeit.de\/gruenegeschaefte\/2011\/02\/02\/auf-dem-holzweg\/#breadcrumb","itemListElement":[{"@type":"ListItem","position":1,"name":"Startseite","item":"https:\/\/blog.zeit.de\/gruenegeschaefte\/"},{"@type":"ListItem","position":2,"name":"Auf dem Holzweg"}]},{"@type":"WebSite","@id":"https:\/\/blog.zeit.de\/gruenegeschaefte\/#website","url":"https:\/\/blog.zeit.de\/gruenegeschaefte\/","name":"Gr\u00fcne Gesch\u00e4fte","description":"Wir k\u00f6nnen&#039;s besser: Das Blog f\u00fcr eine Wirtschaft, die Ressourcen und Klima schont","potentialAction":[{"@type":"SearchAction","target":{"@type":"EntryPoint","urlTemplate":"https:\/\/blog.zeit.de\/gruenegeschaefte\/?s={search_term_string}"},"query-input":"required name=search_term_string"}],"inLanguage":"de"},{"@type":"Person","@id":"https:\/\/blog.zeit.de\/gruenegeschaefte\/#\/schema\/person\/a9eaf0c52c56058159e021560bb9e6de","name":"Kirsten Brodde","image":{"@type":"ImageObject","inLanguage":"de","@id":"https:\/\/blog.zeit.de\/gruenegeschaefte\/#\/schema\/person\/image\/","url":"https:\/\/secure.gravatar.com\/avatar\/10adcbad6b3371e90cf762386cd8ddb47c6bd907d7aa96e3cdef2943ca37e62e?s=96&d=mm&r=g","contentUrl":"https:\/\/secure.gravatar.com\/avatar\/10adcbad6b3371e90cf762386cd8ddb47c6bd907d7aa96e3cdef2943ca37e62e?s=96&d=mm&r=g","caption":"Kirsten Brodde"},"url":"https:\/\/blog.zeit.de\/gruenegeschaefte\/author\/kirsten-brodde\/"}]}},"jetpack_featured_media_url":"","jetpack_sharing_enabled":true,"_links":{"self":[{"href":"https:\/\/blog.zeit.de\/gruenegeschaefte\/wp-json\/wp\/v2\/posts\/1784","targetHints":{"allow":["GET"]}}],"collection":[{"href":"https:\/\/blog.zeit.de\/gruenegeschaefte\/wp-json\/wp\/v2\/posts"}],"about":[{"href":"https:\/\/blog.zeit.de\/gruenegeschaefte\/wp-json\/wp\/v2\/types\/post"}],"author":[{"embeddable":true,"href":"https:\/\/blog.zeit.de\/gruenegeschaefte\/wp-json\/wp\/v2\/users\/302"}],"replies":[{"embeddable":true,"href":"https:\/\/blog.zeit.de\/gruenegeschaefte\/wp-json\/wp\/v2\/comments?post=1784"}],"version-history":[{"count":8,"href":"https:\/\/blog.zeit.de\/gruenegeschaefte\/wp-json\/wp\/v2\/posts\/1784\/revisions"}],"predecessor-version":[{"id":1792,"href":"https:\/\/blog.zeit.de\/gruenegeschaefte\/wp-json\/wp\/v2\/posts\/1784\/revisions\/1792"}],"wp:attachment":[{"href":"https:\/\/blog.zeit.de\/gruenegeschaefte\/wp-json\/wp\/v2\/media?parent=1784"}],"wp:term":[{"taxonomy":"category","embeddable":true,"href":"https:\/\/blog.zeit.de\/gruenegeschaefte\/wp-json\/wp\/v2\/categories?post=1784"},{"taxonomy":"post_tag","embeddable":true,"href":"https:\/\/blog.zeit.de\/gruenegeschaefte\/wp-json\/wp\/v2\/tags?post=1784"}],"curies":[{"name":"wp","href":"https:\/\/api.w.org\/{rel}","templated":true}]}}