{"id":196,"date":"2009-12-18T14:59:44","date_gmt":"2009-12-18T13:59:44","guid":{"rendered":"http:\/\/blog.zeit.de\/gruenegeschaefte\/?p=196"},"modified":"2009-12-18T15:01:01","modified_gmt":"2009-12-18T14:01:01","slug":"die-lex-e-on-und-der-klimagipfel","status":"publish","type":"post","link":"https:\/\/blog.zeit.de\/gruenegeschaefte\/2009\/12\/18\/die-lex-e-on-und-der-klimagipfel\/","title":{"rendered":"Die &#8222;Lex E.On&#8220; und der Klimagipfel"},"content":{"rendered":"<p>Rund 720 Kilometer liegen Kopenhagen und D\u00fcsseldorf auseinander. Was die Klimapolitik angeht, scheinen es dagegen Lichtjahre zu sein. Anders l\u00e4sst sich kaum die gestrige Entscheidung des D\u00fcsseldorfer Landtags erkl\u00e4ren, den Paragraphen 26 aus ihrem Landesentwicklungsprogramm zu streichen.<\/p>\n<p>Er bildete bislang die landesplanerischen Grundlage f\u00fcr den Ausbau der erneuerbaren Energien und gab den regenerativen Energien Vorrang. Das Oberverwaltungsgericht M\u00fcnster hatte unter anderem <a href=\"http:\/\/www.zeit.de\/2009\/40\/Argument-Energie\">den Bau des E.On-Kohlekraftwerks Datteln<\/a> mit Bezug auf diesen sogenannten Klimaschutz-Paragraphen untersagt.<\/p>\n<p>W\u00e4hrend <a href=\"http:\/\/www.derwesten.de\/nachrichten\/Geaendertes-Gesetz-soll-Kraftwerksbau-in-Datteln-absichern-id2274962.html\">die CDU-Landesregierung jetzt beteuert<\/a>, dass die Streichung des Paragraphens auf keinen Fall die Klimaschutz-Ambitionen von NRW aufgebe, sehen Umweltsch\u00fctzer das nat\u00fcrlich anders. Sie sprechen von einem &#8222;Lex E.On&#8220;, das im Nachhinein den Kraftwerksbau legitimiere. Vor allem aber schauen sie nach Kopenhagen. W\u00e4hrend 720 Kilometer weit entfernt Angela Merkel mehr oder wenig engagiert f\u00fcr ein ambitioniertes Klimaschutzabkommen k\u00e4mpft, entscheiden sich ihre Parteikollegen in D\u00fcsseldorf f\u00fcr\u00b4s Gegenteil.<\/p>\n","protected":false},"excerpt":{"rendered":"<p>Rund 720 Kilometer liegen Kopenhagen und D\u00fcsseldorf auseinander. Was die Klimapolitik angeht, scheinen es dagegen Lichtjahre zu sein. Anders l\u00e4sst sich kaum die gestrige Entscheidung des D\u00fcsseldorfer Landtags erkl\u00e4ren, den Paragraphen 26 aus ihrem Landesentwicklungsprogramm zu streichen. Er bildete bislang die landesplanerischen Grundlage f\u00fcr den Ausbau der erneuerbaren Energien und gab den regenerativen Energien Vorrang. [&hellip;]<\/p>\n","protected":false},"author":196,"featured_media":0,"comment_status":"open","ping_status":"open","sticky":false,"template":"","format":"standard","meta":{"_jetpack_memberships_contains_paid_content":false,"footnotes":""},"categories":[1132,1145],"tags":[],"class_list":["post-196","post","type-post","status-publish","format-standard","hentry","category-klima","category-kohle"],"yoast_head":"<!-- This site is optimized with the Yoast SEO plugin v21.0 - https:\/\/yoast.com\/wordpress\/plugins\/seo\/ -->\n<title>Die &quot;Lex E.On&quot; und der Klimagipfel - Gr\u00fcne Gesch\u00e4fte<\/title>\n<meta name=\"robots\" content=\"index, follow, max-snippet:-1, max-image-preview:large, max-video-preview:-1\" \/>\n<link rel=\"canonical\" href=\"https:\/\/blog.zeit.de\/gruenegeschaefte\/2009\/12\/18\/die-lex-e-on-und-der-klimagipfel\/\" \/>\n<meta property=\"og:locale\" content=\"de_DE\" \/>\n<meta property=\"og:type\" content=\"article\" \/>\n<meta property=\"og:title\" content=\"Die &quot;Lex E.On&quot; und der Klimagipfel - Gr\u00fcne Gesch\u00e4fte\" \/>\n<meta property=\"og:description\" content=\"Rund 720 Kilometer liegen Kopenhagen und D\u00fcsseldorf auseinander. Was die Klimapolitik angeht, scheinen es dagegen Lichtjahre zu sein. Anders l\u00e4sst sich kaum die gestrige Entscheidung des D\u00fcsseldorfer Landtags erkl\u00e4ren, den Paragraphen 26 aus ihrem Landesentwicklungsprogramm zu streichen. Er bildete bislang die landesplanerischen Grundlage f\u00fcr den Ausbau der erneuerbaren Energien und gab den regenerativen Energien Vorrang. [&hellip;]\" \/>\n<meta property=\"og:url\" content=\"https:\/\/blog.zeit.de\/gruenegeschaefte\/2009\/12\/18\/die-lex-e-on-und-der-klimagipfel\/\" \/>\n<meta property=\"og:site_name\" content=\"Gr\u00fcne Gesch\u00e4fte\" \/>\n<meta property=\"article:published_time\" content=\"2009-12-18T13:59:44+00:00\" \/>\n<meta property=\"article:modified_time\" content=\"2009-12-18T14:01:01+00:00\" \/>\n<meta name=\"author\" content=\"Marlies Uken\" \/>\n<meta name=\"twitter:card\" content=\"summary_large_image\" \/>\n<meta name=\"twitter:creator\" content=\"@zeitonline\" \/>\n<meta name=\"twitter:site\" content=\"@zeitonline\" \/>\n<meta name=\"twitter:label1\" content=\"Geschrieben von\" \/>\n\t<meta name=\"twitter:data1\" content=\"Marlies Uken\" \/>\n\t<meta name=\"twitter:label2\" content=\"Gesch\u00e4tzte Lesezeit\" \/>\n\t<meta name=\"twitter:data2\" content=\"1\u00a0Minute\" \/>\n<script type=\"application\/ld+json\" class=\"yoast-schema-graph\">{\"@context\":\"https:\/\/schema.org\",\"@graph\":[{\"@type\":\"WebPage\",\"@id\":\"https:\/\/blog.zeit.de\/gruenegeschaefte\/2009\/12\/18\/die-lex-e-on-und-der-klimagipfel\/\",\"url\":\"https:\/\/blog.zeit.de\/gruenegeschaefte\/2009\/12\/18\/die-lex-e-on-und-der-klimagipfel\/\",\"name\":\"Die \\\"Lex E.On\\\" und der Klimagipfel - Gr\u00fcne Gesch\u00e4fte\",\"isPartOf\":{\"@id\":\"https:\/\/blog.zeit.de\/gruenegeschaefte\/#website\"},\"datePublished\":\"2009-12-18T13:59:44+00:00\",\"dateModified\":\"2009-12-18T14:01:01+00:00\",\"author\":{\"@id\":\"https:\/\/blog.zeit.de\/gruenegeschaefte\/#\/schema\/person\/56a2bdb136cd5997b1dd0485f3d105f9\"},\"breadcrumb\":{\"@id\":\"https:\/\/blog.zeit.de\/gruenegeschaefte\/2009\/12\/18\/die-lex-e-on-und-der-klimagipfel\/#breadcrumb\"},\"inLanguage\":\"de\",\"potentialAction\":[{\"@type\":\"ReadAction\",\"target\":[\"https:\/\/blog.zeit.de\/gruenegeschaefte\/2009\/12\/18\/die-lex-e-on-und-der-klimagipfel\/\"]}]},{\"@type\":\"BreadcrumbList\",\"@id\":\"https:\/\/blog.zeit.de\/gruenegeschaefte\/2009\/12\/18\/die-lex-e-on-und-der-klimagipfel\/#breadcrumb\",\"itemListElement\":[{\"@type\":\"ListItem\",\"position\":1,\"name\":\"Startseite\",\"item\":\"https:\/\/blog.zeit.de\/gruenegeschaefte\/\"},{\"@type\":\"ListItem\",\"position\":2,\"name\":\"Die &#8222;Lex E.On&#8220; und der Klimagipfel\"}]},{\"@type\":\"WebSite\",\"@id\":\"https:\/\/blog.zeit.de\/gruenegeschaefte\/#website\",\"url\":\"https:\/\/blog.zeit.de\/gruenegeschaefte\/\",\"name\":\"Gr\u00fcne Gesch\u00e4fte\",\"description\":\"Wir k\u00f6nnen&#039;s besser: Das Blog f\u00fcr eine Wirtschaft, die Ressourcen und Klima schont\",\"potentialAction\":[{\"@type\":\"SearchAction\",\"target\":{\"@type\":\"EntryPoint\",\"urlTemplate\":\"https:\/\/blog.zeit.de\/gruenegeschaefte\/?s={search_term_string}\"},\"query-input\":\"required name=search_term_string\"}],\"inLanguage\":\"de\"},{\"@type\":\"Person\",\"@id\":\"https:\/\/blog.zeit.de\/gruenegeschaefte\/#\/schema\/person\/56a2bdb136cd5997b1dd0485f3d105f9\",\"name\":\"Marlies Uken\",\"image\":{\"@type\":\"ImageObject\",\"inLanguage\":\"de\",\"@id\":\"https:\/\/blog.zeit.de\/gruenegeschaefte\/#\/schema\/person\/image\/\",\"url\":\"https:\/\/secure.gravatar.com\/avatar\/1b4c2e971f407a9ead4389a9370b171e45b0ee693342f36fcc448bb9175b9ee2?s=96&d=mm&r=g\",\"contentUrl\":\"https:\/\/secure.gravatar.com\/avatar\/1b4c2e971f407a9ead4389a9370b171e45b0ee693342f36fcc448bb9175b9ee2?s=96&d=mm&r=g\",\"caption\":\"Marlies Uken\"},\"description\":\"ist Redakteurin bei ZEIT ONLINE.\",\"sameAs\":[\"https:\/\/blog.zeit.de\/gruenegeschaefte\/\"],\"url\":\"https:\/\/blog.zeit.de\/gruenegeschaefte\/author\/marlies-uken\/\"}]}<\/script>\n<!-- \/ Yoast SEO plugin. -->","yoast_head_json":{"title":"Die \"Lex E.On\" und der Klimagipfel - Gr\u00fcne Gesch\u00e4fte","robots":{"index":"index","follow":"follow","max-snippet":"max-snippet:-1","max-image-preview":"max-image-preview:large","max-video-preview":"max-video-preview:-1"},"canonical":"https:\/\/blog.zeit.de\/gruenegeschaefte\/2009\/12\/18\/die-lex-e-on-und-der-klimagipfel\/","og_locale":"de_DE","og_type":"article","og_title":"Die \"Lex E.On\" und der Klimagipfel - Gr\u00fcne Gesch\u00e4fte","og_description":"Rund 720 Kilometer liegen Kopenhagen und D\u00fcsseldorf auseinander. Was die Klimapolitik angeht, scheinen es dagegen Lichtjahre zu sein. Anders l\u00e4sst sich kaum die gestrige Entscheidung des D\u00fcsseldorfer Landtags erkl\u00e4ren, den Paragraphen 26 aus ihrem Landesentwicklungsprogramm zu streichen. Er bildete bislang die landesplanerischen Grundlage f\u00fcr den Ausbau der erneuerbaren Energien und gab den regenerativen Energien Vorrang. [&hellip;]","og_url":"https:\/\/blog.zeit.de\/gruenegeschaefte\/2009\/12\/18\/die-lex-e-on-und-der-klimagipfel\/","og_site_name":"Gr\u00fcne Gesch\u00e4fte","article_published_time":"2009-12-18T13:59:44+00:00","article_modified_time":"2009-12-18T14:01:01+00:00","author":"Marlies Uken","twitter_card":"summary_large_image","twitter_creator":"@zeitonline","twitter_site":"@zeitonline","twitter_misc":{"Geschrieben von":"Marlies Uken","Gesch\u00e4tzte Lesezeit":"1\u00a0Minute"},"schema":{"@context":"https:\/\/schema.org","@graph":[{"@type":"WebPage","@id":"https:\/\/blog.zeit.de\/gruenegeschaefte\/2009\/12\/18\/die-lex-e-on-und-der-klimagipfel\/","url":"https:\/\/blog.zeit.de\/gruenegeschaefte\/2009\/12\/18\/die-lex-e-on-und-der-klimagipfel\/","name":"Die \"Lex E.On\" und der Klimagipfel - Gr\u00fcne Gesch\u00e4fte","isPartOf":{"@id":"https:\/\/blog.zeit.de\/gruenegeschaefte\/#website"},"datePublished":"2009-12-18T13:59:44+00:00","dateModified":"2009-12-18T14:01:01+00:00","author":{"@id":"https:\/\/blog.zeit.de\/gruenegeschaefte\/#\/schema\/person\/56a2bdb136cd5997b1dd0485f3d105f9"},"breadcrumb":{"@id":"https:\/\/blog.zeit.de\/gruenegeschaefte\/2009\/12\/18\/die-lex-e-on-und-der-klimagipfel\/#breadcrumb"},"inLanguage":"de","potentialAction":[{"@type":"ReadAction","target":["https:\/\/blog.zeit.de\/gruenegeschaefte\/2009\/12\/18\/die-lex-e-on-und-der-klimagipfel\/"]}]},{"@type":"BreadcrumbList","@id":"https:\/\/blog.zeit.de\/gruenegeschaefte\/2009\/12\/18\/die-lex-e-on-und-der-klimagipfel\/#breadcrumb","itemListElement":[{"@type":"ListItem","position":1,"name":"Startseite","item":"https:\/\/blog.zeit.de\/gruenegeschaefte\/"},{"@type":"ListItem","position":2,"name":"Die &#8222;Lex E.On&#8220; und der Klimagipfel"}]},{"@type":"WebSite","@id":"https:\/\/blog.zeit.de\/gruenegeschaefte\/#website","url":"https:\/\/blog.zeit.de\/gruenegeschaefte\/","name":"Gr\u00fcne Gesch\u00e4fte","description":"Wir k\u00f6nnen&#039;s besser: Das Blog f\u00fcr eine Wirtschaft, die Ressourcen und Klima schont","potentialAction":[{"@type":"SearchAction","target":{"@type":"EntryPoint","urlTemplate":"https:\/\/blog.zeit.de\/gruenegeschaefte\/?s={search_term_string}"},"query-input":"required name=search_term_string"}],"inLanguage":"de"},{"@type":"Person","@id":"https:\/\/blog.zeit.de\/gruenegeschaefte\/#\/schema\/person\/56a2bdb136cd5997b1dd0485f3d105f9","name":"Marlies Uken","image":{"@type":"ImageObject","inLanguage":"de","@id":"https:\/\/blog.zeit.de\/gruenegeschaefte\/#\/schema\/person\/image\/","url":"https:\/\/secure.gravatar.com\/avatar\/1b4c2e971f407a9ead4389a9370b171e45b0ee693342f36fcc448bb9175b9ee2?s=96&d=mm&r=g","contentUrl":"https:\/\/secure.gravatar.com\/avatar\/1b4c2e971f407a9ead4389a9370b171e45b0ee693342f36fcc448bb9175b9ee2?s=96&d=mm&r=g","caption":"Marlies Uken"},"description":"ist Redakteurin bei ZEIT ONLINE.","sameAs":["https:\/\/blog.zeit.de\/gruenegeschaefte\/"],"url":"https:\/\/blog.zeit.de\/gruenegeschaefte\/author\/marlies-uken\/"}]}},"jetpack_featured_media_url":"","jetpack_sharing_enabled":true,"_links":{"self":[{"href":"https:\/\/blog.zeit.de\/gruenegeschaefte\/wp-json\/wp\/v2\/posts\/196","targetHints":{"allow":["GET"]}}],"collection":[{"href":"https:\/\/blog.zeit.de\/gruenegeschaefte\/wp-json\/wp\/v2\/posts"}],"about":[{"href":"https:\/\/blog.zeit.de\/gruenegeschaefte\/wp-json\/wp\/v2\/types\/post"}],"author":[{"embeddable":true,"href":"https:\/\/blog.zeit.de\/gruenegeschaefte\/wp-json\/wp\/v2\/users\/196"}],"replies":[{"embeddable":true,"href":"https:\/\/blog.zeit.de\/gruenegeschaefte\/wp-json\/wp\/v2\/comments?post=196"}],"version-history":[{"count":0,"href":"https:\/\/blog.zeit.de\/gruenegeschaefte\/wp-json\/wp\/v2\/posts\/196\/revisions"}],"wp:attachment":[{"href":"https:\/\/blog.zeit.de\/gruenegeschaefte\/wp-json\/wp\/v2\/media?parent=196"}],"wp:term":[{"taxonomy":"category","embeddable":true,"href":"https:\/\/blog.zeit.de\/gruenegeschaefte\/wp-json\/wp\/v2\/categories?post=196"},{"taxonomy":"post_tag","embeddable":true,"href":"https:\/\/blog.zeit.de\/gruenegeschaefte\/wp-json\/wp\/v2\/tags?post=196"}],"curies":[{"name":"wp","href":"https:\/\/api.w.org\/{rel}","templated":true}]}}