{"id":2028,"date":"2011-04-03T14:40:29","date_gmt":"2011-04-03T12:40:29","guid":{"rendered":"http:\/\/blog.zeit.de\/gruenegeschaefte\/?p=2028"},"modified":"2011-04-03T14:40:29","modified_gmt":"2011-04-03T12:40:29","slug":"suddeutsche-die-energie-luge","status":"publish","type":"post","link":"https:\/\/blog.zeit.de\/gruenegeschaefte\/2011\/04\/03\/suddeutsche-die-energie-luge\/","title":{"rendered":"S\u00fcddeutsche: Die Energie-L\u00fcge"},"content":{"rendered":"<p>Patrick Illinger hat mir <a href=\"http:\/\/www.sueddeutsche.de\/politik\/was-strom-kosten-darf-die-energie-luege-1.1080516\" target=\"_blank\">in seinem Leitartikel<\/a> in der gestrigen <em>S\u00fcddeutschen<\/em> aus dem Herzen gesprochen. \u00dcberschrift: Die Energie-L\u00fcge<\/p>\n<blockquote><p><em>&#8222;Wer seri\u00f6s \u00fcber Energie reden will, muss anerkennen, dass die wahren  Kosten des globalen Energiehungers nie auf Stromrechnungen erscheinen,  sondern von der Gemeinschaft getragen werden. Das ist nicht nur der  Fall, wenn eine \u00d6lplattform wie im Golf von Mexiko abbrennt oder ein  Kernkraftwerk wie in <a href=\"http:\/\/www.sueddeutsche.de\/thema\/Japan\">Japan<\/a> explodiert.<\/em><\/p>\n<p><em>Energieverbrauch erzeugt st\u00e4ndig Kosten, die auf  unterschiedlichste Weise beglichen werden m\u00fcssen, oft auch mit  Menschenleben. Hunderttausende Chinesen sterben j\u00e4hrlich an der  Luftverschmutzung. Vor allem aber, und das ist die abscheulichste Art,  die Kollateral-Kosten des heutigen Energiehungers zu verschleiern,  werden Erblasten aufgeh\u00e4uft: verbrauchte Ressourcen, verstrahlte  Endlager, eine mehrere Grad w\u00e4rmere\u00a0Erdatmosph\u00e4re.<\/em><\/p><\/blockquote>\n","protected":false},"excerpt":{"rendered":"<p>Patrick Illinger hat mir in seinem Leitartikel in der gestrigen S\u00fcddeutschen aus dem Herzen gesprochen. \u00dcberschrift: Die Energie-L\u00fcge &#8222;Wer seri\u00f6s \u00fcber Energie reden will, muss anerkennen, dass die wahren Kosten des globalen Energiehungers nie auf Stromrechnungen erscheinen, sondern von der Gemeinschaft getragen werden. Das ist nicht nur der Fall, wenn eine \u00d6lplattform wie im Golf [&hellip;]<\/p>\n","protected":false},"author":196,"featured_media":0,"comment_status":"open","ping_status":"open","sticky":false,"template":"","format":"standard","meta":{"_jetpack_memberships_contains_paid_content":false,"footnotes":""},"categories":[1231,1432,734,187],"tags":[],"class_list":["post-2028","post","type-post","status-publish","format-standard","hentry","category-atom","category-nachhaltigkeit","category-ol","category-politik"],"yoast_head":"<!-- This site is optimized with the Yoast SEO plugin v21.0 - https:\/\/yoast.com\/wordpress\/plugins\/seo\/ -->\n<title>S\u00fcddeutsche: Die Energie-L\u00fcge - Gr\u00fcne Gesch\u00e4fte<\/title>\n<meta name=\"robots\" content=\"index, follow, max-snippet:-1, max-image-preview:large, max-video-preview:-1\" \/>\n<link rel=\"canonical\" href=\"https:\/\/blog.zeit.de\/gruenegeschaefte\/2011\/04\/03\/suddeutsche-die-energie-luge\/\" \/>\n<meta property=\"og:locale\" content=\"de_DE\" \/>\n<meta property=\"og:type\" content=\"article\" \/>\n<meta property=\"og:title\" content=\"S\u00fcddeutsche: Die Energie-L\u00fcge - Gr\u00fcne Gesch\u00e4fte\" \/>\n<meta property=\"og:description\" content=\"Patrick Illinger hat mir in seinem Leitartikel in der gestrigen S\u00fcddeutschen aus dem Herzen gesprochen. \u00dcberschrift: Die Energie-L\u00fcge &#8222;Wer seri\u00f6s \u00fcber Energie reden will, muss anerkennen, dass die wahren Kosten des globalen Energiehungers nie auf Stromrechnungen erscheinen, sondern von der Gemeinschaft getragen werden. Das ist nicht nur der Fall, wenn eine \u00d6lplattform wie im Golf [&hellip;]\" \/>\n<meta property=\"og:url\" content=\"https:\/\/blog.zeit.de\/gruenegeschaefte\/2011\/04\/03\/suddeutsche-die-energie-luge\/\" \/>\n<meta property=\"og:site_name\" content=\"Gr\u00fcne Gesch\u00e4fte\" \/>\n<meta property=\"article:published_time\" content=\"2011-04-03T12:40:29+00:00\" \/>\n<meta name=\"author\" content=\"Marlies Uken\" \/>\n<meta name=\"twitter:card\" content=\"summary_large_image\" \/>\n<meta name=\"twitter:creator\" content=\"@zeitonline\" \/>\n<meta name=\"twitter:site\" content=\"@zeitonline\" \/>\n<meta name=\"twitter:label1\" content=\"Geschrieben von\" \/>\n\t<meta name=\"twitter:data1\" content=\"Marlies Uken\" \/>\n\t<meta name=\"twitter:label2\" content=\"Gesch\u00e4tzte Lesezeit\" \/>\n\t<meta name=\"twitter:data2\" content=\"1\u00a0Minute\" \/>\n<script type=\"application\/ld+json\" class=\"yoast-schema-graph\">{\"@context\":\"https:\/\/schema.org\",\"@graph\":[{\"@type\":\"WebPage\",\"@id\":\"https:\/\/blog.zeit.de\/gruenegeschaefte\/2011\/04\/03\/suddeutsche-die-energie-luge\/\",\"url\":\"https:\/\/blog.zeit.de\/gruenegeschaefte\/2011\/04\/03\/suddeutsche-die-energie-luge\/\",\"name\":\"S\u00fcddeutsche: Die Energie-L\u00fcge - Gr\u00fcne Gesch\u00e4fte\",\"isPartOf\":{\"@id\":\"https:\/\/blog.zeit.de\/gruenegeschaefte\/#website\"},\"datePublished\":\"2011-04-03T12:40:29+00:00\",\"dateModified\":\"2011-04-03T12:40:29+00:00\",\"author\":{\"@id\":\"https:\/\/blog.zeit.de\/gruenegeschaefte\/#\/schema\/person\/56a2bdb136cd5997b1dd0485f3d105f9\"},\"breadcrumb\":{\"@id\":\"https:\/\/blog.zeit.de\/gruenegeschaefte\/2011\/04\/03\/suddeutsche-die-energie-luge\/#breadcrumb\"},\"inLanguage\":\"de\",\"potentialAction\":[{\"@type\":\"ReadAction\",\"target\":[\"https:\/\/blog.zeit.de\/gruenegeschaefte\/2011\/04\/03\/suddeutsche-die-energie-luge\/\"]}]},{\"@type\":\"BreadcrumbList\",\"@id\":\"https:\/\/blog.zeit.de\/gruenegeschaefte\/2011\/04\/03\/suddeutsche-die-energie-luge\/#breadcrumb\",\"itemListElement\":[{\"@type\":\"ListItem\",\"position\":1,\"name\":\"Startseite\",\"item\":\"https:\/\/blog.zeit.de\/gruenegeschaefte\/\"},{\"@type\":\"ListItem\",\"position\":2,\"name\":\"S\u00fcddeutsche: Die Energie-L\u00fcge\"}]},{\"@type\":\"WebSite\",\"@id\":\"https:\/\/blog.zeit.de\/gruenegeschaefte\/#website\",\"url\":\"https:\/\/blog.zeit.de\/gruenegeschaefte\/\",\"name\":\"Gr\u00fcne Gesch\u00e4fte\",\"description\":\"Wir k\u00f6nnen&#039;s besser: Das Blog f\u00fcr eine Wirtschaft, die Ressourcen und Klima schont\",\"potentialAction\":[{\"@type\":\"SearchAction\",\"target\":{\"@type\":\"EntryPoint\",\"urlTemplate\":\"https:\/\/blog.zeit.de\/gruenegeschaefte\/?s={search_term_string}\"},\"query-input\":\"required name=search_term_string\"}],\"inLanguage\":\"de\"},{\"@type\":\"Person\",\"@id\":\"https:\/\/blog.zeit.de\/gruenegeschaefte\/#\/schema\/person\/56a2bdb136cd5997b1dd0485f3d105f9\",\"name\":\"Marlies Uken\",\"image\":{\"@type\":\"ImageObject\",\"inLanguage\":\"de\",\"@id\":\"https:\/\/blog.zeit.de\/gruenegeschaefte\/#\/schema\/person\/image\/\",\"url\":\"https:\/\/secure.gravatar.com\/avatar\/1b4c2e971f407a9ead4389a9370b171e45b0ee693342f36fcc448bb9175b9ee2?s=96&d=mm&r=g\",\"contentUrl\":\"https:\/\/secure.gravatar.com\/avatar\/1b4c2e971f407a9ead4389a9370b171e45b0ee693342f36fcc448bb9175b9ee2?s=96&d=mm&r=g\",\"caption\":\"Marlies Uken\"},\"description\":\"ist Redakteurin bei ZEIT ONLINE.\",\"sameAs\":[\"https:\/\/blog.zeit.de\/gruenegeschaefte\/\"],\"url\":\"https:\/\/blog.zeit.de\/gruenegeschaefte\/author\/marlies-uken\/\"}]}<\/script>\n<!-- \/ Yoast SEO plugin. -->","yoast_head_json":{"title":"S\u00fcddeutsche: Die Energie-L\u00fcge - Gr\u00fcne Gesch\u00e4fte","robots":{"index":"index","follow":"follow","max-snippet":"max-snippet:-1","max-image-preview":"max-image-preview:large","max-video-preview":"max-video-preview:-1"},"canonical":"https:\/\/blog.zeit.de\/gruenegeschaefte\/2011\/04\/03\/suddeutsche-die-energie-luge\/","og_locale":"de_DE","og_type":"article","og_title":"S\u00fcddeutsche: Die Energie-L\u00fcge - Gr\u00fcne Gesch\u00e4fte","og_description":"Patrick Illinger hat mir in seinem Leitartikel in der gestrigen S\u00fcddeutschen aus dem Herzen gesprochen. \u00dcberschrift: Die Energie-L\u00fcge &#8222;Wer seri\u00f6s \u00fcber Energie reden will, muss anerkennen, dass die wahren Kosten des globalen Energiehungers nie auf Stromrechnungen erscheinen, sondern von der Gemeinschaft getragen werden. Das ist nicht nur der Fall, wenn eine \u00d6lplattform wie im Golf [&hellip;]","og_url":"https:\/\/blog.zeit.de\/gruenegeschaefte\/2011\/04\/03\/suddeutsche-die-energie-luge\/","og_site_name":"Gr\u00fcne Gesch\u00e4fte","article_published_time":"2011-04-03T12:40:29+00:00","author":"Marlies Uken","twitter_card":"summary_large_image","twitter_creator":"@zeitonline","twitter_site":"@zeitonline","twitter_misc":{"Geschrieben von":"Marlies Uken","Gesch\u00e4tzte Lesezeit":"1\u00a0Minute"},"schema":{"@context":"https:\/\/schema.org","@graph":[{"@type":"WebPage","@id":"https:\/\/blog.zeit.de\/gruenegeschaefte\/2011\/04\/03\/suddeutsche-die-energie-luge\/","url":"https:\/\/blog.zeit.de\/gruenegeschaefte\/2011\/04\/03\/suddeutsche-die-energie-luge\/","name":"S\u00fcddeutsche: Die Energie-L\u00fcge - Gr\u00fcne Gesch\u00e4fte","isPartOf":{"@id":"https:\/\/blog.zeit.de\/gruenegeschaefte\/#website"},"datePublished":"2011-04-03T12:40:29+00:00","dateModified":"2011-04-03T12:40:29+00:00","author":{"@id":"https:\/\/blog.zeit.de\/gruenegeschaefte\/#\/schema\/person\/56a2bdb136cd5997b1dd0485f3d105f9"},"breadcrumb":{"@id":"https:\/\/blog.zeit.de\/gruenegeschaefte\/2011\/04\/03\/suddeutsche-die-energie-luge\/#breadcrumb"},"inLanguage":"de","potentialAction":[{"@type":"ReadAction","target":["https:\/\/blog.zeit.de\/gruenegeschaefte\/2011\/04\/03\/suddeutsche-die-energie-luge\/"]}]},{"@type":"BreadcrumbList","@id":"https:\/\/blog.zeit.de\/gruenegeschaefte\/2011\/04\/03\/suddeutsche-die-energie-luge\/#breadcrumb","itemListElement":[{"@type":"ListItem","position":1,"name":"Startseite","item":"https:\/\/blog.zeit.de\/gruenegeschaefte\/"},{"@type":"ListItem","position":2,"name":"S\u00fcddeutsche: Die Energie-L\u00fcge"}]},{"@type":"WebSite","@id":"https:\/\/blog.zeit.de\/gruenegeschaefte\/#website","url":"https:\/\/blog.zeit.de\/gruenegeschaefte\/","name":"Gr\u00fcne Gesch\u00e4fte","description":"Wir k\u00f6nnen&#039;s besser: Das Blog f\u00fcr eine Wirtschaft, die Ressourcen und Klima schont","potentialAction":[{"@type":"SearchAction","target":{"@type":"EntryPoint","urlTemplate":"https:\/\/blog.zeit.de\/gruenegeschaefte\/?s={search_term_string}"},"query-input":"required name=search_term_string"}],"inLanguage":"de"},{"@type":"Person","@id":"https:\/\/blog.zeit.de\/gruenegeschaefte\/#\/schema\/person\/56a2bdb136cd5997b1dd0485f3d105f9","name":"Marlies Uken","image":{"@type":"ImageObject","inLanguage":"de","@id":"https:\/\/blog.zeit.de\/gruenegeschaefte\/#\/schema\/person\/image\/","url":"https:\/\/secure.gravatar.com\/avatar\/1b4c2e971f407a9ead4389a9370b171e45b0ee693342f36fcc448bb9175b9ee2?s=96&d=mm&r=g","contentUrl":"https:\/\/secure.gravatar.com\/avatar\/1b4c2e971f407a9ead4389a9370b171e45b0ee693342f36fcc448bb9175b9ee2?s=96&d=mm&r=g","caption":"Marlies Uken"},"description":"ist Redakteurin bei ZEIT ONLINE.","sameAs":["https:\/\/blog.zeit.de\/gruenegeschaefte\/"],"url":"https:\/\/blog.zeit.de\/gruenegeschaefte\/author\/marlies-uken\/"}]}},"jetpack_featured_media_url":"","jetpack_sharing_enabled":true,"_links":{"self":[{"href":"https:\/\/blog.zeit.de\/gruenegeschaefte\/wp-json\/wp\/v2\/posts\/2028","targetHints":{"allow":["GET"]}}],"collection":[{"href":"https:\/\/blog.zeit.de\/gruenegeschaefte\/wp-json\/wp\/v2\/posts"}],"about":[{"href":"https:\/\/blog.zeit.de\/gruenegeschaefte\/wp-json\/wp\/v2\/types\/post"}],"author":[{"embeddable":true,"href":"https:\/\/blog.zeit.de\/gruenegeschaefte\/wp-json\/wp\/v2\/users\/196"}],"replies":[{"embeddable":true,"href":"https:\/\/blog.zeit.de\/gruenegeschaefte\/wp-json\/wp\/v2\/comments?post=2028"}],"version-history":[{"count":5,"href":"https:\/\/blog.zeit.de\/gruenegeschaefte\/wp-json\/wp\/v2\/posts\/2028\/revisions"}],"predecessor-version":[{"id":2033,"href":"https:\/\/blog.zeit.de\/gruenegeschaefte\/wp-json\/wp\/v2\/posts\/2028\/revisions\/2033"}],"wp:attachment":[{"href":"https:\/\/blog.zeit.de\/gruenegeschaefte\/wp-json\/wp\/v2\/media?parent=2028"}],"wp:term":[{"taxonomy":"category","embeddable":true,"href":"https:\/\/blog.zeit.de\/gruenegeschaefte\/wp-json\/wp\/v2\/categories?post=2028"},{"taxonomy":"post_tag","embeddable":true,"href":"https:\/\/blog.zeit.de\/gruenegeschaefte\/wp-json\/wp\/v2\/tags?post=2028"}],"curies":[{"name":"wp","href":"https:\/\/api.w.org\/{rel}","templated":true}]}}