{"id":2113,"date":"2011-04-15T14:39:01","date_gmt":"2011-04-15T12:39:01","guid":{"rendered":"http:\/\/blog.zeit.de\/gruenegeschaefte\/?p=2113"},"modified":"2011-04-15T14:39:01","modified_gmt":"2011-04-15T12:39:01","slug":"elektroschrott-fragwurdige-us-recyclinginitiative","status":"publish","type":"post","link":"https:\/\/blog.zeit.de\/gruenegeschaefte\/2011\/04\/15\/elektroschrott-fragwurdige-us-recyclinginitiative\/","title":{"rendered":"Elektroschrott: Fragw\u00fcrdige US-Recyclinginitiative"},"content":{"rendered":"<p>Auf den ersten Blick klingen die Ziele ambitioniert: Die <a href=\"http:\/\/apps.ce.org\/ecycler\/ecycling.html\" target=\"_blank\">gro\u00dfen Elektronikkonzerne in den USA<\/a>, etwa Panasonic, Sony und Toshiba, wollen in den kommenden f\u00fcnf Jahren ihre Recyclingquote von Elektroschrott verdreifachen. Eine Milliarde US-Pfund Elektroschrott (&#8222;one billion pounds&#8220;) wollen sie j\u00e4hrlich einsammeln, <a href=\"http:\/\/www.ce.org\/Press\/CurrentNews\/press_release_detail.asp?id=12084\" target=\"_blank\">gaben sie j\u00fcngst bekannt<\/a>. Das entspreche etwa einem Football-Stadium mit 71.000 Sitzpl\u00e4tzen, das bis zur Oberkannte nur mit alten Computern, Laptops, Handys und Fernsehern gef\u00fcllt sei. Ziel sei unter anderem zu verhindern, dass Elektroschrott unsortiert in Entwicklungsl\u00e4ndern lande, wo er nicht nur f\u00fcr Umweltprobleme sorgt, sondern auch massive Gesundheitssch\u00e4den verursacht. Die eCycling Leadership Initiative will daf\u00fcr unter anderem die 5000 Recyclingh\u00f6fe in den USA besser bewerben und setzt auf Aufkl\u00e4rung beim Kauf von neuen Elektroger\u00e4ten.<\/p>\n<p>Doch Kritik gab es prompt &#8211; und zwar von prominenter Stelle. Das <a href=\"http:\/\/www.ban.org\/index.html\" target=\"_blank\"><em>Basel Action Network, <\/em><\/a>eine einflussreiche Umweltschutzorganisation, die sich auf illegale M\u00fcllexporte spezialisiert hat,<a href=\"http:\/\/www.ban.org\/index.html\" target=\"_blank\"> <\/a>weist darauf hin, dass<a href=\"http:\/\/www.sustainablebusiness.com\/index.cfm\/go\/news.display\/id\/22249\" target=\"_blank\"> die USA immer noch nicht die Basel Konvention ratifiziert haben. <\/a>Das w\u00e4re der erste und wichtige Schritt, um den Export von Elektroschrott in Entwicklungsl\u00e4nder zu brandmarken. Dieses Abkommen regelt den internationalen Handel mit Giftm\u00fcll und verbietet den Export in Entwicklungsl\u00e4nder. Deutschland hat es 2002 ratifiziert.<\/p>\n<p>So sch\u00f6n freiwillige Initiativen der Privatwirtschaft auch sein m\u00f6gen, die Praxis zeigt: Beim Elektroschrott\u00a0 braucht es Gesetze, damit der Handel besser kontrolliert werden kann. Das findet auch die <a href=\"http:\/\/www.electronicstakeback.com\/category\/blog\/\" target=\"_blank\"><em>Electronics Take Back Coalition<\/em>, die vermutet, die Unternehmen wollten einer ungeliebten Gesetzgebung nur zuvorkommen. <\/a>Das Problem wird sicherlich nicht kleiner, nur weil niemand mehr dar\u00fcber berichtet. Kaum eine andere M\u00fcllart w\u00e4chst so schnell wie Elektroschrott\u00a0 (kein Wunder, wenn fast jedes Jahr neue iPhones auf den Markt kommen). Und die USA sind einer der gr\u00f6\u00dften Elektroschrott-Produzenten der Welt.<\/p>\n","protected":false},"excerpt":{"rendered":"<p>Auf den ersten Blick klingen die Ziele ambitioniert: Die gro\u00dfen Elektronikkonzerne in den USA, etwa Panasonic, Sony und Toshiba, wollen in den kommenden f\u00fcnf Jahren ihre Recyclingquote von Elektroschrott verdreifachen. Eine Milliarde US-Pfund Elektroschrott (&#8222;one billion pounds&#8220;) wollen sie j\u00e4hrlich einsammeln, gaben sie j\u00fcngst bekannt. Das entspreche etwa einem Football-Stadium mit 71.000 Sitzpl\u00e4tzen, das bis [&hellip;]<\/p>\n","protected":false},"author":196,"featured_media":0,"comment_status":"open","ping_status":"open","sticky":false,"template":"","format":"standard","meta":{"_jetpack_memberships_contains_paid_content":false,"footnotes":""},"categories":[1312,2417,1432],"tags":[],"class_list":["post-2113","post","type-post","status-publish","format-standard","hentry","category-abfall","category-konsum","category-nachhaltigkeit"],"yoast_head":"<!-- This site is optimized with the Yoast SEO plugin v21.0 - https:\/\/yoast.com\/wordpress\/plugins\/seo\/ -->\n<title>Elektroschrott: Fragw\u00fcrdige US-Recyclinginitiative - Gr\u00fcne Gesch\u00e4fte<\/title>\n<meta name=\"robots\" content=\"index, follow, max-snippet:-1, max-image-preview:large, max-video-preview:-1\" \/>\n<link rel=\"canonical\" href=\"https:\/\/blog.zeit.de\/gruenegeschaefte\/2011\/04\/15\/elektroschrott-fragwurdige-us-recyclinginitiative\/\" \/>\n<meta property=\"og:locale\" content=\"de_DE\" \/>\n<meta property=\"og:type\" content=\"article\" \/>\n<meta property=\"og:title\" content=\"Elektroschrott: Fragw\u00fcrdige US-Recyclinginitiative - Gr\u00fcne Gesch\u00e4fte\" \/>\n<meta property=\"og:description\" content=\"Auf den ersten Blick klingen die Ziele ambitioniert: Die gro\u00dfen Elektronikkonzerne in den USA, etwa Panasonic, Sony und Toshiba, wollen in den kommenden f\u00fcnf Jahren ihre Recyclingquote von Elektroschrott verdreifachen. Eine Milliarde US-Pfund Elektroschrott (&#8222;one billion pounds&#8220;) wollen sie j\u00e4hrlich einsammeln, gaben sie j\u00fcngst bekannt. Das entspreche etwa einem Football-Stadium mit 71.000 Sitzpl\u00e4tzen, das bis [&hellip;]\" \/>\n<meta property=\"og:url\" content=\"https:\/\/blog.zeit.de\/gruenegeschaefte\/2011\/04\/15\/elektroschrott-fragwurdige-us-recyclinginitiative\/\" \/>\n<meta property=\"og:site_name\" content=\"Gr\u00fcne Gesch\u00e4fte\" \/>\n<meta property=\"article:published_time\" content=\"2011-04-15T12:39:01+00:00\" \/>\n<meta name=\"author\" content=\"Marlies Uken\" \/>\n<meta name=\"twitter:card\" content=\"summary_large_image\" \/>\n<meta name=\"twitter:creator\" content=\"@zeitonline\" \/>\n<meta name=\"twitter:site\" content=\"@zeitonline\" \/>\n<meta name=\"twitter:label1\" content=\"Geschrieben von\" \/>\n\t<meta name=\"twitter:data1\" content=\"Marlies Uken\" \/>\n\t<meta name=\"twitter:label2\" content=\"Gesch\u00e4tzte Lesezeit\" \/>\n\t<meta name=\"twitter:data2\" content=\"1\u00a0Minute\" \/>\n<script type=\"application\/ld+json\" class=\"yoast-schema-graph\">{\"@context\":\"https:\/\/schema.org\",\"@graph\":[{\"@type\":\"WebPage\",\"@id\":\"https:\/\/blog.zeit.de\/gruenegeschaefte\/2011\/04\/15\/elektroschrott-fragwurdige-us-recyclinginitiative\/\",\"url\":\"https:\/\/blog.zeit.de\/gruenegeschaefte\/2011\/04\/15\/elektroschrott-fragwurdige-us-recyclinginitiative\/\",\"name\":\"Elektroschrott: Fragw\u00fcrdige US-Recyclinginitiative - Gr\u00fcne Gesch\u00e4fte\",\"isPartOf\":{\"@id\":\"https:\/\/blog.zeit.de\/gruenegeschaefte\/#website\"},\"datePublished\":\"2011-04-15T12:39:01+00:00\",\"dateModified\":\"2011-04-15T12:39:01+00:00\",\"author\":{\"@id\":\"https:\/\/blog.zeit.de\/gruenegeschaefte\/#\/schema\/person\/56a2bdb136cd5997b1dd0485f3d105f9\"},\"breadcrumb\":{\"@id\":\"https:\/\/blog.zeit.de\/gruenegeschaefte\/2011\/04\/15\/elektroschrott-fragwurdige-us-recyclinginitiative\/#breadcrumb\"},\"inLanguage\":\"de\",\"potentialAction\":[{\"@type\":\"ReadAction\",\"target\":[\"https:\/\/blog.zeit.de\/gruenegeschaefte\/2011\/04\/15\/elektroschrott-fragwurdige-us-recyclinginitiative\/\"]}]},{\"@type\":\"BreadcrumbList\",\"@id\":\"https:\/\/blog.zeit.de\/gruenegeschaefte\/2011\/04\/15\/elektroschrott-fragwurdige-us-recyclinginitiative\/#breadcrumb\",\"itemListElement\":[{\"@type\":\"ListItem\",\"position\":1,\"name\":\"Startseite\",\"item\":\"https:\/\/blog.zeit.de\/gruenegeschaefte\/\"},{\"@type\":\"ListItem\",\"position\":2,\"name\":\"Elektroschrott: Fragw\u00fcrdige US-Recyclinginitiative\"}]},{\"@type\":\"WebSite\",\"@id\":\"https:\/\/blog.zeit.de\/gruenegeschaefte\/#website\",\"url\":\"https:\/\/blog.zeit.de\/gruenegeschaefte\/\",\"name\":\"Gr\u00fcne Gesch\u00e4fte\",\"description\":\"Wir k\u00f6nnen&#039;s besser: Das Blog f\u00fcr eine Wirtschaft, die Ressourcen und Klima schont\",\"potentialAction\":[{\"@type\":\"SearchAction\",\"target\":{\"@type\":\"EntryPoint\",\"urlTemplate\":\"https:\/\/blog.zeit.de\/gruenegeschaefte\/?s={search_term_string}\"},\"query-input\":\"required name=search_term_string\"}],\"inLanguage\":\"de\"},{\"@type\":\"Person\",\"@id\":\"https:\/\/blog.zeit.de\/gruenegeschaefte\/#\/schema\/person\/56a2bdb136cd5997b1dd0485f3d105f9\",\"name\":\"Marlies Uken\",\"image\":{\"@type\":\"ImageObject\",\"inLanguage\":\"de\",\"@id\":\"https:\/\/blog.zeit.de\/gruenegeschaefte\/#\/schema\/person\/image\/\",\"url\":\"https:\/\/secure.gravatar.com\/avatar\/1b4c2e971f407a9ead4389a9370b171e45b0ee693342f36fcc448bb9175b9ee2?s=96&d=mm&r=g\",\"contentUrl\":\"https:\/\/secure.gravatar.com\/avatar\/1b4c2e971f407a9ead4389a9370b171e45b0ee693342f36fcc448bb9175b9ee2?s=96&d=mm&r=g\",\"caption\":\"Marlies Uken\"},\"description\":\"ist Redakteurin bei ZEIT ONLINE.\",\"sameAs\":[\"https:\/\/blog.zeit.de\/gruenegeschaefte\/\"],\"url\":\"https:\/\/blog.zeit.de\/gruenegeschaefte\/author\/marlies-uken\/\"}]}<\/script>\n<!-- \/ Yoast SEO plugin. -->","yoast_head_json":{"title":"Elektroschrott: Fragw\u00fcrdige US-Recyclinginitiative - Gr\u00fcne Gesch\u00e4fte","robots":{"index":"index","follow":"follow","max-snippet":"max-snippet:-1","max-image-preview":"max-image-preview:large","max-video-preview":"max-video-preview:-1"},"canonical":"https:\/\/blog.zeit.de\/gruenegeschaefte\/2011\/04\/15\/elektroschrott-fragwurdige-us-recyclinginitiative\/","og_locale":"de_DE","og_type":"article","og_title":"Elektroschrott: Fragw\u00fcrdige US-Recyclinginitiative - Gr\u00fcne Gesch\u00e4fte","og_description":"Auf den ersten Blick klingen die Ziele ambitioniert: Die gro\u00dfen Elektronikkonzerne in den USA, etwa Panasonic, Sony und Toshiba, wollen in den kommenden f\u00fcnf Jahren ihre Recyclingquote von Elektroschrott verdreifachen. Eine Milliarde US-Pfund Elektroschrott (&#8222;one billion pounds&#8220;) wollen sie j\u00e4hrlich einsammeln, gaben sie j\u00fcngst bekannt. Das entspreche etwa einem Football-Stadium mit 71.000 Sitzpl\u00e4tzen, das bis [&hellip;]","og_url":"https:\/\/blog.zeit.de\/gruenegeschaefte\/2011\/04\/15\/elektroschrott-fragwurdige-us-recyclinginitiative\/","og_site_name":"Gr\u00fcne Gesch\u00e4fte","article_published_time":"2011-04-15T12:39:01+00:00","author":"Marlies Uken","twitter_card":"summary_large_image","twitter_creator":"@zeitonline","twitter_site":"@zeitonline","twitter_misc":{"Geschrieben von":"Marlies Uken","Gesch\u00e4tzte Lesezeit":"1\u00a0Minute"},"schema":{"@context":"https:\/\/schema.org","@graph":[{"@type":"WebPage","@id":"https:\/\/blog.zeit.de\/gruenegeschaefte\/2011\/04\/15\/elektroschrott-fragwurdige-us-recyclinginitiative\/","url":"https:\/\/blog.zeit.de\/gruenegeschaefte\/2011\/04\/15\/elektroschrott-fragwurdige-us-recyclinginitiative\/","name":"Elektroschrott: Fragw\u00fcrdige US-Recyclinginitiative - Gr\u00fcne Gesch\u00e4fte","isPartOf":{"@id":"https:\/\/blog.zeit.de\/gruenegeschaefte\/#website"},"datePublished":"2011-04-15T12:39:01+00:00","dateModified":"2011-04-15T12:39:01+00:00","author":{"@id":"https:\/\/blog.zeit.de\/gruenegeschaefte\/#\/schema\/person\/56a2bdb136cd5997b1dd0485f3d105f9"},"breadcrumb":{"@id":"https:\/\/blog.zeit.de\/gruenegeschaefte\/2011\/04\/15\/elektroschrott-fragwurdige-us-recyclinginitiative\/#breadcrumb"},"inLanguage":"de","potentialAction":[{"@type":"ReadAction","target":["https:\/\/blog.zeit.de\/gruenegeschaefte\/2011\/04\/15\/elektroschrott-fragwurdige-us-recyclinginitiative\/"]}]},{"@type":"BreadcrumbList","@id":"https:\/\/blog.zeit.de\/gruenegeschaefte\/2011\/04\/15\/elektroschrott-fragwurdige-us-recyclinginitiative\/#breadcrumb","itemListElement":[{"@type":"ListItem","position":1,"name":"Startseite","item":"https:\/\/blog.zeit.de\/gruenegeschaefte\/"},{"@type":"ListItem","position":2,"name":"Elektroschrott: Fragw\u00fcrdige US-Recyclinginitiative"}]},{"@type":"WebSite","@id":"https:\/\/blog.zeit.de\/gruenegeschaefte\/#website","url":"https:\/\/blog.zeit.de\/gruenegeschaefte\/","name":"Gr\u00fcne Gesch\u00e4fte","description":"Wir k\u00f6nnen&#039;s besser: Das Blog f\u00fcr eine Wirtschaft, die Ressourcen und Klima schont","potentialAction":[{"@type":"SearchAction","target":{"@type":"EntryPoint","urlTemplate":"https:\/\/blog.zeit.de\/gruenegeschaefte\/?s={search_term_string}"},"query-input":"required name=search_term_string"}],"inLanguage":"de"},{"@type":"Person","@id":"https:\/\/blog.zeit.de\/gruenegeschaefte\/#\/schema\/person\/56a2bdb136cd5997b1dd0485f3d105f9","name":"Marlies Uken","image":{"@type":"ImageObject","inLanguage":"de","@id":"https:\/\/blog.zeit.de\/gruenegeschaefte\/#\/schema\/person\/image\/","url":"https:\/\/secure.gravatar.com\/avatar\/1b4c2e971f407a9ead4389a9370b171e45b0ee693342f36fcc448bb9175b9ee2?s=96&d=mm&r=g","contentUrl":"https:\/\/secure.gravatar.com\/avatar\/1b4c2e971f407a9ead4389a9370b171e45b0ee693342f36fcc448bb9175b9ee2?s=96&d=mm&r=g","caption":"Marlies Uken"},"description":"ist Redakteurin bei ZEIT ONLINE.","sameAs":["https:\/\/blog.zeit.de\/gruenegeschaefte\/"],"url":"https:\/\/blog.zeit.de\/gruenegeschaefte\/author\/marlies-uken\/"}]}},"jetpack_featured_media_url":"","jetpack_sharing_enabled":true,"_links":{"self":[{"href":"https:\/\/blog.zeit.de\/gruenegeschaefte\/wp-json\/wp\/v2\/posts\/2113","targetHints":{"allow":["GET"]}}],"collection":[{"href":"https:\/\/blog.zeit.de\/gruenegeschaefte\/wp-json\/wp\/v2\/posts"}],"about":[{"href":"https:\/\/blog.zeit.de\/gruenegeschaefte\/wp-json\/wp\/v2\/types\/post"}],"author":[{"embeddable":true,"href":"https:\/\/blog.zeit.de\/gruenegeschaefte\/wp-json\/wp\/v2\/users\/196"}],"replies":[{"embeddable":true,"href":"https:\/\/blog.zeit.de\/gruenegeschaefte\/wp-json\/wp\/v2\/comments?post=2113"}],"version-history":[{"count":13,"href":"https:\/\/blog.zeit.de\/gruenegeschaefte\/wp-json\/wp\/v2\/posts\/2113\/revisions"}],"predecessor-version":[{"id":2126,"href":"https:\/\/blog.zeit.de\/gruenegeschaefte\/wp-json\/wp\/v2\/posts\/2113\/revisions\/2126"}],"wp:attachment":[{"href":"https:\/\/blog.zeit.de\/gruenegeschaefte\/wp-json\/wp\/v2\/media?parent=2113"}],"wp:term":[{"taxonomy":"category","embeddable":true,"href":"https:\/\/blog.zeit.de\/gruenegeschaefte\/wp-json\/wp\/v2\/categories?post=2113"},{"taxonomy":"post_tag","embeddable":true,"href":"https:\/\/blog.zeit.de\/gruenegeschaefte\/wp-json\/wp\/v2\/tags?post=2113"}],"curies":[{"name":"wp","href":"https:\/\/api.w.org\/{rel}","templated":true}]}}