{"id":2248,"date":"2011-05-15T14:28:11","date_gmt":"2011-05-15T12:28:11","guid":{"rendered":"http:\/\/blog.zeit.de\/gruenegeschaefte\/?p=2248"},"modified":"2011-05-15T14:28:11","modified_gmt":"2011-05-15T12:28:11","slug":"libyens-chaos-bedroht-thunfisch-bestande","status":"publish","type":"post","link":"https:\/\/blog.zeit.de\/gruenegeschaefte\/2011\/05\/15\/libyens-chaos-bedroht-thunfisch-bestande\/","title":{"rendered":"Libyens Chaos bedroht Thunfisch-Best\u00e4nde"},"content":{"rendered":"<p>Libyens Staatschef Muamar Al-Gadhafi st\u00fcrzt nicht nur sein Land in Chaos, sondern inzwischen auch die europ\u00e4ische Fischereipolitik. Wie die Umweltschutzorganisationen <a href=\"http:\/\/wwf.panda.org\/?uNewsID=200335\" target=\"_blank\">WWF und Greenpeace <\/a>warnen, will Libyen offenbar ab heute seine Gew\u00e4sser f\u00fcr den Fang <a href=\"http:\/\/wwf.panda.org\/what_we_do\/footprint\/smart_fishing\/target_fisheries\/bluefin_tuna\/\" target=\"_blank\">des extrem bedrohten Blauflossen-Thunfischs<\/a> freigeben. Und das, obwohl das Land gerade unm\u00f6glich daf\u00fcr sorgen kann, dass Fischfangpl\u00e4ne eingehalten werden k\u00f6nnen und sich die Best\u00e4nde erholen k\u00f6nnen. Dazu hat sich Libyen international verpflichtet. Gerade die Gew\u00e4sser vor der K\u00fcste Libyens sind ein wichtiges Laichgebiet f\u00fcr den Blauflossen-Thunfisch. Dessen Best\u00e4nde sind so \u00fcberfischt, dass Fischereiexperten vor dem Aussterben warnen. WWF und Greenpeace fordern daher die industriefreundliche Internationale Organisation zum Schutz der Atlantischen Thunfischs <a href=\"http:\/\/www.iccat.es\/en\/\" target=\"_blank\">(ICCAT)<\/a> auf, die Thunfisch-Fischerei vor Libyen auszusetzen.<\/p>\n","protected":false},"excerpt":{"rendered":"<p>Libyens Staatschef Muamar Al-Gadhafi st\u00fcrzt nicht nur sein Land in Chaos, sondern inzwischen auch die europ\u00e4ische Fischereipolitik. Wie die Umweltschutzorganisationen WWF und Greenpeace warnen, will Libyen offenbar ab heute seine Gew\u00e4sser f\u00fcr den Fang des extrem bedrohten Blauflossen-Thunfischs freigeben. Und das, obwohl das Land gerade unm\u00f6glich daf\u00fcr sorgen kann, dass Fischfangpl\u00e4ne eingehalten werden k\u00f6nnen und [&hellip;]<\/p>\n","protected":false},"author":196,"featured_media":0,"comment_status":"open","ping_status":"open","sticky":false,"template":"","format":"standard","meta":{"_jetpack_memberships_contains_paid_content":false,"footnotes":""},"categories":[2417,1432],"tags":[],"class_list":["post-2248","post","type-post","status-publish","format-standard","hentry","category-konsum","category-nachhaltigkeit"],"yoast_head":"<!-- This site is optimized with the Yoast SEO plugin v21.0 - https:\/\/yoast.com\/wordpress\/plugins\/seo\/ -->\n<title>Libyens Chaos bedroht Thunfisch-Best\u00e4nde - Gr\u00fcne Gesch\u00e4fte<\/title>\n<meta name=\"robots\" content=\"index, follow, max-snippet:-1, max-image-preview:large, max-video-preview:-1\" \/>\n<link rel=\"canonical\" href=\"https:\/\/blog.zeit.de\/gruenegeschaefte\/2011\/05\/15\/libyens-chaos-bedroht-thunfisch-bestande\/\" \/>\n<meta property=\"og:locale\" content=\"de_DE\" \/>\n<meta property=\"og:type\" content=\"article\" \/>\n<meta property=\"og:title\" content=\"Libyens Chaos bedroht Thunfisch-Best\u00e4nde - Gr\u00fcne Gesch\u00e4fte\" \/>\n<meta property=\"og:description\" content=\"Libyens Staatschef Muamar Al-Gadhafi st\u00fcrzt nicht nur sein Land in Chaos, sondern inzwischen auch die europ\u00e4ische Fischereipolitik. Wie die Umweltschutzorganisationen WWF und Greenpeace warnen, will Libyen offenbar ab heute seine Gew\u00e4sser f\u00fcr den Fang des extrem bedrohten Blauflossen-Thunfischs freigeben. Und das, obwohl das Land gerade unm\u00f6glich daf\u00fcr sorgen kann, dass Fischfangpl\u00e4ne eingehalten werden k\u00f6nnen und [&hellip;]\" \/>\n<meta property=\"og:url\" content=\"https:\/\/blog.zeit.de\/gruenegeschaefte\/2011\/05\/15\/libyens-chaos-bedroht-thunfisch-bestande\/\" \/>\n<meta property=\"og:site_name\" content=\"Gr\u00fcne Gesch\u00e4fte\" \/>\n<meta property=\"article:published_time\" content=\"2011-05-15T12:28:11+00:00\" \/>\n<meta name=\"author\" content=\"Marlies Uken\" \/>\n<meta name=\"twitter:card\" content=\"summary_large_image\" \/>\n<meta name=\"twitter:creator\" content=\"@zeitonline\" \/>\n<meta name=\"twitter:site\" content=\"@zeitonline\" \/>\n<meta name=\"twitter:label1\" content=\"Geschrieben von\" \/>\n\t<meta name=\"twitter:data1\" content=\"Marlies Uken\" \/>\n\t<meta name=\"twitter:label2\" content=\"Gesch\u00e4tzte Lesezeit\" \/>\n\t<meta name=\"twitter:data2\" content=\"1\u00a0Minute\" \/>\n<script type=\"application\/ld+json\" class=\"yoast-schema-graph\">{\"@context\":\"https:\/\/schema.org\",\"@graph\":[{\"@type\":\"WebPage\",\"@id\":\"https:\/\/blog.zeit.de\/gruenegeschaefte\/2011\/05\/15\/libyens-chaos-bedroht-thunfisch-bestande\/\",\"url\":\"https:\/\/blog.zeit.de\/gruenegeschaefte\/2011\/05\/15\/libyens-chaos-bedroht-thunfisch-bestande\/\",\"name\":\"Libyens Chaos bedroht Thunfisch-Best\u00e4nde - Gr\u00fcne Gesch\u00e4fte\",\"isPartOf\":{\"@id\":\"https:\/\/blog.zeit.de\/gruenegeschaefte\/#website\"},\"datePublished\":\"2011-05-15T12:28:11+00:00\",\"dateModified\":\"2011-05-15T12:28:11+00:00\",\"author\":{\"@id\":\"https:\/\/blog.zeit.de\/gruenegeschaefte\/#\/schema\/person\/56a2bdb136cd5997b1dd0485f3d105f9\"},\"breadcrumb\":{\"@id\":\"https:\/\/blog.zeit.de\/gruenegeschaefte\/2011\/05\/15\/libyens-chaos-bedroht-thunfisch-bestande\/#breadcrumb\"},\"inLanguage\":\"de\",\"potentialAction\":[{\"@type\":\"ReadAction\",\"target\":[\"https:\/\/blog.zeit.de\/gruenegeschaefte\/2011\/05\/15\/libyens-chaos-bedroht-thunfisch-bestande\/\"]}]},{\"@type\":\"BreadcrumbList\",\"@id\":\"https:\/\/blog.zeit.de\/gruenegeschaefte\/2011\/05\/15\/libyens-chaos-bedroht-thunfisch-bestande\/#breadcrumb\",\"itemListElement\":[{\"@type\":\"ListItem\",\"position\":1,\"name\":\"Startseite\",\"item\":\"https:\/\/blog.zeit.de\/gruenegeschaefte\/\"},{\"@type\":\"ListItem\",\"position\":2,\"name\":\"Libyens Chaos bedroht Thunfisch-Best\u00e4nde\"}]},{\"@type\":\"WebSite\",\"@id\":\"https:\/\/blog.zeit.de\/gruenegeschaefte\/#website\",\"url\":\"https:\/\/blog.zeit.de\/gruenegeschaefte\/\",\"name\":\"Gr\u00fcne Gesch\u00e4fte\",\"description\":\"Wir k\u00f6nnen&#039;s besser: Das Blog f\u00fcr eine Wirtschaft, die Ressourcen und Klima schont\",\"potentialAction\":[{\"@type\":\"SearchAction\",\"target\":{\"@type\":\"EntryPoint\",\"urlTemplate\":\"https:\/\/blog.zeit.de\/gruenegeschaefte\/?s={search_term_string}\"},\"query-input\":\"required name=search_term_string\"}],\"inLanguage\":\"de\"},{\"@type\":\"Person\",\"@id\":\"https:\/\/blog.zeit.de\/gruenegeschaefte\/#\/schema\/person\/56a2bdb136cd5997b1dd0485f3d105f9\",\"name\":\"Marlies Uken\",\"image\":{\"@type\":\"ImageObject\",\"inLanguage\":\"de\",\"@id\":\"https:\/\/blog.zeit.de\/gruenegeschaefte\/#\/schema\/person\/image\/\",\"url\":\"https:\/\/secure.gravatar.com\/avatar\/1b4c2e971f407a9ead4389a9370b171e45b0ee693342f36fcc448bb9175b9ee2?s=96&d=mm&r=g\",\"contentUrl\":\"https:\/\/secure.gravatar.com\/avatar\/1b4c2e971f407a9ead4389a9370b171e45b0ee693342f36fcc448bb9175b9ee2?s=96&d=mm&r=g\",\"caption\":\"Marlies Uken\"},\"description\":\"ist Redakteurin bei ZEIT ONLINE.\",\"sameAs\":[\"https:\/\/blog.zeit.de\/gruenegeschaefte\/\"],\"url\":\"https:\/\/blog.zeit.de\/gruenegeschaefte\/author\/marlies-uken\/\"}]}<\/script>\n<!-- \/ Yoast SEO plugin. -->","yoast_head_json":{"title":"Libyens Chaos bedroht Thunfisch-Best\u00e4nde - Gr\u00fcne Gesch\u00e4fte","robots":{"index":"index","follow":"follow","max-snippet":"max-snippet:-1","max-image-preview":"max-image-preview:large","max-video-preview":"max-video-preview:-1"},"canonical":"https:\/\/blog.zeit.de\/gruenegeschaefte\/2011\/05\/15\/libyens-chaos-bedroht-thunfisch-bestande\/","og_locale":"de_DE","og_type":"article","og_title":"Libyens Chaos bedroht Thunfisch-Best\u00e4nde - Gr\u00fcne Gesch\u00e4fte","og_description":"Libyens Staatschef Muamar Al-Gadhafi st\u00fcrzt nicht nur sein Land in Chaos, sondern inzwischen auch die europ\u00e4ische Fischereipolitik. Wie die Umweltschutzorganisationen WWF und Greenpeace warnen, will Libyen offenbar ab heute seine Gew\u00e4sser f\u00fcr den Fang des extrem bedrohten Blauflossen-Thunfischs freigeben. Und das, obwohl das Land gerade unm\u00f6glich daf\u00fcr sorgen kann, dass Fischfangpl\u00e4ne eingehalten werden k\u00f6nnen und [&hellip;]","og_url":"https:\/\/blog.zeit.de\/gruenegeschaefte\/2011\/05\/15\/libyens-chaos-bedroht-thunfisch-bestande\/","og_site_name":"Gr\u00fcne Gesch\u00e4fte","article_published_time":"2011-05-15T12:28:11+00:00","author":"Marlies Uken","twitter_card":"summary_large_image","twitter_creator":"@zeitonline","twitter_site":"@zeitonline","twitter_misc":{"Geschrieben von":"Marlies Uken","Gesch\u00e4tzte Lesezeit":"1\u00a0Minute"},"schema":{"@context":"https:\/\/schema.org","@graph":[{"@type":"WebPage","@id":"https:\/\/blog.zeit.de\/gruenegeschaefte\/2011\/05\/15\/libyens-chaos-bedroht-thunfisch-bestande\/","url":"https:\/\/blog.zeit.de\/gruenegeschaefte\/2011\/05\/15\/libyens-chaos-bedroht-thunfisch-bestande\/","name":"Libyens Chaos bedroht Thunfisch-Best\u00e4nde - Gr\u00fcne Gesch\u00e4fte","isPartOf":{"@id":"https:\/\/blog.zeit.de\/gruenegeschaefte\/#website"},"datePublished":"2011-05-15T12:28:11+00:00","dateModified":"2011-05-15T12:28:11+00:00","author":{"@id":"https:\/\/blog.zeit.de\/gruenegeschaefte\/#\/schema\/person\/56a2bdb136cd5997b1dd0485f3d105f9"},"breadcrumb":{"@id":"https:\/\/blog.zeit.de\/gruenegeschaefte\/2011\/05\/15\/libyens-chaos-bedroht-thunfisch-bestande\/#breadcrumb"},"inLanguage":"de","potentialAction":[{"@type":"ReadAction","target":["https:\/\/blog.zeit.de\/gruenegeschaefte\/2011\/05\/15\/libyens-chaos-bedroht-thunfisch-bestande\/"]}]},{"@type":"BreadcrumbList","@id":"https:\/\/blog.zeit.de\/gruenegeschaefte\/2011\/05\/15\/libyens-chaos-bedroht-thunfisch-bestande\/#breadcrumb","itemListElement":[{"@type":"ListItem","position":1,"name":"Startseite","item":"https:\/\/blog.zeit.de\/gruenegeschaefte\/"},{"@type":"ListItem","position":2,"name":"Libyens Chaos bedroht Thunfisch-Best\u00e4nde"}]},{"@type":"WebSite","@id":"https:\/\/blog.zeit.de\/gruenegeschaefte\/#website","url":"https:\/\/blog.zeit.de\/gruenegeschaefte\/","name":"Gr\u00fcne Gesch\u00e4fte","description":"Wir k\u00f6nnen&#039;s besser: Das Blog f\u00fcr eine Wirtschaft, die Ressourcen und Klima schont","potentialAction":[{"@type":"SearchAction","target":{"@type":"EntryPoint","urlTemplate":"https:\/\/blog.zeit.de\/gruenegeschaefte\/?s={search_term_string}"},"query-input":"required name=search_term_string"}],"inLanguage":"de"},{"@type":"Person","@id":"https:\/\/blog.zeit.de\/gruenegeschaefte\/#\/schema\/person\/56a2bdb136cd5997b1dd0485f3d105f9","name":"Marlies Uken","image":{"@type":"ImageObject","inLanguage":"de","@id":"https:\/\/blog.zeit.de\/gruenegeschaefte\/#\/schema\/person\/image\/","url":"https:\/\/secure.gravatar.com\/avatar\/1b4c2e971f407a9ead4389a9370b171e45b0ee693342f36fcc448bb9175b9ee2?s=96&d=mm&r=g","contentUrl":"https:\/\/secure.gravatar.com\/avatar\/1b4c2e971f407a9ead4389a9370b171e45b0ee693342f36fcc448bb9175b9ee2?s=96&d=mm&r=g","caption":"Marlies Uken"},"description":"ist Redakteurin bei ZEIT ONLINE.","sameAs":["https:\/\/blog.zeit.de\/gruenegeschaefte\/"],"url":"https:\/\/blog.zeit.de\/gruenegeschaefte\/author\/marlies-uken\/"}]}},"jetpack_featured_media_url":"","jetpack_sharing_enabled":true,"_links":{"self":[{"href":"https:\/\/blog.zeit.de\/gruenegeschaefte\/wp-json\/wp\/v2\/posts\/2248","targetHints":{"allow":["GET"]}}],"collection":[{"href":"https:\/\/blog.zeit.de\/gruenegeschaefte\/wp-json\/wp\/v2\/posts"}],"about":[{"href":"https:\/\/blog.zeit.de\/gruenegeschaefte\/wp-json\/wp\/v2\/types\/post"}],"author":[{"embeddable":true,"href":"https:\/\/blog.zeit.de\/gruenegeschaefte\/wp-json\/wp\/v2\/users\/196"}],"replies":[{"embeddable":true,"href":"https:\/\/blog.zeit.de\/gruenegeschaefte\/wp-json\/wp\/v2\/comments?post=2248"}],"version-history":[{"count":7,"href":"https:\/\/blog.zeit.de\/gruenegeschaefte\/wp-json\/wp\/v2\/posts\/2248\/revisions"}],"predecessor-version":[{"id":2271,"href":"https:\/\/blog.zeit.de\/gruenegeschaefte\/wp-json\/wp\/v2\/posts\/2248\/revisions\/2271"}],"wp:attachment":[{"href":"https:\/\/blog.zeit.de\/gruenegeschaefte\/wp-json\/wp\/v2\/media?parent=2248"}],"wp:term":[{"taxonomy":"category","embeddable":true,"href":"https:\/\/blog.zeit.de\/gruenegeschaefte\/wp-json\/wp\/v2\/categories?post=2248"},{"taxonomy":"post_tag","embeddable":true,"href":"https:\/\/blog.zeit.de\/gruenegeschaefte\/wp-json\/wp\/v2\/tags?post=2248"}],"curies":[{"name":"wp","href":"https:\/\/api.w.org\/{rel}","templated":true}]}}