{"id":229,"date":"2009-12-29T14:58:57","date_gmt":"2009-12-29T13:58:57","guid":{"rendered":"http:\/\/blog.zeit.de\/gruenegeschaefte\/?p=229"},"modified":"2009-12-30T19:53:41","modified_gmt":"2009-12-30T18:53:41","slug":"tur-zu","status":"publish","type":"post","link":"https:\/\/blog.zeit.de\/gruenegeschaefte\/2009\/12\/29\/tur-zu\/","title":{"rendered":"T\u00fcr zu!"},"content":{"rendered":"<p>Auf eine witzige Kampagne aus Gro\u00dfbritannien bin ich dieser Tage im Netz gesto\u00dfen: <a href=\"http:\/\/www.closethedoor.org.uk\/component\/option,com_frontpage\/Itemid,1\/\">&#8222;Close the door!&#8220;<\/a> fordert Ladenbesitzer auf, ihre Eingangst\u00fcren zu schlie\u00dfen und so Energie zu sparen. Das Video auf der Homepage ist zwar in Englisch, aber wirklich sehenswert.<\/p>\n<p><object classid=\"clsid:d27cdb6e-ae6d-11cf-96b8-444553540000\" width=\"400\" height=\"225\" codebase=\"http:\/\/download.macromedia.com\/pub\/shockwave\/cabs\/flash\/swflash.cab#version=6,0,40,0\"><param name=\"allowfullscreen\" value=\"true\" \/><param name=\"allowscriptaccess\" value=\"always\" \/><param name=\"src\" value=\"http:\/\/vimeo.com\/moogaloop.swf?clip_id=1990738&amp;server=vimeo.com&amp;show_title=1&amp;show_byline=1&amp;show_portrait=0&amp;color=&amp;fullscreen=1\" \/><\/object><\/p>\n<p><a href=\"http:\/\/vimeo.com\/1990738\">Close The Door<\/a> from <a href=\"http:\/\/vimeo.com\/user823326\">Oliver Riley-Smith<\/a> on <a href=\"http:\/\/vimeo.com\">Vimeo<\/a>.<\/p>\n<p>Auf 20 Prozent sch\u00e4tzt die Universit\u00e4t Cambridge die Energieverluste, nur weil Ladenbesitzer glauben, eine ge\u00f6ffnete T\u00fcr locke Kunden an. Die Kampagne verteilt an Unternehmen &#8222;Close the door&#8220;-Aufkleber und h\u00e4lt eine <a href=\"http:\/\/www.closethedoor.org.uk\/content\/view\/14\/28\/\">Liste mit Argumenten<\/a> parat, um auch den letzten &#8222;T\u00fcr\u00f6ffner&#8220; noch zu \u00fcberzeugen. Den wissenschaftlichen \u00dcberbau wird in den kommenden Monaten die Universit\u00e4t Cambridge liefern, die eine Studie zur Energieverschwendung durch offene T\u00fcren erstellen wird.<\/p>\n<p>Der britische Guardian hat \u00fcbrigens noch eine <a href=\"http:\/\/www.responsesource.com\/releases\/rel_display.php?relid=52340\">passende, spannende Untersuchung<\/a> herausgegraben. Demnach sind Londons L\u00e4den in der Regel rund f\u00fcnf Grad Celsius zu warm geheizt. Statt der empfohlenen 18 Grad heizen Ladeninhaber die R\u00e4ume auf durchschnittlich 23, 6 Grad hoch. In einem Gesch\u00e4ft in der Oxford Street herrschten sogar sommerliche 27,2\u00a0 Grad. Hier gebe es erhebliches Einsparpotenzial, so die Organisation Make it cheaper.<\/p>\n<p>T\u00fcr zu, Heizung runter. Das alles mag banal klingen. Aber wenn es im gro\u00dfen Stil angewandt wird, w\u00e4re dem Klima schon erheblich geholfen. Denn am umweltfreundlichsten ist die Energie, <a href=\"http:\/\/www.zeit.de\/2009\/34\/Macher-und-Maerkte-Energieeffizienzstudie\">die erst gar nicht verbraucht wird. <\/a><\/p>\n","protected":false},"excerpt":{"rendered":"<p>Auf eine witzige Kampagne aus Gro\u00dfbritannien bin ich dieser Tage im Netz gesto\u00dfen: &#8222;Close the door!&#8220; fordert Ladenbesitzer auf, ihre Eingangst\u00fcren zu schlie\u00dfen und so Energie zu sparen. Das Video auf der Homepage ist zwar in Englisch, aber wirklich sehenswert. Close The Door from Oliver Riley-Smith on Vimeo. Auf 20 Prozent sch\u00e4tzt die Universit\u00e4t Cambridge [&hellip;]<\/p>\n","protected":false},"author":196,"featured_media":0,"comment_status":"open","ping_status":"open","sticky":false,"template":"","format":"standard","meta":{"_jetpack_memberships_contains_paid_content":false,"footnotes":""},"categories":[1123],"tags":[],"class_list":["post-229","post","type-post","status-publish","format-standard","hentry","category-energieeffizienz"],"yoast_head":"<!-- This site is optimized with the Yoast SEO plugin v21.0 - https:\/\/yoast.com\/wordpress\/plugins\/seo\/ -->\n<title>T\u00fcr zu! - Gr\u00fcne Gesch\u00e4fte<\/title>\n<meta name=\"robots\" content=\"index, follow, max-snippet:-1, max-image-preview:large, max-video-preview:-1\" \/>\n<link rel=\"canonical\" href=\"https:\/\/blog.zeit.de\/gruenegeschaefte\/2009\/12\/29\/tur-zu\/\" \/>\n<meta property=\"og:locale\" content=\"de_DE\" \/>\n<meta property=\"og:type\" content=\"article\" \/>\n<meta property=\"og:title\" content=\"T\u00fcr zu! - Gr\u00fcne Gesch\u00e4fte\" \/>\n<meta property=\"og:description\" content=\"Auf eine witzige Kampagne aus Gro\u00dfbritannien bin ich dieser Tage im Netz gesto\u00dfen: &#8222;Close the door!&#8220; fordert Ladenbesitzer auf, ihre Eingangst\u00fcren zu schlie\u00dfen und so Energie zu sparen. Das Video auf der Homepage ist zwar in Englisch, aber wirklich sehenswert. Close The Door from Oliver Riley-Smith on Vimeo. Auf 20 Prozent sch\u00e4tzt die Universit\u00e4t Cambridge [&hellip;]\" \/>\n<meta property=\"og:url\" content=\"https:\/\/blog.zeit.de\/gruenegeschaefte\/2009\/12\/29\/tur-zu\/\" \/>\n<meta property=\"og:site_name\" content=\"Gr\u00fcne Gesch\u00e4fte\" \/>\n<meta property=\"article:published_time\" content=\"2009-12-29T13:58:57+00:00\" \/>\n<meta property=\"article:modified_time\" content=\"2009-12-30T18:53:41+00:00\" \/>\n<meta name=\"author\" content=\"Marlies Uken\" \/>\n<meta name=\"twitter:card\" content=\"summary_large_image\" \/>\n<meta name=\"twitter:creator\" content=\"@zeitonline\" \/>\n<meta name=\"twitter:site\" content=\"@zeitonline\" \/>\n<meta name=\"twitter:label1\" content=\"Geschrieben von\" \/>\n\t<meta name=\"twitter:data1\" content=\"Marlies Uken\" \/>\n\t<meta name=\"twitter:label2\" content=\"Gesch\u00e4tzte Lesezeit\" \/>\n\t<meta name=\"twitter:data2\" content=\"1\u00a0Minute\" \/>\n<script type=\"application\/ld+json\" class=\"yoast-schema-graph\">{\"@context\":\"https:\/\/schema.org\",\"@graph\":[{\"@type\":\"WebPage\",\"@id\":\"https:\/\/blog.zeit.de\/gruenegeschaefte\/2009\/12\/29\/tur-zu\/\",\"url\":\"https:\/\/blog.zeit.de\/gruenegeschaefte\/2009\/12\/29\/tur-zu\/\",\"name\":\"T\u00fcr zu! - Gr\u00fcne Gesch\u00e4fte\",\"isPartOf\":{\"@id\":\"https:\/\/blog.zeit.de\/gruenegeschaefte\/#website\"},\"datePublished\":\"2009-12-29T13:58:57+00:00\",\"dateModified\":\"2009-12-30T18:53:41+00:00\",\"author\":{\"@id\":\"https:\/\/blog.zeit.de\/gruenegeschaefte\/#\/schema\/person\/56a2bdb136cd5997b1dd0485f3d105f9\"},\"breadcrumb\":{\"@id\":\"https:\/\/blog.zeit.de\/gruenegeschaefte\/2009\/12\/29\/tur-zu\/#breadcrumb\"},\"inLanguage\":\"de\",\"potentialAction\":[{\"@type\":\"ReadAction\",\"target\":[\"https:\/\/blog.zeit.de\/gruenegeschaefte\/2009\/12\/29\/tur-zu\/\"]}]},{\"@type\":\"BreadcrumbList\",\"@id\":\"https:\/\/blog.zeit.de\/gruenegeschaefte\/2009\/12\/29\/tur-zu\/#breadcrumb\",\"itemListElement\":[{\"@type\":\"ListItem\",\"position\":1,\"name\":\"Startseite\",\"item\":\"https:\/\/blog.zeit.de\/gruenegeschaefte\/\"},{\"@type\":\"ListItem\",\"position\":2,\"name\":\"T\u00fcr zu!\"}]},{\"@type\":\"WebSite\",\"@id\":\"https:\/\/blog.zeit.de\/gruenegeschaefte\/#website\",\"url\":\"https:\/\/blog.zeit.de\/gruenegeschaefte\/\",\"name\":\"Gr\u00fcne Gesch\u00e4fte\",\"description\":\"Wir k\u00f6nnen&#039;s besser: Das Blog f\u00fcr eine Wirtschaft, die Ressourcen und Klima schont\",\"potentialAction\":[{\"@type\":\"SearchAction\",\"target\":{\"@type\":\"EntryPoint\",\"urlTemplate\":\"https:\/\/blog.zeit.de\/gruenegeschaefte\/?s={search_term_string}\"},\"query-input\":\"required name=search_term_string\"}],\"inLanguage\":\"de\"},{\"@type\":\"Person\",\"@id\":\"https:\/\/blog.zeit.de\/gruenegeschaefte\/#\/schema\/person\/56a2bdb136cd5997b1dd0485f3d105f9\",\"name\":\"Marlies Uken\",\"image\":{\"@type\":\"ImageObject\",\"inLanguage\":\"de\",\"@id\":\"https:\/\/blog.zeit.de\/gruenegeschaefte\/#\/schema\/person\/image\/\",\"url\":\"https:\/\/secure.gravatar.com\/avatar\/1b4c2e971f407a9ead4389a9370b171e45b0ee693342f36fcc448bb9175b9ee2?s=96&d=mm&r=g\",\"contentUrl\":\"https:\/\/secure.gravatar.com\/avatar\/1b4c2e971f407a9ead4389a9370b171e45b0ee693342f36fcc448bb9175b9ee2?s=96&d=mm&r=g\",\"caption\":\"Marlies Uken\"},\"description\":\"ist Redakteurin bei ZEIT ONLINE.\",\"sameAs\":[\"https:\/\/blog.zeit.de\/gruenegeschaefte\/\"],\"url\":\"https:\/\/blog.zeit.de\/gruenegeschaefte\/author\/marlies-uken\/\"}]}<\/script>\n<!-- \/ Yoast SEO plugin. -->","yoast_head_json":{"title":"T\u00fcr zu! - Gr\u00fcne Gesch\u00e4fte","robots":{"index":"index","follow":"follow","max-snippet":"max-snippet:-1","max-image-preview":"max-image-preview:large","max-video-preview":"max-video-preview:-1"},"canonical":"https:\/\/blog.zeit.de\/gruenegeschaefte\/2009\/12\/29\/tur-zu\/","og_locale":"de_DE","og_type":"article","og_title":"T\u00fcr zu! - Gr\u00fcne Gesch\u00e4fte","og_description":"Auf eine witzige Kampagne aus Gro\u00dfbritannien bin ich dieser Tage im Netz gesto\u00dfen: &#8222;Close the door!&#8220; fordert Ladenbesitzer auf, ihre Eingangst\u00fcren zu schlie\u00dfen und so Energie zu sparen. Das Video auf der Homepage ist zwar in Englisch, aber wirklich sehenswert. Close The Door from Oliver Riley-Smith on Vimeo. Auf 20 Prozent sch\u00e4tzt die Universit\u00e4t Cambridge [&hellip;]","og_url":"https:\/\/blog.zeit.de\/gruenegeschaefte\/2009\/12\/29\/tur-zu\/","og_site_name":"Gr\u00fcne Gesch\u00e4fte","article_published_time":"2009-12-29T13:58:57+00:00","article_modified_time":"2009-12-30T18:53:41+00:00","author":"Marlies Uken","twitter_card":"summary_large_image","twitter_creator":"@zeitonline","twitter_site":"@zeitonline","twitter_misc":{"Geschrieben von":"Marlies Uken","Gesch\u00e4tzte Lesezeit":"1\u00a0Minute"},"schema":{"@context":"https:\/\/schema.org","@graph":[{"@type":"WebPage","@id":"https:\/\/blog.zeit.de\/gruenegeschaefte\/2009\/12\/29\/tur-zu\/","url":"https:\/\/blog.zeit.de\/gruenegeschaefte\/2009\/12\/29\/tur-zu\/","name":"T\u00fcr zu! - Gr\u00fcne Gesch\u00e4fte","isPartOf":{"@id":"https:\/\/blog.zeit.de\/gruenegeschaefte\/#website"},"datePublished":"2009-12-29T13:58:57+00:00","dateModified":"2009-12-30T18:53:41+00:00","author":{"@id":"https:\/\/blog.zeit.de\/gruenegeschaefte\/#\/schema\/person\/56a2bdb136cd5997b1dd0485f3d105f9"},"breadcrumb":{"@id":"https:\/\/blog.zeit.de\/gruenegeschaefte\/2009\/12\/29\/tur-zu\/#breadcrumb"},"inLanguage":"de","potentialAction":[{"@type":"ReadAction","target":["https:\/\/blog.zeit.de\/gruenegeschaefte\/2009\/12\/29\/tur-zu\/"]}]},{"@type":"BreadcrumbList","@id":"https:\/\/blog.zeit.de\/gruenegeschaefte\/2009\/12\/29\/tur-zu\/#breadcrumb","itemListElement":[{"@type":"ListItem","position":1,"name":"Startseite","item":"https:\/\/blog.zeit.de\/gruenegeschaefte\/"},{"@type":"ListItem","position":2,"name":"T\u00fcr zu!"}]},{"@type":"WebSite","@id":"https:\/\/blog.zeit.de\/gruenegeschaefte\/#website","url":"https:\/\/blog.zeit.de\/gruenegeschaefte\/","name":"Gr\u00fcne Gesch\u00e4fte","description":"Wir k\u00f6nnen&#039;s besser: Das Blog f\u00fcr eine Wirtschaft, die Ressourcen und Klima schont","potentialAction":[{"@type":"SearchAction","target":{"@type":"EntryPoint","urlTemplate":"https:\/\/blog.zeit.de\/gruenegeschaefte\/?s={search_term_string}"},"query-input":"required name=search_term_string"}],"inLanguage":"de"},{"@type":"Person","@id":"https:\/\/blog.zeit.de\/gruenegeschaefte\/#\/schema\/person\/56a2bdb136cd5997b1dd0485f3d105f9","name":"Marlies Uken","image":{"@type":"ImageObject","inLanguage":"de","@id":"https:\/\/blog.zeit.de\/gruenegeschaefte\/#\/schema\/person\/image\/","url":"https:\/\/secure.gravatar.com\/avatar\/1b4c2e971f407a9ead4389a9370b171e45b0ee693342f36fcc448bb9175b9ee2?s=96&d=mm&r=g","contentUrl":"https:\/\/secure.gravatar.com\/avatar\/1b4c2e971f407a9ead4389a9370b171e45b0ee693342f36fcc448bb9175b9ee2?s=96&d=mm&r=g","caption":"Marlies Uken"},"description":"ist Redakteurin bei ZEIT ONLINE.","sameAs":["https:\/\/blog.zeit.de\/gruenegeschaefte\/"],"url":"https:\/\/blog.zeit.de\/gruenegeschaefte\/author\/marlies-uken\/"}]}},"jetpack_featured_media_url":"","jetpack_sharing_enabled":true,"_links":{"self":[{"href":"https:\/\/blog.zeit.de\/gruenegeschaefte\/wp-json\/wp\/v2\/posts\/229","targetHints":{"allow":["GET"]}}],"collection":[{"href":"https:\/\/blog.zeit.de\/gruenegeschaefte\/wp-json\/wp\/v2\/posts"}],"about":[{"href":"https:\/\/blog.zeit.de\/gruenegeschaefte\/wp-json\/wp\/v2\/types\/post"}],"author":[{"embeddable":true,"href":"https:\/\/blog.zeit.de\/gruenegeschaefte\/wp-json\/wp\/v2\/users\/196"}],"replies":[{"embeddable":true,"href":"https:\/\/blog.zeit.de\/gruenegeschaefte\/wp-json\/wp\/v2\/comments?post=229"}],"version-history":[{"count":0,"href":"https:\/\/blog.zeit.de\/gruenegeschaefte\/wp-json\/wp\/v2\/posts\/229\/revisions"}],"wp:attachment":[{"href":"https:\/\/blog.zeit.de\/gruenegeschaefte\/wp-json\/wp\/v2\/media?parent=229"}],"wp:term":[{"taxonomy":"category","embeddable":true,"href":"https:\/\/blog.zeit.de\/gruenegeschaefte\/wp-json\/wp\/v2\/categories?post=229"},{"taxonomy":"post_tag","embeddable":true,"href":"https:\/\/blog.zeit.de\/gruenegeschaefte\/wp-json\/wp\/v2\/tags?post=229"}],"curies":[{"name":"wp","href":"https:\/\/api.w.org\/{rel}","templated":true}]}}