{"id":2391,"date":"2011-06-09T15:39:54","date_gmt":"2011-06-09T13:39:54","guid":{"rendered":"http:\/\/blog.zeit.de\/gruenegeschaefte\/?p=2391"},"modified":"2011-06-09T15:39:54","modified_gmt":"2011-06-09T13:39:54","slug":"italien-stimmt-ueber-atomenergie-ab","status":"publish","type":"post","link":"https:\/\/blog.zeit.de\/gruenegeschaefte\/2011\/06\/09\/italien-stimmt-ueber-atomenergie-ab\/","title":{"rendered":"Italien stimmt ueber Atomenergie ab"},"content":{"rendered":"<p>Wovon man in Deutschland nur traeumen kann &#8211; an diesem Wochenende passierts in Italien: Die Bevoelkerung ist aufgerufen, ueber die Zukunft der Atomenergie abzustimmen. Am 12. und 13 Juni koennen die Italiener endgueltig per Referendum &#8222;Nein&#8220; zur Atomenergie sagen.<\/p>\n<p>In Italien sind seit Ende der 90er Jahre keine Kernkraftwerke mehr am Netz, eine Folge der Tschernobyl-Katastrophe. 80 Prozent der Italiener stimmten 1987 fuer den Ausstieg und die Abschaltung von vier Meilern. Vor zwei Jahren entdeckte allerdings Regierungschef Silvio Berlusconi das Thema und kuendigte, zusammen mit Frankreich, den Bau des Europaeischen Druckwasserreaktor EPR an. Als moeglicher Standort ist sogar die Touristenhochburg Venedig im Gespraech. 2013 sollte mit den Arbeiten begonnen werden.<\/p>\n<p>Die Reaktorkatastrophe in Japan machte Berlusconi einen Strich durch die Rechnung. Berlusconi ordnete ein Moratorium an. <a href=\"http:\/\/www.handelsblatt.com\/politik\/international\/italien-stimmt-ueber-atompolitik-ab\/4261026.html\" target=\"_blank\">Per Klage wollte er dann das Referendum ueber die Atomplaene verhindern, erst Anfang der Woche scheiterte er damit. <\/a>Jezt koennen die Italiener am Sonntag und Montag zeigen, wie sie zur Atomenergie stehen.<\/p>\n<p>Sicherlich ist das Referendum wichtig. Aber die Debatte ist rueckwaertsgerichtet. Italien hat, das ahnt wohl jeder Italienreisende, enorm viel Potenzial beim Energiesparen und den Erneuerbaren Energien. Gerade bei Solarstrom koennte das Land aufholen, schon heute laesst sich, dank der Sonnenausbeute, Solarstrom teilweise zu den gleichen Kosten produzieren wie konventioneller Strom (Netzparitaet). <a href=\"http:\/\/www.focus.de\/finanzen\/news\/unternehmen\/solarbranche-italien-kuerzt-foerderung-ueberraschend-moderat_aid_624661.html\" target=\"_blank\">Der Ausbau ist allerdings nun erst einmal zurueckgegangen, nachdem die Regierung die Foerderung teilweise gedeckelt hat. <\/a><\/p>\n","protected":false},"excerpt":{"rendered":"<p>Wovon man in Deutschland nur traeumen kann &#8211; an diesem Wochenende passierts in Italien: Die Bevoelkerung ist aufgerufen, ueber die Zukunft der Atomenergie abzustimmen. Am 12. und 13 Juni koennen die Italiener endgueltig per Referendum &#8222;Nein&#8220; zur Atomenergie sagen. In Italien sind seit Ende der 90er Jahre keine Kernkraftwerke mehr am Netz, eine Folge der [&hellip;]<\/p>\n","protected":false},"author":196,"featured_media":0,"comment_status":"open","ping_status":"open","sticky":false,"template":"","format":"standard","meta":{"_jetpack_memberships_contains_paid_content":false,"footnotes":""},"categories":[1231,1123,1122,1124],"tags":[],"class_list":["post-2391","post","type-post","status-publish","format-standard","hentry","category-atom","category-energieeffizienz","category-erneuerbare-energien","category-solar"],"yoast_head":"<!-- This site is optimized with the Yoast SEO plugin v21.0 - https:\/\/yoast.com\/wordpress\/plugins\/seo\/ -->\n<title>Italien stimmt ueber Atomenergie ab - Gr\u00fcne Gesch\u00e4fte<\/title>\n<meta name=\"robots\" content=\"index, follow, max-snippet:-1, max-image-preview:large, max-video-preview:-1\" \/>\n<link rel=\"canonical\" href=\"https:\/\/blog.zeit.de\/gruenegeschaefte\/2011\/06\/09\/italien-stimmt-ueber-atomenergie-ab\/\" \/>\n<meta property=\"og:locale\" content=\"de_DE\" \/>\n<meta property=\"og:type\" content=\"article\" \/>\n<meta property=\"og:title\" content=\"Italien stimmt ueber Atomenergie ab - Gr\u00fcne Gesch\u00e4fte\" \/>\n<meta property=\"og:description\" content=\"Wovon man in Deutschland nur traeumen kann &#8211; an diesem Wochenende passierts in Italien: Die Bevoelkerung ist aufgerufen, ueber die Zukunft der Atomenergie abzustimmen. Am 12. und 13 Juni koennen die Italiener endgueltig per Referendum &#8222;Nein&#8220; zur Atomenergie sagen. In Italien sind seit Ende der 90er Jahre keine Kernkraftwerke mehr am Netz, eine Folge der [&hellip;]\" \/>\n<meta property=\"og:url\" content=\"https:\/\/blog.zeit.de\/gruenegeschaefte\/2011\/06\/09\/italien-stimmt-ueber-atomenergie-ab\/\" \/>\n<meta property=\"og:site_name\" content=\"Gr\u00fcne Gesch\u00e4fte\" \/>\n<meta property=\"article:published_time\" content=\"2011-06-09T13:39:54+00:00\" \/>\n<meta name=\"author\" content=\"Marlies Uken\" \/>\n<meta name=\"twitter:card\" content=\"summary_large_image\" \/>\n<meta name=\"twitter:creator\" content=\"@zeitonline\" \/>\n<meta name=\"twitter:site\" content=\"@zeitonline\" \/>\n<meta name=\"twitter:label1\" content=\"Geschrieben von\" \/>\n\t<meta name=\"twitter:data1\" content=\"Marlies Uken\" \/>\n\t<meta name=\"twitter:label2\" content=\"Gesch\u00e4tzte Lesezeit\" \/>\n\t<meta name=\"twitter:data2\" content=\"1\u00a0Minute\" \/>\n<script type=\"application\/ld+json\" class=\"yoast-schema-graph\">{\"@context\":\"https:\/\/schema.org\",\"@graph\":[{\"@type\":\"WebPage\",\"@id\":\"https:\/\/blog.zeit.de\/gruenegeschaefte\/2011\/06\/09\/italien-stimmt-ueber-atomenergie-ab\/\",\"url\":\"https:\/\/blog.zeit.de\/gruenegeschaefte\/2011\/06\/09\/italien-stimmt-ueber-atomenergie-ab\/\",\"name\":\"Italien stimmt ueber Atomenergie ab - Gr\u00fcne Gesch\u00e4fte\",\"isPartOf\":{\"@id\":\"https:\/\/blog.zeit.de\/gruenegeschaefte\/#website\"},\"datePublished\":\"2011-06-09T13:39:54+00:00\",\"dateModified\":\"2011-06-09T13:39:54+00:00\",\"author\":{\"@id\":\"https:\/\/blog.zeit.de\/gruenegeschaefte\/#\/schema\/person\/56a2bdb136cd5997b1dd0485f3d105f9\"},\"breadcrumb\":{\"@id\":\"https:\/\/blog.zeit.de\/gruenegeschaefte\/2011\/06\/09\/italien-stimmt-ueber-atomenergie-ab\/#breadcrumb\"},\"inLanguage\":\"de\",\"potentialAction\":[{\"@type\":\"ReadAction\",\"target\":[\"https:\/\/blog.zeit.de\/gruenegeschaefte\/2011\/06\/09\/italien-stimmt-ueber-atomenergie-ab\/\"]}]},{\"@type\":\"BreadcrumbList\",\"@id\":\"https:\/\/blog.zeit.de\/gruenegeschaefte\/2011\/06\/09\/italien-stimmt-ueber-atomenergie-ab\/#breadcrumb\",\"itemListElement\":[{\"@type\":\"ListItem\",\"position\":1,\"name\":\"Startseite\",\"item\":\"https:\/\/blog.zeit.de\/gruenegeschaefte\/\"},{\"@type\":\"ListItem\",\"position\":2,\"name\":\"Italien stimmt ueber Atomenergie ab\"}]},{\"@type\":\"WebSite\",\"@id\":\"https:\/\/blog.zeit.de\/gruenegeschaefte\/#website\",\"url\":\"https:\/\/blog.zeit.de\/gruenegeschaefte\/\",\"name\":\"Gr\u00fcne Gesch\u00e4fte\",\"description\":\"Wir k\u00f6nnen&#039;s besser: Das Blog f\u00fcr eine Wirtschaft, die Ressourcen und Klima schont\",\"potentialAction\":[{\"@type\":\"SearchAction\",\"target\":{\"@type\":\"EntryPoint\",\"urlTemplate\":\"https:\/\/blog.zeit.de\/gruenegeschaefte\/?s={search_term_string}\"},\"query-input\":\"required name=search_term_string\"}],\"inLanguage\":\"de\"},{\"@type\":\"Person\",\"@id\":\"https:\/\/blog.zeit.de\/gruenegeschaefte\/#\/schema\/person\/56a2bdb136cd5997b1dd0485f3d105f9\",\"name\":\"Marlies Uken\",\"image\":{\"@type\":\"ImageObject\",\"inLanguage\":\"de\",\"@id\":\"https:\/\/blog.zeit.de\/gruenegeschaefte\/#\/schema\/person\/image\/\",\"url\":\"https:\/\/secure.gravatar.com\/avatar\/1b4c2e971f407a9ead4389a9370b171e45b0ee693342f36fcc448bb9175b9ee2?s=96&d=mm&r=g\",\"contentUrl\":\"https:\/\/secure.gravatar.com\/avatar\/1b4c2e971f407a9ead4389a9370b171e45b0ee693342f36fcc448bb9175b9ee2?s=96&d=mm&r=g\",\"caption\":\"Marlies Uken\"},\"description\":\"ist Redakteurin bei ZEIT ONLINE.\",\"sameAs\":[\"https:\/\/blog.zeit.de\/gruenegeschaefte\/\"],\"url\":\"https:\/\/blog.zeit.de\/gruenegeschaefte\/author\/marlies-uken\/\"}]}<\/script>\n<!-- \/ Yoast SEO plugin. -->","yoast_head_json":{"title":"Italien stimmt ueber Atomenergie ab - Gr\u00fcne Gesch\u00e4fte","robots":{"index":"index","follow":"follow","max-snippet":"max-snippet:-1","max-image-preview":"max-image-preview:large","max-video-preview":"max-video-preview:-1"},"canonical":"https:\/\/blog.zeit.de\/gruenegeschaefte\/2011\/06\/09\/italien-stimmt-ueber-atomenergie-ab\/","og_locale":"de_DE","og_type":"article","og_title":"Italien stimmt ueber Atomenergie ab - Gr\u00fcne Gesch\u00e4fte","og_description":"Wovon man in Deutschland nur traeumen kann &#8211; an diesem Wochenende passierts in Italien: Die Bevoelkerung ist aufgerufen, ueber die Zukunft der Atomenergie abzustimmen. Am 12. und 13 Juni koennen die Italiener endgueltig per Referendum &#8222;Nein&#8220; zur Atomenergie sagen. In Italien sind seit Ende der 90er Jahre keine Kernkraftwerke mehr am Netz, eine Folge der [&hellip;]","og_url":"https:\/\/blog.zeit.de\/gruenegeschaefte\/2011\/06\/09\/italien-stimmt-ueber-atomenergie-ab\/","og_site_name":"Gr\u00fcne Gesch\u00e4fte","article_published_time":"2011-06-09T13:39:54+00:00","author":"Marlies Uken","twitter_card":"summary_large_image","twitter_creator":"@zeitonline","twitter_site":"@zeitonline","twitter_misc":{"Geschrieben von":"Marlies Uken","Gesch\u00e4tzte Lesezeit":"1\u00a0Minute"},"schema":{"@context":"https:\/\/schema.org","@graph":[{"@type":"WebPage","@id":"https:\/\/blog.zeit.de\/gruenegeschaefte\/2011\/06\/09\/italien-stimmt-ueber-atomenergie-ab\/","url":"https:\/\/blog.zeit.de\/gruenegeschaefte\/2011\/06\/09\/italien-stimmt-ueber-atomenergie-ab\/","name":"Italien stimmt ueber Atomenergie ab - Gr\u00fcne Gesch\u00e4fte","isPartOf":{"@id":"https:\/\/blog.zeit.de\/gruenegeschaefte\/#website"},"datePublished":"2011-06-09T13:39:54+00:00","dateModified":"2011-06-09T13:39:54+00:00","author":{"@id":"https:\/\/blog.zeit.de\/gruenegeschaefte\/#\/schema\/person\/56a2bdb136cd5997b1dd0485f3d105f9"},"breadcrumb":{"@id":"https:\/\/blog.zeit.de\/gruenegeschaefte\/2011\/06\/09\/italien-stimmt-ueber-atomenergie-ab\/#breadcrumb"},"inLanguage":"de","potentialAction":[{"@type":"ReadAction","target":["https:\/\/blog.zeit.de\/gruenegeschaefte\/2011\/06\/09\/italien-stimmt-ueber-atomenergie-ab\/"]}]},{"@type":"BreadcrumbList","@id":"https:\/\/blog.zeit.de\/gruenegeschaefte\/2011\/06\/09\/italien-stimmt-ueber-atomenergie-ab\/#breadcrumb","itemListElement":[{"@type":"ListItem","position":1,"name":"Startseite","item":"https:\/\/blog.zeit.de\/gruenegeschaefte\/"},{"@type":"ListItem","position":2,"name":"Italien stimmt ueber Atomenergie ab"}]},{"@type":"WebSite","@id":"https:\/\/blog.zeit.de\/gruenegeschaefte\/#website","url":"https:\/\/blog.zeit.de\/gruenegeschaefte\/","name":"Gr\u00fcne Gesch\u00e4fte","description":"Wir k\u00f6nnen&#039;s besser: Das Blog f\u00fcr eine Wirtschaft, die Ressourcen und Klima schont","potentialAction":[{"@type":"SearchAction","target":{"@type":"EntryPoint","urlTemplate":"https:\/\/blog.zeit.de\/gruenegeschaefte\/?s={search_term_string}"},"query-input":"required name=search_term_string"}],"inLanguage":"de"},{"@type":"Person","@id":"https:\/\/blog.zeit.de\/gruenegeschaefte\/#\/schema\/person\/56a2bdb136cd5997b1dd0485f3d105f9","name":"Marlies Uken","image":{"@type":"ImageObject","inLanguage":"de","@id":"https:\/\/blog.zeit.de\/gruenegeschaefte\/#\/schema\/person\/image\/","url":"https:\/\/secure.gravatar.com\/avatar\/1b4c2e971f407a9ead4389a9370b171e45b0ee693342f36fcc448bb9175b9ee2?s=96&d=mm&r=g","contentUrl":"https:\/\/secure.gravatar.com\/avatar\/1b4c2e971f407a9ead4389a9370b171e45b0ee693342f36fcc448bb9175b9ee2?s=96&d=mm&r=g","caption":"Marlies Uken"},"description":"ist Redakteurin bei ZEIT ONLINE.","sameAs":["https:\/\/blog.zeit.de\/gruenegeschaefte\/"],"url":"https:\/\/blog.zeit.de\/gruenegeschaefte\/author\/marlies-uken\/"}]}},"jetpack_featured_media_url":"","jetpack_sharing_enabled":true,"_links":{"self":[{"href":"https:\/\/blog.zeit.de\/gruenegeschaefte\/wp-json\/wp\/v2\/posts\/2391","targetHints":{"allow":["GET"]}}],"collection":[{"href":"https:\/\/blog.zeit.de\/gruenegeschaefte\/wp-json\/wp\/v2\/posts"}],"about":[{"href":"https:\/\/blog.zeit.de\/gruenegeschaefte\/wp-json\/wp\/v2\/types\/post"}],"author":[{"embeddable":true,"href":"https:\/\/blog.zeit.de\/gruenegeschaefte\/wp-json\/wp\/v2\/users\/196"}],"replies":[{"embeddable":true,"href":"https:\/\/blog.zeit.de\/gruenegeschaefte\/wp-json\/wp\/v2\/comments?post=2391"}],"version-history":[{"count":7,"href":"https:\/\/blog.zeit.de\/gruenegeschaefte\/wp-json\/wp\/v2\/posts\/2391\/revisions"}],"predecessor-version":[{"id":2398,"href":"https:\/\/blog.zeit.de\/gruenegeschaefte\/wp-json\/wp\/v2\/posts\/2391\/revisions\/2398"}],"wp:attachment":[{"href":"https:\/\/blog.zeit.de\/gruenegeschaefte\/wp-json\/wp\/v2\/media?parent=2391"}],"wp:term":[{"taxonomy":"category","embeddable":true,"href":"https:\/\/blog.zeit.de\/gruenegeschaefte\/wp-json\/wp\/v2\/categories?post=2391"},{"taxonomy":"post_tag","embeddable":true,"href":"https:\/\/blog.zeit.de\/gruenegeschaefte\/wp-json\/wp\/v2\/tags?post=2391"}],"curies":[{"name":"wp","href":"https:\/\/api.w.org\/{rel}","templated":true}]}}