{"id":2572,"date":"2011-08-01T14:30:05","date_gmt":"2011-08-01T12:30:05","guid":{"rendered":"http:\/\/blog.zeit.de\/gruenegeschaefte\/?p=2572"},"modified":"2011-08-01T15:38:41","modified_gmt":"2011-08-01T13:38:41","slug":"steuern-runter-fur-klimaschutzer","status":"publish","type":"post","link":"https:\/\/blog.zeit.de\/gruenegeschaefte\/2011\/08\/01\/steuern-runter-fur-klimaschutzer\/","title":{"rendered":"Steuern runter f\u00fcr Klimasch\u00fctzer"},"content":{"rendered":"<p>Die Deutsche Energieagentur macht Druck: Sie fordert, dass sich Bundesregierung und Bundesrat <a href=\"http:\/\/www.dena.de\/themen\/thema-bau\/pressemitteilungen\/pressemeldung\/baubranche-draengt-auf-steuerliche-sanierungsfoerderung\/\" target=\"_blank\">m\u00f6glichst flott einigen, wie Geb\u00e4udesanierungen steuerlich absetzbar sein k\u00f6nnten<\/a>. Der Bundesrat hatte k\u00fcrzlich einen Entwurf eines (Achtung: Wortunget\u00fcm:) &#8222;Gesetzes zur steuerlichen F\u00f6rderung von energetischen Sanierungsma\u00dfnahmen an Wohngeb\u00e4uden&#8220; abgelehnt.<\/p>\n<p>Die Idee der Bundesregierung: Wer sein Haus energetisch auf Vordermann bringt, eine neue Heizung installiert und die Fenster isoliert, soll jedes Jahr zehn Prozent der Kosten als Sonderausgaben beim Finanzamt geltend machen k\u00f6nnen &#8211; und zwar zehn Jahre lang. Das Vorhaben zielt vor allem auf Unternehmen bzw. Besitzer von Mehrfamilienh\u00e4usern ab. F\u00fcr sie lohnen sich n\u00e4mlich in der Regel die Zusch\u00fcsse und zinsg\u00fcnstigen Kredite der KfW nicht so sehr.<\/p>\n<p>Doch der Bundesrat lehnte ab &#8211; zu teuer sei das Vorhaben. 1,5 Milliarden Euro soll das Steuerentlastungsgesetz kosten. 900 Millionen Euro w\u00fcrden entgehen, klagten die L\u00e4nder.<\/p>\n<p>Doch das sei eine kurzsichtige Rechnung, so die dena. Jeder Euro, den der Staat f\u00fcr die energetische Sanierung aufwende, l\u00f6se das Sechsfache an Investitionen aus, rechnet sie den L\u00e4nderchefs vor.<\/p>\n<p>Nun bleibt\u00b4s spannend, wie es in den kommenden Wochen weitergeht. Die Bundesregierung kann einfach auf ihre geplante Steuerentlastung verzichten. Oder einfach die Zusch\u00fcsse der KfW erh\u00f6hen. Oder sie einigt sich im Vermittlungsausschuss mit dem Bundesrat.<\/p>\n<p>Sicherlich w\u00e4re es sinnvoll, wenn es verschiedene F\u00f6rderwege gibt. F\u00fcr einige Hausbesitzer ist der KfW-Geldzuschuss Anreiz genug, um beim Handwerker neue Fenster zu bestellen. Andere &#8211; in der Regel wohlhabendere &#8211; Geb\u00e4udeeigent\u00fcmer werden dagegen nur dann t\u00e4tig, wenn sich ihre gesamte Steuerlast mindert. Da die Energie-Einsparpotenziale gerade in den Heizungskellern Deutschlands enorm sind, sollte der Bundesregierung m\u00f6glichst viel dran gelegen sein, hier Investitionen auszul\u00f6sen.<\/p>\n","protected":false},"excerpt":{"rendered":"<p>Die Deutsche Energieagentur macht Druck: Sie fordert, dass sich Bundesregierung und Bundesrat m\u00f6glichst flott einigen, wie Geb\u00e4udesanierungen steuerlich absetzbar sein k\u00f6nnten. Der Bundesrat hatte k\u00fcrzlich einen Entwurf eines (Achtung: Wortunget\u00fcm:) &#8222;Gesetzes zur steuerlichen F\u00f6rderung von energetischen Sanierungsma\u00dfnahmen an Wohngeb\u00e4uden&#8220; abgelehnt. Die Idee der Bundesregierung: Wer sein Haus energetisch auf Vordermann bringt, eine neue Heizung installiert [&hellip;]<\/p>\n","protected":false},"author":196,"featured_media":0,"comment_status":"open","ping_status":"open","sticky":false,"template":"","format":"standard","meta":{"_jetpack_memberships_contains_paid_content":false,"footnotes":""},"categories":[1,1123,2042,1132],"tags":[],"class_list":["post-2572","post","type-post","status-publish","format-standard","hentry","category-allgemein","category-energieeffizienz","category-innovation","category-klima"],"yoast_head":"<!-- This site is optimized with the Yoast SEO plugin v21.0 - https:\/\/yoast.com\/wordpress\/plugins\/seo\/ -->\n<title>Steuern runter f\u00fcr Klimasch\u00fctzer - Gr\u00fcne Gesch\u00e4fte<\/title>\n<meta name=\"robots\" content=\"index, follow, max-snippet:-1, max-image-preview:large, max-video-preview:-1\" \/>\n<link rel=\"canonical\" href=\"https:\/\/blog.zeit.de\/gruenegeschaefte\/2011\/08\/01\/steuern-runter-fur-klimaschutzer\/\" \/>\n<meta property=\"og:locale\" content=\"de_DE\" \/>\n<meta property=\"og:type\" content=\"article\" \/>\n<meta property=\"og:title\" content=\"Steuern runter f\u00fcr Klimasch\u00fctzer - Gr\u00fcne Gesch\u00e4fte\" \/>\n<meta property=\"og:description\" content=\"Die Deutsche Energieagentur macht Druck: Sie fordert, dass sich Bundesregierung und Bundesrat m\u00f6glichst flott einigen, wie Geb\u00e4udesanierungen steuerlich absetzbar sein k\u00f6nnten. Der Bundesrat hatte k\u00fcrzlich einen Entwurf eines (Achtung: Wortunget\u00fcm:) &#8222;Gesetzes zur steuerlichen F\u00f6rderung von energetischen Sanierungsma\u00dfnahmen an Wohngeb\u00e4uden&#8220; abgelehnt. Die Idee der Bundesregierung: Wer sein Haus energetisch auf Vordermann bringt, eine neue Heizung installiert [&hellip;]\" \/>\n<meta property=\"og:url\" content=\"https:\/\/blog.zeit.de\/gruenegeschaefte\/2011\/08\/01\/steuern-runter-fur-klimaschutzer\/\" \/>\n<meta property=\"og:site_name\" content=\"Gr\u00fcne Gesch\u00e4fte\" \/>\n<meta property=\"article:published_time\" content=\"2011-08-01T12:30:05+00:00\" \/>\n<meta property=\"article:modified_time\" content=\"2011-08-01T13:38:41+00:00\" \/>\n<meta name=\"author\" content=\"Marlies Uken\" \/>\n<meta name=\"twitter:card\" content=\"summary_large_image\" \/>\n<meta name=\"twitter:creator\" content=\"@zeitonline\" \/>\n<meta name=\"twitter:site\" content=\"@zeitonline\" \/>\n<meta name=\"twitter:label1\" content=\"Geschrieben von\" \/>\n\t<meta name=\"twitter:data1\" content=\"Marlies Uken\" \/>\n\t<meta name=\"twitter:label2\" content=\"Gesch\u00e4tzte Lesezeit\" \/>\n\t<meta name=\"twitter:data2\" content=\"1\u00a0Minute\" \/>\n<script type=\"application\/ld+json\" class=\"yoast-schema-graph\">{\"@context\":\"https:\/\/schema.org\",\"@graph\":[{\"@type\":\"WebPage\",\"@id\":\"https:\/\/blog.zeit.de\/gruenegeschaefte\/2011\/08\/01\/steuern-runter-fur-klimaschutzer\/\",\"url\":\"https:\/\/blog.zeit.de\/gruenegeschaefte\/2011\/08\/01\/steuern-runter-fur-klimaschutzer\/\",\"name\":\"Steuern runter f\u00fcr Klimasch\u00fctzer - Gr\u00fcne Gesch\u00e4fte\",\"isPartOf\":{\"@id\":\"https:\/\/blog.zeit.de\/gruenegeschaefte\/#website\"},\"datePublished\":\"2011-08-01T12:30:05+00:00\",\"dateModified\":\"2011-08-01T13:38:41+00:00\",\"author\":{\"@id\":\"https:\/\/blog.zeit.de\/gruenegeschaefte\/#\/schema\/person\/56a2bdb136cd5997b1dd0485f3d105f9\"},\"breadcrumb\":{\"@id\":\"https:\/\/blog.zeit.de\/gruenegeschaefte\/2011\/08\/01\/steuern-runter-fur-klimaschutzer\/#breadcrumb\"},\"inLanguage\":\"de\",\"potentialAction\":[{\"@type\":\"ReadAction\",\"target\":[\"https:\/\/blog.zeit.de\/gruenegeschaefte\/2011\/08\/01\/steuern-runter-fur-klimaschutzer\/\"]}]},{\"@type\":\"BreadcrumbList\",\"@id\":\"https:\/\/blog.zeit.de\/gruenegeschaefte\/2011\/08\/01\/steuern-runter-fur-klimaschutzer\/#breadcrumb\",\"itemListElement\":[{\"@type\":\"ListItem\",\"position\":1,\"name\":\"Startseite\",\"item\":\"https:\/\/blog.zeit.de\/gruenegeschaefte\/\"},{\"@type\":\"ListItem\",\"position\":2,\"name\":\"Steuern runter f\u00fcr Klimasch\u00fctzer\"}]},{\"@type\":\"WebSite\",\"@id\":\"https:\/\/blog.zeit.de\/gruenegeschaefte\/#website\",\"url\":\"https:\/\/blog.zeit.de\/gruenegeschaefte\/\",\"name\":\"Gr\u00fcne Gesch\u00e4fte\",\"description\":\"Wir k\u00f6nnen&#039;s besser: Das Blog f\u00fcr eine Wirtschaft, die Ressourcen und Klima schont\",\"potentialAction\":[{\"@type\":\"SearchAction\",\"target\":{\"@type\":\"EntryPoint\",\"urlTemplate\":\"https:\/\/blog.zeit.de\/gruenegeschaefte\/?s={search_term_string}\"},\"query-input\":\"required name=search_term_string\"}],\"inLanguage\":\"de\"},{\"@type\":\"Person\",\"@id\":\"https:\/\/blog.zeit.de\/gruenegeschaefte\/#\/schema\/person\/56a2bdb136cd5997b1dd0485f3d105f9\",\"name\":\"Marlies Uken\",\"image\":{\"@type\":\"ImageObject\",\"inLanguage\":\"de\",\"@id\":\"https:\/\/blog.zeit.de\/gruenegeschaefte\/#\/schema\/person\/image\/\",\"url\":\"https:\/\/secure.gravatar.com\/avatar\/1b4c2e971f407a9ead4389a9370b171e45b0ee693342f36fcc448bb9175b9ee2?s=96&d=mm&r=g\",\"contentUrl\":\"https:\/\/secure.gravatar.com\/avatar\/1b4c2e971f407a9ead4389a9370b171e45b0ee693342f36fcc448bb9175b9ee2?s=96&d=mm&r=g\",\"caption\":\"Marlies Uken\"},\"description\":\"ist Redakteurin bei ZEIT ONLINE.\",\"sameAs\":[\"https:\/\/blog.zeit.de\/gruenegeschaefte\/\"],\"url\":\"https:\/\/blog.zeit.de\/gruenegeschaefte\/author\/marlies-uken\/\"}]}<\/script>\n<!-- \/ Yoast SEO plugin. -->","yoast_head_json":{"title":"Steuern runter f\u00fcr Klimasch\u00fctzer - Gr\u00fcne Gesch\u00e4fte","robots":{"index":"index","follow":"follow","max-snippet":"max-snippet:-1","max-image-preview":"max-image-preview:large","max-video-preview":"max-video-preview:-1"},"canonical":"https:\/\/blog.zeit.de\/gruenegeschaefte\/2011\/08\/01\/steuern-runter-fur-klimaschutzer\/","og_locale":"de_DE","og_type":"article","og_title":"Steuern runter f\u00fcr Klimasch\u00fctzer - Gr\u00fcne Gesch\u00e4fte","og_description":"Die Deutsche Energieagentur macht Druck: Sie fordert, dass sich Bundesregierung und Bundesrat m\u00f6glichst flott einigen, wie Geb\u00e4udesanierungen steuerlich absetzbar sein k\u00f6nnten. Der Bundesrat hatte k\u00fcrzlich einen Entwurf eines (Achtung: Wortunget\u00fcm:) &#8222;Gesetzes zur steuerlichen F\u00f6rderung von energetischen Sanierungsma\u00dfnahmen an Wohngeb\u00e4uden&#8220; abgelehnt. Die Idee der Bundesregierung: Wer sein Haus energetisch auf Vordermann bringt, eine neue Heizung installiert [&hellip;]","og_url":"https:\/\/blog.zeit.de\/gruenegeschaefte\/2011\/08\/01\/steuern-runter-fur-klimaschutzer\/","og_site_name":"Gr\u00fcne Gesch\u00e4fte","article_published_time":"2011-08-01T12:30:05+00:00","article_modified_time":"2011-08-01T13:38:41+00:00","author":"Marlies Uken","twitter_card":"summary_large_image","twitter_creator":"@zeitonline","twitter_site":"@zeitonline","twitter_misc":{"Geschrieben von":"Marlies Uken","Gesch\u00e4tzte Lesezeit":"1\u00a0Minute"},"schema":{"@context":"https:\/\/schema.org","@graph":[{"@type":"WebPage","@id":"https:\/\/blog.zeit.de\/gruenegeschaefte\/2011\/08\/01\/steuern-runter-fur-klimaschutzer\/","url":"https:\/\/blog.zeit.de\/gruenegeschaefte\/2011\/08\/01\/steuern-runter-fur-klimaschutzer\/","name":"Steuern runter f\u00fcr Klimasch\u00fctzer - Gr\u00fcne Gesch\u00e4fte","isPartOf":{"@id":"https:\/\/blog.zeit.de\/gruenegeschaefte\/#website"},"datePublished":"2011-08-01T12:30:05+00:00","dateModified":"2011-08-01T13:38:41+00:00","author":{"@id":"https:\/\/blog.zeit.de\/gruenegeschaefte\/#\/schema\/person\/56a2bdb136cd5997b1dd0485f3d105f9"},"breadcrumb":{"@id":"https:\/\/blog.zeit.de\/gruenegeschaefte\/2011\/08\/01\/steuern-runter-fur-klimaschutzer\/#breadcrumb"},"inLanguage":"de","potentialAction":[{"@type":"ReadAction","target":["https:\/\/blog.zeit.de\/gruenegeschaefte\/2011\/08\/01\/steuern-runter-fur-klimaschutzer\/"]}]},{"@type":"BreadcrumbList","@id":"https:\/\/blog.zeit.de\/gruenegeschaefte\/2011\/08\/01\/steuern-runter-fur-klimaschutzer\/#breadcrumb","itemListElement":[{"@type":"ListItem","position":1,"name":"Startseite","item":"https:\/\/blog.zeit.de\/gruenegeschaefte\/"},{"@type":"ListItem","position":2,"name":"Steuern runter f\u00fcr Klimasch\u00fctzer"}]},{"@type":"WebSite","@id":"https:\/\/blog.zeit.de\/gruenegeschaefte\/#website","url":"https:\/\/blog.zeit.de\/gruenegeschaefte\/","name":"Gr\u00fcne Gesch\u00e4fte","description":"Wir k\u00f6nnen&#039;s besser: Das Blog f\u00fcr eine Wirtschaft, die Ressourcen und Klima schont","potentialAction":[{"@type":"SearchAction","target":{"@type":"EntryPoint","urlTemplate":"https:\/\/blog.zeit.de\/gruenegeschaefte\/?s={search_term_string}"},"query-input":"required name=search_term_string"}],"inLanguage":"de"},{"@type":"Person","@id":"https:\/\/blog.zeit.de\/gruenegeschaefte\/#\/schema\/person\/56a2bdb136cd5997b1dd0485f3d105f9","name":"Marlies Uken","image":{"@type":"ImageObject","inLanguage":"de","@id":"https:\/\/blog.zeit.de\/gruenegeschaefte\/#\/schema\/person\/image\/","url":"https:\/\/secure.gravatar.com\/avatar\/1b4c2e971f407a9ead4389a9370b171e45b0ee693342f36fcc448bb9175b9ee2?s=96&d=mm&r=g","contentUrl":"https:\/\/secure.gravatar.com\/avatar\/1b4c2e971f407a9ead4389a9370b171e45b0ee693342f36fcc448bb9175b9ee2?s=96&d=mm&r=g","caption":"Marlies Uken"},"description":"ist Redakteurin bei ZEIT ONLINE.","sameAs":["https:\/\/blog.zeit.de\/gruenegeschaefte\/"],"url":"https:\/\/blog.zeit.de\/gruenegeschaefte\/author\/marlies-uken\/"}]}},"jetpack_featured_media_url":"","jetpack_sharing_enabled":true,"_links":{"self":[{"href":"https:\/\/blog.zeit.de\/gruenegeschaefte\/wp-json\/wp\/v2\/posts\/2572","targetHints":{"allow":["GET"]}}],"collection":[{"href":"https:\/\/blog.zeit.de\/gruenegeschaefte\/wp-json\/wp\/v2\/posts"}],"about":[{"href":"https:\/\/blog.zeit.de\/gruenegeschaefte\/wp-json\/wp\/v2\/types\/post"}],"author":[{"embeddable":true,"href":"https:\/\/blog.zeit.de\/gruenegeschaefte\/wp-json\/wp\/v2\/users\/196"}],"replies":[{"embeddable":true,"href":"https:\/\/blog.zeit.de\/gruenegeschaefte\/wp-json\/wp\/v2\/comments?post=2572"}],"version-history":[{"count":9,"href":"https:\/\/blog.zeit.de\/gruenegeschaefte\/wp-json\/wp\/v2\/posts\/2572\/revisions"}],"predecessor-version":[{"id":2580,"href":"https:\/\/blog.zeit.de\/gruenegeschaefte\/wp-json\/wp\/v2\/posts\/2572\/revisions\/2580"}],"wp:attachment":[{"href":"https:\/\/blog.zeit.de\/gruenegeschaefte\/wp-json\/wp\/v2\/media?parent=2572"}],"wp:term":[{"taxonomy":"category","embeddable":true,"href":"https:\/\/blog.zeit.de\/gruenegeschaefte\/wp-json\/wp\/v2\/categories?post=2572"},{"taxonomy":"post_tag","embeddable":true,"href":"https:\/\/blog.zeit.de\/gruenegeschaefte\/wp-json\/wp\/v2\/tags?post=2572"}],"curies":[{"name":"wp","href":"https:\/\/api.w.org\/{rel}","templated":true}]}}