{"id":262,"date":"2010-01-05T18:20:16","date_gmt":"2010-01-05T17:20:16","guid":{"rendered":"http:\/\/blog.zeit.de\/gruenegeschaefte\/?p=262"},"modified":"2010-01-05T18:20:16","modified_gmt":"2010-01-05T17:20:16","slug":"kinder-fur%c2%b4s-klima","status":"publish","type":"post","link":"https:\/\/blog.zeit.de\/gruenegeschaefte\/2010\/01\/05\/kinder-fur%c2%b4s-klima\/","title":{"rendered":"Kinder f\u00fcr\u00b4s Klima"},"content":{"rendered":"<p>Was Felix Finkbeiner auf die Beine gestellt hat, hat mich wirklich beeindruckt. Der Knirps ist gerade einmal zw\u00f6lf Jahre alt, hat aber definitiv bereits mehr f\u00fcr\u00b4s Klima getan als ich. Vor zwei Jahren &#8211; sprich: mit zehn Jahren &#8211; hat er die Sch\u00fclerinitiative <a href=\"http:\/\/www.plant-for-the-planet.de\/de\/index\">&#8222;Plant for the Planet<\/a>&#8220; gegr\u00fcndet. Das Ziel: In jedem der Land der Erde pflanzen Kinder eine Million B\u00e4ume, um etwas gegen den Klimawandel zu tun.<\/p>\n<p>Felix hat einen riesigen Erfolg, jede Menge Schulen und Kitas\u00a0 machen bereits mit. Mehr als 1,1 Millionen B\u00e4ume haben Kinder ihm weltweit bereits versprochen, mehr als 680.000 sind bereits gepflanzt. Inzwischen jettet Felix rund um die Welt und h\u00e4lt sogar Vortr\u00e4ge vor der chinesischen Regierung. Auf Englisch, selbstverst\u00e4ndlich. Hier der Beweis:<\/p>\n<p><object classid=\"clsid:d27cdb6e-ae6d-11cf-96b8-444553540000\" width=\"560\" height=\"340\" codebase=\"http:\/\/download.macromedia.com\/pub\/shockwave\/cabs\/flash\/swflash.cab#version=6,0,40,0\"><param name=\"allowFullScreen\" value=\"true\" \/><param name=\"allowscriptaccess\" value=\"always\" \/><param name=\"src\" value=\"http:\/\/www.youtube.com\/v\/4HIb92zEI7w&amp;hl=de_DE&amp;fs=1&amp;\" \/><param name=\"allowfullscreen\" value=\"true\" \/><\/object><\/p>\n<p>Und ohne ein Blatt vor den Mund zu nehmen, wie die <a href=\"http:\/\/www.faz.net\/s\/Rub2309A3DB4F3C4474B93AA8610A24AE0A\/Doc~E360439E7C38F4A05B1D838D5AD079094~ATpl~Ecommon~Scontent.html\"><em><em>Frankfurter Allgemeine<\/em> Zeitung <\/em>berichtet<\/a>:<\/p>\n<blockquote><p><em>\u201eIn China halte ich einen Vortrag\u201c, sagt Felix. Er sitzt aufrecht am Tisch eines Zugabteils. Aufmerksam und unaufgeregt h\u00f6rt er zu, seine Antworten kommen prompt. \u201eIch erz\u00e4hle dort, was wir Kinder machen\u201c, erkl\u00e4rt er und f\u00fcgt hinzu: \u201eWir Kinder f\u00fchlen uns verarscht.\u201c<\/em><\/p><\/blockquote>\n<p><em><br \/>\n<\/em><\/p>\n","protected":false},"excerpt":{"rendered":"<p>Was Felix Finkbeiner auf die Beine gestellt hat, hat mich wirklich beeindruckt. Der Knirps ist gerade einmal zw\u00f6lf Jahre alt, hat aber definitiv bereits mehr f\u00fcr\u00b4s Klima getan als ich. Vor zwei Jahren &#8211; sprich: mit zehn Jahren &#8211; hat er die Sch\u00fclerinitiative &#8222;Plant for the Planet&#8220; gegr\u00fcndet. Das Ziel: In jedem der Land der [&hellip;]<\/p>\n","protected":false},"author":196,"featured_media":0,"comment_status":"open","ping_status":"open","sticky":false,"template":"","format":"standard","meta":{"_jetpack_memberships_contains_paid_content":false,"footnotes":""},"categories":[1131,1132],"tags":[],"class_list":["post-262","post","type-post","status-publish","format-standard","hentry","category-aktionen","category-klima"],"yoast_head":"<!-- This site is optimized with the Yoast SEO plugin v21.0 - https:\/\/yoast.com\/wordpress\/plugins\/seo\/ -->\n<title>Kinder f\u00fcr\u00b4s Klima - Gr\u00fcne Gesch\u00e4fte<\/title>\n<meta name=\"robots\" content=\"index, follow, max-snippet:-1, max-image-preview:large, max-video-preview:-1\" \/>\n<link rel=\"canonical\" href=\"https:\/\/blog.zeit.de\/gruenegeschaefte\/2010\/01\/05\/kinder-fur\u00b4s-klima\/\" \/>\n<meta property=\"og:locale\" content=\"de_DE\" \/>\n<meta property=\"og:type\" content=\"article\" \/>\n<meta property=\"og:title\" content=\"Kinder f\u00fcr\u00b4s Klima - Gr\u00fcne Gesch\u00e4fte\" \/>\n<meta property=\"og:description\" content=\"Was Felix Finkbeiner auf die Beine gestellt hat, hat mich wirklich beeindruckt. Der Knirps ist gerade einmal zw\u00f6lf Jahre alt, hat aber definitiv bereits mehr f\u00fcr\u00b4s Klima getan als ich. Vor zwei Jahren &#8211; sprich: mit zehn Jahren &#8211; hat er die Sch\u00fclerinitiative &#8222;Plant for the Planet&#8220; gegr\u00fcndet. Das Ziel: In jedem der Land der [&hellip;]\" \/>\n<meta property=\"og:url\" content=\"https:\/\/blog.zeit.de\/gruenegeschaefte\/2010\/01\/05\/kinder-fur\u00b4s-klima\/\" \/>\n<meta property=\"og:site_name\" content=\"Gr\u00fcne Gesch\u00e4fte\" \/>\n<meta property=\"article:published_time\" content=\"2010-01-05T17:20:16+00:00\" \/>\n<meta name=\"author\" content=\"Marlies Uken\" \/>\n<meta name=\"twitter:card\" content=\"summary_large_image\" \/>\n<meta name=\"twitter:creator\" content=\"@zeitonline\" \/>\n<meta name=\"twitter:site\" content=\"@zeitonline\" \/>\n<meta name=\"twitter:label1\" content=\"Geschrieben von\" \/>\n\t<meta name=\"twitter:data1\" content=\"Marlies Uken\" \/>\n\t<meta name=\"twitter:label2\" content=\"Gesch\u00e4tzte Lesezeit\" \/>\n\t<meta name=\"twitter:data2\" content=\"1\u00a0Minute\" \/>\n<script type=\"application\/ld+json\" class=\"yoast-schema-graph\">{\"@context\":\"https:\/\/schema.org\",\"@graph\":[{\"@type\":\"WebPage\",\"@id\":\"https:\/\/blog.zeit.de\/gruenegeschaefte\/2010\/01\/05\/kinder-fur%c2%b4s-klima\/\",\"url\":\"https:\/\/blog.zeit.de\/gruenegeschaefte\/2010\/01\/05\/kinder-fur%c2%b4s-klima\/\",\"name\":\"Kinder f\u00fcr\u00b4s Klima - Gr\u00fcne Gesch\u00e4fte\",\"isPartOf\":{\"@id\":\"https:\/\/blog.zeit.de\/gruenegeschaefte\/#website\"},\"datePublished\":\"2010-01-05T17:20:16+00:00\",\"dateModified\":\"2010-01-05T17:20:16+00:00\",\"author\":{\"@id\":\"https:\/\/blog.zeit.de\/gruenegeschaefte\/#\/schema\/person\/56a2bdb136cd5997b1dd0485f3d105f9\"},\"breadcrumb\":{\"@id\":\"https:\/\/blog.zeit.de\/gruenegeschaefte\/2010\/01\/05\/kinder-fur%c2%b4s-klima\/#breadcrumb\"},\"inLanguage\":\"de\",\"potentialAction\":[{\"@type\":\"ReadAction\",\"target\":[\"https:\/\/blog.zeit.de\/gruenegeschaefte\/2010\/01\/05\/kinder-fur%c2%b4s-klima\/\"]}]},{\"@type\":\"BreadcrumbList\",\"@id\":\"https:\/\/blog.zeit.de\/gruenegeschaefte\/2010\/01\/05\/kinder-fur%c2%b4s-klima\/#breadcrumb\",\"itemListElement\":[{\"@type\":\"ListItem\",\"position\":1,\"name\":\"Startseite\",\"item\":\"https:\/\/blog.zeit.de\/gruenegeschaefte\/\"},{\"@type\":\"ListItem\",\"position\":2,\"name\":\"Kinder f\u00fcr\u00b4s Klima\"}]},{\"@type\":\"WebSite\",\"@id\":\"https:\/\/blog.zeit.de\/gruenegeschaefte\/#website\",\"url\":\"https:\/\/blog.zeit.de\/gruenegeschaefte\/\",\"name\":\"Gr\u00fcne Gesch\u00e4fte\",\"description\":\"Wir k\u00f6nnen&#039;s besser: Das Blog f\u00fcr eine Wirtschaft, die Ressourcen und Klima schont\",\"potentialAction\":[{\"@type\":\"SearchAction\",\"target\":{\"@type\":\"EntryPoint\",\"urlTemplate\":\"https:\/\/blog.zeit.de\/gruenegeschaefte\/?s={search_term_string}\"},\"query-input\":\"required name=search_term_string\"}],\"inLanguage\":\"de\"},{\"@type\":\"Person\",\"@id\":\"https:\/\/blog.zeit.de\/gruenegeschaefte\/#\/schema\/person\/56a2bdb136cd5997b1dd0485f3d105f9\",\"name\":\"Marlies Uken\",\"image\":{\"@type\":\"ImageObject\",\"inLanguage\":\"de\",\"@id\":\"https:\/\/blog.zeit.de\/gruenegeschaefte\/#\/schema\/person\/image\/\",\"url\":\"https:\/\/secure.gravatar.com\/avatar\/1b4c2e971f407a9ead4389a9370b171e45b0ee693342f36fcc448bb9175b9ee2?s=96&d=mm&r=g\",\"contentUrl\":\"https:\/\/secure.gravatar.com\/avatar\/1b4c2e971f407a9ead4389a9370b171e45b0ee693342f36fcc448bb9175b9ee2?s=96&d=mm&r=g\",\"caption\":\"Marlies Uken\"},\"description\":\"ist Redakteurin bei ZEIT ONLINE.\",\"sameAs\":[\"https:\/\/blog.zeit.de\/gruenegeschaefte\/\"],\"url\":\"https:\/\/blog.zeit.de\/gruenegeschaefte\/author\/marlies-uken\/\"}]}<\/script>\n<!-- \/ Yoast SEO plugin. -->","yoast_head_json":{"title":"Kinder f\u00fcr\u00b4s Klima - Gr\u00fcne Gesch\u00e4fte","robots":{"index":"index","follow":"follow","max-snippet":"max-snippet:-1","max-image-preview":"max-image-preview:large","max-video-preview":"max-video-preview:-1"},"canonical":"https:\/\/blog.zeit.de\/gruenegeschaefte\/2010\/01\/05\/kinder-fur\u00b4s-klima\/","og_locale":"de_DE","og_type":"article","og_title":"Kinder f\u00fcr\u00b4s Klima - Gr\u00fcne Gesch\u00e4fte","og_description":"Was Felix Finkbeiner auf die Beine gestellt hat, hat mich wirklich beeindruckt. Der Knirps ist gerade einmal zw\u00f6lf Jahre alt, hat aber definitiv bereits mehr f\u00fcr\u00b4s Klima getan als ich. Vor zwei Jahren &#8211; sprich: mit zehn Jahren &#8211; hat er die Sch\u00fclerinitiative &#8222;Plant for the Planet&#8220; gegr\u00fcndet. Das Ziel: In jedem der Land der [&hellip;]","og_url":"https:\/\/blog.zeit.de\/gruenegeschaefte\/2010\/01\/05\/kinder-fur\u00b4s-klima\/","og_site_name":"Gr\u00fcne Gesch\u00e4fte","article_published_time":"2010-01-05T17:20:16+00:00","author":"Marlies Uken","twitter_card":"summary_large_image","twitter_creator":"@zeitonline","twitter_site":"@zeitonline","twitter_misc":{"Geschrieben von":"Marlies Uken","Gesch\u00e4tzte Lesezeit":"1\u00a0Minute"},"schema":{"@context":"https:\/\/schema.org","@graph":[{"@type":"WebPage","@id":"https:\/\/blog.zeit.de\/gruenegeschaefte\/2010\/01\/05\/kinder-fur%c2%b4s-klima\/","url":"https:\/\/blog.zeit.de\/gruenegeschaefte\/2010\/01\/05\/kinder-fur%c2%b4s-klima\/","name":"Kinder f\u00fcr\u00b4s Klima - Gr\u00fcne Gesch\u00e4fte","isPartOf":{"@id":"https:\/\/blog.zeit.de\/gruenegeschaefte\/#website"},"datePublished":"2010-01-05T17:20:16+00:00","dateModified":"2010-01-05T17:20:16+00:00","author":{"@id":"https:\/\/blog.zeit.de\/gruenegeschaefte\/#\/schema\/person\/56a2bdb136cd5997b1dd0485f3d105f9"},"breadcrumb":{"@id":"https:\/\/blog.zeit.de\/gruenegeschaefte\/2010\/01\/05\/kinder-fur%c2%b4s-klima\/#breadcrumb"},"inLanguage":"de","potentialAction":[{"@type":"ReadAction","target":["https:\/\/blog.zeit.de\/gruenegeschaefte\/2010\/01\/05\/kinder-fur%c2%b4s-klima\/"]}]},{"@type":"BreadcrumbList","@id":"https:\/\/blog.zeit.de\/gruenegeschaefte\/2010\/01\/05\/kinder-fur%c2%b4s-klima\/#breadcrumb","itemListElement":[{"@type":"ListItem","position":1,"name":"Startseite","item":"https:\/\/blog.zeit.de\/gruenegeschaefte\/"},{"@type":"ListItem","position":2,"name":"Kinder f\u00fcr\u00b4s Klima"}]},{"@type":"WebSite","@id":"https:\/\/blog.zeit.de\/gruenegeschaefte\/#website","url":"https:\/\/blog.zeit.de\/gruenegeschaefte\/","name":"Gr\u00fcne Gesch\u00e4fte","description":"Wir k\u00f6nnen&#039;s besser: Das Blog f\u00fcr eine Wirtschaft, die Ressourcen und Klima schont","potentialAction":[{"@type":"SearchAction","target":{"@type":"EntryPoint","urlTemplate":"https:\/\/blog.zeit.de\/gruenegeschaefte\/?s={search_term_string}"},"query-input":"required name=search_term_string"}],"inLanguage":"de"},{"@type":"Person","@id":"https:\/\/blog.zeit.de\/gruenegeschaefte\/#\/schema\/person\/56a2bdb136cd5997b1dd0485f3d105f9","name":"Marlies Uken","image":{"@type":"ImageObject","inLanguage":"de","@id":"https:\/\/blog.zeit.de\/gruenegeschaefte\/#\/schema\/person\/image\/","url":"https:\/\/secure.gravatar.com\/avatar\/1b4c2e971f407a9ead4389a9370b171e45b0ee693342f36fcc448bb9175b9ee2?s=96&d=mm&r=g","contentUrl":"https:\/\/secure.gravatar.com\/avatar\/1b4c2e971f407a9ead4389a9370b171e45b0ee693342f36fcc448bb9175b9ee2?s=96&d=mm&r=g","caption":"Marlies Uken"},"description":"ist Redakteurin bei ZEIT ONLINE.","sameAs":["https:\/\/blog.zeit.de\/gruenegeschaefte\/"],"url":"https:\/\/blog.zeit.de\/gruenegeschaefte\/author\/marlies-uken\/"}]}},"jetpack_featured_media_url":"","jetpack_sharing_enabled":true,"_links":{"self":[{"href":"https:\/\/blog.zeit.de\/gruenegeschaefte\/wp-json\/wp\/v2\/posts\/262","targetHints":{"allow":["GET"]}}],"collection":[{"href":"https:\/\/blog.zeit.de\/gruenegeschaefte\/wp-json\/wp\/v2\/posts"}],"about":[{"href":"https:\/\/blog.zeit.de\/gruenegeschaefte\/wp-json\/wp\/v2\/types\/post"}],"author":[{"embeddable":true,"href":"https:\/\/blog.zeit.de\/gruenegeschaefte\/wp-json\/wp\/v2\/users\/196"}],"replies":[{"embeddable":true,"href":"https:\/\/blog.zeit.de\/gruenegeschaefte\/wp-json\/wp\/v2\/comments?post=262"}],"version-history":[{"count":0,"href":"https:\/\/blog.zeit.de\/gruenegeschaefte\/wp-json\/wp\/v2\/posts\/262\/revisions"}],"wp:attachment":[{"href":"https:\/\/blog.zeit.de\/gruenegeschaefte\/wp-json\/wp\/v2\/media?parent=262"}],"wp:term":[{"taxonomy":"category","embeddable":true,"href":"https:\/\/blog.zeit.de\/gruenegeschaefte\/wp-json\/wp\/v2\/categories?post=262"},{"taxonomy":"post_tag","embeddable":true,"href":"https:\/\/blog.zeit.de\/gruenegeschaefte\/wp-json\/wp\/v2\/tags?post=262"}],"curies":[{"name":"wp","href":"https:\/\/api.w.org\/{rel}","templated":true}]}}