{"id":2662,"date":"2011-08-24T15:52:44","date_gmt":"2011-08-24T13:52:44","guid":{"rendered":"http:\/\/blog.zeit.de\/gruenegeschaefte\/?p=2662"},"modified":"2011-08-24T15:52:44","modified_gmt":"2011-08-24T13:52:44","slug":"immer-weniger-deutsche-dammen-ihr-haus","status":"publish","type":"post","link":"https:\/\/blog.zeit.de\/gruenegeschaefte\/2011\/08\/24\/immer-weniger-deutsche-dammen-ihr-haus\/","title":{"rendered":"Immer weniger Deutsche d\u00e4mmen ihr Haus"},"content":{"rendered":"<p>Sind es die Nachwirkungen der Wirtschaftskrise? Die fehlenden, steuerlichen Anreize? Eine allgemeine Verunsicherung? Die Sanierungsrate von H\u00e4usern ist in 2011 im Vergleich zum Vorjahr um die H\u00e4lfte zur\u00fcckgegangen, sch\u00e4tzt die Deutsche Energie-Agentur. Das sind keine guten Nachrichten. Denn gerade im Geb\u00e4udesektor gibt es ein enormes Potenzial, CO2-Emissionen zu mindern, er ist f\u00fcr etwa 40 Prozent der Klimagasemissionen verantwortlich.<\/p>\n<p>Was tun? Die Bundesregierung will 1,4 Milliarden Euro j\u00e4hrlich ausgeben, mit denen energetische Sanierungen gef\u00f6rdert werden sollen. Die SPD fordert inzwischen, dass es mindestens zwei Milliarden Euro werden sollen. Zudem blockiert der Bundesrat ein entsprechendes Gesetzvorhaben zur steuerlichen Absetzbarkeit von Sanierungskosten, da die Bundesl\u00e4nder Steuerausf\u00e4lle bef\u00fcrchten.\u00a0 Und bislang hat die Bundesregierung den Vermittlungsausschuss nicht angerufen. Das sollte sie besser flott nachholen.<\/p>\n","protected":false},"excerpt":{"rendered":"<p>Sind es die Nachwirkungen der Wirtschaftskrise? Die fehlenden, steuerlichen Anreize? Eine allgemeine Verunsicherung? Die Sanierungsrate von H\u00e4usern ist in 2011 im Vergleich zum Vorjahr um die H\u00e4lfte zur\u00fcckgegangen, sch\u00e4tzt die Deutsche Energie-Agentur. Das sind keine guten Nachrichten. Denn gerade im Geb\u00e4udesektor gibt es ein enormes Potenzial, CO2-Emissionen zu mindern, er ist f\u00fcr etwa 40 Prozent [&hellip;]<\/p>\n","protected":false},"author":196,"featured_media":0,"comment_status":"open","ping_status":"open","sticky":false,"template":"","format":"standard","meta":{"_jetpack_memberships_contains_paid_content":false,"footnotes":""},"categories":[1123],"tags":[],"class_list":["post-2662","post","type-post","status-publish","format-standard","hentry","category-energieeffizienz"],"yoast_head":"<!-- This site is optimized with the Yoast SEO plugin v21.0 - https:\/\/yoast.com\/wordpress\/plugins\/seo\/ -->\n<title>Immer weniger Deutsche d\u00e4mmen ihr Haus - Gr\u00fcne Gesch\u00e4fte<\/title>\n<meta name=\"robots\" content=\"index, follow, max-snippet:-1, max-image-preview:large, max-video-preview:-1\" \/>\n<link rel=\"canonical\" href=\"https:\/\/blog.zeit.de\/gruenegeschaefte\/2011\/08\/24\/immer-weniger-deutsche-dammen-ihr-haus\/\" \/>\n<meta property=\"og:locale\" content=\"de_DE\" \/>\n<meta property=\"og:type\" content=\"article\" \/>\n<meta property=\"og:title\" content=\"Immer weniger Deutsche d\u00e4mmen ihr Haus - Gr\u00fcne Gesch\u00e4fte\" \/>\n<meta property=\"og:description\" content=\"Sind es die Nachwirkungen der Wirtschaftskrise? Die fehlenden, steuerlichen Anreize? Eine allgemeine Verunsicherung? Die Sanierungsrate von H\u00e4usern ist in 2011 im Vergleich zum Vorjahr um die H\u00e4lfte zur\u00fcckgegangen, sch\u00e4tzt die Deutsche Energie-Agentur. Das sind keine guten Nachrichten. Denn gerade im Geb\u00e4udesektor gibt es ein enormes Potenzial, CO2-Emissionen zu mindern, er ist f\u00fcr etwa 40 Prozent [&hellip;]\" \/>\n<meta property=\"og:url\" content=\"https:\/\/blog.zeit.de\/gruenegeschaefte\/2011\/08\/24\/immer-weniger-deutsche-dammen-ihr-haus\/\" \/>\n<meta property=\"og:site_name\" content=\"Gr\u00fcne Gesch\u00e4fte\" \/>\n<meta property=\"article:published_time\" content=\"2011-08-24T13:52:44+00:00\" \/>\n<meta name=\"author\" content=\"Marlies Uken\" \/>\n<meta name=\"twitter:card\" content=\"summary_large_image\" \/>\n<meta name=\"twitter:creator\" content=\"@zeitonline\" \/>\n<meta name=\"twitter:site\" content=\"@zeitonline\" \/>\n<meta name=\"twitter:label1\" content=\"Geschrieben von\" \/>\n\t<meta name=\"twitter:data1\" content=\"Marlies Uken\" \/>\n\t<meta name=\"twitter:label2\" content=\"Gesch\u00e4tzte Lesezeit\" \/>\n\t<meta name=\"twitter:data2\" content=\"1\u00a0Minute\" \/>\n<script type=\"application\/ld+json\" class=\"yoast-schema-graph\">{\"@context\":\"https:\/\/schema.org\",\"@graph\":[{\"@type\":\"WebPage\",\"@id\":\"https:\/\/blog.zeit.de\/gruenegeschaefte\/2011\/08\/24\/immer-weniger-deutsche-dammen-ihr-haus\/\",\"url\":\"https:\/\/blog.zeit.de\/gruenegeschaefte\/2011\/08\/24\/immer-weniger-deutsche-dammen-ihr-haus\/\",\"name\":\"Immer weniger Deutsche d\u00e4mmen ihr Haus - Gr\u00fcne Gesch\u00e4fte\",\"isPartOf\":{\"@id\":\"https:\/\/blog.zeit.de\/gruenegeschaefte\/#website\"},\"datePublished\":\"2011-08-24T13:52:44+00:00\",\"dateModified\":\"2011-08-24T13:52:44+00:00\",\"author\":{\"@id\":\"https:\/\/blog.zeit.de\/gruenegeschaefte\/#\/schema\/person\/56a2bdb136cd5997b1dd0485f3d105f9\"},\"breadcrumb\":{\"@id\":\"https:\/\/blog.zeit.de\/gruenegeschaefte\/2011\/08\/24\/immer-weniger-deutsche-dammen-ihr-haus\/#breadcrumb\"},\"inLanguage\":\"de\",\"potentialAction\":[{\"@type\":\"ReadAction\",\"target\":[\"https:\/\/blog.zeit.de\/gruenegeschaefte\/2011\/08\/24\/immer-weniger-deutsche-dammen-ihr-haus\/\"]}]},{\"@type\":\"BreadcrumbList\",\"@id\":\"https:\/\/blog.zeit.de\/gruenegeschaefte\/2011\/08\/24\/immer-weniger-deutsche-dammen-ihr-haus\/#breadcrumb\",\"itemListElement\":[{\"@type\":\"ListItem\",\"position\":1,\"name\":\"Startseite\",\"item\":\"https:\/\/blog.zeit.de\/gruenegeschaefte\/\"},{\"@type\":\"ListItem\",\"position\":2,\"name\":\"Immer weniger Deutsche d\u00e4mmen ihr Haus\"}]},{\"@type\":\"WebSite\",\"@id\":\"https:\/\/blog.zeit.de\/gruenegeschaefte\/#website\",\"url\":\"https:\/\/blog.zeit.de\/gruenegeschaefte\/\",\"name\":\"Gr\u00fcne Gesch\u00e4fte\",\"description\":\"Wir k\u00f6nnen&#039;s besser: Das Blog f\u00fcr eine Wirtschaft, die Ressourcen und Klima schont\",\"potentialAction\":[{\"@type\":\"SearchAction\",\"target\":{\"@type\":\"EntryPoint\",\"urlTemplate\":\"https:\/\/blog.zeit.de\/gruenegeschaefte\/?s={search_term_string}\"},\"query-input\":\"required name=search_term_string\"}],\"inLanguage\":\"de\"},{\"@type\":\"Person\",\"@id\":\"https:\/\/blog.zeit.de\/gruenegeschaefte\/#\/schema\/person\/56a2bdb136cd5997b1dd0485f3d105f9\",\"name\":\"Marlies Uken\",\"image\":{\"@type\":\"ImageObject\",\"inLanguage\":\"de\",\"@id\":\"https:\/\/blog.zeit.de\/gruenegeschaefte\/#\/schema\/person\/image\/\",\"url\":\"https:\/\/secure.gravatar.com\/avatar\/1b4c2e971f407a9ead4389a9370b171e45b0ee693342f36fcc448bb9175b9ee2?s=96&d=mm&r=g\",\"contentUrl\":\"https:\/\/secure.gravatar.com\/avatar\/1b4c2e971f407a9ead4389a9370b171e45b0ee693342f36fcc448bb9175b9ee2?s=96&d=mm&r=g\",\"caption\":\"Marlies Uken\"},\"description\":\"ist Redakteurin bei ZEIT ONLINE.\",\"sameAs\":[\"https:\/\/blog.zeit.de\/gruenegeschaefte\/\"],\"url\":\"https:\/\/blog.zeit.de\/gruenegeschaefte\/author\/marlies-uken\/\"}]}<\/script>\n<!-- \/ Yoast SEO plugin. -->","yoast_head_json":{"title":"Immer weniger Deutsche d\u00e4mmen ihr Haus - Gr\u00fcne Gesch\u00e4fte","robots":{"index":"index","follow":"follow","max-snippet":"max-snippet:-1","max-image-preview":"max-image-preview:large","max-video-preview":"max-video-preview:-1"},"canonical":"https:\/\/blog.zeit.de\/gruenegeschaefte\/2011\/08\/24\/immer-weniger-deutsche-dammen-ihr-haus\/","og_locale":"de_DE","og_type":"article","og_title":"Immer weniger Deutsche d\u00e4mmen ihr Haus - Gr\u00fcne Gesch\u00e4fte","og_description":"Sind es die Nachwirkungen der Wirtschaftskrise? Die fehlenden, steuerlichen Anreize? Eine allgemeine Verunsicherung? Die Sanierungsrate von H\u00e4usern ist in 2011 im Vergleich zum Vorjahr um die H\u00e4lfte zur\u00fcckgegangen, sch\u00e4tzt die Deutsche Energie-Agentur. Das sind keine guten Nachrichten. Denn gerade im Geb\u00e4udesektor gibt es ein enormes Potenzial, CO2-Emissionen zu mindern, er ist f\u00fcr etwa 40 Prozent [&hellip;]","og_url":"https:\/\/blog.zeit.de\/gruenegeschaefte\/2011\/08\/24\/immer-weniger-deutsche-dammen-ihr-haus\/","og_site_name":"Gr\u00fcne Gesch\u00e4fte","article_published_time":"2011-08-24T13:52:44+00:00","author":"Marlies Uken","twitter_card":"summary_large_image","twitter_creator":"@zeitonline","twitter_site":"@zeitonline","twitter_misc":{"Geschrieben von":"Marlies Uken","Gesch\u00e4tzte Lesezeit":"1\u00a0Minute"},"schema":{"@context":"https:\/\/schema.org","@graph":[{"@type":"WebPage","@id":"https:\/\/blog.zeit.de\/gruenegeschaefte\/2011\/08\/24\/immer-weniger-deutsche-dammen-ihr-haus\/","url":"https:\/\/blog.zeit.de\/gruenegeschaefte\/2011\/08\/24\/immer-weniger-deutsche-dammen-ihr-haus\/","name":"Immer weniger Deutsche d\u00e4mmen ihr Haus - Gr\u00fcne Gesch\u00e4fte","isPartOf":{"@id":"https:\/\/blog.zeit.de\/gruenegeschaefte\/#website"},"datePublished":"2011-08-24T13:52:44+00:00","dateModified":"2011-08-24T13:52:44+00:00","author":{"@id":"https:\/\/blog.zeit.de\/gruenegeschaefte\/#\/schema\/person\/56a2bdb136cd5997b1dd0485f3d105f9"},"breadcrumb":{"@id":"https:\/\/blog.zeit.de\/gruenegeschaefte\/2011\/08\/24\/immer-weniger-deutsche-dammen-ihr-haus\/#breadcrumb"},"inLanguage":"de","potentialAction":[{"@type":"ReadAction","target":["https:\/\/blog.zeit.de\/gruenegeschaefte\/2011\/08\/24\/immer-weniger-deutsche-dammen-ihr-haus\/"]}]},{"@type":"BreadcrumbList","@id":"https:\/\/blog.zeit.de\/gruenegeschaefte\/2011\/08\/24\/immer-weniger-deutsche-dammen-ihr-haus\/#breadcrumb","itemListElement":[{"@type":"ListItem","position":1,"name":"Startseite","item":"https:\/\/blog.zeit.de\/gruenegeschaefte\/"},{"@type":"ListItem","position":2,"name":"Immer weniger Deutsche d\u00e4mmen ihr Haus"}]},{"@type":"WebSite","@id":"https:\/\/blog.zeit.de\/gruenegeschaefte\/#website","url":"https:\/\/blog.zeit.de\/gruenegeschaefte\/","name":"Gr\u00fcne Gesch\u00e4fte","description":"Wir k\u00f6nnen&#039;s besser: Das Blog f\u00fcr eine Wirtschaft, die Ressourcen und Klima schont","potentialAction":[{"@type":"SearchAction","target":{"@type":"EntryPoint","urlTemplate":"https:\/\/blog.zeit.de\/gruenegeschaefte\/?s={search_term_string}"},"query-input":"required name=search_term_string"}],"inLanguage":"de"},{"@type":"Person","@id":"https:\/\/blog.zeit.de\/gruenegeschaefte\/#\/schema\/person\/56a2bdb136cd5997b1dd0485f3d105f9","name":"Marlies Uken","image":{"@type":"ImageObject","inLanguage":"de","@id":"https:\/\/blog.zeit.de\/gruenegeschaefte\/#\/schema\/person\/image\/","url":"https:\/\/secure.gravatar.com\/avatar\/1b4c2e971f407a9ead4389a9370b171e45b0ee693342f36fcc448bb9175b9ee2?s=96&d=mm&r=g","contentUrl":"https:\/\/secure.gravatar.com\/avatar\/1b4c2e971f407a9ead4389a9370b171e45b0ee693342f36fcc448bb9175b9ee2?s=96&d=mm&r=g","caption":"Marlies Uken"},"description":"ist Redakteurin bei ZEIT ONLINE.","sameAs":["https:\/\/blog.zeit.de\/gruenegeschaefte\/"],"url":"https:\/\/blog.zeit.de\/gruenegeschaefte\/author\/marlies-uken\/"}]}},"jetpack_featured_media_url":"","jetpack_sharing_enabled":true,"_links":{"self":[{"href":"https:\/\/blog.zeit.de\/gruenegeschaefte\/wp-json\/wp\/v2\/posts\/2662","targetHints":{"allow":["GET"]}}],"collection":[{"href":"https:\/\/blog.zeit.de\/gruenegeschaefte\/wp-json\/wp\/v2\/posts"}],"about":[{"href":"https:\/\/blog.zeit.de\/gruenegeschaefte\/wp-json\/wp\/v2\/types\/post"}],"author":[{"embeddable":true,"href":"https:\/\/blog.zeit.de\/gruenegeschaefte\/wp-json\/wp\/v2\/users\/196"}],"replies":[{"embeddable":true,"href":"https:\/\/blog.zeit.de\/gruenegeschaefte\/wp-json\/wp\/v2\/comments?post=2662"}],"version-history":[{"count":6,"href":"https:\/\/blog.zeit.de\/gruenegeschaefte\/wp-json\/wp\/v2\/posts\/2662\/revisions"}],"predecessor-version":[{"id":2668,"href":"https:\/\/blog.zeit.de\/gruenegeschaefte\/wp-json\/wp\/v2\/posts\/2662\/revisions\/2668"}],"wp:attachment":[{"href":"https:\/\/blog.zeit.de\/gruenegeschaefte\/wp-json\/wp\/v2\/media?parent=2662"}],"wp:term":[{"taxonomy":"category","embeddable":true,"href":"https:\/\/blog.zeit.de\/gruenegeschaefte\/wp-json\/wp\/v2\/categories?post=2662"},{"taxonomy":"post_tag","embeddable":true,"href":"https:\/\/blog.zeit.de\/gruenegeschaefte\/wp-json\/wp\/v2\/tags?post=2662"}],"curies":[{"name":"wp","href":"https:\/\/api.w.org\/{rel}","templated":true}]}}