{"id":2708,"date":"2011-09-02T12:44:09","date_gmt":"2011-09-02T10:44:09","guid":{"rendered":"http:\/\/blog.zeit.de\/gruenegeschaefte\/?p=2708"},"modified":"2011-09-02T12:50:40","modified_gmt":"2011-09-02T10:50:40","slug":"offshore-windpark-butendiek-vor-sylt-kommt-doch","status":"publish","type":"post","link":"https:\/\/blog.zeit.de\/gruenegeschaefte\/2011\/09\/02\/offshore-windpark-butendiek-vor-sylt-kommt-doch\/","title":{"rendered":"Offshore-Windpark Butendiek vor Sylt kommt doch"},"content":{"rendered":"<p>Der Offshore-Windpark <a href=\"http:\/\/www.butendiek.de\/seiten\/home\/home.php\">Butendiek, rund 34 Kilometer vor Sylt<\/a>, wird nun doch realisiert. Heute gab der Bremer Projektentwickler wpd bekannt, dass die wichtigsten Auftr\u00e4ge erteilt wurden: <a href=\"http:\/\/www.wpd.de\/de\/presse\/pressearchiv\/singleansicht\/alle-liefervertraege-fuer-offshore-windpark-butendiek-perfekt\/2961b737fc4a4ae808f47e880f0123c6.html\" target=\"_blank\">Die Fundamente wird der niederl\u00e4ndische Konzern Ballast Nedam liefern, die Windturbinen kommen von Siemens.<\/a> Das Investitionsvolumen betr\u00e4gt rund 1,2 Milliarden Euro.<\/p>\n<p>Das ist eine \u00fcberraschende Wende. Denn urspr\u00fcnglich stand Butendiek vor dem Scheitern. Die Macher aus Nordfriesland hatten das Projekt als ambitionierten B\u00fcrgerwind-Park geplant, an dem sich Privatleute beteiligen. Doch steigende Kosten (von urspr\u00fcnglich 400 Millionen auf mehr als eine Milliarde Euro) und wenig Unterst\u00fctzung der Politik machten ihnen einen Strich durch die Rechnung. <a href=\"http:\/\/www.zeit.de\/wirtschaft\/unternehmen\/2011-08\/offshore-windkraft-finanzinvestoren\" target=\"_blank\">Butendiek wurde oft als Beispiel daf\u00fcr genannt, dass die Idee von den B\u00fcrgerwindparks an Land nicht auf die millionenschweren Projekte auf See \u00fcbertragbar sei.<\/a><\/p>\n<p>Rettung brachte auch nicht der Einstieg eines schottischen Energieversorgers. Im Herbst 2010 kaufte der Projektierer wpd das Projekt. Und jetzt geht alles ganz schnell. In zwei Jahren sollen sich die ersten der 80 Windr\u00e4der drehen. Insgesamt wird der Windpark eine Kapazit\u00e4t von rund 288 Megawatt haben, das ist etwa die H\u00e4lfte eines kleines Braunkohlekraftwerks.<\/p>\n<p>Der Gr\u00fcndervater des Projekts, Wolfgang Paulsen, hat inzwischen seinen Frieden damit gemacht, dass aus der B\u00fcrger-Idee nichts wurde. Er verfolgt weiterhin die Idee von den erneuerbaren Ideen in B\u00fcrgerhand und realisiert kleinere Solar- und Onshore-Windparks. &#8222;Ich freu mich, dass Butendiek nun doch realisiert wird, das ist ein Meilenstein.&#8220;.<\/p>\n","protected":false},"excerpt":{"rendered":"<p>Der Offshore-Windpark Butendiek, rund 34 Kilometer vor Sylt, wird nun doch realisiert. Heute gab der Bremer Projektentwickler wpd bekannt, dass die wichtigsten Auftr\u00e4ge erteilt wurden: Die Fundamente wird der niederl\u00e4ndische Konzern Ballast Nedam liefern, die Windturbinen kommen von Siemens. Das Investitionsvolumen betr\u00e4gt rund 1,2 Milliarden Euro. Das ist eine \u00fcberraschende Wende. Denn urspr\u00fcnglich stand Butendiek [&hellip;]<\/p>\n","protected":false},"author":196,"featured_media":0,"comment_status":"open","ping_status":"open","sticky":false,"template":"","format":"standard","meta":{"_jetpack_memberships_contains_paid_content":false,"footnotes":""},"categories":[1122,1129],"tags":[],"class_list":["post-2708","post","type-post","status-publish","format-standard","hentry","category-erneuerbare-energien","category-wind"],"yoast_head":"<!-- This site is optimized with the Yoast SEO plugin v21.0 - https:\/\/yoast.com\/wordpress\/plugins\/seo\/ -->\n<title>Offshore-Windpark Butendiek vor Sylt kommt doch - Gr\u00fcne Gesch\u00e4fte<\/title>\n<meta name=\"robots\" content=\"index, follow, max-snippet:-1, max-image-preview:large, max-video-preview:-1\" \/>\n<link rel=\"canonical\" href=\"https:\/\/blog.zeit.de\/gruenegeschaefte\/2011\/09\/02\/offshore-windpark-butendiek-vor-sylt-kommt-doch\/\" \/>\n<meta property=\"og:locale\" content=\"de_DE\" \/>\n<meta property=\"og:type\" content=\"article\" \/>\n<meta property=\"og:title\" content=\"Offshore-Windpark Butendiek vor Sylt kommt doch - Gr\u00fcne Gesch\u00e4fte\" \/>\n<meta property=\"og:description\" content=\"Der Offshore-Windpark Butendiek, rund 34 Kilometer vor Sylt, wird nun doch realisiert. Heute gab der Bremer Projektentwickler wpd bekannt, dass die wichtigsten Auftr\u00e4ge erteilt wurden: Die Fundamente wird der niederl\u00e4ndische Konzern Ballast Nedam liefern, die Windturbinen kommen von Siemens. Das Investitionsvolumen betr\u00e4gt rund 1,2 Milliarden Euro. Das ist eine \u00fcberraschende Wende. Denn urspr\u00fcnglich stand Butendiek [&hellip;]\" \/>\n<meta property=\"og:url\" content=\"https:\/\/blog.zeit.de\/gruenegeschaefte\/2011\/09\/02\/offshore-windpark-butendiek-vor-sylt-kommt-doch\/\" \/>\n<meta property=\"og:site_name\" content=\"Gr\u00fcne Gesch\u00e4fte\" \/>\n<meta property=\"article:published_time\" content=\"2011-09-02T10:44:09+00:00\" \/>\n<meta property=\"article:modified_time\" content=\"2011-09-02T10:50:40+00:00\" \/>\n<meta name=\"author\" content=\"Marlies Uken\" \/>\n<meta name=\"twitter:card\" content=\"summary_large_image\" \/>\n<meta name=\"twitter:creator\" content=\"@zeitonline\" \/>\n<meta name=\"twitter:site\" content=\"@zeitonline\" \/>\n<meta name=\"twitter:label1\" content=\"Geschrieben von\" \/>\n\t<meta name=\"twitter:data1\" content=\"Marlies Uken\" \/>\n\t<meta name=\"twitter:label2\" content=\"Gesch\u00e4tzte Lesezeit\" \/>\n\t<meta name=\"twitter:data2\" content=\"1\u00a0Minute\" \/>\n<script type=\"application\/ld+json\" class=\"yoast-schema-graph\">{\"@context\":\"https:\/\/schema.org\",\"@graph\":[{\"@type\":\"WebPage\",\"@id\":\"https:\/\/blog.zeit.de\/gruenegeschaefte\/2011\/09\/02\/offshore-windpark-butendiek-vor-sylt-kommt-doch\/\",\"url\":\"https:\/\/blog.zeit.de\/gruenegeschaefte\/2011\/09\/02\/offshore-windpark-butendiek-vor-sylt-kommt-doch\/\",\"name\":\"Offshore-Windpark Butendiek vor Sylt kommt doch - Gr\u00fcne Gesch\u00e4fte\",\"isPartOf\":{\"@id\":\"https:\/\/blog.zeit.de\/gruenegeschaefte\/#website\"},\"datePublished\":\"2011-09-02T10:44:09+00:00\",\"dateModified\":\"2011-09-02T10:50:40+00:00\",\"author\":{\"@id\":\"https:\/\/blog.zeit.de\/gruenegeschaefte\/#\/schema\/person\/56a2bdb136cd5997b1dd0485f3d105f9\"},\"breadcrumb\":{\"@id\":\"https:\/\/blog.zeit.de\/gruenegeschaefte\/2011\/09\/02\/offshore-windpark-butendiek-vor-sylt-kommt-doch\/#breadcrumb\"},\"inLanguage\":\"de\",\"potentialAction\":[{\"@type\":\"ReadAction\",\"target\":[\"https:\/\/blog.zeit.de\/gruenegeschaefte\/2011\/09\/02\/offshore-windpark-butendiek-vor-sylt-kommt-doch\/\"]}]},{\"@type\":\"BreadcrumbList\",\"@id\":\"https:\/\/blog.zeit.de\/gruenegeschaefte\/2011\/09\/02\/offshore-windpark-butendiek-vor-sylt-kommt-doch\/#breadcrumb\",\"itemListElement\":[{\"@type\":\"ListItem\",\"position\":1,\"name\":\"Startseite\",\"item\":\"https:\/\/blog.zeit.de\/gruenegeschaefte\/\"},{\"@type\":\"ListItem\",\"position\":2,\"name\":\"Offshore-Windpark Butendiek vor Sylt kommt doch\"}]},{\"@type\":\"WebSite\",\"@id\":\"https:\/\/blog.zeit.de\/gruenegeschaefte\/#website\",\"url\":\"https:\/\/blog.zeit.de\/gruenegeschaefte\/\",\"name\":\"Gr\u00fcne Gesch\u00e4fte\",\"description\":\"Wir k\u00f6nnen&#039;s besser: Das Blog f\u00fcr eine Wirtschaft, die Ressourcen und Klima schont\",\"potentialAction\":[{\"@type\":\"SearchAction\",\"target\":{\"@type\":\"EntryPoint\",\"urlTemplate\":\"https:\/\/blog.zeit.de\/gruenegeschaefte\/?s={search_term_string}\"},\"query-input\":\"required name=search_term_string\"}],\"inLanguage\":\"de\"},{\"@type\":\"Person\",\"@id\":\"https:\/\/blog.zeit.de\/gruenegeschaefte\/#\/schema\/person\/56a2bdb136cd5997b1dd0485f3d105f9\",\"name\":\"Marlies Uken\",\"image\":{\"@type\":\"ImageObject\",\"inLanguage\":\"de\",\"@id\":\"https:\/\/blog.zeit.de\/gruenegeschaefte\/#\/schema\/person\/image\/\",\"url\":\"https:\/\/secure.gravatar.com\/avatar\/1b4c2e971f407a9ead4389a9370b171e45b0ee693342f36fcc448bb9175b9ee2?s=96&d=mm&r=g\",\"contentUrl\":\"https:\/\/secure.gravatar.com\/avatar\/1b4c2e971f407a9ead4389a9370b171e45b0ee693342f36fcc448bb9175b9ee2?s=96&d=mm&r=g\",\"caption\":\"Marlies Uken\"},\"description\":\"ist Redakteurin bei ZEIT ONLINE.\",\"sameAs\":[\"https:\/\/blog.zeit.de\/gruenegeschaefte\/\"],\"url\":\"https:\/\/blog.zeit.de\/gruenegeschaefte\/author\/marlies-uken\/\"}]}<\/script>\n<!-- \/ Yoast SEO plugin. -->","yoast_head_json":{"title":"Offshore-Windpark Butendiek vor Sylt kommt doch - Gr\u00fcne Gesch\u00e4fte","robots":{"index":"index","follow":"follow","max-snippet":"max-snippet:-1","max-image-preview":"max-image-preview:large","max-video-preview":"max-video-preview:-1"},"canonical":"https:\/\/blog.zeit.de\/gruenegeschaefte\/2011\/09\/02\/offshore-windpark-butendiek-vor-sylt-kommt-doch\/","og_locale":"de_DE","og_type":"article","og_title":"Offshore-Windpark Butendiek vor Sylt kommt doch - Gr\u00fcne Gesch\u00e4fte","og_description":"Der Offshore-Windpark Butendiek, rund 34 Kilometer vor Sylt, wird nun doch realisiert. Heute gab der Bremer Projektentwickler wpd bekannt, dass die wichtigsten Auftr\u00e4ge erteilt wurden: Die Fundamente wird der niederl\u00e4ndische Konzern Ballast Nedam liefern, die Windturbinen kommen von Siemens. Das Investitionsvolumen betr\u00e4gt rund 1,2 Milliarden Euro. Das ist eine \u00fcberraschende Wende. Denn urspr\u00fcnglich stand Butendiek [&hellip;]","og_url":"https:\/\/blog.zeit.de\/gruenegeschaefte\/2011\/09\/02\/offshore-windpark-butendiek-vor-sylt-kommt-doch\/","og_site_name":"Gr\u00fcne Gesch\u00e4fte","article_published_time":"2011-09-02T10:44:09+00:00","article_modified_time":"2011-09-02T10:50:40+00:00","author":"Marlies Uken","twitter_card":"summary_large_image","twitter_creator":"@zeitonline","twitter_site":"@zeitonline","twitter_misc":{"Geschrieben von":"Marlies Uken","Gesch\u00e4tzte Lesezeit":"1\u00a0Minute"},"schema":{"@context":"https:\/\/schema.org","@graph":[{"@type":"WebPage","@id":"https:\/\/blog.zeit.de\/gruenegeschaefte\/2011\/09\/02\/offshore-windpark-butendiek-vor-sylt-kommt-doch\/","url":"https:\/\/blog.zeit.de\/gruenegeschaefte\/2011\/09\/02\/offshore-windpark-butendiek-vor-sylt-kommt-doch\/","name":"Offshore-Windpark Butendiek vor Sylt kommt doch - Gr\u00fcne Gesch\u00e4fte","isPartOf":{"@id":"https:\/\/blog.zeit.de\/gruenegeschaefte\/#website"},"datePublished":"2011-09-02T10:44:09+00:00","dateModified":"2011-09-02T10:50:40+00:00","author":{"@id":"https:\/\/blog.zeit.de\/gruenegeschaefte\/#\/schema\/person\/56a2bdb136cd5997b1dd0485f3d105f9"},"breadcrumb":{"@id":"https:\/\/blog.zeit.de\/gruenegeschaefte\/2011\/09\/02\/offshore-windpark-butendiek-vor-sylt-kommt-doch\/#breadcrumb"},"inLanguage":"de","potentialAction":[{"@type":"ReadAction","target":["https:\/\/blog.zeit.de\/gruenegeschaefte\/2011\/09\/02\/offshore-windpark-butendiek-vor-sylt-kommt-doch\/"]}]},{"@type":"BreadcrumbList","@id":"https:\/\/blog.zeit.de\/gruenegeschaefte\/2011\/09\/02\/offshore-windpark-butendiek-vor-sylt-kommt-doch\/#breadcrumb","itemListElement":[{"@type":"ListItem","position":1,"name":"Startseite","item":"https:\/\/blog.zeit.de\/gruenegeschaefte\/"},{"@type":"ListItem","position":2,"name":"Offshore-Windpark Butendiek vor Sylt kommt doch"}]},{"@type":"WebSite","@id":"https:\/\/blog.zeit.de\/gruenegeschaefte\/#website","url":"https:\/\/blog.zeit.de\/gruenegeschaefte\/","name":"Gr\u00fcne Gesch\u00e4fte","description":"Wir k\u00f6nnen&#039;s besser: Das Blog f\u00fcr eine Wirtschaft, die Ressourcen und Klima schont","potentialAction":[{"@type":"SearchAction","target":{"@type":"EntryPoint","urlTemplate":"https:\/\/blog.zeit.de\/gruenegeschaefte\/?s={search_term_string}"},"query-input":"required name=search_term_string"}],"inLanguage":"de"},{"@type":"Person","@id":"https:\/\/blog.zeit.de\/gruenegeschaefte\/#\/schema\/person\/56a2bdb136cd5997b1dd0485f3d105f9","name":"Marlies Uken","image":{"@type":"ImageObject","inLanguage":"de","@id":"https:\/\/blog.zeit.de\/gruenegeschaefte\/#\/schema\/person\/image\/","url":"https:\/\/secure.gravatar.com\/avatar\/1b4c2e971f407a9ead4389a9370b171e45b0ee693342f36fcc448bb9175b9ee2?s=96&d=mm&r=g","contentUrl":"https:\/\/secure.gravatar.com\/avatar\/1b4c2e971f407a9ead4389a9370b171e45b0ee693342f36fcc448bb9175b9ee2?s=96&d=mm&r=g","caption":"Marlies Uken"},"description":"ist Redakteurin bei ZEIT ONLINE.","sameAs":["https:\/\/blog.zeit.de\/gruenegeschaefte\/"],"url":"https:\/\/blog.zeit.de\/gruenegeschaefte\/author\/marlies-uken\/"}]}},"jetpack_featured_media_url":"","jetpack_sharing_enabled":true,"_links":{"self":[{"href":"https:\/\/blog.zeit.de\/gruenegeschaefte\/wp-json\/wp\/v2\/posts\/2708","targetHints":{"allow":["GET"]}}],"collection":[{"href":"https:\/\/blog.zeit.de\/gruenegeschaefte\/wp-json\/wp\/v2\/posts"}],"about":[{"href":"https:\/\/blog.zeit.de\/gruenegeschaefte\/wp-json\/wp\/v2\/types\/post"}],"author":[{"embeddable":true,"href":"https:\/\/blog.zeit.de\/gruenegeschaefte\/wp-json\/wp\/v2\/users\/196"}],"replies":[{"embeddable":true,"href":"https:\/\/blog.zeit.de\/gruenegeschaefte\/wp-json\/wp\/v2\/comments?post=2708"}],"version-history":[{"count":11,"href":"https:\/\/blog.zeit.de\/gruenegeschaefte\/wp-json\/wp\/v2\/posts\/2708\/revisions"}],"predecessor-version":[{"id":2718,"href":"https:\/\/blog.zeit.de\/gruenegeschaefte\/wp-json\/wp\/v2\/posts\/2708\/revisions\/2718"}],"wp:attachment":[{"href":"https:\/\/blog.zeit.de\/gruenegeschaefte\/wp-json\/wp\/v2\/media?parent=2708"}],"wp:term":[{"taxonomy":"category","embeddable":true,"href":"https:\/\/blog.zeit.de\/gruenegeschaefte\/wp-json\/wp\/v2\/categories?post=2708"},{"taxonomy":"post_tag","embeddable":true,"href":"https:\/\/blog.zeit.de\/gruenegeschaefte\/wp-json\/wp\/v2\/tags?post=2708"}],"curies":[{"name":"wp","href":"https:\/\/api.w.org\/{rel}","templated":true}]}}