{"id":2746,"date":"2011-09-09T13:45:40","date_gmt":"2011-09-09T11:45:40","guid":{"rendered":"http:\/\/blog.zeit.de\/gruenegeschaefte\/?p=2746"},"modified":"2011-09-09T18:51:59","modified_gmt":"2011-09-09T16:51:59","slug":"energieeffizient-plantschen-in-lunen","status":"publish","type":"post","link":"https:\/\/blog.zeit.de\/gruenegeschaefte\/2011\/09\/09\/energieeffizient-plantschen-in-lunen\/","title":{"rendered":"Energieeffizient plantschen in L\u00fcnen"},"content":{"rendered":"<p><figure id=\"attachment_2751\" aria-describedby=\"caption-attachment-2751\" style=\"width: 150px\" class=\"wp-caption alignleft\"><a href=\"https:\/\/blog.zeit.de\/gruenegeschaefte\/files\/2011\/09\/lippebad5.jpg\"><img loading=\"lazy\" decoding=\"async\" class=\"size-thumbnail wp-image-2751 \" title=\"Copyright: B\u00e4dergesellschaft L\u00fcnen\" src=\"https:\/\/blog.zeit.de\/gruenegeschaefte\/files\/2011\/09\/lippebad5-150x150.jpg\" alt=\"Copyright: B\u00e4dergesellschaft L\u00fcnen\" width=\"150\" height=\"150\" \/><\/a><figcaption id=\"caption-attachment-2751\" class=\"wp-caption-text\">Copyright: B\u00e4dergesellschaft L\u00fcnen<\/figcaption><\/figure><\/p>\n<p>P\u00fcnktlich zum Wochenende eine So-geht-es-auch-Meldung aus der Provinz. Im westf\u00e4lischen L\u00fcnen (Insidern von Ihnen sicherlich bekannt als Standort f\u00fcr <a href=\"http:\/\/www.zeit.de\/wirtschaft\/unternehmen\/2011-08\/rohstoff-kupfer\" target=\"_blank\">die weltgr\u00f6\u00dfte Kupferrecycling-Anlage<\/a>) er\u00f6ffnet heute das erste Hallenbad mit Passivhaus-Standard Europas. Dank verbesserter W\u00e4rmed\u00e4mmung und einer Dreifach-Verglasung soll <a href=\"http:\/\/www.baeder-luenen.de\/\" target=\"_blank\">das neue Lippe Bad<\/a> rund 50 Prozent Energiekosten einsparen. Versorgt wird das Hallenbad \u00fcber ein Blockheizkraftwerk, das mit Biogas l\u00e4uft. Die anfallende W\u00e4rme wird gleich daf\u00fcr genutzt, das Badewasser zu erw\u00e4rmen. Passenderweise wurde an dem Standort gleich ein ehemaliges Fernheizkraftwerk aus dem Jahr 1968 topsaniert und in den Bau intergriert. Es beherbergt nun eine 25 Meter-Schwimmbahn.<\/p>\n<p>193.000 Euro will L\u00fcnen j\u00e4hrlich an Energiekosten einsparen. F\u00fcr die dauerhaft klammen Kommunen und St\u00e4dte ist das schon mal eine Ansage. Die Deutsche Bundesstiftung Umwelt,<a href=\"http:\/\/www.dbu.de\/123artikel31945_335.html\" target=\"_blank\"> die den Umbau gef\u00f6rdert hat<\/a>, spricht daher von einem &#8222;\u00f6kologischen Leuchtturmprojekt&#8220;. Bei rund 3500 Hallenb\u00e4dern in Deutschland gebe es noch erhebliches Einsparpotenzial.<\/p>\n","protected":false},"excerpt":{"rendered":"<p>P\u00fcnktlich zum Wochenende eine So-geht-es-auch-Meldung aus der Provinz. Im westf\u00e4lischen L\u00fcnen (Insidern von Ihnen sicherlich bekannt als Standort f\u00fcr die weltgr\u00f6\u00dfte Kupferrecycling-Anlage) er\u00f6ffnet heute das erste Hallenbad mit Passivhaus-Standard Europas. Dank verbesserter W\u00e4rmed\u00e4mmung und einer Dreifach-Verglasung soll das neue Lippe Bad rund 50 Prozent Energiekosten einsparen. Versorgt wird das Hallenbad \u00fcber ein Blockheizkraftwerk, das mit [&hellip;]<\/p>\n","protected":false},"author":196,"featured_media":0,"comment_status":"open","ping_status":"open","sticky":false,"template":"","format":"standard","meta":{"_jetpack_memberships_contains_paid_content":false,"footnotes":""},"categories":[1123],"tags":[],"class_list":["post-2746","post","type-post","status-publish","format-standard","hentry","category-energieeffizienz"],"yoast_head":"<!-- This site is optimized with the Yoast SEO plugin v21.0 - https:\/\/yoast.com\/wordpress\/plugins\/seo\/ -->\n<title>Energieeffizient plantschen in L\u00fcnen - Gr\u00fcne Gesch\u00e4fte<\/title>\n<meta name=\"robots\" content=\"index, follow, max-snippet:-1, max-image-preview:large, max-video-preview:-1\" \/>\n<link rel=\"canonical\" href=\"https:\/\/blog.zeit.de\/gruenegeschaefte\/2011\/09\/09\/energieeffizient-plantschen-in-lunen\/\" \/>\n<meta property=\"og:locale\" content=\"de_DE\" \/>\n<meta property=\"og:type\" content=\"article\" \/>\n<meta property=\"og:title\" content=\"Energieeffizient plantschen in L\u00fcnen - Gr\u00fcne Gesch\u00e4fte\" \/>\n<meta property=\"og:description\" content=\"P\u00fcnktlich zum Wochenende eine So-geht-es-auch-Meldung aus der Provinz. Im westf\u00e4lischen L\u00fcnen (Insidern von Ihnen sicherlich bekannt als Standort f\u00fcr die weltgr\u00f6\u00dfte Kupferrecycling-Anlage) er\u00f6ffnet heute das erste Hallenbad mit Passivhaus-Standard Europas. Dank verbesserter W\u00e4rmed\u00e4mmung und einer Dreifach-Verglasung soll das neue Lippe Bad rund 50 Prozent Energiekosten einsparen. Versorgt wird das Hallenbad \u00fcber ein Blockheizkraftwerk, das mit [&hellip;]\" \/>\n<meta property=\"og:url\" content=\"https:\/\/blog.zeit.de\/gruenegeschaefte\/2011\/09\/09\/energieeffizient-plantschen-in-lunen\/\" \/>\n<meta property=\"og:site_name\" content=\"Gr\u00fcne Gesch\u00e4fte\" \/>\n<meta property=\"article:published_time\" content=\"2011-09-09T11:45:40+00:00\" \/>\n<meta property=\"article:modified_time\" content=\"2011-09-09T16:51:59+00:00\" \/>\n<meta property=\"og:image\" content=\"https:\/\/blog.zeit.de\/gruenegeschaefte\/files\/2011\/09\/lippebad5-150x150.jpg\" \/>\n<meta name=\"author\" content=\"Marlies Uken\" \/>\n<meta name=\"twitter:card\" content=\"summary_large_image\" \/>\n<meta name=\"twitter:creator\" content=\"@zeitonline\" \/>\n<meta name=\"twitter:site\" content=\"@zeitonline\" \/>\n<meta name=\"twitter:label1\" content=\"Geschrieben von\" \/>\n\t<meta name=\"twitter:data1\" content=\"Marlies Uken\" \/>\n\t<meta name=\"twitter:label2\" content=\"Gesch\u00e4tzte Lesezeit\" \/>\n\t<meta name=\"twitter:data2\" content=\"1\u00a0Minute\" \/>\n<script type=\"application\/ld+json\" class=\"yoast-schema-graph\">{\"@context\":\"https:\/\/schema.org\",\"@graph\":[{\"@type\":\"WebPage\",\"@id\":\"https:\/\/blog.zeit.de\/gruenegeschaefte\/2011\/09\/09\/energieeffizient-plantschen-in-lunen\/\",\"url\":\"https:\/\/blog.zeit.de\/gruenegeschaefte\/2011\/09\/09\/energieeffizient-plantschen-in-lunen\/\",\"name\":\"Energieeffizient plantschen in L\u00fcnen - Gr\u00fcne Gesch\u00e4fte\",\"isPartOf\":{\"@id\":\"https:\/\/blog.zeit.de\/gruenegeschaefte\/#website\"},\"datePublished\":\"2011-09-09T11:45:40+00:00\",\"dateModified\":\"2011-09-09T16:51:59+00:00\",\"author\":{\"@id\":\"https:\/\/blog.zeit.de\/gruenegeschaefte\/#\/schema\/person\/56a2bdb136cd5997b1dd0485f3d105f9\"},\"breadcrumb\":{\"@id\":\"https:\/\/blog.zeit.de\/gruenegeschaefte\/2011\/09\/09\/energieeffizient-plantschen-in-lunen\/#breadcrumb\"},\"inLanguage\":\"de\",\"potentialAction\":[{\"@type\":\"ReadAction\",\"target\":[\"https:\/\/blog.zeit.de\/gruenegeschaefte\/2011\/09\/09\/energieeffizient-plantschen-in-lunen\/\"]}]},{\"@type\":\"BreadcrumbList\",\"@id\":\"https:\/\/blog.zeit.de\/gruenegeschaefte\/2011\/09\/09\/energieeffizient-plantschen-in-lunen\/#breadcrumb\",\"itemListElement\":[{\"@type\":\"ListItem\",\"position\":1,\"name\":\"Startseite\",\"item\":\"https:\/\/blog.zeit.de\/gruenegeschaefte\/\"},{\"@type\":\"ListItem\",\"position\":2,\"name\":\"Energieeffizient plantschen in L\u00fcnen\"}]},{\"@type\":\"WebSite\",\"@id\":\"https:\/\/blog.zeit.de\/gruenegeschaefte\/#website\",\"url\":\"https:\/\/blog.zeit.de\/gruenegeschaefte\/\",\"name\":\"Gr\u00fcne Gesch\u00e4fte\",\"description\":\"Wir k\u00f6nnen&#039;s besser: Das Blog f\u00fcr eine Wirtschaft, die Ressourcen und Klima schont\",\"potentialAction\":[{\"@type\":\"SearchAction\",\"target\":{\"@type\":\"EntryPoint\",\"urlTemplate\":\"https:\/\/blog.zeit.de\/gruenegeschaefte\/?s={search_term_string}\"},\"query-input\":\"required name=search_term_string\"}],\"inLanguage\":\"de\"},{\"@type\":\"Person\",\"@id\":\"https:\/\/blog.zeit.de\/gruenegeschaefte\/#\/schema\/person\/56a2bdb136cd5997b1dd0485f3d105f9\",\"name\":\"Marlies Uken\",\"image\":{\"@type\":\"ImageObject\",\"inLanguage\":\"de\",\"@id\":\"https:\/\/blog.zeit.de\/gruenegeschaefte\/#\/schema\/person\/image\/\",\"url\":\"https:\/\/secure.gravatar.com\/avatar\/1b4c2e971f407a9ead4389a9370b171e45b0ee693342f36fcc448bb9175b9ee2?s=96&d=mm&r=g\",\"contentUrl\":\"https:\/\/secure.gravatar.com\/avatar\/1b4c2e971f407a9ead4389a9370b171e45b0ee693342f36fcc448bb9175b9ee2?s=96&d=mm&r=g\",\"caption\":\"Marlies Uken\"},\"description\":\"ist Redakteurin bei ZEIT ONLINE.\",\"sameAs\":[\"https:\/\/blog.zeit.de\/gruenegeschaefte\/\"],\"url\":\"https:\/\/blog.zeit.de\/gruenegeschaefte\/author\/marlies-uken\/\"}]}<\/script>\n<!-- \/ Yoast SEO plugin. -->","yoast_head_json":{"title":"Energieeffizient plantschen in L\u00fcnen - Gr\u00fcne Gesch\u00e4fte","robots":{"index":"index","follow":"follow","max-snippet":"max-snippet:-1","max-image-preview":"max-image-preview:large","max-video-preview":"max-video-preview:-1"},"canonical":"https:\/\/blog.zeit.de\/gruenegeschaefte\/2011\/09\/09\/energieeffizient-plantschen-in-lunen\/","og_locale":"de_DE","og_type":"article","og_title":"Energieeffizient plantschen in L\u00fcnen - Gr\u00fcne Gesch\u00e4fte","og_description":"P\u00fcnktlich zum Wochenende eine So-geht-es-auch-Meldung aus der Provinz. Im westf\u00e4lischen L\u00fcnen (Insidern von Ihnen sicherlich bekannt als Standort f\u00fcr die weltgr\u00f6\u00dfte Kupferrecycling-Anlage) er\u00f6ffnet heute das erste Hallenbad mit Passivhaus-Standard Europas. Dank verbesserter W\u00e4rmed\u00e4mmung und einer Dreifach-Verglasung soll das neue Lippe Bad rund 50 Prozent Energiekosten einsparen. Versorgt wird das Hallenbad \u00fcber ein Blockheizkraftwerk, das mit [&hellip;]","og_url":"https:\/\/blog.zeit.de\/gruenegeschaefte\/2011\/09\/09\/energieeffizient-plantschen-in-lunen\/","og_site_name":"Gr\u00fcne Gesch\u00e4fte","article_published_time":"2011-09-09T11:45:40+00:00","article_modified_time":"2011-09-09T16:51:59+00:00","og_image":[{"url":"https:\/\/blog.zeit.de\/gruenegeschaefte\/files\/2011\/09\/lippebad5-150x150.jpg"}],"author":"Marlies Uken","twitter_card":"summary_large_image","twitter_creator":"@zeitonline","twitter_site":"@zeitonline","twitter_misc":{"Geschrieben von":"Marlies Uken","Gesch\u00e4tzte Lesezeit":"1\u00a0Minute"},"schema":{"@context":"https:\/\/schema.org","@graph":[{"@type":"WebPage","@id":"https:\/\/blog.zeit.de\/gruenegeschaefte\/2011\/09\/09\/energieeffizient-plantschen-in-lunen\/","url":"https:\/\/blog.zeit.de\/gruenegeschaefte\/2011\/09\/09\/energieeffizient-plantschen-in-lunen\/","name":"Energieeffizient plantschen in L\u00fcnen - Gr\u00fcne Gesch\u00e4fte","isPartOf":{"@id":"https:\/\/blog.zeit.de\/gruenegeschaefte\/#website"},"datePublished":"2011-09-09T11:45:40+00:00","dateModified":"2011-09-09T16:51:59+00:00","author":{"@id":"https:\/\/blog.zeit.de\/gruenegeschaefte\/#\/schema\/person\/56a2bdb136cd5997b1dd0485f3d105f9"},"breadcrumb":{"@id":"https:\/\/blog.zeit.de\/gruenegeschaefte\/2011\/09\/09\/energieeffizient-plantschen-in-lunen\/#breadcrumb"},"inLanguage":"de","potentialAction":[{"@type":"ReadAction","target":["https:\/\/blog.zeit.de\/gruenegeschaefte\/2011\/09\/09\/energieeffizient-plantschen-in-lunen\/"]}]},{"@type":"BreadcrumbList","@id":"https:\/\/blog.zeit.de\/gruenegeschaefte\/2011\/09\/09\/energieeffizient-plantschen-in-lunen\/#breadcrumb","itemListElement":[{"@type":"ListItem","position":1,"name":"Startseite","item":"https:\/\/blog.zeit.de\/gruenegeschaefte\/"},{"@type":"ListItem","position":2,"name":"Energieeffizient plantschen in L\u00fcnen"}]},{"@type":"WebSite","@id":"https:\/\/blog.zeit.de\/gruenegeschaefte\/#website","url":"https:\/\/blog.zeit.de\/gruenegeschaefte\/","name":"Gr\u00fcne Gesch\u00e4fte","description":"Wir k\u00f6nnen&#039;s besser: Das Blog f\u00fcr eine Wirtschaft, die Ressourcen und Klima schont","potentialAction":[{"@type":"SearchAction","target":{"@type":"EntryPoint","urlTemplate":"https:\/\/blog.zeit.de\/gruenegeschaefte\/?s={search_term_string}"},"query-input":"required name=search_term_string"}],"inLanguage":"de"},{"@type":"Person","@id":"https:\/\/blog.zeit.de\/gruenegeschaefte\/#\/schema\/person\/56a2bdb136cd5997b1dd0485f3d105f9","name":"Marlies Uken","image":{"@type":"ImageObject","inLanguage":"de","@id":"https:\/\/blog.zeit.de\/gruenegeschaefte\/#\/schema\/person\/image\/","url":"https:\/\/secure.gravatar.com\/avatar\/1b4c2e971f407a9ead4389a9370b171e45b0ee693342f36fcc448bb9175b9ee2?s=96&d=mm&r=g","contentUrl":"https:\/\/secure.gravatar.com\/avatar\/1b4c2e971f407a9ead4389a9370b171e45b0ee693342f36fcc448bb9175b9ee2?s=96&d=mm&r=g","caption":"Marlies Uken"},"description":"ist Redakteurin bei ZEIT ONLINE.","sameAs":["https:\/\/blog.zeit.de\/gruenegeschaefte\/"],"url":"https:\/\/blog.zeit.de\/gruenegeschaefte\/author\/marlies-uken\/"}]}},"jetpack_featured_media_url":"","jetpack_sharing_enabled":true,"_links":{"self":[{"href":"https:\/\/blog.zeit.de\/gruenegeschaefte\/wp-json\/wp\/v2\/posts\/2746","targetHints":{"allow":["GET"]}}],"collection":[{"href":"https:\/\/blog.zeit.de\/gruenegeschaefte\/wp-json\/wp\/v2\/posts"}],"about":[{"href":"https:\/\/blog.zeit.de\/gruenegeschaefte\/wp-json\/wp\/v2\/types\/post"}],"author":[{"embeddable":true,"href":"https:\/\/blog.zeit.de\/gruenegeschaefte\/wp-json\/wp\/v2\/users\/196"}],"replies":[{"embeddable":true,"href":"https:\/\/blog.zeit.de\/gruenegeschaefte\/wp-json\/wp\/v2\/comments?post=2746"}],"version-history":[{"count":12,"href":"https:\/\/blog.zeit.de\/gruenegeschaefte\/wp-json\/wp\/v2\/posts\/2746\/revisions"}],"predecessor-version":[{"id":2759,"href":"https:\/\/blog.zeit.de\/gruenegeschaefte\/wp-json\/wp\/v2\/posts\/2746\/revisions\/2759"}],"wp:attachment":[{"href":"https:\/\/blog.zeit.de\/gruenegeschaefte\/wp-json\/wp\/v2\/media?parent=2746"}],"wp:term":[{"taxonomy":"category","embeddable":true,"href":"https:\/\/blog.zeit.de\/gruenegeschaefte\/wp-json\/wp\/v2\/categories?post=2746"},{"taxonomy":"post_tag","embeddable":true,"href":"https:\/\/blog.zeit.de\/gruenegeschaefte\/wp-json\/wp\/v2\/tags?post=2746"}],"curies":[{"name":"wp","href":"https:\/\/api.w.org\/{rel}","templated":true}]}}