{"id":2825,"date":"2011-09-26T15:00:47","date_gmt":"2011-09-26T13:00:47","guid":{"rendered":"http:\/\/blog.zeit.de\/gruenegeschaefte\/?p=2825"},"modified":"2011-09-26T15:00:47","modified_gmt":"2011-09-26T13:00:47","slug":"eine-tax-on-fish-lost-die-uberfischung-nicht","status":"publish","type":"post","link":"https:\/\/blog.zeit.de\/gruenegeschaefte\/2011\/09\/26\/eine-tax-on-fish-lost-die-uberfischung-nicht\/","title":{"rendered":"Eine &#8222;Tax on Fish&#8220; l\u00f6st die \u00dcberfischung nicht"},"content":{"rendered":"<p>Es klingt einfach und einleuchtend: Um die \u00dcberfischung vor den K\u00fcsten Afrikas zu beenden (f\u00fcr <a href=\"http:\/\/www.mare.de\/index.php?article_id=2394\" target=\"_blank\">Mare<\/a> habe ich einmal dar\u00fcber ausf\u00fchrlich berichtet), schl\u00e4gt eine <a href=\"http:\/\/www.sciencedaily.com\/releases\/2011\/09\/110921142029.htm\" target=\"_blank\">neue Studie<\/a> eine Art &#8222;Fischerei-Steuer&#8220; vor. Der \u00d6konom Kofi Vondolia von der Universit\u00e4t G\u00f6teborg untescheidet\u00a0dabei zwischen den Fischgr\u00fcnden in der N\u00e4he der K\u00fcste und denen weiter drau\u00dfen. Letztere sind in der Regel schwer von der lokalen Bev\u00f6lkerung in ihren kleinen Kuttern zu erreichen, in der Regel fischen in diesen Offshore-Gr\u00fcnde vor allem internationale Konzerne mit gro\u00dfen Industrietrawlern.<\/p>\n<p>Mit schwer wiegenden Folgen: Die Offshore-Fanggr\u00fcnde werden einfach im gro\u00dfen Stil gepl\u00fcndert. Und die lokale Bev\u00f6lkerung profitiert in keinster Weise, im Gegenteil, ihre eigenen Gr\u00fcnde schwinden immer weiter und auch immer schneller.<\/p>\n<p>Und genau da setzt Vondolias Steuer an. Er schl\u00e4gt eine Steuer f\u00fcr die Offshore-Fischerei vor:<\/p>\n<blockquote><p><em>&#8222;If the government in a coastal developing country holds reliable  data  on the factors relevant to fishing taxation, they can use our   bioeconomic model to set an optimum taxation level for foreign ships   undertaking offshore fishing within the economic zone of that country,&#8220;   says Kofi Vondolia. <\/em><\/p><\/blockquote>\n<p>Das heisst: Eine Steuer auf das Fischen vor Afrikas K\u00fcste sollte so hochausfallen, dass von ihren Erl\u00f6sen die lokalen Fischer profitieren. Oder sie soll sogar so hoch sein, dass das Fischen sich f\u00fcr ausl\u00e4ndische Fischereikonzerne nicht mehr lohnt.<\/p>\n<p>Doch ist das tats\u00e4chlich eine L\u00f6sung? Fischereiexperten sind da skeptisch. Es mache doch keinen Sinn, dass gerade die gro\u00dfen Thunfischflotten, die vor Afrikas K\u00fcste aktiv sind, f\u00fcr ihre \u00f6kologischen und \u00f6konomischen Sch\u00e4den zahlen k\u00f6nnten, wenn doch eigentlich diese Sch\u00e4den erst gar nicht passieren sollten, sagt etwa Beatrice Gorez von der Initiative <a href=\"http:\/\/www.cape-cffa.org\/?lang=en\" target=\"_blank\">Coalition for Fair Fisheries Arrangements <\/a>in Br\u00fcssel.<\/p>\n<p>Tats\u00e4chlich sind die Meere inzwischen so \u00fcberfischt, dass eine Steuer das Problem wohl nicht mehr l\u00f6sen kann. Stattdessen muss es wohl besser richtige Tabuzonen geben, damit sich die Best\u00e4nde wieder erholen k\u00f6nnen. Und das bedeutet am Ende auch, ehrlicherweise, h\u00f6here Preise f\u00fcr Fisch. <em><br \/>\n<\/em><\/p>\n","protected":false},"excerpt":{"rendered":"<p>Es klingt einfach und einleuchtend: Um die \u00dcberfischung vor den K\u00fcsten Afrikas zu beenden (f\u00fcr Mare habe ich einmal dar\u00fcber ausf\u00fchrlich berichtet), schl\u00e4gt eine neue Studie eine Art &#8222;Fischerei-Steuer&#8220; vor. Der \u00d6konom Kofi Vondolia von der Universit\u00e4t G\u00f6teborg untescheidet\u00a0dabei zwischen den Fischgr\u00fcnden in der N\u00e4he der K\u00fcste und denen weiter drau\u00dfen. Letztere sind in der [&hellip;]<\/p>\n","protected":false},"author":196,"featured_media":0,"comment_status":"open","ping_status":"open","sticky":false,"template":"","format":"standard","meta":{"_jetpack_memberships_contains_paid_content":false,"footnotes":""},"categories":[2556,2417,11061],"tags":[],"class_list":["post-2825","post","type-post","status-publish","format-standard","hentry","category-agrar","category-konsum","category-meer"],"yoast_head":"<!-- This site is optimized with the Yoast SEO plugin v21.0 - https:\/\/yoast.com\/wordpress\/plugins\/seo\/ -->\n<title>Eine &quot;Tax on Fish&quot; l\u00f6st die \u00dcberfischung nicht - Gr\u00fcne Gesch\u00e4fte<\/title>\n<meta name=\"robots\" content=\"index, follow, max-snippet:-1, max-image-preview:large, max-video-preview:-1\" \/>\n<link rel=\"canonical\" href=\"https:\/\/blog.zeit.de\/gruenegeschaefte\/2011\/09\/26\/eine-tax-on-fish-lost-die-uberfischung-nicht\/\" \/>\n<meta property=\"og:locale\" content=\"de_DE\" \/>\n<meta property=\"og:type\" content=\"article\" \/>\n<meta property=\"og:title\" content=\"Eine &quot;Tax on Fish&quot; l\u00f6st die \u00dcberfischung nicht - Gr\u00fcne Gesch\u00e4fte\" \/>\n<meta property=\"og:description\" content=\"Es klingt einfach und einleuchtend: Um die \u00dcberfischung vor den K\u00fcsten Afrikas zu beenden (f\u00fcr Mare habe ich einmal dar\u00fcber ausf\u00fchrlich berichtet), schl\u00e4gt eine neue Studie eine Art &#8222;Fischerei-Steuer&#8220; vor. Der \u00d6konom Kofi Vondolia von der Universit\u00e4t G\u00f6teborg untescheidet\u00a0dabei zwischen den Fischgr\u00fcnden in der N\u00e4he der K\u00fcste und denen weiter drau\u00dfen. Letztere sind in der [&hellip;]\" \/>\n<meta property=\"og:url\" content=\"https:\/\/blog.zeit.de\/gruenegeschaefte\/2011\/09\/26\/eine-tax-on-fish-lost-die-uberfischung-nicht\/\" \/>\n<meta property=\"og:site_name\" content=\"Gr\u00fcne Gesch\u00e4fte\" \/>\n<meta property=\"article:published_time\" content=\"2011-09-26T13:00:47+00:00\" \/>\n<meta name=\"author\" content=\"Marlies Uken\" \/>\n<meta name=\"twitter:card\" content=\"summary_large_image\" \/>\n<meta name=\"twitter:creator\" content=\"@zeitonline\" \/>\n<meta name=\"twitter:site\" content=\"@zeitonline\" \/>\n<meta name=\"twitter:label1\" content=\"Geschrieben von\" \/>\n\t<meta name=\"twitter:data1\" content=\"Marlies Uken\" \/>\n\t<meta name=\"twitter:label2\" content=\"Gesch\u00e4tzte Lesezeit\" \/>\n\t<meta name=\"twitter:data2\" content=\"2\u00a0Minuten\" \/>\n<script type=\"application\/ld+json\" class=\"yoast-schema-graph\">{\"@context\":\"https:\/\/schema.org\",\"@graph\":[{\"@type\":\"WebPage\",\"@id\":\"https:\/\/blog.zeit.de\/gruenegeschaefte\/2011\/09\/26\/eine-tax-on-fish-lost-die-uberfischung-nicht\/\",\"url\":\"https:\/\/blog.zeit.de\/gruenegeschaefte\/2011\/09\/26\/eine-tax-on-fish-lost-die-uberfischung-nicht\/\",\"name\":\"Eine \\\"Tax on Fish\\\" l\u00f6st die \u00dcberfischung nicht - Gr\u00fcne Gesch\u00e4fte\",\"isPartOf\":{\"@id\":\"https:\/\/blog.zeit.de\/gruenegeschaefte\/#website\"},\"datePublished\":\"2011-09-26T13:00:47+00:00\",\"dateModified\":\"2011-09-26T13:00:47+00:00\",\"author\":{\"@id\":\"https:\/\/blog.zeit.de\/gruenegeschaefte\/#\/schema\/person\/56a2bdb136cd5997b1dd0485f3d105f9\"},\"breadcrumb\":{\"@id\":\"https:\/\/blog.zeit.de\/gruenegeschaefte\/2011\/09\/26\/eine-tax-on-fish-lost-die-uberfischung-nicht\/#breadcrumb\"},\"inLanguage\":\"de\",\"potentialAction\":[{\"@type\":\"ReadAction\",\"target\":[\"https:\/\/blog.zeit.de\/gruenegeschaefte\/2011\/09\/26\/eine-tax-on-fish-lost-die-uberfischung-nicht\/\"]}]},{\"@type\":\"BreadcrumbList\",\"@id\":\"https:\/\/blog.zeit.de\/gruenegeschaefte\/2011\/09\/26\/eine-tax-on-fish-lost-die-uberfischung-nicht\/#breadcrumb\",\"itemListElement\":[{\"@type\":\"ListItem\",\"position\":1,\"name\":\"Startseite\",\"item\":\"https:\/\/blog.zeit.de\/gruenegeschaefte\/\"},{\"@type\":\"ListItem\",\"position\":2,\"name\":\"Eine &#8222;Tax on Fish&#8220; l\u00f6st die \u00dcberfischung nicht\"}]},{\"@type\":\"WebSite\",\"@id\":\"https:\/\/blog.zeit.de\/gruenegeschaefte\/#website\",\"url\":\"https:\/\/blog.zeit.de\/gruenegeschaefte\/\",\"name\":\"Gr\u00fcne Gesch\u00e4fte\",\"description\":\"Wir k\u00f6nnen&#039;s besser: Das Blog f\u00fcr eine Wirtschaft, die Ressourcen und Klima schont\",\"potentialAction\":[{\"@type\":\"SearchAction\",\"target\":{\"@type\":\"EntryPoint\",\"urlTemplate\":\"https:\/\/blog.zeit.de\/gruenegeschaefte\/?s={search_term_string}\"},\"query-input\":\"required name=search_term_string\"}],\"inLanguage\":\"de\"},{\"@type\":\"Person\",\"@id\":\"https:\/\/blog.zeit.de\/gruenegeschaefte\/#\/schema\/person\/56a2bdb136cd5997b1dd0485f3d105f9\",\"name\":\"Marlies Uken\",\"image\":{\"@type\":\"ImageObject\",\"inLanguage\":\"de\",\"@id\":\"https:\/\/blog.zeit.de\/gruenegeschaefte\/#\/schema\/person\/image\/\",\"url\":\"https:\/\/secure.gravatar.com\/avatar\/1b4c2e971f407a9ead4389a9370b171e45b0ee693342f36fcc448bb9175b9ee2?s=96&d=mm&r=g\",\"contentUrl\":\"https:\/\/secure.gravatar.com\/avatar\/1b4c2e971f407a9ead4389a9370b171e45b0ee693342f36fcc448bb9175b9ee2?s=96&d=mm&r=g\",\"caption\":\"Marlies Uken\"},\"description\":\"ist Redakteurin bei ZEIT ONLINE.\",\"sameAs\":[\"https:\/\/blog.zeit.de\/gruenegeschaefte\/\"],\"url\":\"https:\/\/blog.zeit.de\/gruenegeschaefte\/author\/marlies-uken\/\"}]}<\/script>\n<!-- \/ Yoast SEO plugin. -->","yoast_head_json":{"title":"Eine \"Tax on Fish\" l\u00f6st die \u00dcberfischung nicht - Gr\u00fcne Gesch\u00e4fte","robots":{"index":"index","follow":"follow","max-snippet":"max-snippet:-1","max-image-preview":"max-image-preview:large","max-video-preview":"max-video-preview:-1"},"canonical":"https:\/\/blog.zeit.de\/gruenegeschaefte\/2011\/09\/26\/eine-tax-on-fish-lost-die-uberfischung-nicht\/","og_locale":"de_DE","og_type":"article","og_title":"Eine \"Tax on Fish\" l\u00f6st die \u00dcberfischung nicht - Gr\u00fcne Gesch\u00e4fte","og_description":"Es klingt einfach und einleuchtend: Um die \u00dcberfischung vor den K\u00fcsten Afrikas zu beenden (f\u00fcr Mare habe ich einmal dar\u00fcber ausf\u00fchrlich berichtet), schl\u00e4gt eine neue Studie eine Art &#8222;Fischerei-Steuer&#8220; vor. Der \u00d6konom Kofi Vondolia von der Universit\u00e4t G\u00f6teborg untescheidet\u00a0dabei zwischen den Fischgr\u00fcnden in der N\u00e4he der K\u00fcste und denen weiter drau\u00dfen. Letztere sind in der [&hellip;]","og_url":"https:\/\/blog.zeit.de\/gruenegeschaefte\/2011\/09\/26\/eine-tax-on-fish-lost-die-uberfischung-nicht\/","og_site_name":"Gr\u00fcne Gesch\u00e4fte","article_published_time":"2011-09-26T13:00:47+00:00","author":"Marlies Uken","twitter_card":"summary_large_image","twitter_creator":"@zeitonline","twitter_site":"@zeitonline","twitter_misc":{"Geschrieben von":"Marlies Uken","Gesch\u00e4tzte Lesezeit":"2\u00a0Minuten"},"schema":{"@context":"https:\/\/schema.org","@graph":[{"@type":"WebPage","@id":"https:\/\/blog.zeit.de\/gruenegeschaefte\/2011\/09\/26\/eine-tax-on-fish-lost-die-uberfischung-nicht\/","url":"https:\/\/blog.zeit.de\/gruenegeschaefte\/2011\/09\/26\/eine-tax-on-fish-lost-die-uberfischung-nicht\/","name":"Eine \"Tax on Fish\" l\u00f6st die \u00dcberfischung nicht - Gr\u00fcne Gesch\u00e4fte","isPartOf":{"@id":"https:\/\/blog.zeit.de\/gruenegeschaefte\/#website"},"datePublished":"2011-09-26T13:00:47+00:00","dateModified":"2011-09-26T13:00:47+00:00","author":{"@id":"https:\/\/blog.zeit.de\/gruenegeschaefte\/#\/schema\/person\/56a2bdb136cd5997b1dd0485f3d105f9"},"breadcrumb":{"@id":"https:\/\/blog.zeit.de\/gruenegeschaefte\/2011\/09\/26\/eine-tax-on-fish-lost-die-uberfischung-nicht\/#breadcrumb"},"inLanguage":"de","potentialAction":[{"@type":"ReadAction","target":["https:\/\/blog.zeit.de\/gruenegeschaefte\/2011\/09\/26\/eine-tax-on-fish-lost-die-uberfischung-nicht\/"]}]},{"@type":"BreadcrumbList","@id":"https:\/\/blog.zeit.de\/gruenegeschaefte\/2011\/09\/26\/eine-tax-on-fish-lost-die-uberfischung-nicht\/#breadcrumb","itemListElement":[{"@type":"ListItem","position":1,"name":"Startseite","item":"https:\/\/blog.zeit.de\/gruenegeschaefte\/"},{"@type":"ListItem","position":2,"name":"Eine &#8222;Tax on Fish&#8220; l\u00f6st die \u00dcberfischung nicht"}]},{"@type":"WebSite","@id":"https:\/\/blog.zeit.de\/gruenegeschaefte\/#website","url":"https:\/\/blog.zeit.de\/gruenegeschaefte\/","name":"Gr\u00fcne Gesch\u00e4fte","description":"Wir k\u00f6nnen&#039;s besser: Das Blog f\u00fcr eine Wirtschaft, die Ressourcen und Klima schont","potentialAction":[{"@type":"SearchAction","target":{"@type":"EntryPoint","urlTemplate":"https:\/\/blog.zeit.de\/gruenegeschaefte\/?s={search_term_string}"},"query-input":"required name=search_term_string"}],"inLanguage":"de"},{"@type":"Person","@id":"https:\/\/blog.zeit.de\/gruenegeschaefte\/#\/schema\/person\/56a2bdb136cd5997b1dd0485f3d105f9","name":"Marlies Uken","image":{"@type":"ImageObject","inLanguage":"de","@id":"https:\/\/blog.zeit.de\/gruenegeschaefte\/#\/schema\/person\/image\/","url":"https:\/\/secure.gravatar.com\/avatar\/1b4c2e971f407a9ead4389a9370b171e45b0ee693342f36fcc448bb9175b9ee2?s=96&d=mm&r=g","contentUrl":"https:\/\/secure.gravatar.com\/avatar\/1b4c2e971f407a9ead4389a9370b171e45b0ee693342f36fcc448bb9175b9ee2?s=96&d=mm&r=g","caption":"Marlies Uken"},"description":"ist Redakteurin bei ZEIT ONLINE.","sameAs":["https:\/\/blog.zeit.de\/gruenegeschaefte\/"],"url":"https:\/\/blog.zeit.de\/gruenegeschaefte\/author\/marlies-uken\/"}]}},"jetpack_featured_media_url":"","jetpack_sharing_enabled":true,"_links":{"self":[{"href":"https:\/\/blog.zeit.de\/gruenegeschaefte\/wp-json\/wp\/v2\/posts\/2825","targetHints":{"allow":["GET"]}}],"collection":[{"href":"https:\/\/blog.zeit.de\/gruenegeschaefte\/wp-json\/wp\/v2\/posts"}],"about":[{"href":"https:\/\/blog.zeit.de\/gruenegeschaefte\/wp-json\/wp\/v2\/types\/post"}],"author":[{"embeddable":true,"href":"https:\/\/blog.zeit.de\/gruenegeschaefte\/wp-json\/wp\/v2\/users\/196"}],"replies":[{"embeddable":true,"href":"https:\/\/blog.zeit.de\/gruenegeschaefte\/wp-json\/wp\/v2\/comments?post=2825"}],"version-history":[{"count":7,"href":"https:\/\/blog.zeit.de\/gruenegeschaefte\/wp-json\/wp\/v2\/posts\/2825\/revisions"}],"predecessor-version":[{"id":2832,"href":"https:\/\/blog.zeit.de\/gruenegeschaefte\/wp-json\/wp\/v2\/posts\/2825\/revisions\/2832"}],"wp:attachment":[{"href":"https:\/\/blog.zeit.de\/gruenegeschaefte\/wp-json\/wp\/v2\/media?parent=2825"}],"wp:term":[{"taxonomy":"category","embeddable":true,"href":"https:\/\/blog.zeit.de\/gruenegeschaefte\/wp-json\/wp\/v2\/categories?post=2825"},{"taxonomy":"post_tag","embeddable":true,"href":"https:\/\/blog.zeit.de\/gruenegeschaefte\/wp-json\/wp\/v2\/tags?post=2825"}],"curies":[{"name":"wp","href":"https:\/\/api.w.org\/{rel}","templated":true}]}}