{"id":2870,"date":"2011-10-11T18:18:47","date_gmt":"2011-10-11T16:18:47","guid":{"rendered":"http:\/\/blog.zeit.de\/gruenegeschaefte\/?p=2870"},"modified":"2011-10-11T18:18:47","modified_gmt":"2011-10-11T16:18:47","slug":"diesmal-durre-tuvalu-erneut-opfer-des-klimawandels","status":"publish","type":"post","link":"https:\/\/blog.zeit.de\/gruenegeschaefte\/2011\/10\/11\/diesmal-durre-tuvalu-erneut-opfer-des-klimawandels\/","title":{"rendered":"Diesmal D\u00fcrre: Tuvalu erneut Opfer des Klimawandels"},"content":{"rendered":"<p>&#8230; was muss Tuvalu, einer der kleinsten Staat der Welt, eine Inselansammlung irgendwo im Pazifik, nicht alles mitmachen. Seit Jahren warnt die Regierung der etwa 11.000 Einwohner schon davor, dass Tuvalu als eines der ersten L\u00e4nder wegen des Klimawandels verschwinden wird. Der ansteigende Meeresspiegel wird die Inseln einfach verschlucken.<\/p>\n<p>Jetzt aber hat das Land mit einer extremen D\u00fcrre zu k\u00e4mpfen. Glaubt man <a href=\"http:\/\/www.abc.net.au\/unleashed\/3497128.html\">Medienberichten<\/a>\u00a0 aus der Region, dann reichen die Trinkwasservorr\u00e4te f\u00fcr gerade noch drei Tage. In der Hauptstadt wurde bereits das Trinkwasser rationiert und Australien und Neuseeland liefern Meerwasserentsalzungsanlagen. Der <a href=\"http:\/\/www.economist.com\/blogs\/banyan\/2011\/10\/south-pacifics-water-crisis\"><em>Economist<\/em><\/a> berichtet, dass die Regef\u00e4lle in diesem Jahr ausgeblieben sind und wegen des steigenden Meeresspiegels die Grundwasservorr\u00e4te versalzen.<\/p>\n<p>Erinnert sich noch jemand an <a href=\"http:\/\/www.zeit.de\/politik\/ausland\/2009-12\/kopenhagen-wochenbilanz\">Tuvalus Hilfeschrei<\/a> auf der Klimakonferenz in Kopenhagen?<\/p>\n","protected":false},"excerpt":{"rendered":"<p>&#8230; was muss Tuvalu, einer der kleinsten Staat der Welt, eine Inselansammlung irgendwo im Pazifik, nicht alles mitmachen. Seit Jahren warnt die Regierung der etwa 11.000 Einwohner schon davor, dass Tuvalu als eines der ersten L\u00e4nder wegen des Klimawandels verschwinden wird. Der ansteigende Meeresspiegel wird die Inseln einfach verschlucken. Jetzt aber hat das Land mit [&hellip;]<\/p>\n","protected":false},"author":196,"featured_media":0,"comment_status":"open","ping_status":"open","sticky":false,"template":"","format":"standard","meta":{"_jetpack_memberships_contains_paid_content":false,"footnotes":""},"categories":[1132],"tags":[],"class_list":["post-2870","post","type-post","status-publish","format-standard","hentry","category-klima"],"yoast_head":"<!-- This site is optimized with the Yoast SEO plugin v21.0 - https:\/\/yoast.com\/wordpress\/plugins\/seo\/ -->\n<title>Diesmal D\u00fcrre: Tuvalu erneut Opfer des Klimawandels  - Gr\u00fcne Gesch\u00e4fte<\/title>\n<meta name=\"robots\" content=\"index, follow, max-snippet:-1, max-image-preview:large, max-video-preview:-1\" \/>\n<link rel=\"canonical\" href=\"https:\/\/blog.zeit.de\/gruenegeschaefte\/2011\/10\/11\/diesmal-durre-tuvalu-erneut-opfer-des-klimawandels\/\" \/>\n<meta property=\"og:locale\" content=\"de_DE\" \/>\n<meta property=\"og:type\" content=\"article\" \/>\n<meta property=\"og:title\" content=\"Diesmal D\u00fcrre: Tuvalu erneut Opfer des Klimawandels  - Gr\u00fcne Gesch\u00e4fte\" \/>\n<meta property=\"og:description\" content=\"&#8230; was muss Tuvalu, einer der kleinsten Staat der Welt, eine Inselansammlung irgendwo im Pazifik, nicht alles mitmachen. Seit Jahren warnt die Regierung der etwa 11.000 Einwohner schon davor, dass Tuvalu als eines der ersten L\u00e4nder wegen des Klimawandels verschwinden wird. Der ansteigende Meeresspiegel wird die Inseln einfach verschlucken. Jetzt aber hat das Land mit [&hellip;]\" \/>\n<meta property=\"og:url\" content=\"https:\/\/blog.zeit.de\/gruenegeschaefte\/2011\/10\/11\/diesmal-durre-tuvalu-erneut-opfer-des-klimawandels\/\" \/>\n<meta property=\"og:site_name\" content=\"Gr\u00fcne Gesch\u00e4fte\" \/>\n<meta property=\"article:published_time\" content=\"2011-10-11T16:18:47+00:00\" \/>\n<meta name=\"author\" content=\"Marlies Uken\" \/>\n<meta name=\"twitter:card\" content=\"summary_large_image\" \/>\n<meta name=\"twitter:creator\" content=\"@zeitonline\" \/>\n<meta name=\"twitter:site\" content=\"@zeitonline\" \/>\n<meta name=\"twitter:label1\" content=\"Geschrieben von\" \/>\n\t<meta name=\"twitter:data1\" content=\"Marlies Uken\" \/>\n\t<meta name=\"twitter:label2\" content=\"Gesch\u00e4tzte Lesezeit\" \/>\n\t<meta name=\"twitter:data2\" content=\"1\u00a0Minute\" \/>\n<script type=\"application\/ld+json\" class=\"yoast-schema-graph\">{\"@context\":\"https:\/\/schema.org\",\"@graph\":[{\"@type\":\"WebPage\",\"@id\":\"https:\/\/blog.zeit.de\/gruenegeschaefte\/2011\/10\/11\/diesmal-durre-tuvalu-erneut-opfer-des-klimawandels\/\",\"url\":\"https:\/\/blog.zeit.de\/gruenegeschaefte\/2011\/10\/11\/diesmal-durre-tuvalu-erneut-opfer-des-klimawandels\/\",\"name\":\"Diesmal D\u00fcrre: Tuvalu erneut Opfer des Klimawandels - Gr\u00fcne Gesch\u00e4fte\",\"isPartOf\":{\"@id\":\"https:\/\/blog.zeit.de\/gruenegeschaefte\/#website\"},\"datePublished\":\"2011-10-11T16:18:47+00:00\",\"dateModified\":\"2011-10-11T16:18:47+00:00\",\"author\":{\"@id\":\"https:\/\/blog.zeit.de\/gruenegeschaefte\/#\/schema\/person\/56a2bdb136cd5997b1dd0485f3d105f9\"},\"breadcrumb\":{\"@id\":\"https:\/\/blog.zeit.de\/gruenegeschaefte\/2011\/10\/11\/diesmal-durre-tuvalu-erneut-opfer-des-klimawandels\/#breadcrumb\"},\"inLanguage\":\"de\",\"potentialAction\":[{\"@type\":\"ReadAction\",\"target\":[\"https:\/\/blog.zeit.de\/gruenegeschaefte\/2011\/10\/11\/diesmal-durre-tuvalu-erneut-opfer-des-klimawandels\/\"]}]},{\"@type\":\"BreadcrumbList\",\"@id\":\"https:\/\/blog.zeit.de\/gruenegeschaefte\/2011\/10\/11\/diesmal-durre-tuvalu-erneut-opfer-des-klimawandels\/#breadcrumb\",\"itemListElement\":[{\"@type\":\"ListItem\",\"position\":1,\"name\":\"Startseite\",\"item\":\"https:\/\/blog.zeit.de\/gruenegeschaefte\/\"},{\"@type\":\"ListItem\",\"position\":2,\"name\":\"Diesmal D\u00fcrre: Tuvalu erneut Opfer des Klimawandels\"}]},{\"@type\":\"WebSite\",\"@id\":\"https:\/\/blog.zeit.de\/gruenegeschaefte\/#website\",\"url\":\"https:\/\/blog.zeit.de\/gruenegeschaefte\/\",\"name\":\"Gr\u00fcne Gesch\u00e4fte\",\"description\":\"Wir k\u00f6nnen&#039;s besser: Das Blog f\u00fcr eine Wirtschaft, die Ressourcen und Klima schont\",\"potentialAction\":[{\"@type\":\"SearchAction\",\"target\":{\"@type\":\"EntryPoint\",\"urlTemplate\":\"https:\/\/blog.zeit.de\/gruenegeschaefte\/?s={search_term_string}\"},\"query-input\":\"required name=search_term_string\"}],\"inLanguage\":\"de\"},{\"@type\":\"Person\",\"@id\":\"https:\/\/blog.zeit.de\/gruenegeschaefte\/#\/schema\/person\/56a2bdb136cd5997b1dd0485f3d105f9\",\"name\":\"Marlies Uken\",\"image\":{\"@type\":\"ImageObject\",\"inLanguage\":\"de\",\"@id\":\"https:\/\/blog.zeit.de\/gruenegeschaefte\/#\/schema\/person\/image\/\",\"url\":\"https:\/\/secure.gravatar.com\/avatar\/1b4c2e971f407a9ead4389a9370b171e45b0ee693342f36fcc448bb9175b9ee2?s=96&d=mm&r=g\",\"contentUrl\":\"https:\/\/secure.gravatar.com\/avatar\/1b4c2e971f407a9ead4389a9370b171e45b0ee693342f36fcc448bb9175b9ee2?s=96&d=mm&r=g\",\"caption\":\"Marlies Uken\"},\"description\":\"ist Redakteurin bei ZEIT ONLINE.\",\"sameAs\":[\"https:\/\/blog.zeit.de\/gruenegeschaefte\/\"],\"url\":\"https:\/\/blog.zeit.de\/gruenegeschaefte\/author\/marlies-uken\/\"}]}<\/script>\n<!-- \/ Yoast SEO plugin. -->","yoast_head_json":{"title":"Diesmal D\u00fcrre: Tuvalu erneut Opfer des Klimawandels  - Gr\u00fcne Gesch\u00e4fte","robots":{"index":"index","follow":"follow","max-snippet":"max-snippet:-1","max-image-preview":"max-image-preview:large","max-video-preview":"max-video-preview:-1"},"canonical":"https:\/\/blog.zeit.de\/gruenegeschaefte\/2011\/10\/11\/diesmal-durre-tuvalu-erneut-opfer-des-klimawandels\/","og_locale":"de_DE","og_type":"article","og_title":"Diesmal D\u00fcrre: Tuvalu erneut Opfer des Klimawandels  - Gr\u00fcne Gesch\u00e4fte","og_description":"&#8230; was muss Tuvalu, einer der kleinsten Staat der Welt, eine Inselansammlung irgendwo im Pazifik, nicht alles mitmachen. Seit Jahren warnt die Regierung der etwa 11.000 Einwohner schon davor, dass Tuvalu als eines der ersten L\u00e4nder wegen des Klimawandels verschwinden wird. Der ansteigende Meeresspiegel wird die Inseln einfach verschlucken. Jetzt aber hat das Land mit [&hellip;]","og_url":"https:\/\/blog.zeit.de\/gruenegeschaefte\/2011\/10\/11\/diesmal-durre-tuvalu-erneut-opfer-des-klimawandels\/","og_site_name":"Gr\u00fcne Gesch\u00e4fte","article_published_time":"2011-10-11T16:18:47+00:00","author":"Marlies Uken","twitter_card":"summary_large_image","twitter_creator":"@zeitonline","twitter_site":"@zeitonline","twitter_misc":{"Geschrieben von":"Marlies Uken","Gesch\u00e4tzte Lesezeit":"1\u00a0Minute"},"schema":{"@context":"https:\/\/schema.org","@graph":[{"@type":"WebPage","@id":"https:\/\/blog.zeit.de\/gruenegeschaefte\/2011\/10\/11\/diesmal-durre-tuvalu-erneut-opfer-des-klimawandels\/","url":"https:\/\/blog.zeit.de\/gruenegeschaefte\/2011\/10\/11\/diesmal-durre-tuvalu-erneut-opfer-des-klimawandels\/","name":"Diesmal D\u00fcrre: Tuvalu erneut Opfer des Klimawandels - Gr\u00fcne Gesch\u00e4fte","isPartOf":{"@id":"https:\/\/blog.zeit.de\/gruenegeschaefte\/#website"},"datePublished":"2011-10-11T16:18:47+00:00","dateModified":"2011-10-11T16:18:47+00:00","author":{"@id":"https:\/\/blog.zeit.de\/gruenegeschaefte\/#\/schema\/person\/56a2bdb136cd5997b1dd0485f3d105f9"},"breadcrumb":{"@id":"https:\/\/blog.zeit.de\/gruenegeschaefte\/2011\/10\/11\/diesmal-durre-tuvalu-erneut-opfer-des-klimawandels\/#breadcrumb"},"inLanguage":"de","potentialAction":[{"@type":"ReadAction","target":["https:\/\/blog.zeit.de\/gruenegeschaefte\/2011\/10\/11\/diesmal-durre-tuvalu-erneut-opfer-des-klimawandels\/"]}]},{"@type":"BreadcrumbList","@id":"https:\/\/blog.zeit.de\/gruenegeschaefte\/2011\/10\/11\/diesmal-durre-tuvalu-erneut-opfer-des-klimawandels\/#breadcrumb","itemListElement":[{"@type":"ListItem","position":1,"name":"Startseite","item":"https:\/\/blog.zeit.de\/gruenegeschaefte\/"},{"@type":"ListItem","position":2,"name":"Diesmal D\u00fcrre: Tuvalu erneut Opfer des Klimawandels"}]},{"@type":"WebSite","@id":"https:\/\/blog.zeit.de\/gruenegeschaefte\/#website","url":"https:\/\/blog.zeit.de\/gruenegeschaefte\/","name":"Gr\u00fcne Gesch\u00e4fte","description":"Wir k\u00f6nnen&#039;s besser: Das Blog f\u00fcr eine Wirtschaft, die Ressourcen und Klima schont","potentialAction":[{"@type":"SearchAction","target":{"@type":"EntryPoint","urlTemplate":"https:\/\/blog.zeit.de\/gruenegeschaefte\/?s={search_term_string}"},"query-input":"required name=search_term_string"}],"inLanguage":"de"},{"@type":"Person","@id":"https:\/\/blog.zeit.de\/gruenegeschaefte\/#\/schema\/person\/56a2bdb136cd5997b1dd0485f3d105f9","name":"Marlies Uken","image":{"@type":"ImageObject","inLanguage":"de","@id":"https:\/\/blog.zeit.de\/gruenegeschaefte\/#\/schema\/person\/image\/","url":"https:\/\/secure.gravatar.com\/avatar\/1b4c2e971f407a9ead4389a9370b171e45b0ee693342f36fcc448bb9175b9ee2?s=96&d=mm&r=g","contentUrl":"https:\/\/secure.gravatar.com\/avatar\/1b4c2e971f407a9ead4389a9370b171e45b0ee693342f36fcc448bb9175b9ee2?s=96&d=mm&r=g","caption":"Marlies Uken"},"description":"ist Redakteurin bei ZEIT ONLINE.","sameAs":["https:\/\/blog.zeit.de\/gruenegeschaefte\/"],"url":"https:\/\/blog.zeit.de\/gruenegeschaefte\/author\/marlies-uken\/"}]}},"jetpack_featured_media_url":"","jetpack_sharing_enabled":true,"_links":{"self":[{"href":"https:\/\/blog.zeit.de\/gruenegeschaefte\/wp-json\/wp\/v2\/posts\/2870","targetHints":{"allow":["GET"]}}],"collection":[{"href":"https:\/\/blog.zeit.de\/gruenegeschaefte\/wp-json\/wp\/v2\/posts"}],"about":[{"href":"https:\/\/blog.zeit.de\/gruenegeschaefte\/wp-json\/wp\/v2\/types\/post"}],"author":[{"embeddable":true,"href":"https:\/\/blog.zeit.de\/gruenegeschaefte\/wp-json\/wp\/v2\/users\/196"}],"replies":[{"embeddable":true,"href":"https:\/\/blog.zeit.de\/gruenegeschaefte\/wp-json\/wp\/v2\/comments?post=2870"}],"version-history":[{"count":4,"href":"https:\/\/blog.zeit.de\/gruenegeschaefte\/wp-json\/wp\/v2\/posts\/2870\/revisions"}],"predecessor-version":[{"id":2874,"href":"https:\/\/blog.zeit.de\/gruenegeschaefte\/wp-json\/wp\/v2\/posts\/2870\/revisions\/2874"}],"wp:attachment":[{"href":"https:\/\/blog.zeit.de\/gruenegeschaefte\/wp-json\/wp\/v2\/media?parent=2870"}],"wp:term":[{"taxonomy":"category","embeddable":true,"href":"https:\/\/blog.zeit.de\/gruenegeschaefte\/wp-json\/wp\/v2\/categories?post=2870"},{"taxonomy":"post_tag","embeddable":true,"href":"https:\/\/blog.zeit.de\/gruenegeschaefte\/wp-json\/wp\/v2\/tags?post=2870"}],"curies":[{"name":"wp","href":"https:\/\/api.w.org\/{rel}","templated":true}]}}