{"id":311,"date":"2010-01-18T11:08:20","date_gmt":"2010-01-18T10:08:20","guid":{"rendered":"http:\/\/blog.zeit.de\/gruenegeschaefte\/?p=311"},"modified":"2010-01-18T11:52:12","modified_gmt":"2010-01-18T10:52:12","slug":"solar-mehr-innovation-bitte","status":"publish","type":"post","link":"https:\/\/blog.zeit.de\/gruenegeschaefte\/2010\/01\/18\/solar-mehr-innovation-bitte\/","title":{"rendered":"Solar: Mehr Innovation, bitte!"},"content":{"rendered":"<p>F\u00fcr die deutsche Solarwirtschaft wird\u00b4s\u00a0 diese Woche wohl duster: Die neue Bundesregierung erarbeitet zurzeit die \u00c4nderung des Erneuerbare-Energien-Gesetz. Schon zum 1. April &#8211; fr\u00fcher als gedacht &#8211; sollen wohl die Verg\u00fctungss\u00e4tze f\u00fcr Solarmodule einmalig um 16 bis 18 Prozent sinken. Die Politik f\u00fcrchtet eine \u00dcberf\u00f6rderung: Schlie\u00dflich erh\u00e4lt Solarstrom die h\u00f6chste F\u00f6rderung \u00fcberhaupt, die Preise f\u00fcr Solaranlagen sind aber in den vergangenen Monaten eingebrochen. In der Branche herrscht <a href=\"http:\/\/www.zeit.de\/newsticker\/2010\/1\/15\/iptc-bdt-20100115-627-23559272xml\">Panik angesichts der Pl\u00e4ne <\/a>aus Berlin: Von einem Verlust von 50.000 Arbeitspl\u00e4tzen warnt der Bundesverband Solarwirtschaft.<\/p>\n<p>Vielleicht sollte man sich aber in diesem Zusammenhang mal eine interessante Zahl anschauen: Wieviel Prozent investiert eigentlich die deutsche Solarbranche in Forschung und Entwicklung. Das ist doch schlie\u00dflich der Treiber f\u00fcr neue Produkte, aber nat\u00fcrlich auch f\u00fcr Kostensenkungen.<\/p>\n<p>Es waren im Jahr 2008\u00a0 gerade einmal knapp 1,5 Prozent des j\u00e4hrlichen Branchenumsatzes, schaut man sich die <a href=\"http:\/\/www.solarwirtschaft.de\/medienvertreter\/marktdaten.html?L=egkcasskkezu\">Zahlen des Bundesverbands Solarwirtschaft<\/a> an. Das ist schlicht zu wenig. Allein der Mobilfunkgigant <a href=\"http:\/\/www.nokia.com\/about-nokia\/research\/research\">Nokia investiert rund 9,5 Prozent <\/a>seiner Nettoums\u00e4tze in die Forschung. Gerade in der Halbleiterbranche sind die Innovationspotenziale enorm. Und am Ende kommen g\u00fcnstigere Solarmodule nicht nur dem Stromkunden zu gute. Sondern sie sorgen auch daf\u00fcr, dass Solarstrom genauso und sogar noch g\u00fcnstiger als Kohle- und Atomstrom ist. Und das ist schlie\u00dflich auch das Ziel der Solarbranche. Zumindest sagt sie das&#8230;<\/p>\n","protected":false},"excerpt":{"rendered":"<p>F\u00fcr die deutsche Solarwirtschaft wird\u00b4s\u00a0 diese Woche wohl duster: Die neue Bundesregierung erarbeitet zurzeit die \u00c4nderung des Erneuerbare-Energien-Gesetz. Schon zum 1. April &#8211; fr\u00fcher als gedacht &#8211; sollen wohl die Verg\u00fctungss\u00e4tze f\u00fcr Solarmodule einmalig um 16 bis 18 Prozent sinken. Die Politik f\u00fcrchtet eine \u00dcberf\u00f6rderung: Schlie\u00dflich erh\u00e4lt Solarstrom die h\u00f6chste F\u00f6rderung \u00fcberhaupt, die Preise f\u00fcr [&hellip;]<\/p>\n","protected":false},"author":196,"featured_media":0,"comment_status":"open","ping_status":"open","sticky":false,"template":"","format":"standard","meta":{"_jetpack_memberships_contains_paid_content":false,"footnotes":""},"categories":[1,1124],"tags":[],"class_list":["post-311","post","type-post","status-publish","format-standard","hentry","category-allgemein","category-solar"],"yoast_head":"<!-- This site is optimized with the Yoast SEO plugin v21.0 - https:\/\/yoast.com\/wordpress\/plugins\/seo\/ -->\n<title>Solar: Mehr Innovation, bitte! - Gr\u00fcne Gesch\u00e4fte<\/title>\n<meta name=\"robots\" content=\"index, follow, max-snippet:-1, max-image-preview:large, max-video-preview:-1\" \/>\n<link rel=\"canonical\" href=\"https:\/\/blog.zeit.de\/gruenegeschaefte\/2010\/01\/18\/solar-mehr-innovation-bitte\/\" \/>\n<meta property=\"og:locale\" content=\"de_DE\" \/>\n<meta property=\"og:type\" content=\"article\" \/>\n<meta property=\"og:title\" content=\"Solar: Mehr Innovation, bitte! - Gr\u00fcne Gesch\u00e4fte\" \/>\n<meta property=\"og:description\" content=\"F\u00fcr die deutsche Solarwirtschaft wird\u00b4s\u00a0 diese Woche wohl duster: Die neue Bundesregierung erarbeitet zurzeit die \u00c4nderung des Erneuerbare-Energien-Gesetz. Schon zum 1. April &#8211; fr\u00fcher als gedacht &#8211; sollen wohl die Verg\u00fctungss\u00e4tze f\u00fcr Solarmodule einmalig um 16 bis 18 Prozent sinken. Die Politik f\u00fcrchtet eine \u00dcberf\u00f6rderung: Schlie\u00dflich erh\u00e4lt Solarstrom die h\u00f6chste F\u00f6rderung \u00fcberhaupt, die Preise f\u00fcr [&hellip;]\" \/>\n<meta property=\"og:url\" content=\"https:\/\/blog.zeit.de\/gruenegeschaefte\/2010\/01\/18\/solar-mehr-innovation-bitte\/\" \/>\n<meta property=\"og:site_name\" content=\"Gr\u00fcne Gesch\u00e4fte\" \/>\n<meta property=\"article:published_time\" content=\"2010-01-18T10:08:20+00:00\" \/>\n<meta property=\"article:modified_time\" content=\"2010-01-18T10:52:12+00:00\" \/>\n<meta name=\"author\" content=\"Marlies Uken\" \/>\n<meta name=\"twitter:card\" content=\"summary_large_image\" \/>\n<meta name=\"twitter:creator\" content=\"@zeitonline\" \/>\n<meta name=\"twitter:site\" content=\"@zeitonline\" \/>\n<meta name=\"twitter:label1\" content=\"Geschrieben von\" \/>\n\t<meta name=\"twitter:data1\" content=\"Marlies Uken\" \/>\n\t<meta name=\"twitter:label2\" content=\"Gesch\u00e4tzte Lesezeit\" \/>\n\t<meta name=\"twitter:data2\" content=\"1\u00a0Minute\" \/>\n<script type=\"application\/ld+json\" class=\"yoast-schema-graph\">{\"@context\":\"https:\/\/schema.org\",\"@graph\":[{\"@type\":\"WebPage\",\"@id\":\"https:\/\/blog.zeit.de\/gruenegeschaefte\/2010\/01\/18\/solar-mehr-innovation-bitte\/\",\"url\":\"https:\/\/blog.zeit.de\/gruenegeschaefte\/2010\/01\/18\/solar-mehr-innovation-bitte\/\",\"name\":\"Solar: Mehr Innovation, bitte! - Gr\u00fcne Gesch\u00e4fte\",\"isPartOf\":{\"@id\":\"https:\/\/blog.zeit.de\/gruenegeschaefte\/#website\"},\"datePublished\":\"2010-01-18T10:08:20+00:00\",\"dateModified\":\"2010-01-18T10:52:12+00:00\",\"author\":{\"@id\":\"https:\/\/blog.zeit.de\/gruenegeschaefte\/#\/schema\/person\/56a2bdb136cd5997b1dd0485f3d105f9\"},\"breadcrumb\":{\"@id\":\"https:\/\/blog.zeit.de\/gruenegeschaefte\/2010\/01\/18\/solar-mehr-innovation-bitte\/#breadcrumb\"},\"inLanguage\":\"de\",\"potentialAction\":[{\"@type\":\"ReadAction\",\"target\":[\"https:\/\/blog.zeit.de\/gruenegeschaefte\/2010\/01\/18\/solar-mehr-innovation-bitte\/\"]}]},{\"@type\":\"BreadcrumbList\",\"@id\":\"https:\/\/blog.zeit.de\/gruenegeschaefte\/2010\/01\/18\/solar-mehr-innovation-bitte\/#breadcrumb\",\"itemListElement\":[{\"@type\":\"ListItem\",\"position\":1,\"name\":\"Startseite\",\"item\":\"https:\/\/blog.zeit.de\/gruenegeschaefte\/\"},{\"@type\":\"ListItem\",\"position\":2,\"name\":\"Solar: Mehr Innovation, bitte!\"}]},{\"@type\":\"WebSite\",\"@id\":\"https:\/\/blog.zeit.de\/gruenegeschaefte\/#website\",\"url\":\"https:\/\/blog.zeit.de\/gruenegeschaefte\/\",\"name\":\"Gr\u00fcne Gesch\u00e4fte\",\"description\":\"Wir k\u00f6nnen&#039;s besser: Das Blog f\u00fcr eine Wirtschaft, die Ressourcen und Klima schont\",\"potentialAction\":[{\"@type\":\"SearchAction\",\"target\":{\"@type\":\"EntryPoint\",\"urlTemplate\":\"https:\/\/blog.zeit.de\/gruenegeschaefte\/?s={search_term_string}\"},\"query-input\":\"required name=search_term_string\"}],\"inLanguage\":\"de\"},{\"@type\":\"Person\",\"@id\":\"https:\/\/blog.zeit.de\/gruenegeschaefte\/#\/schema\/person\/56a2bdb136cd5997b1dd0485f3d105f9\",\"name\":\"Marlies Uken\",\"image\":{\"@type\":\"ImageObject\",\"inLanguage\":\"de\",\"@id\":\"https:\/\/blog.zeit.de\/gruenegeschaefte\/#\/schema\/person\/image\/\",\"url\":\"https:\/\/secure.gravatar.com\/avatar\/1b4c2e971f407a9ead4389a9370b171e45b0ee693342f36fcc448bb9175b9ee2?s=96&d=mm&r=g\",\"contentUrl\":\"https:\/\/secure.gravatar.com\/avatar\/1b4c2e971f407a9ead4389a9370b171e45b0ee693342f36fcc448bb9175b9ee2?s=96&d=mm&r=g\",\"caption\":\"Marlies Uken\"},\"description\":\"ist Redakteurin bei ZEIT ONLINE.\",\"sameAs\":[\"https:\/\/blog.zeit.de\/gruenegeschaefte\/\"],\"url\":\"https:\/\/blog.zeit.de\/gruenegeschaefte\/author\/marlies-uken\/\"}]}<\/script>\n<!-- \/ Yoast SEO plugin. -->","yoast_head_json":{"title":"Solar: Mehr Innovation, bitte! - Gr\u00fcne Gesch\u00e4fte","robots":{"index":"index","follow":"follow","max-snippet":"max-snippet:-1","max-image-preview":"max-image-preview:large","max-video-preview":"max-video-preview:-1"},"canonical":"https:\/\/blog.zeit.de\/gruenegeschaefte\/2010\/01\/18\/solar-mehr-innovation-bitte\/","og_locale":"de_DE","og_type":"article","og_title":"Solar: Mehr Innovation, bitte! - Gr\u00fcne Gesch\u00e4fte","og_description":"F\u00fcr die deutsche Solarwirtschaft wird\u00b4s\u00a0 diese Woche wohl duster: Die neue Bundesregierung erarbeitet zurzeit die \u00c4nderung des Erneuerbare-Energien-Gesetz. Schon zum 1. April &#8211; fr\u00fcher als gedacht &#8211; sollen wohl die Verg\u00fctungss\u00e4tze f\u00fcr Solarmodule einmalig um 16 bis 18 Prozent sinken. Die Politik f\u00fcrchtet eine \u00dcberf\u00f6rderung: Schlie\u00dflich erh\u00e4lt Solarstrom die h\u00f6chste F\u00f6rderung \u00fcberhaupt, die Preise f\u00fcr [&hellip;]","og_url":"https:\/\/blog.zeit.de\/gruenegeschaefte\/2010\/01\/18\/solar-mehr-innovation-bitte\/","og_site_name":"Gr\u00fcne Gesch\u00e4fte","article_published_time":"2010-01-18T10:08:20+00:00","article_modified_time":"2010-01-18T10:52:12+00:00","author":"Marlies Uken","twitter_card":"summary_large_image","twitter_creator":"@zeitonline","twitter_site":"@zeitonline","twitter_misc":{"Geschrieben von":"Marlies Uken","Gesch\u00e4tzte Lesezeit":"1\u00a0Minute"},"schema":{"@context":"https:\/\/schema.org","@graph":[{"@type":"WebPage","@id":"https:\/\/blog.zeit.de\/gruenegeschaefte\/2010\/01\/18\/solar-mehr-innovation-bitte\/","url":"https:\/\/blog.zeit.de\/gruenegeschaefte\/2010\/01\/18\/solar-mehr-innovation-bitte\/","name":"Solar: Mehr Innovation, bitte! - Gr\u00fcne Gesch\u00e4fte","isPartOf":{"@id":"https:\/\/blog.zeit.de\/gruenegeschaefte\/#website"},"datePublished":"2010-01-18T10:08:20+00:00","dateModified":"2010-01-18T10:52:12+00:00","author":{"@id":"https:\/\/blog.zeit.de\/gruenegeschaefte\/#\/schema\/person\/56a2bdb136cd5997b1dd0485f3d105f9"},"breadcrumb":{"@id":"https:\/\/blog.zeit.de\/gruenegeschaefte\/2010\/01\/18\/solar-mehr-innovation-bitte\/#breadcrumb"},"inLanguage":"de","potentialAction":[{"@type":"ReadAction","target":["https:\/\/blog.zeit.de\/gruenegeschaefte\/2010\/01\/18\/solar-mehr-innovation-bitte\/"]}]},{"@type":"BreadcrumbList","@id":"https:\/\/blog.zeit.de\/gruenegeschaefte\/2010\/01\/18\/solar-mehr-innovation-bitte\/#breadcrumb","itemListElement":[{"@type":"ListItem","position":1,"name":"Startseite","item":"https:\/\/blog.zeit.de\/gruenegeschaefte\/"},{"@type":"ListItem","position":2,"name":"Solar: Mehr Innovation, bitte!"}]},{"@type":"WebSite","@id":"https:\/\/blog.zeit.de\/gruenegeschaefte\/#website","url":"https:\/\/blog.zeit.de\/gruenegeschaefte\/","name":"Gr\u00fcne Gesch\u00e4fte","description":"Wir k\u00f6nnen&#039;s besser: Das Blog f\u00fcr eine Wirtschaft, die Ressourcen und Klima schont","potentialAction":[{"@type":"SearchAction","target":{"@type":"EntryPoint","urlTemplate":"https:\/\/blog.zeit.de\/gruenegeschaefte\/?s={search_term_string}"},"query-input":"required name=search_term_string"}],"inLanguage":"de"},{"@type":"Person","@id":"https:\/\/blog.zeit.de\/gruenegeschaefte\/#\/schema\/person\/56a2bdb136cd5997b1dd0485f3d105f9","name":"Marlies Uken","image":{"@type":"ImageObject","inLanguage":"de","@id":"https:\/\/blog.zeit.de\/gruenegeschaefte\/#\/schema\/person\/image\/","url":"https:\/\/secure.gravatar.com\/avatar\/1b4c2e971f407a9ead4389a9370b171e45b0ee693342f36fcc448bb9175b9ee2?s=96&d=mm&r=g","contentUrl":"https:\/\/secure.gravatar.com\/avatar\/1b4c2e971f407a9ead4389a9370b171e45b0ee693342f36fcc448bb9175b9ee2?s=96&d=mm&r=g","caption":"Marlies Uken"},"description":"ist Redakteurin bei ZEIT ONLINE.","sameAs":["https:\/\/blog.zeit.de\/gruenegeschaefte\/"],"url":"https:\/\/blog.zeit.de\/gruenegeschaefte\/author\/marlies-uken\/"}]}},"jetpack_featured_media_url":"","jetpack_sharing_enabled":true,"_links":{"self":[{"href":"https:\/\/blog.zeit.de\/gruenegeschaefte\/wp-json\/wp\/v2\/posts\/311","targetHints":{"allow":["GET"]}}],"collection":[{"href":"https:\/\/blog.zeit.de\/gruenegeschaefte\/wp-json\/wp\/v2\/posts"}],"about":[{"href":"https:\/\/blog.zeit.de\/gruenegeschaefte\/wp-json\/wp\/v2\/types\/post"}],"author":[{"embeddable":true,"href":"https:\/\/blog.zeit.de\/gruenegeschaefte\/wp-json\/wp\/v2\/users\/196"}],"replies":[{"embeddable":true,"href":"https:\/\/blog.zeit.de\/gruenegeschaefte\/wp-json\/wp\/v2\/comments?post=311"}],"version-history":[{"count":0,"href":"https:\/\/blog.zeit.de\/gruenegeschaefte\/wp-json\/wp\/v2\/posts\/311\/revisions"}],"wp:attachment":[{"href":"https:\/\/blog.zeit.de\/gruenegeschaefte\/wp-json\/wp\/v2\/media?parent=311"}],"wp:term":[{"taxonomy":"category","embeddable":true,"href":"https:\/\/blog.zeit.de\/gruenegeschaefte\/wp-json\/wp\/v2\/categories?post=311"},{"taxonomy":"post_tag","embeddable":true,"href":"https:\/\/blog.zeit.de\/gruenegeschaefte\/wp-json\/wp\/v2\/tags?post=311"}],"curies":[{"name":"wp","href":"https:\/\/api.w.org\/{rel}","templated":true}]}}