{"id":3444,"date":"2012-02-10T10:13:20","date_gmt":"2012-02-10T09:13:20","guid":{"rendered":"http:\/\/blog.zeit.de\/gruenegeschaefte\/?p=3444"},"modified":"2012-02-10T10:13:20","modified_gmt":"2012-02-10T09:13:20","slug":"festspiele-zur-energieeffizienz-vorhang-auf-fur-die-stromlobby","status":"publish","type":"post","link":"https:\/\/blog.zeit.de\/gruenegeschaefte\/2012\/02\/10\/festspiele-zur-energieeffizienz-vorhang-auf-fur-die-stromlobby\/","title":{"rendered":"Festspiele zur Energieeffizienz: Vorhang auf f\u00fcr die Stromlobby"},"content":{"rendered":"<p>Wunderbar, wie <a href=\"http:\/\/www.bdew.de\/internet.nsf\/id\/5793983928A51CCFC12579A00030C80B?open&amp;WT.mc_id=Pressemeldung-20120210\">gerade eben selbst der Bundesverband der Energie- und Wasserwirtschaft <\/a>(BDEW), also die Lobby der Stromversorger, die beiden Minister R\u00f6sler und R\u00f6ttgen r\u00fcffelt und auf eine EU-Regelung zum Energiesparen dr\u00e4ngt:<\/p>\n<blockquote><p><span style=\"font-family: Arial,Verdana\"><em>&#8222;Gro\u00dfe Sorge bereitet der Energiebranche, dass Deutschland bislang keine einheitliche politische Position zum Thema Energieeffizienz gefunden hat und somit bei den Verhandlungen das deutsche Interesse nicht vertreten kann. Es geht hier jedoch um einen zentralen Hebel, der zum Gelingen der Energiewende notwendig ist. Deutschland kann es sich bei diesem Thema nicht leisten, sich der Stimme zu enthalten und dadurch zus\u00e4tzliche Lasten f\u00fcr die Energiewirtschaft zu riskieren&#8220;, erl\u00e4uterte M\u00fcller. (Hildegard M\u00fcller, Vorsitzende der Hauptgesch\u00e4ftsf\u00fchrung, muk).<br \/>\n<\/em><\/span><\/p><\/blockquote>\n<p><span style=\"font-family: Arial,Verdana\"><em><\/em>Sicher, der BDEW ist gegen die umstrittene Einsparverpflichtung von 1,5 Prozent &#8211; kaum \u00fcberraschend. Aber an erster Stelle beklagt er das Nichtstun der Politik. Das sollte der Bundesregierung nun wirklich mal zu Denken geben. Bis kommenden Dienstag haben R\u00f6sler und R\u00f6ttgen noch Zeit, dann treffen sich in Br\u00fcssel die Energieminister.<br \/>\n<\/span><\/p>\n","protected":false},"excerpt":{"rendered":"<p>Wunderbar, wie gerade eben selbst der Bundesverband der Energie- und Wasserwirtschaft (BDEW), also die Lobby der Stromversorger, die beiden Minister R\u00f6sler und R\u00f6ttgen r\u00fcffelt und auf eine EU-Regelung zum Energiesparen dr\u00e4ngt: &#8222;Gro\u00dfe Sorge bereitet der Energiebranche, dass Deutschland bislang keine einheitliche politische Position zum Thema Energieeffizienz gefunden hat und somit bei den Verhandlungen das deutsche [&hellip;]<\/p>\n","protected":false},"author":196,"featured_media":0,"comment_status":"open","ping_status":"open","sticky":false,"template":"","format":"standard","meta":{"_jetpack_memberships_contains_paid_content":false,"footnotes":""},"categories":[1,1123,12577],"tags":[],"class_list":["post-3444","post","type-post","status-publish","format-standard","hentry","category-allgemein","category-energieeffizienz","category-energiewende"],"yoast_head":"<!-- This site is optimized with the Yoast SEO plugin v21.0 - https:\/\/yoast.com\/wordpress\/plugins\/seo\/ -->\n<title>Festspiele zur Energieeffizienz: Vorhang auf f\u00fcr die Stromlobby - Gr\u00fcne Gesch\u00e4fte<\/title>\n<meta name=\"robots\" content=\"index, follow, max-snippet:-1, max-image-preview:large, max-video-preview:-1\" \/>\n<link rel=\"canonical\" href=\"https:\/\/blog.zeit.de\/gruenegeschaefte\/2012\/02\/10\/festspiele-zur-energieeffizienz-vorhang-auf-fur-die-stromlobby\/\" \/>\n<meta property=\"og:locale\" content=\"de_DE\" \/>\n<meta property=\"og:type\" content=\"article\" \/>\n<meta property=\"og:title\" content=\"Festspiele zur Energieeffizienz: Vorhang auf f\u00fcr die Stromlobby - Gr\u00fcne Gesch\u00e4fte\" \/>\n<meta property=\"og:description\" content=\"Wunderbar, wie gerade eben selbst der Bundesverband der Energie- und Wasserwirtschaft (BDEW), also die Lobby der Stromversorger, die beiden Minister R\u00f6sler und R\u00f6ttgen r\u00fcffelt und auf eine EU-Regelung zum Energiesparen dr\u00e4ngt: &#8222;Gro\u00dfe Sorge bereitet der Energiebranche, dass Deutschland bislang keine einheitliche politische Position zum Thema Energieeffizienz gefunden hat und somit bei den Verhandlungen das deutsche [&hellip;]\" \/>\n<meta property=\"og:url\" content=\"https:\/\/blog.zeit.de\/gruenegeschaefte\/2012\/02\/10\/festspiele-zur-energieeffizienz-vorhang-auf-fur-die-stromlobby\/\" \/>\n<meta property=\"og:site_name\" content=\"Gr\u00fcne Gesch\u00e4fte\" \/>\n<meta property=\"article:published_time\" content=\"2012-02-10T09:13:20+00:00\" \/>\n<meta name=\"author\" content=\"Marlies Uken\" \/>\n<meta name=\"twitter:card\" content=\"summary_large_image\" \/>\n<meta name=\"twitter:creator\" content=\"@zeitonline\" \/>\n<meta name=\"twitter:site\" content=\"@zeitonline\" \/>\n<meta name=\"twitter:label1\" content=\"Geschrieben von\" \/>\n\t<meta name=\"twitter:data1\" content=\"Marlies Uken\" \/>\n\t<meta name=\"twitter:label2\" content=\"Gesch\u00e4tzte Lesezeit\" \/>\n\t<meta name=\"twitter:data2\" content=\"1\u00a0Minute\" \/>\n<script type=\"application\/ld+json\" class=\"yoast-schema-graph\">{\"@context\":\"https:\/\/schema.org\",\"@graph\":[{\"@type\":\"WebPage\",\"@id\":\"https:\/\/blog.zeit.de\/gruenegeschaefte\/2012\/02\/10\/festspiele-zur-energieeffizienz-vorhang-auf-fur-die-stromlobby\/\",\"url\":\"https:\/\/blog.zeit.de\/gruenegeschaefte\/2012\/02\/10\/festspiele-zur-energieeffizienz-vorhang-auf-fur-die-stromlobby\/\",\"name\":\"Festspiele zur Energieeffizienz: Vorhang auf f\u00fcr die Stromlobby - Gr\u00fcne Gesch\u00e4fte\",\"isPartOf\":{\"@id\":\"https:\/\/blog.zeit.de\/gruenegeschaefte\/#website\"},\"datePublished\":\"2012-02-10T09:13:20+00:00\",\"dateModified\":\"2012-02-10T09:13:20+00:00\",\"author\":{\"@id\":\"https:\/\/blog.zeit.de\/gruenegeschaefte\/#\/schema\/person\/56a2bdb136cd5997b1dd0485f3d105f9\"},\"breadcrumb\":{\"@id\":\"https:\/\/blog.zeit.de\/gruenegeschaefte\/2012\/02\/10\/festspiele-zur-energieeffizienz-vorhang-auf-fur-die-stromlobby\/#breadcrumb\"},\"inLanguage\":\"de\",\"potentialAction\":[{\"@type\":\"ReadAction\",\"target\":[\"https:\/\/blog.zeit.de\/gruenegeschaefte\/2012\/02\/10\/festspiele-zur-energieeffizienz-vorhang-auf-fur-die-stromlobby\/\"]}]},{\"@type\":\"BreadcrumbList\",\"@id\":\"https:\/\/blog.zeit.de\/gruenegeschaefte\/2012\/02\/10\/festspiele-zur-energieeffizienz-vorhang-auf-fur-die-stromlobby\/#breadcrumb\",\"itemListElement\":[{\"@type\":\"ListItem\",\"position\":1,\"name\":\"Startseite\",\"item\":\"https:\/\/blog.zeit.de\/gruenegeschaefte\/\"},{\"@type\":\"ListItem\",\"position\":2,\"name\":\"Festspiele zur Energieeffizienz: Vorhang auf f\u00fcr die Stromlobby\"}]},{\"@type\":\"WebSite\",\"@id\":\"https:\/\/blog.zeit.de\/gruenegeschaefte\/#website\",\"url\":\"https:\/\/blog.zeit.de\/gruenegeschaefte\/\",\"name\":\"Gr\u00fcne Gesch\u00e4fte\",\"description\":\"Wir k\u00f6nnen&#039;s besser: Das Blog f\u00fcr eine Wirtschaft, die Ressourcen und Klima schont\",\"potentialAction\":[{\"@type\":\"SearchAction\",\"target\":{\"@type\":\"EntryPoint\",\"urlTemplate\":\"https:\/\/blog.zeit.de\/gruenegeschaefte\/?s={search_term_string}\"},\"query-input\":\"required name=search_term_string\"}],\"inLanguage\":\"de\"},{\"@type\":\"Person\",\"@id\":\"https:\/\/blog.zeit.de\/gruenegeschaefte\/#\/schema\/person\/56a2bdb136cd5997b1dd0485f3d105f9\",\"name\":\"Marlies Uken\",\"image\":{\"@type\":\"ImageObject\",\"inLanguage\":\"de\",\"@id\":\"https:\/\/blog.zeit.de\/gruenegeschaefte\/#\/schema\/person\/image\/\",\"url\":\"https:\/\/secure.gravatar.com\/avatar\/1b4c2e971f407a9ead4389a9370b171e45b0ee693342f36fcc448bb9175b9ee2?s=96&d=mm&r=g\",\"contentUrl\":\"https:\/\/secure.gravatar.com\/avatar\/1b4c2e971f407a9ead4389a9370b171e45b0ee693342f36fcc448bb9175b9ee2?s=96&d=mm&r=g\",\"caption\":\"Marlies Uken\"},\"description\":\"ist Redakteurin bei ZEIT ONLINE.\",\"sameAs\":[\"https:\/\/blog.zeit.de\/gruenegeschaefte\/\"],\"url\":\"https:\/\/blog.zeit.de\/gruenegeschaefte\/author\/marlies-uken\/\"}]}<\/script>\n<!-- \/ Yoast SEO plugin. -->","yoast_head_json":{"title":"Festspiele zur Energieeffizienz: Vorhang auf f\u00fcr die Stromlobby - Gr\u00fcne Gesch\u00e4fte","robots":{"index":"index","follow":"follow","max-snippet":"max-snippet:-1","max-image-preview":"max-image-preview:large","max-video-preview":"max-video-preview:-1"},"canonical":"https:\/\/blog.zeit.de\/gruenegeschaefte\/2012\/02\/10\/festspiele-zur-energieeffizienz-vorhang-auf-fur-die-stromlobby\/","og_locale":"de_DE","og_type":"article","og_title":"Festspiele zur Energieeffizienz: Vorhang auf f\u00fcr die Stromlobby - Gr\u00fcne Gesch\u00e4fte","og_description":"Wunderbar, wie gerade eben selbst der Bundesverband der Energie- und Wasserwirtschaft (BDEW), also die Lobby der Stromversorger, die beiden Minister R\u00f6sler und R\u00f6ttgen r\u00fcffelt und auf eine EU-Regelung zum Energiesparen dr\u00e4ngt: &#8222;Gro\u00dfe Sorge bereitet der Energiebranche, dass Deutschland bislang keine einheitliche politische Position zum Thema Energieeffizienz gefunden hat und somit bei den Verhandlungen das deutsche [&hellip;]","og_url":"https:\/\/blog.zeit.de\/gruenegeschaefte\/2012\/02\/10\/festspiele-zur-energieeffizienz-vorhang-auf-fur-die-stromlobby\/","og_site_name":"Gr\u00fcne Gesch\u00e4fte","article_published_time":"2012-02-10T09:13:20+00:00","author":"Marlies Uken","twitter_card":"summary_large_image","twitter_creator":"@zeitonline","twitter_site":"@zeitonline","twitter_misc":{"Geschrieben von":"Marlies Uken","Gesch\u00e4tzte Lesezeit":"1\u00a0Minute"},"schema":{"@context":"https:\/\/schema.org","@graph":[{"@type":"WebPage","@id":"https:\/\/blog.zeit.de\/gruenegeschaefte\/2012\/02\/10\/festspiele-zur-energieeffizienz-vorhang-auf-fur-die-stromlobby\/","url":"https:\/\/blog.zeit.de\/gruenegeschaefte\/2012\/02\/10\/festspiele-zur-energieeffizienz-vorhang-auf-fur-die-stromlobby\/","name":"Festspiele zur Energieeffizienz: Vorhang auf f\u00fcr die Stromlobby - Gr\u00fcne Gesch\u00e4fte","isPartOf":{"@id":"https:\/\/blog.zeit.de\/gruenegeschaefte\/#website"},"datePublished":"2012-02-10T09:13:20+00:00","dateModified":"2012-02-10T09:13:20+00:00","author":{"@id":"https:\/\/blog.zeit.de\/gruenegeschaefte\/#\/schema\/person\/56a2bdb136cd5997b1dd0485f3d105f9"},"breadcrumb":{"@id":"https:\/\/blog.zeit.de\/gruenegeschaefte\/2012\/02\/10\/festspiele-zur-energieeffizienz-vorhang-auf-fur-die-stromlobby\/#breadcrumb"},"inLanguage":"de","potentialAction":[{"@type":"ReadAction","target":["https:\/\/blog.zeit.de\/gruenegeschaefte\/2012\/02\/10\/festspiele-zur-energieeffizienz-vorhang-auf-fur-die-stromlobby\/"]}]},{"@type":"BreadcrumbList","@id":"https:\/\/blog.zeit.de\/gruenegeschaefte\/2012\/02\/10\/festspiele-zur-energieeffizienz-vorhang-auf-fur-die-stromlobby\/#breadcrumb","itemListElement":[{"@type":"ListItem","position":1,"name":"Startseite","item":"https:\/\/blog.zeit.de\/gruenegeschaefte\/"},{"@type":"ListItem","position":2,"name":"Festspiele zur Energieeffizienz: Vorhang auf f\u00fcr die Stromlobby"}]},{"@type":"WebSite","@id":"https:\/\/blog.zeit.de\/gruenegeschaefte\/#website","url":"https:\/\/blog.zeit.de\/gruenegeschaefte\/","name":"Gr\u00fcne Gesch\u00e4fte","description":"Wir k\u00f6nnen&#039;s besser: Das Blog f\u00fcr eine Wirtschaft, die Ressourcen und Klima schont","potentialAction":[{"@type":"SearchAction","target":{"@type":"EntryPoint","urlTemplate":"https:\/\/blog.zeit.de\/gruenegeschaefte\/?s={search_term_string}"},"query-input":"required name=search_term_string"}],"inLanguage":"de"},{"@type":"Person","@id":"https:\/\/blog.zeit.de\/gruenegeschaefte\/#\/schema\/person\/56a2bdb136cd5997b1dd0485f3d105f9","name":"Marlies Uken","image":{"@type":"ImageObject","inLanguage":"de","@id":"https:\/\/blog.zeit.de\/gruenegeschaefte\/#\/schema\/person\/image\/","url":"https:\/\/secure.gravatar.com\/avatar\/1b4c2e971f407a9ead4389a9370b171e45b0ee693342f36fcc448bb9175b9ee2?s=96&d=mm&r=g","contentUrl":"https:\/\/secure.gravatar.com\/avatar\/1b4c2e971f407a9ead4389a9370b171e45b0ee693342f36fcc448bb9175b9ee2?s=96&d=mm&r=g","caption":"Marlies Uken"},"description":"ist Redakteurin bei ZEIT ONLINE.","sameAs":["https:\/\/blog.zeit.de\/gruenegeschaefte\/"],"url":"https:\/\/blog.zeit.de\/gruenegeschaefte\/author\/marlies-uken\/"}]}},"jetpack_featured_media_url":"","jetpack_sharing_enabled":true,"_links":{"self":[{"href":"https:\/\/blog.zeit.de\/gruenegeschaefte\/wp-json\/wp\/v2\/posts\/3444","targetHints":{"allow":["GET"]}}],"collection":[{"href":"https:\/\/blog.zeit.de\/gruenegeschaefte\/wp-json\/wp\/v2\/posts"}],"about":[{"href":"https:\/\/blog.zeit.de\/gruenegeschaefte\/wp-json\/wp\/v2\/types\/post"}],"author":[{"embeddable":true,"href":"https:\/\/blog.zeit.de\/gruenegeschaefte\/wp-json\/wp\/v2\/users\/196"}],"replies":[{"embeddable":true,"href":"https:\/\/blog.zeit.de\/gruenegeschaefte\/wp-json\/wp\/v2\/comments?post=3444"}],"version-history":[{"count":5,"href":"https:\/\/blog.zeit.de\/gruenegeschaefte\/wp-json\/wp\/v2\/posts\/3444\/revisions"}],"predecessor-version":[{"id":3449,"href":"https:\/\/blog.zeit.de\/gruenegeschaefte\/wp-json\/wp\/v2\/posts\/3444\/revisions\/3449"}],"wp:attachment":[{"href":"https:\/\/blog.zeit.de\/gruenegeschaefte\/wp-json\/wp\/v2\/media?parent=3444"}],"wp:term":[{"taxonomy":"category","embeddable":true,"href":"https:\/\/blog.zeit.de\/gruenegeschaefte\/wp-json\/wp\/v2\/categories?post=3444"},{"taxonomy":"post_tag","embeddable":true,"href":"https:\/\/blog.zeit.de\/gruenegeschaefte\/wp-json\/wp\/v2\/tags?post=3444"}],"curies":[{"name":"wp","href":"https:\/\/api.w.org\/{rel}","templated":true}]}}