{"id":3545,"date":"2012-02-27T10:26:59","date_gmt":"2012-02-27T09:26:59","guid":{"rendered":"http:\/\/blog.zeit.de\/gruenegeschaefte\/?p=3545"},"modified":"2012-02-27T10:26:59","modified_gmt":"2012-02-27T09:26:59","slug":"kinderbucher-lassen-die-natur-ausen-vor","status":"publish","type":"post","link":"https:\/\/blog.zeit.de\/gruenegeschaefte\/2012\/02\/27\/kinderbucher-lassen-die-natur-ausen-vor\/","title":{"rendered":"Kinderb\u00fccher lassen die Natur au\u00dfen vor"},"content":{"rendered":"<p><figure id=\"attachment_3548\" aria-describedby=\"caption-attachment-3548\" style=\"width: 300px\" class=\"wp-caption alignleft\"><a href=\"https:\/\/blog.zeit.de\/gruenegeschaefte\/files\/2012\/02\/136072803.jpg\"><img loading=\"lazy\" decoding=\"async\" class=\"size-medium wp-image-3548\" src=\"https:\/\/blog.zeit.de\/gruenegeschaefte\/files\/2012\/02\/136072803-300x194.jpg\" alt=\"Copyright: Alexandra Beier\/Getty Images\" width=\"300\" height=\"194\" srcset=\"https:\/\/blog.zeit.de\/gruenegeschaefte\/files\/2012\/02\/136072803-300x194.jpg 300w, https:\/\/blog.zeit.de\/gruenegeschaefte\/files\/2012\/02\/136072803-1024x664.jpg 1024w\" sizes=\"auto, (max-width: 300px) 100vw, 300px\" \/><\/a><figcaption id=\"caption-attachment-3548\" class=\"wp-caption-text\">Copyright: Alexandra Beier\/Getty Images<\/figcaption><\/figure><\/p>\n<p>Das aktuelle Lieblingsbuch meiner j\u00fcngsten Tochter hei\u00dft gerade &#8222;Wilde Tiere&#8220; und erz\u00e4hlt alles \u00fcber L\u00f6wen, Affen, Eletanten (und gef\u00e4hrlichen Wellensichttichen, huhuhu). Nun gut, es ist vor allem angesagt, weil sie auf jeder Seite ein Kn\u00f6pfchen dr\u00fccken kann und dann der gro\u00dfe L\u00f6we br\u00fcllt &#8211; im kinderkompatiblen, z\u00e4rtlichen Tonfall.<\/p>\n<p>Glaubt man einer <a href=\"http:\/\/newsroom.unl.edu\/blog\/?p=966\">neuen Studie aus den USA<\/a>, dann sind solche Kinderb\u00fccher allerdings immer seltener. Der <a href=\"http:\/\/soc.unl.edu\/dr-j-allen-williams-jr-0\">Umweltsoziologe J. Allen Williams<\/a> von der Universit\u00e4t Nebraska hat rund 300 Kinderbilderb\u00fccher aus den Jahren 1938 bis 2008 ausgewertet, die jedes Jahr den wichtigsten Kinderb\u00fccherpreis, die Caldecott Medal, gewonnen haben &#8211; also auch in den Buchl\u00e4den Bestseller sind. Mehr als 8000 Zeichnungen haben die Wissenschaftler analysiert.<\/p>\n<p>Ergebnis: Natur und die nat\u00fcrliche Umgebung sind in den vergangenen Jahrzehnten immer mehr in den Hintergrund ger\u00fcckt &#8211; und das entspricht wohl dem allgemeinen Trend, weniger Kontakt zur Natur zu haben.<\/p>\n<p>Williams unterscheidet drei Umgebungen: Wilde Natur, also Dschungel oder Wald. Dann von Menschen errichtete Umgebung (St\u00e4dte, H\u00e4user, Innenr\u00e4ume) und eine Mischform: das Maisfeld oder der gem\u00e4hte Rasen &#8211; ist ja schlie\u00dflich auch Natur, nur eben vom Menschen ver\u00e4ndert.<\/p>\n<p>W\u00e4hrend sich bis in die 60er Jahre Natur und Stadt ungef\u00e4hr fifty-fifty verteilten, klafft seitdem eine L\u00fccke auf: Der Anteil von Geschichten, die in der Natur spielen, nimmt ab, stattdessen spielen die Geschichten nun in H\u00e4usern, in der Stadt.<\/p>\n<blockquote><p><em>&#8222;What we find in these books, however, is not a consistent proportional balance of built and natural environments, but a significant and steady increase of built environments, both by mere presence and as the major environment. Natural environments have all but disappeared.&#8220;<\/em><\/p><\/blockquote>\n<p>Was sagt das aus? Nat\u00fcrlich spiegelt es erst einmal nur eine allgemeine Entwicklung wieder, der Gro\u00dfteil der Amerikaner lebt eben inzwischen in St\u00e4dten. Aber Wiliams warnt. Der Umweltgedanke und eine Wertsch\u00e4tzung der Natur w\u00fcrden so schon im Kindesalter an Bedeutung verlieren:<\/p>\n<blockquote><p><em>&#8222;(&#8230;) it does suggest that the current generation of young children listening to the stories and looking at the images in children\u2019s books are not being socialized, at least through this source, toward greater understanding and appreciation of the natural world and the place of humans within it.&#8220; (&#8230;) <\/em><\/p>\n<p><em>&#8222;I am concerned that this lack of contact may result in caring less about the natural world, less empathy for what is happening to other species and less understanding of many significant environmental problems.&#8220;<\/em><\/p><\/blockquote>\n<p>&nbsp;<\/p>\n","protected":false},"excerpt":{"rendered":"<p>Das aktuelle Lieblingsbuch meiner j\u00fcngsten Tochter hei\u00dft gerade &#8222;Wilde Tiere&#8220; und erz\u00e4hlt alles \u00fcber L\u00f6wen, Affen, Eletanten (und gef\u00e4hrlichen Wellensichttichen, huhuhu). Nun gut, es ist vor allem angesagt, weil sie auf jeder Seite ein Kn\u00f6pfchen dr\u00fccken kann und dann der gro\u00dfe L\u00f6we br\u00fcllt &#8211; im kinderkompatiblen, z\u00e4rtlichen Tonfall. Glaubt man einer neuen Studie aus den [&hellip;]<\/p>\n","protected":false},"author":196,"featured_media":0,"comment_status":"open","ping_status":"open","sticky":false,"template":"","format":"standard","meta":{"_jetpack_memberships_contains_paid_content":false,"footnotes":""},"categories":[1,1432,1258],"tags":[],"class_list":["post-3545","post","type-post","status-publish","format-standard","hentry","category-allgemein","category-nachhaltigkeit","category-naturschutz"],"yoast_head":"<!-- This site is optimized with the Yoast SEO plugin v21.0 - https:\/\/yoast.com\/wordpress\/plugins\/seo\/ -->\n<title>Kinderb\u00fccher lassen die Natur au\u00dfen vor - Gr\u00fcne Gesch\u00e4fte<\/title>\n<meta name=\"robots\" content=\"index, follow, max-snippet:-1, max-image-preview:large, max-video-preview:-1\" \/>\n<link rel=\"canonical\" href=\"https:\/\/blog.zeit.de\/gruenegeschaefte\/2012\/02\/27\/kinderbucher-lassen-die-natur-ausen-vor\/\" \/>\n<meta property=\"og:locale\" content=\"de_DE\" \/>\n<meta property=\"og:type\" content=\"article\" \/>\n<meta property=\"og:title\" content=\"Kinderb\u00fccher lassen die Natur au\u00dfen vor - Gr\u00fcne Gesch\u00e4fte\" \/>\n<meta property=\"og:description\" content=\"Das aktuelle Lieblingsbuch meiner j\u00fcngsten Tochter hei\u00dft gerade &#8222;Wilde Tiere&#8220; und erz\u00e4hlt alles \u00fcber L\u00f6wen, Affen, Eletanten (und gef\u00e4hrlichen Wellensichttichen, huhuhu). Nun gut, es ist vor allem angesagt, weil sie auf jeder Seite ein Kn\u00f6pfchen dr\u00fccken kann und dann der gro\u00dfe L\u00f6we br\u00fcllt &#8211; im kinderkompatiblen, z\u00e4rtlichen Tonfall. Glaubt man einer neuen Studie aus den [&hellip;]\" \/>\n<meta property=\"og:url\" content=\"https:\/\/blog.zeit.de\/gruenegeschaefte\/2012\/02\/27\/kinderbucher-lassen-die-natur-ausen-vor\/\" \/>\n<meta property=\"og:site_name\" content=\"Gr\u00fcne Gesch\u00e4fte\" \/>\n<meta property=\"article:published_time\" content=\"2012-02-27T09:26:59+00:00\" \/>\n<meta property=\"og:image\" content=\"https:\/\/blog.zeit.de\/gruenegeschaefte\/files\/2012\/02\/136072803-300x194.jpg\" \/>\n<meta name=\"author\" content=\"Marlies Uken\" \/>\n<meta name=\"twitter:card\" content=\"summary_large_image\" \/>\n<meta name=\"twitter:creator\" content=\"@zeitonline\" \/>\n<meta name=\"twitter:site\" content=\"@zeitonline\" \/>\n<meta name=\"twitter:label1\" content=\"Geschrieben von\" \/>\n\t<meta name=\"twitter:data1\" content=\"Marlies Uken\" \/>\n\t<meta name=\"twitter:label2\" content=\"Gesch\u00e4tzte Lesezeit\" \/>\n\t<meta name=\"twitter:data2\" content=\"2\u00a0Minuten\" \/>\n<script type=\"application\/ld+json\" class=\"yoast-schema-graph\">{\"@context\":\"https:\/\/schema.org\",\"@graph\":[{\"@type\":\"WebPage\",\"@id\":\"https:\/\/blog.zeit.de\/gruenegeschaefte\/2012\/02\/27\/kinderbucher-lassen-die-natur-ausen-vor\/\",\"url\":\"https:\/\/blog.zeit.de\/gruenegeschaefte\/2012\/02\/27\/kinderbucher-lassen-die-natur-ausen-vor\/\",\"name\":\"Kinderb\u00fccher lassen die Natur au\u00dfen vor - Gr\u00fcne Gesch\u00e4fte\",\"isPartOf\":{\"@id\":\"https:\/\/blog.zeit.de\/gruenegeschaefte\/#website\"},\"datePublished\":\"2012-02-27T09:26:59+00:00\",\"dateModified\":\"2012-02-27T09:26:59+00:00\",\"author\":{\"@id\":\"https:\/\/blog.zeit.de\/gruenegeschaefte\/#\/schema\/person\/56a2bdb136cd5997b1dd0485f3d105f9\"},\"breadcrumb\":{\"@id\":\"https:\/\/blog.zeit.de\/gruenegeschaefte\/2012\/02\/27\/kinderbucher-lassen-die-natur-ausen-vor\/#breadcrumb\"},\"inLanguage\":\"de\",\"potentialAction\":[{\"@type\":\"ReadAction\",\"target\":[\"https:\/\/blog.zeit.de\/gruenegeschaefte\/2012\/02\/27\/kinderbucher-lassen-die-natur-ausen-vor\/\"]}]},{\"@type\":\"BreadcrumbList\",\"@id\":\"https:\/\/blog.zeit.de\/gruenegeschaefte\/2012\/02\/27\/kinderbucher-lassen-die-natur-ausen-vor\/#breadcrumb\",\"itemListElement\":[{\"@type\":\"ListItem\",\"position\":1,\"name\":\"Startseite\",\"item\":\"https:\/\/blog.zeit.de\/gruenegeschaefte\/\"},{\"@type\":\"ListItem\",\"position\":2,\"name\":\"Kinderb\u00fccher lassen die Natur au\u00dfen vor\"}]},{\"@type\":\"WebSite\",\"@id\":\"https:\/\/blog.zeit.de\/gruenegeschaefte\/#website\",\"url\":\"https:\/\/blog.zeit.de\/gruenegeschaefte\/\",\"name\":\"Gr\u00fcne Gesch\u00e4fte\",\"description\":\"Wir k\u00f6nnen&#039;s besser: Das Blog f\u00fcr eine Wirtschaft, die Ressourcen und Klima schont\",\"potentialAction\":[{\"@type\":\"SearchAction\",\"target\":{\"@type\":\"EntryPoint\",\"urlTemplate\":\"https:\/\/blog.zeit.de\/gruenegeschaefte\/?s={search_term_string}\"},\"query-input\":\"required name=search_term_string\"}],\"inLanguage\":\"de\"},{\"@type\":\"Person\",\"@id\":\"https:\/\/blog.zeit.de\/gruenegeschaefte\/#\/schema\/person\/56a2bdb136cd5997b1dd0485f3d105f9\",\"name\":\"Marlies Uken\",\"image\":{\"@type\":\"ImageObject\",\"inLanguage\":\"de\",\"@id\":\"https:\/\/blog.zeit.de\/gruenegeschaefte\/#\/schema\/person\/image\/\",\"url\":\"https:\/\/secure.gravatar.com\/avatar\/1b4c2e971f407a9ead4389a9370b171e45b0ee693342f36fcc448bb9175b9ee2?s=96&d=mm&r=g\",\"contentUrl\":\"https:\/\/secure.gravatar.com\/avatar\/1b4c2e971f407a9ead4389a9370b171e45b0ee693342f36fcc448bb9175b9ee2?s=96&d=mm&r=g\",\"caption\":\"Marlies Uken\"},\"description\":\"ist Redakteurin bei ZEIT ONLINE.\",\"sameAs\":[\"https:\/\/blog.zeit.de\/gruenegeschaefte\/\"],\"url\":\"https:\/\/blog.zeit.de\/gruenegeschaefte\/author\/marlies-uken\/\"}]}<\/script>\n<!-- \/ Yoast SEO plugin. -->","yoast_head_json":{"title":"Kinderb\u00fccher lassen die Natur au\u00dfen vor - Gr\u00fcne Gesch\u00e4fte","robots":{"index":"index","follow":"follow","max-snippet":"max-snippet:-1","max-image-preview":"max-image-preview:large","max-video-preview":"max-video-preview:-1"},"canonical":"https:\/\/blog.zeit.de\/gruenegeschaefte\/2012\/02\/27\/kinderbucher-lassen-die-natur-ausen-vor\/","og_locale":"de_DE","og_type":"article","og_title":"Kinderb\u00fccher lassen die Natur au\u00dfen vor - Gr\u00fcne Gesch\u00e4fte","og_description":"Das aktuelle Lieblingsbuch meiner j\u00fcngsten Tochter hei\u00dft gerade &#8222;Wilde Tiere&#8220; und erz\u00e4hlt alles \u00fcber L\u00f6wen, Affen, Eletanten (und gef\u00e4hrlichen Wellensichttichen, huhuhu). Nun gut, es ist vor allem angesagt, weil sie auf jeder Seite ein Kn\u00f6pfchen dr\u00fccken kann und dann der gro\u00dfe L\u00f6we br\u00fcllt &#8211; im kinderkompatiblen, z\u00e4rtlichen Tonfall. Glaubt man einer neuen Studie aus den [&hellip;]","og_url":"https:\/\/blog.zeit.de\/gruenegeschaefte\/2012\/02\/27\/kinderbucher-lassen-die-natur-ausen-vor\/","og_site_name":"Gr\u00fcne Gesch\u00e4fte","article_published_time":"2012-02-27T09:26:59+00:00","og_image":[{"url":"https:\/\/blog.zeit.de\/gruenegeschaefte\/files\/2012\/02\/136072803-300x194.jpg"}],"author":"Marlies Uken","twitter_card":"summary_large_image","twitter_creator":"@zeitonline","twitter_site":"@zeitonline","twitter_misc":{"Geschrieben von":"Marlies Uken","Gesch\u00e4tzte Lesezeit":"2\u00a0Minuten"},"schema":{"@context":"https:\/\/schema.org","@graph":[{"@type":"WebPage","@id":"https:\/\/blog.zeit.de\/gruenegeschaefte\/2012\/02\/27\/kinderbucher-lassen-die-natur-ausen-vor\/","url":"https:\/\/blog.zeit.de\/gruenegeschaefte\/2012\/02\/27\/kinderbucher-lassen-die-natur-ausen-vor\/","name":"Kinderb\u00fccher lassen die Natur au\u00dfen vor - Gr\u00fcne Gesch\u00e4fte","isPartOf":{"@id":"https:\/\/blog.zeit.de\/gruenegeschaefte\/#website"},"datePublished":"2012-02-27T09:26:59+00:00","dateModified":"2012-02-27T09:26:59+00:00","author":{"@id":"https:\/\/blog.zeit.de\/gruenegeschaefte\/#\/schema\/person\/56a2bdb136cd5997b1dd0485f3d105f9"},"breadcrumb":{"@id":"https:\/\/blog.zeit.de\/gruenegeschaefte\/2012\/02\/27\/kinderbucher-lassen-die-natur-ausen-vor\/#breadcrumb"},"inLanguage":"de","potentialAction":[{"@type":"ReadAction","target":["https:\/\/blog.zeit.de\/gruenegeschaefte\/2012\/02\/27\/kinderbucher-lassen-die-natur-ausen-vor\/"]}]},{"@type":"BreadcrumbList","@id":"https:\/\/blog.zeit.de\/gruenegeschaefte\/2012\/02\/27\/kinderbucher-lassen-die-natur-ausen-vor\/#breadcrumb","itemListElement":[{"@type":"ListItem","position":1,"name":"Startseite","item":"https:\/\/blog.zeit.de\/gruenegeschaefte\/"},{"@type":"ListItem","position":2,"name":"Kinderb\u00fccher lassen die Natur au\u00dfen vor"}]},{"@type":"WebSite","@id":"https:\/\/blog.zeit.de\/gruenegeschaefte\/#website","url":"https:\/\/blog.zeit.de\/gruenegeschaefte\/","name":"Gr\u00fcne Gesch\u00e4fte","description":"Wir k\u00f6nnen&#039;s besser: Das Blog f\u00fcr eine Wirtschaft, die Ressourcen und Klima schont","potentialAction":[{"@type":"SearchAction","target":{"@type":"EntryPoint","urlTemplate":"https:\/\/blog.zeit.de\/gruenegeschaefte\/?s={search_term_string}"},"query-input":"required name=search_term_string"}],"inLanguage":"de"},{"@type":"Person","@id":"https:\/\/blog.zeit.de\/gruenegeschaefte\/#\/schema\/person\/56a2bdb136cd5997b1dd0485f3d105f9","name":"Marlies Uken","image":{"@type":"ImageObject","inLanguage":"de","@id":"https:\/\/blog.zeit.de\/gruenegeschaefte\/#\/schema\/person\/image\/","url":"https:\/\/secure.gravatar.com\/avatar\/1b4c2e971f407a9ead4389a9370b171e45b0ee693342f36fcc448bb9175b9ee2?s=96&d=mm&r=g","contentUrl":"https:\/\/secure.gravatar.com\/avatar\/1b4c2e971f407a9ead4389a9370b171e45b0ee693342f36fcc448bb9175b9ee2?s=96&d=mm&r=g","caption":"Marlies Uken"},"description":"ist Redakteurin bei ZEIT ONLINE.","sameAs":["https:\/\/blog.zeit.de\/gruenegeschaefte\/"],"url":"https:\/\/blog.zeit.de\/gruenegeschaefte\/author\/marlies-uken\/"}]}},"jetpack_featured_media_url":"","jetpack_sharing_enabled":true,"_links":{"self":[{"href":"https:\/\/blog.zeit.de\/gruenegeschaefte\/wp-json\/wp\/v2\/posts\/3545","targetHints":{"allow":["GET"]}}],"collection":[{"href":"https:\/\/blog.zeit.de\/gruenegeschaefte\/wp-json\/wp\/v2\/posts"}],"about":[{"href":"https:\/\/blog.zeit.de\/gruenegeschaefte\/wp-json\/wp\/v2\/types\/post"}],"author":[{"embeddable":true,"href":"https:\/\/blog.zeit.de\/gruenegeschaefte\/wp-json\/wp\/v2\/users\/196"}],"replies":[{"embeddable":true,"href":"https:\/\/blog.zeit.de\/gruenegeschaefte\/wp-json\/wp\/v2\/comments?post=3545"}],"version-history":[{"count":9,"href":"https:\/\/blog.zeit.de\/gruenegeschaefte\/wp-json\/wp\/v2\/posts\/3545\/revisions"}],"predecessor-version":[{"id":3555,"href":"https:\/\/blog.zeit.de\/gruenegeschaefte\/wp-json\/wp\/v2\/posts\/3545\/revisions\/3555"}],"wp:attachment":[{"href":"https:\/\/blog.zeit.de\/gruenegeschaefte\/wp-json\/wp\/v2\/media?parent=3545"}],"wp:term":[{"taxonomy":"category","embeddable":true,"href":"https:\/\/blog.zeit.de\/gruenegeschaefte\/wp-json\/wp\/v2\/categories?post=3545"},{"taxonomy":"post_tag","embeddable":true,"href":"https:\/\/blog.zeit.de\/gruenegeschaefte\/wp-json\/wp\/v2\/tags?post=3545"}],"curies":[{"name":"wp","href":"https:\/\/api.w.org\/{rel}","templated":true}]}}