{"id":3645,"date":"2012-03-14T12:10:16","date_gmt":"2012-03-14T11:10:16","guid":{"rendered":"http:\/\/blog.zeit.de\/gruenegeschaefte\/?p=3645"},"modified":"2012-03-14T12:10:16","modified_gmt":"2012-03-14T11:10:16","slug":"fast-uberhort-eon-singt-ein-loblied-auf-die-erneuerbaren","status":"publish","type":"post","link":"https:\/\/blog.zeit.de\/gruenegeschaefte\/2012\/03\/14\/fast-uberhort-eon-singt-ein-loblied-auf-die-erneuerbaren\/","title":{"rendered":"Fast \u00fcberh\u00f6rt: Eon singt ein Loblied auf die Erneuerbaren"},"content":{"rendered":"<p>Der Energiekonzern Eon hat ja heute seine Gesch\u00e4ftszahlen f\u00fcr das vergangene Jahr pr\u00e4sentiert und musste wegen des Atomausstiegs einen Verlust von 2,2 Milliarden Euro in Kauf nehmen (das erste Mal in der Firmengeschichte). In der <a href=\"http:\/\/www.eon.com\/de\/media\/news-detail.jsp;jsessionid=B6911FD9D5E100BEAEA4259493C39E07.2?id=10935&amp;back=%2fde%2findex.jsp\">heutigen Pressemitteilung<\/a> bin ich \u00fcber eine wirklich interessante Passage gestolpert:<\/p>\n<blockquote><p><em>(Konzernchef) &#8222;Teyssen betonte, dass das Unternehmen einen hohen Anteil seines Ergebnisses in sehr stabilen Gesch\u00e4ftsfeldern erwirtschafte. 2011 betrug der Anteil des regulierten, quasi-regulierten sowie des langfristig kontrahierten Gesch\u00e4fts am EBITDA rund 50 Prozent.<\/em><\/p>\n<p>\u201eDiese stabilen Einnahmequellen bilden ein robustes Fundament, um auch in unruhigen Zeiten nachhaltig zu wirtschaften, aktuelle wie zuk\u00fcnftige Herausforderungen erfolgreich zu meistern und neue, profitable Wachstumsfelder zu erschlie\u00dfen\u201c, so Teyssen. So plant E.ON beispielsweise, in den n\u00e4chsten f\u00fcnf Jahren 7 Milliarden Euro in Erneuerbare Energien zu investieren, darunter gut 2 Milliarden in neue Offshore-Windparks in Deutschland, England und Schweden.<\/p><\/blockquote>\n<p>Das ist ja nun mal wirklich interessant. Denn \u00fcbersetzt bedeutet das: Das Erneuerbare-Energien-Gesetz (EEG) garantiert Eon sichere Investitionsbedingungen, im Gegensatz zur Situation bei Kohle und Gas.<a href=\"http:\/\/www.zeit.de\/wirtschaft\/2012-01\/kapazitaetsmarkt\"> Da lohnen sich zurzeit keine Investments<\/a>, schlie\u00dflich hat der \u00d6kostrom Vorrang im Netz und das f\u00fchrt dazu, dass andere Energietr\u00e4ger zur\u00fcckstecken m\u00fcssen beziehungsweise unrentabel sind, weil sie nur kurzzeitig ans Netz k\u00f6nnen. Die Einsch\u00e4tzung von Eon deckt sich \u00fcbrigens mit der von anderen gro\u00dfen Energieversorgern.<\/p>\n<p>Was f\u00fcr Zeiten, in denen ein Atom- , Kohle- und Gaskonzern einmal das EEG hochjubelt.<\/p>\n","protected":false},"excerpt":{"rendered":"<p>Der Energiekonzern Eon hat ja heute seine Gesch\u00e4ftszahlen f\u00fcr das vergangene Jahr pr\u00e4sentiert und musste wegen des Atomausstiegs einen Verlust von 2,2 Milliarden Euro in Kauf nehmen (das erste Mal in der Firmengeschichte). In der heutigen Pressemitteilung bin ich \u00fcber eine wirklich interessante Passage gestolpert: (Konzernchef) &#8222;Teyssen betonte, dass das Unternehmen einen hohen Anteil seines [&hellip;]<\/p>\n","protected":false},"author":196,"featured_media":0,"comment_status":"open","ping_status":"open","sticky":false,"template":"","format":"standard","meta":{"_jetpack_memberships_contains_paid_content":false,"footnotes":""},"categories":[12577,1122],"tags":[],"class_list":["post-3645","post","type-post","status-publish","format-standard","hentry","category-energiewende","category-erneuerbare-energien"],"yoast_head":"<!-- This site is optimized with the Yoast SEO plugin v21.0 - https:\/\/yoast.com\/wordpress\/plugins\/seo\/ -->\n<title>Fast \u00fcberh\u00f6rt: Eon singt ein Loblied auf die Erneuerbaren  - Gr\u00fcne Gesch\u00e4fte<\/title>\n<meta name=\"robots\" content=\"index, follow, max-snippet:-1, max-image-preview:large, max-video-preview:-1\" \/>\n<link rel=\"canonical\" href=\"https:\/\/blog.zeit.de\/gruenegeschaefte\/2012\/03\/14\/fast-uberhort-eon-singt-ein-loblied-auf-die-erneuerbaren\/\" \/>\n<meta property=\"og:locale\" content=\"de_DE\" \/>\n<meta property=\"og:type\" content=\"article\" \/>\n<meta property=\"og:title\" content=\"Fast \u00fcberh\u00f6rt: Eon singt ein Loblied auf die Erneuerbaren  - Gr\u00fcne Gesch\u00e4fte\" \/>\n<meta property=\"og:description\" content=\"Der Energiekonzern Eon hat ja heute seine Gesch\u00e4ftszahlen f\u00fcr das vergangene Jahr pr\u00e4sentiert und musste wegen des Atomausstiegs einen Verlust von 2,2 Milliarden Euro in Kauf nehmen (das erste Mal in der Firmengeschichte). In der heutigen Pressemitteilung bin ich \u00fcber eine wirklich interessante Passage gestolpert: (Konzernchef) &#8222;Teyssen betonte, dass das Unternehmen einen hohen Anteil seines [&hellip;]\" \/>\n<meta property=\"og:url\" content=\"https:\/\/blog.zeit.de\/gruenegeschaefte\/2012\/03\/14\/fast-uberhort-eon-singt-ein-loblied-auf-die-erneuerbaren\/\" \/>\n<meta property=\"og:site_name\" content=\"Gr\u00fcne Gesch\u00e4fte\" \/>\n<meta property=\"article:published_time\" content=\"2012-03-14T11:10:16+00:00\" \/>\n<meta name=\"author\" content=\"Marlies Uken\" \/>\n<meta name=\"twitter:card\" content=\"summary_large_image\" \/>\n<meta name=\"twitter:creator\" content=\"@zeitonline\" \/>\n<meta name=\"twitter:site\" content=\"@zeitonline\" \/>\n<meta name=\"twitter:label1\" content=\"Geschrieben von\" \/>\n\t<meta name=\"twitter:data1\" content=\"Marlies Uken\" \/>\n\t<meta name=\"twitter:label2\" content=\"Gesch\u00e4tzte Lesezeit\" \/>\n\t<meta name=\"twitter:data2\" content=\"1\u00a0Minute\" \/>\n<script type=\"application\/ld+json\" class=\"yoast-schema-graph\">{\"@context\":\"https:\/\/schema.org\",\"@graph\":[{\"@type\":\"WebPage\",\"@id\":\"https:\/\/blog.zeit.de\/gruenegeschaefte\/2012\/03\/14\/fast-uberhort-eon-singt-ein-loblied-auf-die-erneuerbaren\/\",\"url\":\"https:\/\/blog.zeit.de\/gruenegeschaefte\/2012\/03\/14\/fast-uberhort-eon-singt-ein-loblied-auf-die-erneuerbaren\/\",\"name\":\"Fast \u00fcberh\u00f6rt: Eon singt ein Loblied auf die Erneuerbaren - Gr\u00fcne Gesch\u00e4fte\",\"isPartOf\":{\"@id\":\"https:\/\/blog.zeit.de\/gruenegeschaefte\/#website\"},\"datePublished\":\"2012-03-14T11:10:16+00:00\",\"dateModified\":\"2012-03-14T11:10:16+00:00\",\"author\":{\"@id\":\"https:\/\/blog.zeit.de\/gruenegeschaefte\/#\/schema\/person\/56a2bdb136cd5997b1dd0485f3d105f9\"},\"breadcrumb\":{\"@id\":\"https:\/\/blog.zeit.de\/gruenegeschaefte\/2012\/03\/14\/fast-uberhort-eon-singt-ein-loblied-auf-die-erneuerbaren\/#breadcrumb\"},\"inLanguage\":\"de\",\"potentialAction\":[{\"@type\":\"ReadAction\",\"target\":[\"https:\/\/blog.zeit.de\/gruenegeschaefte\/2012\/03\/14\/fast-uberhort-eon-singt-ein-loblied-auf-die-erneuerbaren\/\"]}]},{\"@type\":\"BreadcrumbList\",\"@id\":\"https:\/\/blog.zeit.de\/gruenegeschaefte\/2012\/03\/14\/fast-uberhort-eon-singt-ein-loblied-auf-die-erneuerbaren\/#breadcrumb\",\"itemListElement\":[{\"@type\":\"ListItem\",\"position\":1,\"name\":\"Startseite\",\"item\":\"https:\/\/blog.zeit.de\/gruenegeschaefte\/\"},{\"@type\":\"ListItem\",\"position\":2,\"name\":\"Fast \u00fcberh\u00f6rt: Eon singt ein Loblied auf die Erneuerbaren\"}]},{\"@type\":\"WebSite\",\"@id\":\"https:\/\/blog.zeit.de\/gruenegeschaefte\/#website\",\"url\":\"https:\/\/blog.zeit.de\/gruenegeschaefte\/\",\"name\":\"Gr\u00fcne Gesch\u00e4fte\",\"description\":\"Wir k\u00f6nnen&#039;s besser: Das Blog f\u00fcr eine Wirtschaft, die Ressourcen und Klima schont\",\"potentialAction\":[{\"@type\":\"SearchAction\",\"target\":{\"@type\":\"EntryPoint\",\"urlTemplate\":\"https:\/\/blog.zeit.de\/gruenegeschaefte\/?s={search_term_string}\"},\"query-input\":\"required name=search_term_string\"}],\"inLanguage\":\"de\"},{\"@type\":\"Person\",\"@id\":\"https:\/\/blog.zeit.de\/gruenegeschaefte\/#\/schema\/person\/56a2bdb136cd5997b1dd0485f3d105f9\",\"name\":\"Marlies Uken\",\"image\":{\"@type\":\"ImageObject\",\"inLanguage\":\"de\",\"@id\":\"https:\/\/blog.zeit.de\/gruenegeschaefte\/#\/schema\/person\/image\/\",\"url\":\"https:\/\/secure.gravatar.com\/avatar\/1b4c2e971f407a9ead4389a9370b171e45b0ee693342f36fcc448bb9175b9ee2?s=96&d=mm&r=g\",\"contentUrl\":\"https:\/\/secure.gravatar.com\/avatar\/1b4c2e971f407a9ead4389a9370b171e45b0ee693342f36fcc448bb9175b9ee2?s=96&d=mm&r=g\",\"caption\":\"Marlies Uken\"},\"description\":\"ist Redakteurin bei ZEIT ONLINE.\",\"sameAs\":[\"https:\/\/blog.zeit.de\/gruenegeschaefte\/\"],\"url\":\"https:\/\/blog.zeit.de\/gruenegeschaefte\/author\/marlies-uken\/\"}]}<\/script>\n<!-- \/ Yoast SEO plugin. -->","yoast_head_json":{"title":"Fast \u00fcberh\u00f6rt: Eon singt ein Loblied auf die Erneuerbaren  - Gr\u00fcne Gesch\u00e4fte","robots":{"index":"index","follow":"follow","max-snippet":"max-snippet:-1","max-image-preview":"max-image-preview:large","max-video-preview":"max-video-preview:-1"},"canonical":"https:\/\/blog.zeit.de\/gruenegeschaefte\/2012\/03\/14\/fast-uberhort-eon-singt-ein-loblied-auf-die-erneuerbaren\/","og_locale":"de_DE","og_type":"article","og_title":"Fast \u00fcberh\u00f6rt: Eon singt ein Loblied auf die Erneuerbaren  - Gr\u00fcne Gesch\u00e4fte","og_description":"Der Energiekonzern Eon hat ja heute seine Gesch\u00e4ftszahlen f\u00fcr das vergangene Jahr pr\u00e4sentiert und musste wegen des Atomausstiegs einen Verlust von 2,2 Milliarden Euro in Kauf nehmen (das erste Mal in der Firmengeschichte). In der heutigen Pressemitteilung bin ich \u00fcber eine wirklich interessante Passage gestolpert: (Konzernchef) &#8222;Teyssen betonte, dass das Unternehmen einen hohen Anteil seines [&hellip;]","og_url":"https:\/\/blog.zeit.de\/gruenegeschaefte\/2012\/03\/14\/fast-uberhort-eon-singt-ein-loblied-auf-die-erneuerbaren\/","og_site_name":"Gr\u00fcne Gesch\u00e4fte","article_published_time":"2012-03-14T11:10:16+00:00","author":"Marlies Uken","twitter_card":"summary_large_image","twitter_creator":"@zeitonline","twitter_site":"@zeitonline","twitter_misc":{"Geschrieben von":"Marlies Uken","Gesch\u00e4tzte Lesezeit":"1\u00a0Minute"},"schema":{"@context":"https:\/\/schema.org","@graph":[{"@type":"WebPage","@id":"https:\/\/blog.zeit.de\/gruenegeschaefte\/2012\/03\/14\/fast-uberhort-eon-singt-ein-loblied-auf-die-erneuerbaren\/","url":"https:\/\/blog.zeit.de\/gruenegeschaefte\/2012\/03\/14\/fast-uberhort-eon-singt-ein-loblied-auf-die-erneuerbaren\/","name":"Fast \u00fcberh\u00f6rt: Eon singt ein Loblied auf die Erneuerbaren - Gr\u00fcne Gesch\u00e4fte","isPartOf":{"@id":"https:\/\/blog.zeit.de\/gruenegeschaefte\/#website"},"datePublished":"2012-03-14T11:10:16+00:00","dateModified":"2012-03-14T11:10:16+00:00","author":{"@id":"https:\/\/blog.zeit.de\/gruenegeschaefte\/#\/schema\/person\/56a2bdb136cd5997b1dd0485f3d105f9"},"breadcrumb":{"@id":"https:\/\/blog.zeit.de\/gruenegeschaefte\/2012\/03\/14\/fast-uberhort-eon-singt-ein-loblied-auf-die-erneuerbaren\/#breadcrumb"},"inLanguage":"de","potentialAction":[{"@type":"ReadAction","target":["https:\/\/blog.zeit.de\/gruenegeschaefte\/2012\/03\/14\/fast-uberhort-eon-singt-ein-loblied-auf-die-erneuerbaren\/"]}]},{"@type":"BreadcrumbList","@id":"https:\/\/blog.zeit.de\/gruenegeschaefte\/2012\/03\/14\/fast-uberhort-eon-singt-ein-loblied-auf-die-erneuerbaren\/#breadcrumb","itemListElement":[{"@type":"ListItem","position":1,"name":"Startseite","item":"https:\/\/blog.zeit.de\/gruenegeschaefte\/"},{"@type":"ListItem","position":2,"name":"Fast \u00fcberh\u00f6rt: Eon singt ein Loblied auf die Erneuerbaren"}]},{"@type":"WebSite","@id":"https:\/\/blog.zeit.de\/gruenegeschaefte\/#website","url":"https:\/\/blog.zeit.de\/gruenegeschaefte\/","name":"Gr\u00fcne Gesch\u00e4fte","description":"Wir k\u00f6nnen&#039;s besser: Das Blog f\u00fcr eine Wirtschaft, die Ressourcen und Klima schont","potentialAction":[{"@type":"SearchAction","target":{"@type":"EntryPoint","urlTemplate":"https:\/\/blog.zeit.de\/gruenegeschaefte\/?s={search_term_string}"},"query-input":"required name=search_term_string"}],"inLanguage":"de"},{"@type":"Person","@id":"https:\/\/blog.zeit.de\/gruenegeschaefte\/#\/schema\/person\/56a2bdb136cd5997b1dd0485f3d105f9","name":"Marlies Uken","image":{"@type":"ImageObject","inLanguage":"de","@id":"https:\/\/blog.zeit.de\/gruenegeschaefte\/#\/schema\/person\/image\/","url":"https:\/\/secure.gravatar.com\/avatar\/1b4c2e971f407a9ead4389a9370b171e45b0ee693342f36fcc448bb9175b9ee2?s=96&d=mm&r=g","contentUrl":"https:\/\/secure.gravatar.com\/avatar\/1b4c2e971f407a9ead4389a9370b171e45b0ee693342f36fcc448bb9175b9ee2?s=96&d=mm&r=g","caption":"Marlies Uken"},"description":"ist Redakteurin bei ZEIT ONLINE.","sameAs":["https:\/\/blog.zeit.de\/gruenegeschaefte\/"],"url":"https:\/\/blog.zeit.de\/gruenegeschaefte\/author\/marlies-uken\/"}]}},"jetpack_featured_media_url":"","jetpack_sharing_enabled":true,"_links":{"self":[{"href":"https:\/\/blog.zeit.de\/gruenegeschaefte\/wp-json\/wp\/v2\/posts\/3645","targetHints":{"allow":["GET"]}}],"collection":[{"href":"https:\/\/blog.zeit.de\/gruenegeschaefte\/wp-json\/wp\/v2\/posts"}],"about":[{"href":"https:\/\/blog.zeit.de\/gruenegeschaefte\/wp-json\/wp\/v2\/types\/post"}],"author":[{"embeddable":true,"href":"https:\/\/blog.zeit.de\/gruenegeschaefte\/wp-json\/wp\/v2\/users\/196"}],"replies":[{"embeddable":true,"href":"https:\/\/blog.zeit.de\/gruenegeschaefte\/wp-json\/wp\/v2\/comments?post=3645"}],"version-history":[{"count":7,"href":"https:\/\/blog.zeit.de\/gruenegeschaefte\/wp-json\/wp\/v2\/posts\/3645\/revisions"}],"predecessor-version":[{"id":3652,"href":"https:\/\/blog.zeit.de\/gruenegeschaefte\/wp-json\/wp\/v2\/posts\/3645\/revisions\/3652"}],"wp:attachment":[{"href":"https:\/\/blog.zeit.de\/gruenegeschaefte\/wp-json\/wp\/v2\/media?parent=3645"}],"wp:term":[{"taxonomy":"category","embeddable":true,"href":"https:\/\/blog.zeit.de\/gruenegeschaefte\/wp-json\/wp\/v2\/categories?post=3645"},{"taxonomy":"post_tag","embeddable":true,"href":"https:\/\/blog.zeit.de\/gruenegeschaefte\/wp-json\/wp\/v2\/tags?post=3645"}],"curies":[{"name":"wp","href":"https:\/\/api.w.org\/{rel}","templated":true}]}}