{"id":3754,"date":"2012-04-02T23:29:38","date_gmt":"2012-04-02T21:29:38","guid":{"rendered":"http:\/\/blog.zeit.de\/gruenegeschaefte\/?p=3754"},"modified":"2012-04-02T23:29:38","modified_gmt":"2012-04-02T21:29:38","slug":"tschuss-q-cells-schumpeter-schlagt-zu","status":"publish","type":"post","link":"https:\/\/blog.zeit.de\/gruenegeschaefte\/2012\/04\/02\/tschuss-q-cells-schumpeter-schlagt-zu\/","title":{"rendered":"Tsch\u00fcss Q-Cells: Schumpeter schl\u00e4gt zu"},"content":{"rendered":"<p>Es ist ein komisches Gef\u00fchl, diese Pleite mitzuerleben. <a href=\"http:\/\/www.q-cells.com\/presse\/article\/\/Q-Cells-SE-stellt-Insolvenzantrag.html\">Morgen fr\u00fch wird ja Q-Cells Insolvenz beantragen<\/a>, der einstige Weltmarktf\u00fchrer f\u00fcr Solarzellen in Deutschland. Zu Hochzeiten war dieses Unternehmen mehrere Milliarden Euro an der B\u00f6rse wert, jetzt daddelt die Aktie bei gerade einmal 12 Cent herum.<\/p>\n<p>2006 lief ich durch Bitterfeld-Wolfen und besuchte einen Tag lang den damaligen Star der deutschen Solarbranche. Herausgekommen ist damals <a href=\"https:\/\/blog.zeit.de\/gruenegeschaefte\/files\/2012\/04\/2007_Beitrag_Uken_im_Osten.pdf\">diese Reportage (pdf)<\/a>. Es herrschte eine extrem optimistische Stimmung in dem Gewerbepark und bei Q-Cells.<\/p>\n<p>Aus und vorbei. &#8222;Sonnenuntergang&#8220; ist zurzeit die beliebteste \u00dcberschrift f\u00fcr all die Portr\u00e4ts \u00fcber den Verfall der deutschen Solarindustrie.\u00a0 Der Preisverfall auf den M\u00e4rkten wegen immenser \u00dcberkapazit\u00e4ten bedeutete auch das Ende f\u00fcr Q-Cells. Es ist die vierte gro\u00dfe Pleite eines deutschen Solarunternehmens in j\u00fcngster Zeit. Ich zitiere mal kurz und nat\u00fcrlich komplett uneitel den Firmengr\u00fcnder Anton Milner (inzwischen ausgeschieden) aus der Reportage von damals:<\/p>\n<blockquote><p><em>Er sei eine Art \u201ealtruistischer Kapitalist\u201c, erz\u00e4hlt Milner. Nat\u00fcrlich wolle er Geld verdienen \u2013 aber am liebsten mit einem Produkt, das Menschen helfe: \u201eIn Afrika oder China brauchen die Leute erst einmal Strom.\u201c Es gef\u00e4llt ihm, leise, aber beharrlich die \u00d6l-, Gas- und Atomkonkurrenz herauszufordern. \u201eWir k\u00f6nnen den Klimawandel beeinflussen\u201c, sagt er, \u201eund den Energiemarkt aufmischen.\u201c<\/em><\/p><\/blockquote>\n<p>Den Energiemarkt hat Q-Cells sicherlich zeitweise aufgemischt. Aber wenn man tats\u00e4chlich in Afrika helfen will, dann ist wohl nichts sinnvoller, als g\u00fcnstig Solarmodule zu produzieren. In Deutschland ist das derzeit unter den aktuellen Bedingungen nicht m\u00f6glich. Das bedeutet eine weitere Insolvenz, was schlimm ist, vor allem f\u00fcr die Region Bitterfeld.<a href=\"http:\/\/www.zeit.de\/wirtschaft\/unternehmen\/2012-04\/solarkonzern-q-cells\"> 2200 Arbeitspl\u00e4tze sollen bei Q-Cells auf dem Spiel stehen<\/a>.<\/p>\n<p>Um die Ziele, also Gridparity, zu erreichen, ist allerdings der Kostenverfall ein Muss. Sonst wird Solarstrom niemals mit Strom aus Kohle- oder Atomkraftwerken mithalten k\u00f6nnen. Es ist der &#8222;sch\u00f6pferische Wettbewerb&#8220; a la Schumpeter, den man da gerade live in Bitterfeld erleben kann.<\/p>\n<p>Allerdings mit teilweise unfairen Waffen. Das zeigt Solarworld, <a href=\"http:\/\/www.fr-online.de\/wirtschaft\/solarenergie-solarworld-erzwingt-strafzoelle-fuer-china-zellen-,1472780,11947356,view,asFirstTeaser.html\">die ja erfolgreich gegen die massive Subventionierung der chinesischen Solarindustrie und Dumpingpreise klagen, wie die <em>Frankfurter Rundschau<\/em> meldet.<\/a><\/p>\n","protected":false},"excerpt":{"rendered":"<p>Es ist ein komisches Gef\u00fchl, diese Pleite mitzuerleben. Morgen fr\u00fch wird ja Q-Cells Insolvenz beantragen, der einstige Weltmarktf\u00fchrer f\u00fcr Solarzellen in Deutschland. Zu Hochzeiten war dieses Unternehmen mehrere Milliarden Euro an der B\u00f6rse wert, jetzt daddelt die Aktie bei gerade einmal 12 Cent herum. 2006 lief ich durch Bitterfeld-Wolfen und besuchte einen Tag lang den [&hellip;]<\/p>\n","protected":false},"author":196,"featured_media":0,"comment_status":"open","ping_status":"open","sticky":false,"template":"","format":"standard","meta":{"_jetpack_memberships_contains_paid_content":false,"footnotes":""},"categories":[1,1122,1124],"tags":[],"class_list":["post-3754","post","type-post","status-publish","format-standard","hentry","category-allgemein","category-erneuerbare-energien","category-solar"],"yoast_head":"<!-- This site is optimized with the Yoast SEO plugin v21.0 - https:\/\/yoast.com\/wordpress\/plugins\/seo\/ -->\n<title>Tsch\u00fcss Q-Cells: Schumpeter schl\u00e4gt zu - Gr\u00fcne Gesch\u00e4fte<\/title>\n<meta name=\"robots\" content=\"index, follow, max-snippet:-1, max-image-preview:large, max-video-preview:-1\" \/>\n<link rel=\"canonical\" href=\"https:\/\/blog.zeit.de\/gruenegeschaefte\/2012\/04\/02\/tschuss-q-cells-schumpeter-schlagt-zu\/\" \/>\n<meta property=\"og:locale\" content=\"de_DE\" \/>\n<meta property=\"og:type\" content=\"article\" \/>\n<meta property=\"og:title\" content=\"Tsch\u00fcss Q-Cells: Schumpeter schl\u00e4gt zu - Gr\u00fcne Gesch\u00e4fte\" \/>\n<meta property=\"og:description\" content=\"Es ist ein komisches Gef\u00fchl, diese Pleite mitzuerleben. Morgen fr\u00fch wird ja Q-Cells Insolvenz beantragen, der einstige Weltmarktf\u00fchrer f\u00fcr Solarzellen in Deutschland. Zu Hochzeiten war dieses Unternehmen mehrere Milliarden Euro an der B\u00f6rse wert, jetzt daddelt die Aktie bei gerade einmal 12 Cent herum. 2006 lief ich durch Bitterfeld-Wolfen und besuchte einen Tag lang den [&hellip;]\" \/>\n<meta property=\"og:url\" content=\"https:\/\/blog.zeit.de\/gruenegeschaefte\/2012\/04\/02\/tschuss-q-cells-schumpeter-schlagt-zu\/\" \/>\n<meta property=\"og:site_name\" content=\"Gr\u00fcne Gesch\u00e4fte\" \/>\n<meta property=\"article:published_time\" content=\"2012-04-02T21:29:38+00:00\" \/>\n<meta name=\"author\" content=\"Marlies Uken\" \/>\n<meta name=\"twitter:card\" content=\"summary_large_image\" \/>\n<meta name=\"twitter:creator\" content=\"@zeitonline\" \/>\n<meta name=\"twitter:site\" content=\"@zeitonline\" \/>\n<meta name=\"twitter:label1\" content=\"Geschrieben von\" \/>\n\t<meta name=\"twitter:data1\" content=\"Marlies Uken\" \/>\n\t<meta name=\"twitter:label2\" content=\"Gesch\u00e4tzte Lesezeit\" \/>\n\t<meta name=\"twitter:data2\" content=\"2\u00a0Minuten\" \/>\n<script type=\"application\/ld+json\" class=\"yoast-schema-graph\">{\"@context\":\"https:\/\/schema.org\",\"@graph\":[{\"@type\":\"WebPage\",\"@id\":\"https:\/\/blog.zeit.de\/gruenegeschaefte\/2012\/04\/02\/tschuss-q-cells-schumpeter-schlagt-zu\/\",\"url\":\"https:\/\/blog.zeit.de\/gruenegeschaefte\/2012\/04\/02\/tschuss-q-cells-schumpeter-schlagt-zu\/\",\"name\":\"Tsch\u00fcss Q-Cells: Schumpeter schl\u00e4gt zu - Gr\u00fcne Gesch\u00e4fte\",\"isPartOf\":{\"@id\":\"https:\/\/blog.zeit.de\/gruenegeschaefte\/#website\"},\"datePublished\":\"2012-04-02T21:29:38+00:00\",\"dateModified\":\"2012-04-02T21:29:38+00:00\",\"author\":{\"@id\":\"https:\/\/blog.zeit.de\/gruenegeschaefte\/#\/schema\/person\/56a2bdb136cd5997b1dd0485f3d105f9\"},\"breadcrumb\":{\"@id\":\"https:\/\/blog.zeit.de\/gruenegeschaefte\/2012\/04\/02\/tschuss-q-cells-schumpeter-schlagt-zu\/#breadcrumb\"},\"inLanguage\":\"de\",\"potentialAction\":[{\"@type\":\"ReadAction\",\"target\":[\"https:\/\/blog.zeit.de\/gruenegeschaefte\/2012\/04\/02\/tschuss-q-cells-schumpeter-schlagt-zu\/\"]}]},{\"@type\":\"BreadcrumbList\",\"@id\":\"https:\/\/blog.zeit.de\/gruenegeschaefte\/2012\/04\/02\/tschuss-q-cells-schumpeter-schlagt-zu\/#breadcrumb\",\"itemListElement\":[{\"@type\":\"ListItem\",\"position\":1,\"name\":\"Startseite\",\"item\":\"https:\/\/blog.zeit.de\/gruenegeschaefte\/\"},{\"@type\":\"ListItem\",\"position\":2,\"name\":\"Tsch\u00fcss Q-Cells: Schumpeter schl\u00e4gt zu\"}]},{\"@type\":\"WebSite\",\"@id\":\"https:\/\/blog.zeit.de\/gruenegeschaefte\/#website\",\"url\":\"https:\/\/blog.zeit.de\/gruenegeschaefte\/\",\"name\":\"Gr\u00fcne Gesch\u00e4fte\",\"description\":\"Wir k\u00f6nnen&#039;s besser: Das Blog f\u00fcr eine Wirtschaft, die Ressourcen und Klima schont\",\"potentialAction\":[{\"@type\":\"SearchAction\",\"target\":{\"@type\":\"EntryPoint\",\"urlTemplate\":\"https:\/\/blog.zeit.de\/gruenegeschaefte\/?s={search_term_string}\"},\"query-input\":\"required name=search_term_string\"}],\"inLanguage\":\"de\"},{\"@type\":\"Person\",\"@id\":\"https:\/\/blog.zeit.de\/gruenegeschaefte\/#\/schema\/person\/56a2bdb136cd5997b1dd0485f3d105f9\",\"name\":\"Marlies Uken\",\"image\":{\"@type\":\"ImageObject\",\"inLanguage\":\"de\",\"@id\":\"https:\/\/blog.zeit.de\/gruenegeschaefte\/#\/schema\/person\/image\/\",\"url\":\"https:\/\/secure.gravatar.com\/avatar\/1b4c2e971f407a9ead4389a9370b171e45b0ee693342f36fcc448bb9175b9ee2?s=96&d=mm&r=g\",\"contentUrl\":\"https:\/\/secure.gravatar.com\/avatar\/1b4c2e971f407a9ead4389a9370b171e45b0ee693342f36fcc448bb9175b9ee2?s=96&d=mm&r=g\",\"caption\":\"Marlies Uken\"},\"description\":\"ist Redakteurin bei ZEIT ONLINE.\",\"sameAs\":[\"https:\/\/blog.zeit.de\/gruenegeschaefte\/\"],\"url\":\"https:\/\/blog.zeit.de\/gruenegeschaefte\/author\/marlies-uken\/\"}]}<\/script>\n<!-- \/ Yoast SEO plugin. -->","yoast_head_json":{"title":"Tsch\u00fcss Q-Cells: Schumpeter schl\u00e4gt zu - Gr\u00fcne Gesch\u00e4fte","robots":{"index":"index","follow":"follow","max-snippet":"max-snippet:-1","max-image-preview":"max-image-preview:large","max-video-preview":"max-video-preview:-1"},"canonical":"https:\/\/blog.zeit.de\/gruenegeschaefte\/2012\/04\/02\/tschuss-q-cells-schumpeter-schlagt-zu\/","og_locale":"de_DE","og_type":"article","og_title":"Tsch\u00fcss Q-Cells: Schumpeter schl\u00e4gt zu - Gr\u00fcne Gesch\u00e4fte","og_description":"Es ist ein komisches Gef\u00fchl, diese Pleite mitzuerleben. Morgen fr\u00fch wird ja Q-Cells Insolvenz beantragen, der einstige Weltmarktf\u00fchrer f\u00fcr Solarzellen in Deutschland. Zu Hochzeiten war dieses Unternehmen mehrere Milliarden Euro an der B\u00f6rse wert, jetzt daddelt die Aktie bei gerade einmal 12 Cent herum. 2006 lief ich durch Bitterfeld-Wolfen und besuchte einen Tag lang den [&hellip;]","og_url":"https:\/\/blog.zeit.de\/gruenegeschaefte\/2012\/04\/02\/tschuss-q-cells-schumpeter-schlagt-zu\/","og_site_name":"Gr\u00fcne Gesch\u00e4fte","article_published_time":"2012-04-02T21:29:38+00:00","author":"Marlies Uken","twitter_card":"summary_large_image","twitter_creator":"@zeitonline","twitter_site":"@zeitonline","twitter_misc":{"Geschrieben von":"Marlies Uken","Gesch\u00e4tzte Lesezeit":"2\u00a0Minuten"},"schema":{"@context":"https:\/\/schema.org","@graph":[{"@type":"WebPage","@id":"https:\/\/blog.zeit.de\/gruenegeschaefte\/2012\/04\/02\/tschuss-q-cells-schumpeter-schlagt-zu\/","url":"https:\/\/blog.zeit.de\/gruenegeschaefte\/2012\/04\/02\/tschuss-q-cells-schumpeter-schlagt-zu\/","name":"Tsch\u00fcss Q-Cells: Schumpeter schl\u00e4gt zu - Gr\u00fcne Gesch\u00e4fte","isPartOf":{"@id":"https:\/\/blog.zeit.de\/gruenegeschaefte\/#website"},"datePublished":"2012-04-02T21:29:38+00:00","dateModified":"2012-04-02T21:29:38+00:00","author":{"@id":"https:\/\/blog.zeit.de\/gruenegeschaefte\/#\/schema\/person\/56a2bdb136cd5997b1dd0485f3d105f9"},"breadcrumb":{"@id":"https:\/\/blog.zeit.de\/gruenegeschaefte\/2012\/04\/02\/tschuss-q-cells-schumpeter-schlagt-zu\/#breadcrumb"},"inLanguage":"de","potentialAction":[{"@type":"ReadAction","target":["https:\/\/blog.zeit.de\/gruenegeschaefte\/2012\/04\/02\/tschuss-q-cells-schumpeter-schlagt-zu\/"]}]},{"@type":"BreadcrumbList","@id":"https:\/\/blog.zeit.de\/gruenegeschaefte\/2012\/04\/02\/tschuss-q-cells-schumpeter-schlagt-zu\/#breadcrumb","itemListElement":[{"@type":"ListItem","position":1,"name":"Startseite","item":"https:\/\/blog.zeit.de\/gruenegeschaefte\/"},{"@type":"ListItem","position":2,"name":"Tsch\u00fcss Q-Cells: Schumpeter schl\u00e4gt zu"}]},{"@type":"WebSite","@id":"https:\/\/blog.zeit.de\/gruenegeschaefte\/#website","url":"https:\/\/blog.zeit.de\/gruenegeschaefte\/","name":"Gr\u00fcne Gesch\u00e4fte","description":"Wir k\u00f6nnen&#039;s besser: Das Blog f\u00fcr eine Wirtschaft, die Ressourcen und Klima schont","potentialAction":[{"@type":"SearchAction","target":{"@type":"EntryPoint","urlTemplate":"https:\/\/blog.zeit.de\/gruenegeschaefte\/?s={search_term_string}"},"query-input":"required name=search_term_string"}],"inLanguage":"de"},{"@type":"Person","@id":"https:\/\/blog.zeit.de\/gruenegeschaefte\/#\/schema\/person\/56a2bdb136cd5997b1dd0485f3d105f9","name":"Marlies Uken","image":{"@type":"ImageObject","inLanguage":"de","@id":"https:\/\/blog.zeit.de\/gruenegeschaefte\/#\/schema\/person\/image\/","url":"https:\/\/secure.gravatar.com\/avatar\/1b4c2e971f407a9ead4389a9370b171e45b0ee693342f36fcc448bb9175b9ee2?s=96&d=mm&r=g","contentUrl":"https:\/\/secure.gravatar.com\/avatar\/1b4c2e971f407a9ead4389a9370b171e45b0ee693342f36fcc448bb9175b9ee2?s=96&d=mm&r=g","caption":"Marlies Uken"},"description":"ist Redakteurin bei ZEIT ONLINE.","sameAs":["https:\/\/blog.zeit.de\/gruenegeschaefte\/"],"url":"https:\/\/blog.zeit.de\/gruenegeschaefte\/author\/marlies-uken\/"}]}},"jetpack_featured_media_url":"","jetpack_sharing_enabled":true,"_links":{"self":[{"href":"https:\/\/blog.zeit.de\/gruenegeschaefte\/wp-json\/wp\/v2\/posts\/3754","targetHints":{"allow":["GET"]}}],"collection":[{"href":"https:\/\/blog.zeit.de\/gruenegeschaefte\/wp-json\/wp\/v2\/posts"}],"about":[{"href":"https:\/\/blog.zeit.de\/gruenegeschaefte\/wp-json\/wp\/v2\/types\/post"}],"author":[{"embeddable":true,"href":"https:\/\/blog.zeit.de\/gruenegeschaefte\/wp-json\/wp\/v2\/users\/196"}],"replies":[{"embeddable":true,"href":"https:\/\/blog.zeit.de\/gruenegeschaefte\/wp-json\/wp\/v2\/comments?post=3754"}],"version-history":[{"count":13,"href":"https:\/\/blog.zeit.de\/gruenegeschaefte\/wp-json\/wp\/v2\/posts\/3754\/revisions"}],"predecessor-version":[{"id":3768,"href":"https:\/\/blog.zeit.de\/gruenegeschaefte\/wp-json\/wp\/v2\/posts\/3754\/revisions\/3768"}],"wp:attachment":[{"href":"https:\/\/blog.zeit.de\/gruenegeschaefte\/wp-json\/wp\/v2\/media?parent=3754"}],"wp:term":[{"taxonomy":"category","embeddable":true,"href":"https:\/\/blog.zeit.de\/gruenegeschaefte\/wp-json\/wp\/v2\/categories?post=3754"},{"taxonomy":"post_tag","embeddable":true,"href":"https:\/\/blog.zeit.de\/gruenegeschaefte\/wp-json\/wp\/v2\/tags?post=3754"}],"curies":[{"name":"wp","href":"https:\/\/api.w.org\/{rel}","templated":true}]}}