{"id":3769,"date":"2012-04-11T11:00:44","date_gmt":"2012-04-11T09:00:44","guid":{"rendered":"http:\/\/blog.zeit.de\/gruenegeschaefte\/?p=3769"},"modified":"2012-04-11T12:41:11","modified_gmt":"2012-04-11T10:41:11","slug":"co2-handel-osterreich-kauft-sich-gunstig-frei","status":"publish","type":"post","link":"https:\/\/blog.zeit.de\/gruenegeschaefte\/2012\/04\/11\/co2-handel-osterreich-kauft-sich-gunstig-frei\/","title":{"rendered":"Co2-Handel: \u00d6sterreich kauft sich g\u00fcnstig frei"},"content":{"rendered":"<p>Die Preise f\u00fcr Emissionszertifkate d\u00fcmpeln ja schon seit Monaten auf einem extrem niedrigen Niveau, gerade einmal etwa sechs Euro kostet zurzeit die Tonne CO2, erst vergangene Woche ist der Preis wieder in den Keller gerauscht. Mit weitreichenden Folgen: Mit so niedrigen Preisen sinkt der Anreiz, in Klimaschutzaktivit\u00e4ten zu investieren. Die EU will den Emissionshandel wieder beleben, eine Idee w\u00e4re es,<a href=\"http:\/\/www.zeit.de\/wirtschaft\/2012-01\/emissionshandel-krise\"> die Zahl der Verschmutzungszertifikate zu verknappen und so den Preis hochzutreiben<\/a>.<\/p>\n<p>Den \u00f6sterreichischen Umweltschutzminister ficht das Problem dagegen offenbar nicht an. Im Gegenteil, geradezu bauernschlau klingt <a href=\"http:\/\/www.lebensministerium.at\/presse\/umwelt\/pk_klimaschutz_2012.html\">seine Einsch\u00e4tzung<\/a>: Ist doch super, so ein niedriger CO2-Preis, da kann \u00d6sterreich sch\u00f6n g\u00fcnstig Zertifikate zukaufen:<\/p>\n<blockquote><p><em>&#8222;Vor einem Jahr wurden die Kosten der Zertifikate f\u00fcr \u00d6sterreich auf 600 Millionen Euro, sogar bis zu einer Milliarde Euro gesch\u00e4tzt. Wenn wir heute Geld in die Hand nehmen, sparen wir gut 440 Millionen Euro. Das nutzt dem Budget und dem Klima&#8220;, erl\u00e4utert Berlakovich.<\/em><\/p><\/blockquote>\n<p>\u00d6sterreich hat tats\u00e4chlich ein Problem: Das Land hat sein CO2-Budget \u00fcberfordert. 6,2 Millionen Tonnen CO2 muss es zukaufen, um die Klimaschutzziele zu erf\u00fcllen und um Strafzahlungen zu entgehen. Das ist nat\u00fcrlich jetzt gerade billiger als vor einem Jahr, als der CO2-Preis noch etwas h\u00f6her war.<\/p>\n<p>Allerdings ist Berlakovichs Rechnung wohl eher eine Milchm\u00e4dchen-Rechnung. Zwar sparen die \u00f6sterreichischen Steuerzahler vielleicht Millionen ein. Aber smarter w\u00e4re es wohl, das Geld in Klimaschutzma\u00dfnahmen zu Hause zu investieren und so die heimische Wirtschaft anzukurbeln.<\/p>\n<p>Nat\u00fcrlich, dem Klima ist egal, ob die Tonne CO2 nun in \u00d6sterreich oder auf einer indonesischen M\u00fcllkippe durch ein Klimaschutzprojekt eingespart wurde. Aber so vergibt sich \u00d6sterreich die Chance, selbst von Klimaschutzma\u00dfnahmen zu profitieren. Einmal davon abgesehen, dass der niedrige CO2-Preis niemandem hilft: Nur wenn es ein klares und eindeutiges CO2-Preissignal gibt, rechnen sich Investitionen in erneuerbare Energien und\u00a0 CO2-\u00e4rmere, effiziente Gaskraftwerke. <a href=\"http:\/\/www.handelsblatt.com\/unternehmen\/industrie\/johannes-teyssen-eon-chef-fordert-neue-energiepolitik\/6456428.html\">Erst k\u00fcrzlich sprach sich daher auch Eon-Chef Teyssen f\u00fcr eine St\u00e4rkung des europ\u00e4ischen Zertifikatshandels aus.<\/a> Das sollte Herrn Berlakovich zu denken geben.<\/p>\n","protected":false},"excerpt":{"rendered":"<p>Die Preise f\u00fcr Emissionszertifkate d\u00fcmpeln ja schon seit Monaten auf einem extrem niedrigen Niveau, gerade einmal etwa sechs Euro kostet zurzeit die Tonne CO2, erst vergangene Woche ist der Preis wieder in den Keller gerauscht. Mit weitreichenden Folgen: Mit so niedrigen Preisen sinkt der Anreiz, in Klimaschutzaktivit\u00e4ten zu investieren. Die EU will den Emissionshandel wieder [&hellip;]<\/p>\n","protected":false},"author":196,"featured_media":0,"comment_status":"open","ping_status":"open","sticky":false,"template":"","format":"standard","meta":{"_jetpack_memberships_contains_paid_content":false,"footnotes":""},"categories":[12577,1122,1132,1145],"tags":[],"class_list":["post-3769","post","type-post","status-publish","format-standard","hentry","category-energiewende","category-erneuerbare-energien","category-klima","category-kohle"],"yoast_head":"<!-- This site is optimized with the Yoast SEO plugin v21.0 - https:\/\/yoast.com\/wordpress\/plugins\/seo\/ -->\n<title>Co2-Handel: \u00d6sterreich kauft sich g\u00fcnstig frei - Gr\u00fcne Gesch\u00e4fte<\/title>\n<meta name=\"robots\" content=\"index, follow, max-snippet:-1, max-image-preview:large, max-video-preview:-1\" \/>\n<link rel=\"canonical\" href=\"https:\/\/blog.zeit.de\/gruenegeschaefte\/2012\/04\/11\/co2-handel-osterreich-kauft-sich-gunstig-frei\/\" \/>\n<meta property=\"og:locale\" content=\"de_DE\" \/>\n<meta property=\"og:type\" content=\"article\" \/>\n<meta property=\"og:title\" content=\"Co2-Handel: \u00d6sterreich kauft sich g\u00fcnstig frei - Gr\u00fcne Gesch\u00e4fte\" \/>\n<meta property=\"og:description\" content=\"Die Preise f\u00fcr Emissionszertifkate d\u00fcmpeln ja schon seit Monaten auf einem extrem niedrigen Niveau, gerade einmal etwa sechs Euro kostet zurzeit die Tonne CO2, erst vergangene Woche ist der Preis wieder in den Keller gerauscht. Mit weitreichenden Folgen: Mit so niedrigen Preisen sinkt der Anreiz, in Klimaschutzaktivit\u00e4ten zu investieren. Die EU will den Emissionshandel wieder [&hellip;]\" \/>\n<meta property=\"og:url\" content=\"https:\/\/blog.zeit.de\/gruenegeschaefte\/2012\/04\/11\/co2-handel-osterreich-kauft-sich-gunstig-frei\/\" \/>\n<meta property=\"og:site_name\" content=\"Gr\u00fcne Gesch\u00e4fte\" \/>\n<meta property=\"article:published_time\" content=\"2012-04-11T09:00:44+00:00\" \/>\n<meta property=\"article:modified_time\" content=\"2012-04-11T10:41:11+00:00\" \/>\n<meta name=\"author\" content=\"Marlies Uken\" \/>\n<meta name=\"twitter:card\" content=\"summary_large_image\" \/>\n<meta name=\"twitter:creator\" content=\"@zeitonline\" \/>\n<meta name=\"twitter:site\" content=\"@zeitonline\" \/>\n<meta name=\"twitter:label1\" content=\"Geschrieben von\" \/>\n\t<meta name=\"twitter:data1\" content=\"Marlies Uken\" \/>\n\t<meta name=\"twitter:label2\" content=\"Gesch\u00e4tzte Lesezeit\" \/>\n\t<meta name=\"twitter:data2\" content=\"2\u00a0Minuten\" \/>\n<script type=\"application\/ld+json\" class=\"yoast-schema-graph\">{\"@context\":\"https:\/\/schema.org\",\"@graph\":[{\"@type\":\"WebPage\",\"@id\":\"https:\/\/blog.zeit.de\/gruenegeschaefte\/2012\/04\/11\/co2-handel-osterreich-kauft-sich-gunstig-frei\/\",\"url\":\"https:\/\/blog.zeit.de\/gruenegeschaefte\/2012\/04\/11\/co2-handel-osterreich-kauft-sich-gunstig-frei\/\",\"name\":\"Co2-Handel: \u00d6sterreich kauft sich g\u00fcnstig frei - Gr\u00fcne Gesch\u00e4fte\",\"isPartOf\":{\"@id\":\"https:\/\/blog.zeit.de\/gruenegeschaefte\/#website\"},\"datePublished\":\"2012-04-11T09:00:44+00:00\",\"dateModified\":\"2012-04-11T10:41:11+00:00\",\"author\":{\"@id\":\"https:\/\/blog.zeit.de\/gruenegeschaefte\/#\/schema\/person\/56a2bdb136cd5997b1dd0485f3d105f9\"},\"breadcrumb\":{\"@id\":\"https:\/\/blog.zeit.de\/gruenegeschaefte\/2012\/04\/11\/co2-handel-osterreich-kauft-sich-gunstig-frei\/#breadcrumb\"},\"inLanguage\":\"de\",\"potentialAction\":[{\"@type\":\"ReadAction\",\"target\":[\"https:\/\/blog.zeit.de\/gruenegeschaefte\/2012\/04\/11\/co2-handel-osterreich-kauft-sich-gunstig-frei\/\"]}]},{\"@type\":\"BreadcrumbList\",\"@id\":\"https:\/\/blog.zeit.de\/gruenegeschaefte\/2012\/04\/11\/co2-handel-osterreich-kauft-sich-gunstig-frei\/#breadcrumb\",\"itemListElement\":[{\"@type\":\"ListItem\",\"position\":1,\"name\":\"Startseite\",\"item\":\"https:\/\/blog.zeit.de\/gruenegeschaefte\/\"},{\"@type\":\"ListItem\",\"position\":2,\"name\":\"Co2-Handel: \u00d6sterreich kauft sich g\u00fcnstig frei\"}]},{\"@type\":\"WebSite\",\"@id\":\"https:\/\/blog.zeit.de\/gruenegeschaefte\/#website\",\"url\":\"https:\/\/blog.zeit.de\/gruenegeschaefte\/\",\"name\":\"Gr\u00fcne Gesch\u00e4fte\",\"description\":\"Wir k\u00f6nnen&#039;s besser: Das Blog f\u00fcr eine Wirtschaft, die Ressourcen und Klima schont\",\"potentialAction\":[{\"@type\":\"SearchAction\",\"target\":{\"@type\":\"EntryPoint\",\"urlTemplate\":\"https:\/\/blog.zeit.de\/gruenegeschaefte\/?s={search_term_string}\"},\"query-input\":\"required name=search_term_string\"}],\"inLanguage\":\"de\"},{\"@type\":\"Person\",\"@id\":\"https:\/\/blog.zeit.de\/gruenegeschaefte\/#\/schema\/person\/56a2bdb136cd5997b1dd0485f3d105f9\",\"name\":\"Marlies Uken\",\"image\":{\"@type\":\"ImageObject\",\"inLanguage\":\"de\",\"@id\":\"https:\/\/blog.zeit.de\/gruenegeschaefte\/#\/schema\/person\/image\/\",\"url\":\"https:\/\/secure.gravatar.com\/avatar\/1b4c2e971f407a9ead4389a9370b171e45b0ee693342f36fcc448bb9175b9ee2?s=96&d=mm&r=g\",\"contentUrl\":\"https:\/\/secure.gravatar.com\/avatar\/1b4c2e971f407a9ead4389a9370b171e45b0ee693342f36fcc448bb9175b9ee2?s=96&d=mm&r=g\",\"caption\":\"Marlies Uken\"},\"description\":\"ist Redakteurin bei ZEIT ONLINE.\",\"sameAs\":[\"https:\/\/blog.zeit.de\/gruenegeschaefte\/\"],\"url\":\"https:\/\/blog.zeit.de\/gruenegeschaefte\/author\/marlies-uken\/\"}]}<\/script>\n<!-- \/ Yoast SEO plugin. -->","yoast_head_json":{"title":"Co2-Handel: \u00d6sterreich kauft sich g\u00fcnstig frei - Gr\u00fcne Gesch\u00e4fte","robots":{"index":"index","follow":"follow","max-snippet":"max-snippet:-1","max-image-preview":"max-image-preview:large","max-video-preview":"max-video-preview:-1"},"canonical":"https:\/\/blog.zeit.de\/gruenegeschaefte\/2012\/04\/11\/co2-handel-osterreich-kauft-sich-gunstig-frei\/","og_locale":"de_DE","og_type":"article","og_title":"Co2-Handel: \u00d6sterreich kauft sich g\u00fcnstig frei - Gr\u00fcne Gesch\u00e4fte","og_description":"Die Preise f\u00fcr Emissionszertifkate d\u00fcmpeln ja schon seit Monaten auf einem extrem niedrigen Niveau, gerade einmal etwa sechs Euro kostet zurzeit die Tonne CO2, erst vergangene Woche ist der Preis wieder in den Keller gerauscht. Mit weitreichenden Folgen: Mit so niedrigen Preisen sinkt der Anreiz, in Klimaschutzaktivit\u00e4ten zu investieren. Die EU will den Emissionshandel wieder [&hellip;]","og_url":"https:\/\/blog.zeit.de\/gruenegeschaefte\/2012\/04\/11\/co2-handel-osterreich-kauft-sich-gunstig-frei\/","og_site_name":"Gr\u00fcne Gesch\u00e4fte","article_published_time":"2012-04-11T09:00:44+00:00","article_modified_time":"2012-04-11T10:41:11+00:00","author":"Marlies Uken","twitter_card":"summary_large_image","twitter_creator":"@zeitonline","twitter_site":"@zeitonline","twitter_misc":{"Geschrieben von":"Marlies Uken","Gesch\u00e4tzte Lesezeit":"2\u00a0Minuten"},"schema":{"@context":"https:\/\/schema.org","@graph":[{"@type":"WebPage","@id":"https:\/\/blog.zeit.de\/gruenegeschaefte\/2012\/04\/11\/co2-handel-osterreich-kauft-sich-gunstig-frei\/","url":"https:\/\/blog.zeit.de\/gruenegeschaefte\/2012\/04\/11\/co2-handel-osterreich-kauft-sich-gunstig-frei\/","name":"Co2-Handel: \u00d6sterreich kauft sich g\u00fcnstig frei - Gr\u00fcne Gesch\u00e4fte","isPartOf":{"@id":"https:\/\/blog.zeit.de\/gruenegeschaefte\/#website"},"datePublished":"2012-04-11T09:00:44+00:00","dateModified":"2012-04-11T10:41:11+00:00","author":{"@id":"https:\/\/blog.zeit.de\/gruenegeschaefte\/#\/schema\/person\/56a2bdb136cd5997b1dd0485f3d105f9"},"breadcrumb":{"@id":"https:\/\/blog.zeit.de\/gruenegeschaefte\/2012\/04\/11\/co2-handel-osterreich-kauft-sich-gunstig-frei\/#breadcrumb"},"inLanguage":"de","potentialAction":[{"@type":"ReadAction","target":["https:\/\/blog.zeit.de\/gruenegeschaefte\/2012\/04\/11\/co2-handel-osterreich-kauft-sich-gunstig-frei\/"]}]},{"@type":"BreadcrumbList","@id":"https:\/\/blog.zeit.de\/gruenegeschaefte\/2012\/04\/11\/co2-handel-osterreich-kauft-sich-gunstig-frei\/#breadcrumb","itemListElement":[{"@type":"ListItem","position":1,"name":"Startseite","item":"https:\/\/blog.zeit.de\/gruenegeschaefte\/"},{"@type":"ListItem","position":2,"name":"Co2-Handel: \u00d6sterreich kauft sich g\u00fcnstig frei"}]},{"@type":"WebSite","@id":"https:\/\/blog.zeit.de\/gruenegeschaefte\/#website","url":"https:\/\/blog.zeit.de\/gruenegeschaefte\/","name":"Gr\u00fcne Gesch\u00e4fte","description":"Wir k\u00f6nnen&#039;s besser: Das Blog f\u00fcr eine Wirtschaft, die Ressourcen und Klima schont","potentialAction":[{"@type":"SearchAction","target":{"@type":"EntryPoint","urlTemplate":"https:\/\/blog.zeit.de\/gruenegeschaefte\/?s={search_term_string}"},"query-input":"required name=search_term_string"}],"inLanguage":"de"},{"@type":"Person","@id":"https:\/\/blog.zeit.de\/gruenegeschaefte\/#\/schema\/person\/56a2bdb136cd5997b1dd0485f3d105f9","name":"Marlies Uken","image":{"@type":"ImageObject","inLanguage":"de","@id":"https:\/\/blog.zeit.de\/gruenegeschaefte\/#\/schema\/person\/image\/","url":"https:\/\/secure.gravatar.com\/avatar\/1b4c2e971f407a9ead4389a9370b171e45b0ee693342f36fcc448bb9175b9ee2?s=96&d=mm&r=g","contentUrl":"https:\/\/secure.gravatar.com\/avatar\/1b4c2e971f407a9ead4389a9370b171e45b0ee693342f36fcc448bb9175b9ee2?s=96&d=mm&r=g","caption":"Marlies Uken"},"description":"ist Redakteurin bei ZEIT ONLINE.","sameAs":["https:\/\/blog.zeit.de\/gruenegeschaefte\/"],"url":"https:\/\/blog.zeit.de\/gruenegeschaefte\/author\/marlies-uken\/"}]}},"jetpack_featured_media_url":"","jetpack_sharing_enabled":true,"_links":{"self":[{"href":"https:\/\/blog.zeit.de\/gruenegeschaefte\/wp-json\/wp\/v2\/posts\/3769","targetHints":{"allow":["GET"]}}],"collection":[{"href":"https:\/\/blog.zeit.de\/gruenegeschaefte\/wp-json\/wp\/v2\/posts"}],"about":[{"href":"https:\/\/blog.zeit.de\/gruenegeschaefte\/wp-json\/wp\/v2\/types\/post"}],"author":[{"embeddable":true,"href":"https:\/\/blog.zeit.de\/gruenegeschaefte\/wp-json\/wp\/v2\/users\/196"}],"replies":[{"embeddable":true,"href":"https:\/\/blog.zeit.de\/gruenegeschaefte\/wp-json\/wp\/v2\/comments?post=3769"}],"version-history":[{"count":12,"href":"https:\/\/blog.zeit.de\/gruenegeschaefte\/wp-json\/wp\/v2\/posts\/3769\/revisions"}],"predecessor-version":[{"id":3781,"href":"https:\/\/blog.zeit.de\/gruenegeschaefte\/wp-json\/wp\/v2\/posts\/3769\/revisions\/3781"}],"wp:attachment":[{"href":"https:\/\/blog.zeit.de\/gruenegeschaefte\/wp-json\/wp\/v2\/media?parent=3769"}],"wp:term":[{"taxonomy":"category","embeddable":true,"href":"https:\/\/blog.zeit.de\/gruenegeschaefte\/wp-json\/wp\/v2\/categories?post=3769"},{"taxonomy":"post_tag","embeddable":true,"href":"https:\/\/blog.zeit.de\/gruenegeschaefte\/wp-json\/wp\/v2\/tags?post=3769"}],"curies":[{"name":"wp","href":"https:\/\/api.w.org\/{rel}","templated":true}]}}