{"id":3794,"date":"2012-04-12T14:25:38","date_gmt":"2012-04-12T12:25:38","guid":{"rendered":"http:\/\/blog.zeit.de\/gruenegeschaefte\/?p=3794"},"modified":"2012-04-12T14:25:51","modified_gmt":"2012-04-12T12:25:51","slug":"us-militar-will-gruner-werden","status":"publish","type":"post","link":"https:\/\/blog.zeit.de\/gruenegeschaefte\/2012\/04\/12\/us-militar-will-gruner-werden\/","title":{"rendered":"US-Milit\u00e4r will gr\u00fcner werden"},"content":{"rendered":"<p><figure id=\"attachment_3797\" aria-describedby=\"caption-attachment-3797\" style=\"width: 200px\" class=\"wp-caption alignleft\"><a href=\"https:\/\/blog.zeit.de\/gruenegeschaefte\/files\/2012\/04\/lg-info-warinfo.jpg\"><img loading=\"lazy\" decoding=\"async\" class=\"size-medium wp-image-3797\" src=\"https:\/\/blog.zeit.de\/gruenegeschaefte\/files\/2012\/04\/lg-info-warinfo-200x300.jpg\" alt=\"Copyright: Acore\/AAE\" width=\"200\" height=\"300\" srcset=\"https:\/\/blog.zeit.de\/gruenegeschaefte\/files\/2012\/04\/lg-info-warinfo-200x300.jpg 200w, https:\/\/blog.zeit.de\/gruenegeschaefte\/files\/2012\/04\/lg-info-warinfo.jpg 550w\" sizes=\"auto, (max-width: 200px) 100vw, 200px\" \/><\/a><figcaption id=\"caption-attachment-3797\" class=\"wp-caption-text\">Copyright: Acore\/AAE<\/figcaption><\/figure><\/p>\n<p>Auf die Tank- und Stromrechnung seiner Truppen w\u00fcrde der amerikanische Verteidigungsminister sicher gerne verzichten: 150 Milliarden US-Dollar veranschlagt das Pentagon f\u00fcr das n\u00e4chste Jahrzehnt. Das US-Milit\u00e4r gilt als gr\u00f6\u00dfter Energieverbraucher der Welt, allein im Jahr 2010 verbrauchte es 125 Millionen Barrel \u00d6l (zum Vergleich: Ganz Deutschland verbrauchte in dem Jahr <a href=\"https:\/\/www.cia.gov\/library\/publications\/the-world-factbook\/rankorder\/2174rank.html\">laut CIA Factbook<\/a> rund 911 Millionen Barrel).<\/p>\n<p>Doch die \u00d6labh\u00e4ngigkeit macht angreifbar. Allein in Afghanistan waren im Jahr 2007 mehr als ein Drittel der Armee-Unf\u00e4lle Anschl\u00e4ge auf Tanklaster, im Irak waren es zw\u00f6lf Prozent.<\/p>\n<p>Daher kommt es jetzt zu einer neuen, bemerkenswerten Allianz: Die \u00d6kolobby in den USA und das Milit\u00e4r<a href=\"http:\/\/www.acore.org\/to-foster-industry-collaboration-with-u-s-military-groups-will-convene-forum-series-on-department-of-defense-deployment-of-renewable-energy-on-bases-and-on-front-lines\/\"> kooperieren zuk\u00fcnftig<\/a>. Bis 2025 will die US-Armee ihren \u00d6kostromanteil auf rund 25 Prozent erh\u00f6hen. <a href=\"http:\/\/www.army.mil\/article\/75960\/Army_to_invest__7_billion_in_renewable_energy_projects\/\">Daf\u00fcr nimmt sie in den kommenden Jahren rund sieben Milliarden US-Dollar in die Hand<\/a>. Damit finanziert das Milit\u00e4r etwa die Entwicklung von <a href=\"http:\/\/www.army.mil\/article\/75607\/Army_to_field_energy_saving_systems_to___\/\">leistungsst\u00e4rkeren Stromtransformatoren<\/a>, von effizienteren Batterien und Solarparks.<\/p>\n<p>Tja, was ist jetzt von solchen Entwicklungen zu halten? Klaus T\u00f6pfer, Ex-Chef des Umweltprogramms der Vereinten Nationen, spricht ja regelm\u00e4\u00dfig davon, dass Klimapolitik vor allem auch Friedenspolitik sei. Das bekommt bei solchen Meldungen eine ganz neue Bedeutung.<\/p>\n","protected":false},"excerpt":{"rendered":"<p>Auf die Tank- und Stromrechnung seiner Truppen w\u00fcrde der amerikanische Verteidigungsminister sicher gerne verzichten: 150 Milliarden US-Dollar veranschlagt das Pentagon f\u00fcr das n\u00e4chste Jahrzehnt. Das US-Milit\u00e4r gilt als gr\u00f6\u00dfter Energieverbraucher der Welt, allein im Jahr 2010 verbrauchte es 125 Millionen Barrel \u00d6l (zum Vergleich: Ganz Deutschland verbrauchte in dem Jahr laut CIA Factbook rund 911 [&hellip;]<\/p>\n","protected":false},"author":196,"featured_media":0,"comment_status":"open","ping_status":"open","sticky":false,"template":"","format":"standard","meta":{"_jetpack_memberships_contains_paid_content":false,"footnotes":""},"categories":[1,1122],"tags":[],"class_list":["post-3794","post","type-post","status-publish","format-standard","hentry","category-allgemein","category-erneuerbare-energien"],"yoast_head":"<!-- This site is optimized with the Yoast SEO plugin v21.0 - https:\/\/yoast.com\/wordpress\/plugins\/seo\/ -->\n<title>US-Milit\u00e4r will gr\u00fcner werden - Gr\u00fcne Gesch\u00e4fte<\/title>\n<meta name=\"robots\" content=\"index, follow, max-snippet:-1, max-image-preview:large, max-video-preview:-1\" \/>\n<link rel=\"canonical\" href=\"https:\/\/blog.zeit.de\/gruenegeschaefte\/2012\/04\/12\/us-militar-will-gruner-werden\/\" \/>\n<meta property=\"og:locale\" content=\"de_DE\" \/>\n<meta property=\"og:type\" content=\"article\" \/>\n<meta property=\"og:title\" content=\"US-Milit\u00e4r will gr\u00fcner werden - Gr\u00fcne Gesch\u00e4fte\" \/>\n<meta property=\"og:description\" content=\"Auf die Tank- und Stromrechnung seiner Truppen w\u00fcrde der amerikanische Verteidigungsminister sicher gerne verzichten: 150 Milliarden US-Dollar veranschlagt das Pentagon f\u00fcr das n\u00e4chste Jahrzehnt. Das US-Milit\u00e4r gilt als gr\u00f6\u00dfter Energieverbraucher der Welt, allein im Jahr 2010 verbrauchte es 125 Millionen Barrel \u00d6l (zum Vergleich: Ganz Deutschland verbrauchte in dem Jahr laut CIA Factbook rund 911 [&hellip;]\" \/>\n<meta property=\"og:url\" content=\"https:\/\/blog.zeit.de\/gruenegeschaefte\/2012\/04\/12\/us-militar-will-gruner-werden\/\" \/>\n<meta property=\"og:site_name\" content=\"Gr\u00fcne Gesch\u00e4fte\" \/>\n<meta property=\"article:published_time\" content=\"2012-04-12T12:25:38+00:00\" \/>\n<meta property=\"article:modified_time\" content=\"2012-04-12T12:25:51+00:00\" \/>\n<meta property=\"og:image\" content=\"https:\/\/blog.zeit.de\/gruenegeschaefte\/files\/2012\/04\/lg-info-warinfo-200x300.jpg\" \/>\n<meta name=\"author\" content=\"Marlies Uken\" \/>\n<meta name=\"twitter:card\" content=\"summary_large_image\" \/>\n<meta name=\"twitter:creator\" content=\"@zeitonline\" \/>\n<meta name=\"twitter:site\" content=\"@zeitonline\" \/>\n<meta name=\"twitter:label1\" content=\"Geschrieben von\" \/>\n\t<meta name=\"twitter:data1\" content=\"Marlies Uken\" \/>\n\t<meta name=\"twitter:label2\" content=\"Gesch\u00e4tzte Lesezeit\" \/>\n\t<meta name=\"twitter:data2\" content=\"1\u00a0Minute\" \/>\n<script type=\"application\/ld+json\" class=\"yoast-schema-graph\">{\"@context\":\"https:\/\/schema.org\",\"@graph\":[{\"@type\":\"WebPage\",\"@id\":\"https:\/\/blog.zeit.de\/gruenegeschaefte\/2012\/04\/12\/us-militar-will-gruner-werden\/\",\"url\":\"https:\/\/blog.zeit.de\/gruenegeschaefte\/2012\/04\/12\/us-militar-will-gruner-werden\/\",\"name\":\"US-Milit\u00e4r will gr\u00fcner werden - Gr\u00fcne Gesch\u00e4fte\",\"isPartOf\":{\"@id\":\"https:\/\/blog.zeit.de\/gruenegeschaefte\/#website\"},\"datePublished\":\"2012-04-12T12:25:38+00:00\",\"dateModified\":\"2012-04-12T12:25:51+00:00\",\"author\":{\"@id\":\"https:\/\/blog.zeit.de\/gruenegeschaefte\/#\/schema\/person\/56a2bdb136cd5997b1dd0485f3d105f9\"},\"breadcrumb\":{\"@id\":\"https:\/\/blog.zeit.de\/gruenegeschaefte\/2012\/04\/12\/us-militar-will-gruner-werden\/#breadcrumb\"},\"inLanguage\":\"de\",\"potentialAction\":[{\"@type\":\"ReadAction\",\"target\":[\"https:\/\/blog.zeit.de\/gruenegeschaefte\/2012\/04\/12\/us-militar-will-gruner-werden\/\"]}]},{\"@type\":\"BreadcrumbList\",\"@id\":\"https:\/\/blog.zeit.de\/gruenegeschaefte\/2012\/04\/12\/us-militar-will-gruner-werden\/#breadcrumb\",\"itemListElement\":[{\"@type\":\"ListItem\",\"position\":1,\"name\":\"Startseite\",\"item\":\"https:\/\/blog.zeit.de\/gruenegeschaefte\/\"},{\"@type\":\"ListItem\",\"position\":2,\"name\":\"US-Milit\u00e4r will gr\u00fcner werden\"}]},{\"@type\":\"WebSite\",\"@id\":\"https:\/\/blog.zeit.de\/gruenegeschaefte\/#website\",\"url\":\"https:\/\/blog.zeit.de\/gruenegeschaefte\/\",\"name\":\"Gr\u00fcne Gesch\u00e4fte\",\"description\":\"Wir k\u00f6nnen&#039;s besser: Das Blog f\u00fcr eine Wirtschaft, die Ressourcen und Klima schont\",\"potentialAction\":[{\"@type\":\"SearchAction\",\"target\":{\"@type\":\"EntryPoint\",\"urlTemplate\":\"https:\/\/blog.zeit.de\/gruenegeschaefte\/?s={search_term_string}\"},\"query-input\":\"required name=search_term_string\"}],\"inLanguage\":\"de\"},{\"@type\":\"Person\",\"@id\":\"https:\/\/blog.zeit.de\/gruenegeschaefte\/#\/schema\/person\/56a2bdb136cd5997b1dd0485f3d105f9\",\"name\":\"Marlies Uken\",\"image\":{\"@type\":\"ImageObject\",\"inLanguage\":\"de\",\"@id\":\"https:\/\/blog.zeit.de\/gruenegeschaefte\/#\/schema\/person\/image\/\",\"url\":\"https:\/\/secure.gravatar.com\/avatar\/1b4c2e971f407a9ead4389a9370b171e45b0ee693342f36fcc448bb9175b9ee2?s=96&d=mm&r=g\",\"contentUrl\":\"https:\/\/secure.gravatar.com\/avatar\/1b4c2e971f407a9ead4389a9370b171e45b0ee693342f36fcc448bb9175b9ee2?s=96&d=mm&r=g\",\"caption\":\"Marlies Uken\"},\"description\":\"ist Redakteurin bei ZEIT ONLINE.\",\"sameAs\":[\"https:\/\/blog.zeit.de\/gruenegeschaefte\/\"],\"url\":\"https:\/\/blog.zeit.de\/gruenegeschaefte\/author\/marlies-uken\/\"}]}<\/script>\n<!-- \/ Yoast SEO plugin. -->","yoast_head_json":{"title":"US-Milit\u00e4r will gr\u00fcner werden - Gr\u00fcne Gesch\u00e4fte","robots":{"index":"index","follow":"follow","max-snippet":"max-snippet:-1","max-image-preview":"max-image-preview:large","max-video-preview":"max-video-preview:-1"},"canonical":"https:\/\/blog.zeit.de\/gruenegeschaefte\/2012\/04\/12\/us-militar-will-gruner-werden\/","og_locale":"de_DE","og_type":"article","og_title":"US-Milit\u00e4r will gr\u00fcner werden - Gr\u00fcne Gesch\u00e4fte","og_description":"Auf die Tank- und Stromrechnung seiner Truppen w\u00fcrde der amerikanische Verteidigungsminister sicher gerne verzichten: 150 Milliarden US-Dollar veranschlagt das Pentagon f\u00fcr das n\u00e4chste Jahrzehnt. Das US-Milit\u00e4r gilt als gr\u00f6\u00dfter Energieverbraucher der Welt, allein im Jahr 2010 verbrauchte es 125 Millionen Barrel \u00d6l (zum Vergleich: Ganz Deutschland verbrauchte in dem Jahr laut CIA Factbook rund 911 [&hellip;]","og_url":"https:\/\/blog.zeit.de\/gruenegeschaefte\/2012\/04\/12\/us-militar-will-gruner-werden\/","og_site_name":"Gr\u00fcne Gesch\u00e4fte","article_published_time":"2012-04-12T12:25:38+00:00","article_modified_time":"2012-04-12T12:25:51+00:00","og_image":[{"url":"https:\/\/blog.zeit.de\/gruenegeschaefte\/files\/2012\/04\/lg-info-warinfo-200x300.jpg"}],"author":"Marlies Uken","twitter_card":"summary_large_image","twitter_creator":"@zeitonline","twitter_site":"@zeitonline","twitter_misc":{"Geschrieben von":"Marlies Uken","Gesch\u00e4tzte Lesezeit":"1\u00a0Minute"},"schema":{"@context":"https:\/\/schema.org","@graph":[{"@type":"WebPage","@id":"https:\/\/blog.zeit.de\/gruenegeschaefte\/2012\/04\/12\/us-militar-will-gruner-werden\/","url":"https:\/\/blog.zeit.de\/gruenegeschaefte\/2012\/04\/12\/us-militar-will-gruner-werden\/","name":"US-Milit\u00e4r will gr\u00fcner werden - Gr\u00fcne Gesch\u00e4fte","isPartOf":{"@id":"https:\/\/blog.zeit.de\/gruenegeschaefte\/#website"},"datePublished":"2012-04-12T12:25:38+00:00","dateModified":"2012-04-12T12:25:51+00:00","author":{"@id":"https:\/\/blog.zeit.de\/gruenegeschaefte\/#\/schema\/person\/56a2bdb136cd5997b1dd0485f3d105f9"},"breadcrumb":{"@id":"https:\/\/blog.zeit.de\/gruenegeschaefte\/2012\/04\/12\/us-militar-will-gruner-werden\/#breadcrumb"},"inLanguage":"de","potentialAction":[{"@type":"ReadAction","target":["https:\/\/blog.zeit.de\/gruenegeschaefte\/2012\/04\/12\/us-militar-will-gruner-werden\/"]}]},{"@type":"BreadcrumbList","@id":"https:\/\/blog.zeit.de\/gruenegeschaefte\/2012\/04\/12\/us-militar-will-gruner-werden\/#breadcrumb","itemListElement":[{"@type":"ListItem","position":1,"name":"Startseite","item":"https:\/\/blog.zeit.de\/gruenegeschaefte\/"},{"@type":"ListItem","position":2,"name":"US-Milit\u00e4r will gr\u00fcner werden"}]},{"@type":"WebSite","@id":"https:\/\/blog.zeit.de\/gruenegeschaefte\/#website","url":"https:\/\/blog.zeit.de\/gruenegeschaefte\/","name":"Gr\u00fcne Gesch\u00e4fte","description":"Wir k\u00f6nnen&#039;s besser: Das Blog f\u00fcr eine Wirtschaft, die Ressourcen und Klima schont","potentialAction":[{"@type":"SearchAction","target":{"@type":"EntryPoint","urlTemplate":"https:\/\/blog.zeit.de\/gruenegeschaefte\/?s={search_term_string}"},"query-input":"required name=search_term_string"}],"inLanguage":"de"},{"@type":"Person","@id":"https:\/\/blog.zeit.de\/gruenegeschaefte\/#\/schema\/person\/56a2bdb136cd5997b1dd0485f3d105f9","name":"Marlies Uken","image":{"@type":"ImageObject","inLanguage":"de","@id":"https:\/\/blog.zeit.de\/gruenegeschaefte\/#\/schema\/person\/image\/","url":"https:\/\/secure.gravatar.com\/avatar\/1b4c2e971f407a9ead4389a9370b171e45b0ee693342f36fcc448bb9175b9ee2?s=96&d=mm&r=g","contentUrl":"https:\/\/secure.gravatar.com\/avatar\/1b4c2e971f407a9ead4389a9370b171e45b0ee693342f36fcc448bb9175b9ee2?s=96&d=mm&r=g","caption":"Marlies Uken"},"description":"ist Redakteurin bei ZEIT ONLINE.","sameAs":["https:\/\/blog.zeit.de\/gruenegeschaefte\/"],"url":"https:\/\/blog.zeit.de\/gruenegeschaefte\/author\/marlies-uken\/"}]}},"jetpack_featured_media_url":"","jetpack_sharing_enabled":true,"_links":{"self":[{"href":"https:\/\/blog.zeit.de\/gruenegeschaefte\/wp-json\/wp\/v2\/posts\/3794","targetHints":{"allow":["GET"]}}],"collection":[{"href":"https:\/\/blog.zeit.de\/gruenegeschaefte\/wp-json\/wp\/v2\/posts"}],"about":[{"href":"https:\/\/blog.zeit.de\/gruenegeschaefte\/wp-json\/wp\/v2\/types\/post"}],"author":[{"embeddable":true,"href":"https:\/\/blog.zeit.de\/gruenegeschaefte\/wp-json\/wp\/v2\/users\/196"}],"replies":[{"embeddable":true,"href":"https:\/\/blog.zeit.de\/gruenegeschaefte\/wp-json\/wp\/v2\/comments?post=3794"}],"version-history":[{"count":8,"href":"https:\/\/blog.zeit.de\/gruenegeschaefte\/wp-json\/wp\/v2\/posts\/3794\/revisions"}],"predecessor-version":[{"id":3803,"href":"https:\/\/blog.zeit.de\/gruenegeschaefte\/wp-json\/wp\/v2\/posts\/3794\/revisions\/3803"}],"wp:attachment":[{"href":"https:\/\/blog.zeit.de\/gruenegeschaefte\/wp-json\/wp\/v2\/media?parent=3794"}],"wp:term":[{"taxonomy":"category","embeddable":true,"href":"https:\/\/blog.zeit.de\/gruenegeschaefte\/wp-json\/wp\/v2\/categories?post=3794"},{"taxonomy":"post_tag","embeddable":true,"href":"https:\/\/blog.zeit.de\/gruenegeschaefte\/wp-json\/wp\/v2\/tags?post=3794"}],"curies":[{"name":"wp","href":"https:\/\/api.w.org\/{rel}","templated":true}]}}