{"id":3890,"date":"2012-04-23T11:59:00","date_gmt":"2012-04-23T09:59:00","guid":{"rendered":"http:\/\/blog.zeit.de\/gruenegeschaefte\/?p=3890"},"modified":"2012-04-23T14:30:47","modified_gmt":"2012-04-23T12:30:47","slug":"hohenwindanlagen-der-jungste-coup-der-windmuller","status":"publish","type":"post","link":"https:\/\/blog.zeit.de\/gruenegeschaefte\/2012\/04\/23\/hohenwindanlagen-der-jungste-coup-der-windmuller\/","title":{"rendered":"H\u00f6henwindanlagen, der j\u00fcngste Coup der Windm\u00fcller"},"content":{"rendered":"<p><figure id=\"attachment_3897\" aria-describedby=\"caption-attachment-3897\" style=\"width: 150px\" class=\"wp-caption alignleft\"><a href=\"https:\/\/blog.zeit.de\/gruenegeschaefte\/files\/2012\/04\/X-Windkraftwek1.jpg\"><img loading=\"lazy\" decoding=\"async\" class=\"size-thumbnail wp-image-3897\" src=\"https:\/\/blog.zeit.de\/gruenegeschaefte\/files\/2012\/04\/X-Windkraftwek1-150x150.jpg\" alt=\"Copyright: NTS\" width=\"150\" height=\"150\" \/><\/a><figcaption id=\"caption-attachment-3897\" class=\"wp-caption-text\">Copyright: NTS<\/figcaption><\/figure><\/p>\n<p>Wat es alles gibt, oder? Die Windm\u00fcller starten jetzt in die n\u00e4chste Liga: Sie wollen die besseren Windverh\u00e4ltnisse in &#8211; Achtung &#8211; 300 bis 500 Metern H\u00f6he ausnutzen. Das Unternehmen NTS aus Berlin entwickelt daf\u00fcr zurzeit <a href=\"http:\/\/www.x-wind.de\/\">die erste H\u00f6henwindanlage in Deutschland<\/a>. Dabei bewegen hoch am Himmel ziehende Drachen kleine Fahrzeuge auf einem Schienenkreis am Boden. Es ist sozusagen die <a href=\"http:\/\/www.zeit.de\/2004\/12\/Skysail\">Skysails<\/a>-Idee f\u00fcrs Land. Ein Kite soll eine Kapazit\u00e4t von etwa einem Megawatt schaffen. Die Effizienz sei wegen der besseren Ausbeute bis zu drei Mal h\u00f6her als bei den herk\u00f6mmlichen Windr\u00e4dern.<\/p>\n<p>NTS ist inzwischen sogar aus der Zukunftsvisionsphase heraus. In Mecklenburg-Vorpommern hat das Unternehmen in der Gemeinde Friedland eine erste Testanlage gebaut, die 400 Meter lang ist. Die Entwicklungskosten liegen im einstelligen Millionenbereich, die Berliner F\u00f6rderbank IBB unterst\u00fctzt das Projekt. Der Gesch\u00e4ftsf\u00fchrer des Start-Ups gibt sich optimistisch, bislang erf\u00fclle der Testbetrieb alle Erwartungen, so Uwe Ahrens.<\/p>\n<p>Wie also genau funktioniert die Technik? Die Idee ist, die st\u00e4rkeren Winde dort oben besser auszunutzen, NTS schw\u00e4rmt sogar von grundlastf\u00e4higem Strom. Die Kites ziehen die kleinen Fahrzeuge\u00a0 auf den Schienen immer in der Runde. Dabei erzeugen Generatoren Strom und speisen ihn ins Netz ein. Wenn es keinen Wind gibt oder die Fahrzeuge gerade auf einem Abschnitt unterwegs sind, auf dem der Wind aus der falschen Richtung bl\u00e4st, \u00fcbernehmen die Schienenfahrzeuge den Antrieb und ziehen die Kites. Auch wenn das wiederum Energie verbraucht: Das sei vergleichsweise wenig, sagt NTS. So sollen die Kites in der Luft gehalten werden. So funktioniert \u00fcbrigens auch der Start der Kites: Die Mini-Fahrzeuge ziehen die Drachen in die Luft hoch. Es ist das gleiche Prinzip wie beim Drachensteigen, die ersten Meter muss man eben selbst rennen.<\/p>\n<p><figure id=\"attachment_3898\" aria-describedby=\"caption-attachment-3898\" style=\"width: 150px\" class=\"wp-caption alignleft\"><a href=\"https:\/\/blog.zeit.de\/gruenegeschaefte\/files\/2012\/04\/Teststrecke.jpg\"><img loading=\"lazy\" decoding=\"async\" class=\"size-thumbnail wp-image-3898\" src=\"https:\/\/blog.zeit.de\/gruenegeschaefte\/files\/2012\/04\/Teststrecke-150x150.jpg\" alt=\"Teststrecke in Friedland, Copyright: NTS\" width=\"150\" height=\"150\" \/><\/a><figcaption id=\"caption-attachment-3898\" class=\"wp-caption-text\">Teststrecke in Friedland, Copyright: NTS<\/figcaption><\/figure><\/p>\n<p>Eine Herausforderung ist, das wird gleich klar, der Fl\u00e4chenbedarf an Land und in Luft. \u00dcber der Anlage k\u00f6nnen Flugzeuge nur eingeschr\u00e4nkt fliegen, schlie\u00dflich sind die Drachen auf bis zu 500 Metern H\u00f6he unterwegs. Und damit sich nichts vert\u00fcddelt, brauchen die Kites einen Mindestabstand von etwa 400 Metern. NTS stellt die Schienen auf Stelzen, damit die landwirtschaftlichen Fl\u00e4chen noch zu nutzen sind. Trotzdem w\u00fcrde eine Anlage, die etwa 120 Gigawattstunden im Jahr produzieren k\u00f6nnen soll, rund 9,6 Kilometer lang sein m\u00fcssen (weil sie die Form einer Ellipse h\u00e4tte w\u00e4re sie de facto rund 4.000 Meter lang und rund 800 Meter breit).<\/p>\n<p>Tja, ob das jetzt was f\u00fcr Deutschland ist? Erst einmal sicher nicht, daf\u00fcr ist die Technik ja noch in der Pilotphase. Aber die Entwicklerfreudigkeit, die dahinter steckt, die braucht Deutschland jetzt in der Energiewende auf jeden Fall. Und wer wei\u00df: Vielleicht finden sich ja die ein oder anderen Landwirte, die ihre \u00c4cker lukrativ an die Drachenflieger von NTS verpachten wollen.<\/p>\n<p>&nbsp;<\/p>\n","protected":false},"excerpt":{"rendered":"<p>Wat es alles gibt, oder? Die Windm\u00fcller starten jetzt in die n\u00e4chste Liga: Sie wollen die besseren Windverh\u00e4ltnisse in &#8211; Achtung &#8211; 300 bis 500 Metern H\u00f6he ausnutzen. Das Unternehmen NTS aus Berlin entwickelt daf\u00fcr zurzeit die erste H\u00f6henwindanlage in Deutschland. Dabei bewegen hoch am Himmel ziehende Drachen kleine Fahrzeuge auf einem Schienenkreis am Boden. [&hellip;]<\/p>\n","protected":false},"author":196,"featured_media":0,"comment_status":"open","ping_status":"open","sticky":false,"template":"","format":"standard","meta":{"_jetpack_memberships_contains_paid_content":false,"footnotes":""},"categories":[12577,1122,2042,1129],"tags":[],"class_list":["post-3890","post","type-post","status-publish","format-standard","hentry","category-energiewende","category-erneuerbare-energien","category-innovation","category-wind"],"yoast_head":"<!-- This site is optimized with the Yoast SEO plugin v21.0 - https:\/\/yoast.com\/wordpress\/plugins\/seo\/ -->\n<title>H\u00f6henwindanlagen, der j\u00fcngste Coup der Windm\u00fcller - Gr\u00fcne Gesch\u00e4fte<\/title>\n<meta name=\"robots\" content=\"index, follow, max-snippet:-1, max-image-preview:large, max-video-preview:-1\" \/>\n<link rel=\"canonical\" href=\"https:\/\/blog.zeit.de\/gruenegeschaefte\/2012\/04\/23\/hohenwindanlagen-der-jungste-coup-der-windmuller\/\" \/>\n<meta property=\"og:locale\" content=\"de_DE\" \/>\n<meta property=\"og:type\" content=\"article\" \/>\n<meta property=\"og:title\" content=\"H\u00f6henwindanlagen, der j\u00fcngste Coup der Windm\u00fcller - Gr\u00fcne Gesch\u00e4fte\" \/>\n<meta property=\"og:description\" content=\"Wat es alles gibt, oder? Die Windm\u00fcller starten jetzt in die n\u00e4chste Liga: Sie wollen die besseren Windverh\u00e4ltnisse in &#8211; Achtung &#8211; 300 bis 500 Metern H\u00f6he ausnutzen. Das Unternehmen NTS aus Berlin entwickelt daf\u00fcr zurzeit die erste H\u00f6henwindanlage in Deutschland. Dabei bewegen hoch am Himmel ziehende Drachen kleine Fahrzeuge auf einem Schienenkreis am Boden. [&hellip;]\" \/>\n<meta property=\"og:url\" content=\"https:\/\/blog.zeit.de\/gruenegeschaefte\/2012\/04\/23\/hohenwindanlagen-der-jungste-coup-der-windmuller\/\" \/>\n<meta property=\"og:site_name\" content=\"Gr\u00fcne Gesch\u00e4fte\" \/>\n<meta property=\"article:published_time\" content=\"2012-04-23T09:59:00+00:00\" \/>\n<meta property=\"article:modified_time\" content=\"2012-04-23T12:30:47+00:00\" \/>\n<meta property=\"og:image\" content=\"https:\/\/blog.zeit.de\/gruenegeschaefte\/files\/2012\/04\/X-Windkraftwek1-150x150.jpg\" \/>\n<meta name=\"author\" content=\"Marlies Uken\" \/>\n<meta name=\"twitter:card\" content=\"summary_large_image\" \/>\n<meta name=\"twitter:creator\" content=\"@zeitonline\" \/>\n<meta name=\"twitter:site\" content=\"@zeitonline\" \/>\n<meta name=\"twitter:label1\" content=\"Geschrieben von\" \/>\n\t<meta name=\"twitter:data1\" content=\"Marlies Uken\" \/>\n\t<meta name=\"twitter:label2\" content=\"Gesch\u00e4tzte Lesezeit\" \/>\n\t<meta name=\"twitter:data2\" content=\"2\u00a0Minuten\" \/>\n<script type=\"application\/ld+json\" class=\"yoast-schema-graph\">{\"@context\":\"https:\/\/schema.org\",\"@graph\":[{\"@type\":\"WebPage\",\"@id\":\"https:\/\/blog.zeit.de\/gruenegeschaefte\/2012\/04\/23\/hohenwindanlagen-der-jungste-coup-der-windmuller\/\",\"url\":\"https:\/\/blog.zeit.de\/gruenegeschaefte\/2012\/04\/23\/hohenwindanlagen-der-jungste-coup-der-windmuller\/\",\"name\":\"H\u00f6henwindanlagen, der j\u00fcngste Coup der Windm\u00fcller - Gr\u00fcne Gesch\u00e4fte\",\"isPartOf\":{\"@id\":\"https:\/\/blog.zeit.de\/gruenegeschaefte\/#website\"},\"datePublished\":\"2012-04-23T09:59:00+00:00\",\"dateModified\":\"2012-04-23T12:30:47+00:00\",\"author\":{\"@id\":\"https:\/\/blog.zeit.de\/gruenegeschaefte\/#\/schema\/person\/56a2bdb136cd5997b1dd0485f3d105f9\"},\"breadcrumb\":{\"@id\":\"https:\/\/blog.zeit.de\/gruenegeschaefte\/2012\/04\/23\/hohenwindanlagen-der-jungste-coup-der-windmuller\/#breadcrumb\"},\"inLanguage\":\"de\",\"potentialAction\":[{\"@type\":\"ReadAction\",\"target\":[\"https:\/\/blog.zeit.de\/gruenegeschaefte\/2012\/04\/23\/hohenwindanlagen-der-jungste-coup-der-windmuller\/\"]}]},{\"@type\":\"BreadcrumbList\",\"@id\":\"https:\/\/blog.zeit.de\/gruenegeschaefte\/2012\/04\/23\/hohenwindanlagen-der-jungste-coup-der-windmuller\/#breadcrumb\",\"itemListElement\":[{\"@type\":\"ListItem\",\"position\":1,\"name\":\"Startseite\",\"item\":\"https:\/\/blog.zeit.de\/gruenegeschaefte\/\"},{\"@type\":\"ListItem\",\"position\":2,\"name\":\"H\u00f6henwindanlagen, der j\u00fcngste Coup der Windm\u00fcller\"}]},{\"@type\":\"WebSite\",\"@id\":\"https:\/\/blog.zeit.de\/gruenegeschaefte\/#website\",\"url\":\"https:\/\/blog.zeit.de\/gruenegeschaefte\/\",\"name\":\"Gr\u00fcne Gesch\u00e4fte\",\"description\":\"Wir k\u00f6nnen&#039;s besser: Das Blog f\u00fcr eine Wirtschaft, die Ressourcen und Klima schont\",\"potentialAction\":[{\"@type\":\"SearchAction\",\"target\":{\"@type\":\"EntryPoint\",\"urlTemplate\":\"https:\/\/blog.zeit.de\/gruenegeschaefte\/?s={search_term_string}\"},\"query-input\":\"required name=search_term_string\"}],\"inLanguage\":\"de\"},{\"@type\":\"Person\",\"@id\":\"https:\/\/blog.zeit.de\/gruenegeschaefte\/#\/schema\/person\/56a2bdb136cd5997b1dd0485f3d105f9\",\"name\":\"Marlies Uken\",\"image\":{\"@type\":\"ImageObject\",\"inLanguage\":\"de\",\"@id\":\"https:\/\/blog.zeit.de\/gruenegeschaefte\/#\/schema\/person\/image\/\",\"url\":\"https:\/\/secure.gravatar.com\/avatar\/1b4c2e971f407a9ead4389a9370b171e45b0ee693342f36fcc448bb9175b9ee2?s=96&d=mm&r=g\",\"contentUrl\":\"https:\/\/secure.gravatar.com\/avatar\/1b4c2e971f407a9ead4389a9370b171e45b0ee693342f36fcc448bb9175b9ee2?s=96&d=mm&r=g\",\"caption\":\"Marlies Uken\"},\"description\":\"ist Redakteurin bei ZEIT ONLINE.\",\"sameAs\":[\"https:\/\/blog.zeit.de\/gruenegeschaefte\/\"],\"url\":\"https:\/\/blog.zeit.de\/gruenegeschaefte\/author\/marlies-uken\/\"}]}<\/script>\n<!-- \/ Yoast SEO plugin. -->","yoast_head_json":{"title":"H\u00f6henwindanlagen, der j\u00fcngste Coup der Windm\u00fcller - Gr\u00fcne Gesch\u00e4fte","robots":{"index":"index","follow":"follow","max-snippet":"max-snippet:-1","max-image-preview":"max-image-preview:large","max-video-preview":"max-video-preview:-1"},"canonical":"https:\/\/blog.zeit.de\/gruenegeschaefte\/2012\/04\/23\/hohenwindanlagen-der-jungste-coup-der-windmuller\/","og_locale":"de_DE","og_type":"article","og_title":"H\u00f6henwindanlagen, der j\u00fcngste Coup der Windm\u00fcller - Gr\u00fcne Gesch\u00e4fte","og_description":"Wat es alles gibt, oder? Die Windm\u00fcller starten jetzt in die n\u00e4chste Liga: Sie wollen die besseren Windverh\u00e4ltnisse in &#8211; Achtung &#8211; 300 bis 500 Metern H\u00f6he ausnutzen. Das Unternehmen NTS aus Berlin entwickelt daf\u00fcr zurzeit die erste H\u00f6henwindanlage in Deutschland. Dabei bewegen hoch am Himmel ziehende Drachen kleine Fahrzeuge auf einem Schienenkreis am Boden. [&hellip;]","og_url":"https:\/\/blog.zeit.de\/gruenegeschaefte\/2012\/04\/23\/hohenwindanlagen-der-jungste-coup-der-windmuller\/","og_site_name":"Gr\u00fcne Gesch\u00e4fte","article_published_time":"2012-04-23T09:59:00+00:00","article_modified_time":"2012-04-23T12:30:47+00:00","og_image":[{"url":"https:\/\/blog.zeit.de\/gruenegeschaefte\/files\/2012\/04\/X-Windkraftwek1-150x150.jpg"}],"author":"Marlies Uken","twitter_card":"summary_large_image","twitter_creator":"@zeitonline","twitter_site":"@zeitonline","twitter_misc":{"Geschrieben von":"Marlies Uken","Gesch\u00e4tzte Lesezeit":"2\u00a0Minuten"},"schema":{"@context":"https:\/\/schema.org","@graph":[{"@type":"WebPage","@id":"https:\/\/blog.zeit.de\/gruenegeschaefte\/2012\/04\/23\/hohenwindanlagen-der-jungste-coup-der-windmuller\/","url":"https:\/\/blog.zeit.de\/gruenegeschaefte\/2012\/04\/23\/hohenwindanlagen-der-jungste-coup-der-windmuller\/","name":"H\u00f6henwindanlagen, der j\u00fcngste Coup der Windm\u00fcller - Gr\u00fcne Gesch\u00e4fte","isPartOf":{"@id":"https:\/\/blog.zeit.de\/gruenegeschaefte\/#website"},"datePublished":"2012-04-23T09:59:00+00:00","dateModified":"2012-04-23T12:30:47+00:00","author":{"@id":"https:\/\/blog.zeit.de\/gruenegeschaefte\/#\/schema\/person\/56a2bdb136cd5997b1dd0485f3d105f9"},"breadcrumb":{"@id":"https:\/\/blog.zeit.de\/gruenegeschaefte\/2012\/04\/23\/hohenwindanlagen-der-jungste-coup-der-windmuller\/#breadcrumb"},"inLanguage":"de","potentialAction":[{"@type":"ReadAction","target":["https:\/\/blog.zeit.de\/gruenegeschaefte\/2012\/04\/23\/hohenwindanlagen-der-jungste-coup-der-windmuller\/"]}]},{"@type":"BreadcrumbList","@id":"https:\/\/blog.zeit.de\/gruenegeschaefte\/2012\/04\/23\/hohenwindanlagen-der-jungste-coup-der-windmuller\/#breadcrumb","itemListElement":[{"@type":"ListItem","position":1,"name":"Startseite","item":"https:\/\/blog.zeit.de\/gruenegeschaefte\/"},{"@type":"ListItem","position":2,"name":"H\u00f6henwindanlagen, der j\u00fcngste Coup der Windm\u00fcller"}]},{"@type":"WebSite","@id":"https:\/\/blog.zeit.de\/gruenegeschaefte\/#website","url":"https:\/\/blog.zeit.de\/gruenegeschaefte\/","name":"Gr\u00fcne Gesch\u00e4fte","description":"Wir k\u00f6nnen&#039;s besser: Das Blog f\u00fcr eine Wirtschaft, die Ressourcen und Klima schont","potentialAction":[{"@type":"SearchAction","target":{"@type":"EntryPoint","urlTemplate":"https:\/\/blog.zeit.de\/gruenegeschaefte\/?s={search_term_string}"},"query-input":"required name=search_term_string"}],"inLanguage":"de"},{"@type":"Person","@id":"https:\/\/blog.zeit.de\/gruenegeschaefte\/#\/schema\/person\/56a2bdb136cd5997b1dd0485f3d105f9","name":"Marlies Uken","image":{"@type":"ImageObject","inLanguage":"de","@id":"https:\/\/blog.zeit.de\/gruenegeschaefte\/#\/schema\/person\/image\/","url":"https:\/\/secure.gravatar.com\/avatar\/1b4c2e971f407a9ead4389a9370b171e45b0ee693342f36fcc448bb9175b9ee2?s=96&d=mm&r=g","contentUrl":"https:\/\/secure.gravatar.com\/avatar\/1b4c2e971f407a9ead4389a9370b171e45b0ee693342f36fcc448bb9175b9ee2?s=96&d=mm&r=g","caption":"Marlies Uken"},"description":"ist Redakteurin bei ZEIT ONLINE.","sameAs":["https:\/\/blog.zeit.de\/gruenegeschaefte\/"],"url":"https:\/\/blog.zeit.de\/gruenegeschaefte\/author\/marlies-uken\/"}]}},"jetpack_featured_media_url":"","jetpack_sharing_enabled":true,"_links":{"self":[{"href":"https:\/\/blog.zeit.de\/gruenegeschaefte\/wp-json\/wp\/v2\/posts\/3890","targetHints":{"allow":["GET"]}}],"collection":[{"href":"https:\/\/blog.zeit.de\/gruenegeschaefte\/wp-json\/wp\/v2\/posts"}],"about":[{"href":"https:\/\/blog.zeit.de\/gruenegeschaefte\/wp-json\/wp\/v2\/types\/post"}],"author":[{"embeddable":true,"href":"https:\/\/blog.zeit.de\/gruenegeschaefte\/wp-json\/wp\/v2\/users\/196"}],"replies":[{"embeddable":true,"href":"https:\/\/blog.zeit.de\/gruenegeschaefte\/wp-json\/wp\/v2\/comments?post=3890"}],"version-history":[{"count":16,"href":"https:\/\/blog.zeit.de\/gruenegeschaefte\/wp-json\/wp\/v2\/posts\/3890\/revisions"}],"predecessor-version":[{"id":3911,"href":"https:\/\/blog.zeit.de\/gruenegeschaefte\/wp-json\/wp\/v2\/posts\/3890\/revisions\/3911"}],"wp:attachment":[{"href":"https:\/\/blog.zeit.de\/gruenegeschaefte\/wp-json\/wp\/v2\/media?parent=3890"}],"wp:term":[{"taxonomy":"category","embeddable":true,"href":"https:\/\/blog.zeit.de\/gruenegeschaefte\/wp-json\/wp\/v2\/categories?post=3890"},{"taxonomy":"post_tag","embeddable":true,"href":"https:\/\/blog.zeit.de\/gruenegeschaefte\/wp-json\/wp\/v2\/tags?post=3890"}],"curies":[{"name":"wp","href":"https:\/\/api.w.org\/{rel}","templated":true}]}}