{"id":3977,"date":"2012-05-07T10:32:11","date_gmt":"2012-05-07T08:32:11","guid":{"rendered":"http:\/\/blog.zeit.de\/gruenegeschaefte\/?p=3977"},"modified":"2012-05-07T12:35:44","modified_gmt":"2012-05-07T10:35:44","slug":"wasser-sammeln-mit-dem-windrad","status":"publish","type":"post","link":"https:\/\/blog.zeit.de\/gruenegeschaefte\/2012\/05\/07\/wasser-sammeln-mit-dem-windrad\/","title":{"rendered":"Trinkwasser Sammeln mit dem Windrad"},"content":{"rendered":"<p><figure id=\"attachment_3993\" aria-describedby=\"caption-attachment-3993\" style=\"width: 150px\" class=\"wp-caption alignleft\"><a href=\"https:\/\/blog.zeit.de\/gruenegeschaefte\/files\/2012\/05\/Vignette_eolienne.jpg\"><img loading=\"lazy\" decoding=\"async\" class=\"size-thumbnail wp-image-3993\" src=\"https:\/\/blog.zeit.de\/gruenegeschaefte\/files\/2012\/05\/Vignette_eolienne-150x150.jpg\" alt=\"Copyright: Eole Water\" width=\"150\" height=\"150\" \/><\/a><figcaption id=\"caption-attachment-3993\" class=\"wp-caption-text\">Copyright: Eole Water<\/figcaption><\/figure><\/p>\n<p>Manchmal gibt es ja in diesem Wimmelfeld <em>Gr\u00fcne Technologien<\/em> Ideen, bei denen man denkt: Stimmt, warum ist da eigentlich noch keiner drauf gekommen? Heute: das Wasser sammelnde Windrad. Der Franzose Marc Parent hat jetzt ein Windrad entwickelt, das einen Teil der erzeugten Energie dazu nutzt, Feuchtigkeit aus der Luft zu sammeln.<a href=\"http:\/\/www.eolewater.com\/gb\/company\/history.html\"> Inspiriert dazu hat ihn seine Klimaanlage<\/a>, die nach einem \u00e4hnlichen Prinzip funktioniert und mit der er eine eine Zeitlang Trinkwasser in der Karibik sammelte. Zwei Millionen Euro hat er mit der Firma Eole Water bislang investiert, sie h\u00e4lt zwei Patente auf die Technologie und arbeitet unter anderem <a href=\"http:\/\/www.eolewater.com\/gb\/company\/our-partners.html\">laut Referenzliste<\/a> mit Firmen wie Siemens zusammen.<\/p>\n<p>In den Vereinigten Arabischen Emiraten steht seit vergangenem Herbst in der N\u00e4he von Mussafah die Pilotanlage, ein Windrad mit einer Kapazit\u00e4t von 30 Kilowatt. Die Anlage zieht an der Spitze der Turbine Wind mit Hilfe von Ventilatoren ein. Die Luft wird entlang des Generators geleitet. Da sie immer auch Feuchtigkeit enth\u00e4lt, kondensiert das Wasser &#8211; wie morgens nach dem Duschen, wenn der Badezimmerspiegel beschl\u00e4gt. Das Kondenswasser wird gereinigt und landet in st\u00e4hlernen Tanks.<\/p>\n<p><figure id=\"attachment_3995\" aria-describedby=\"caption-attachment-3995\" style=\"width: 150px\" class=\"wp-caption alignleft\"><a href=\"https:\/\/blog.zeit.de\/gruenegeschaefte\/files\/2012\/05\/9024.jpg\"><img loading=\"lazy\" decoding=\"async\" class=\"size-thumbnail wp-image-3995\" src=\"https:\/\/blog.zeit.de\/gruenegeschaefte\/files\/2012\/05\/9024-150x150.jpg\" alt=\"Copyright: Eole Water\" width=\"150\" height=\"150\" \/><\/a><figcaption id=\"caption-attachment-3995\" class=\"wp-caption-text\">Copyright: Eole Water<\/figcaption><\/figure><\/p>\n<p>Ausgelegt ist die Anlage f\u00fcr bis zu 1.000 Liter am Tag. Das schafft sie allerdings noch nicht, die Pilotm\u00fchle\u00a0 komme auf etwa 500 bis 800 Liter, so\u00a0 Thibault Janin von Eole Water. Wegen Stress mit dem \u00f6rtlichen Flughafen dreht sie sich auch nicht nicht in der Luft, sondern bislang am Boden.<\/p>\n<p>Aber immerhin. Solche Ideen sind nat\u00fcrlich interessant f\u00fcr Staaten, die weder \u00fcber eine funktionierende Strom- noch Wasserversorgung verf\u00fcgen. Und gerade solche L\u00e4nder haben ein Interesse, ihre Trinkwasserversorgung auf erneuerbare Energien umzustellen. Bislang verschlingen etwa die riesigen Entsalzungsanlagen in der Golfregion ja enorme Mengen an Energie, um Meereswasser aufzubereiten. Eines gibt es aber dort in der Regel in \u00dcberfluss: Sonne und Wind. Nun gilt es, sie zu nutzen. Und den Prototyp g\u00fcnstiger zu machen. Der kostet n\u00e4mlich laut Eole Water zurzeit noch mindestens eine halbe Million Euro. Aber langfristig sei der Preis halbierbar. Mal schauen.<\/p>\n<p>&nbsp;<\/p>\n","protected":false},"excerpt":{"rendered":"<p>Manchmal gibt es ja in diesem Wimmelfeld Gr\u00fcne Technologien Ideen, bei denen man denkt: Stimmt, warum ist da eigentlich noch keiner drauf gekommen? Heute: das Wasser sammelnde Windrad. Der Franzose Marc Parent hat jetzt ein Windrad entwickelt, das einen Teil der erzeugten Energie dazu nutzt, Feuchtigkeit aus der Luft zu sammeln. Inspiriert dazu hat ihn [&hellip;]<\/p>\n","protected":false},"author":196,"featured_media":0,"comment_status":"open","ping_status":"open","sticky":false,"template":"","format":"standard","meta":{"_jetpack_memberships_contains_paid_content":false,"footnotes":""},"categories":[1122,11062,2042,2293,1129],"tags":[],"class_list":["post-3977","post","type-post","status-publish","format-standard","hentry","category-erneuerbare-energien","category-fossile","category-innovation","category-wasser","category-wind"],"yoast_head":"<!-- This site is optimized with the Yoast SEO plugin v21.0 - https:\/\/yoast.com\/wordpress\/plugins\/seo\/ -->\n<title>Trinkwasser Sammeln mit dem Windrad - Gr\u00fcne Gesch\u00e4fte<\/title>\n<meta name=\"robots\" content=\"index, follow, max-snippet:-1, max-image-preview:large, max-video-preview:-1\" \/>\n<link rel=\"canonical\" href=\"https:\/\/blog.zeit.de\/gruenegeschaefte\/2012\/05\/07\/wasser-sammeln-mit-dem-windrad\/\" \/>\n<meta property=\"og:locale\" content=\"de_DE\" \/>\n<meta property=\"og:type\" content=\"article\" \/>\n<meta property=\"og:title\" content=\"Trinkwasser Sammeln mit dem Windrad - Gr\u00fcne Gesch\u00e4fte\" \/>\n<meta property=\"og:description\" content=\"Manchmal gibt es ja in diesem Wimmelfeld Gr\u00fcne Technologien Ideen, bei denen man denkt: Stimmt, warum ist da eigentlich noch keiner drauf gekommen? Heute: das Wasser sammelnde Windrad. Der Franzose Marc Parent hat jetzt ein Windrad entwickelt, das einen Teil der erzeugten Energie dazu nutzt, Feuchtigkeit aus der Luft zu sammeln. Inspiriert dazu hat ihn [&hellip;]\" \/>\n<meta property=\"og:url\" content=\"https:\/\/blog.zeit.de\/gruenegeschaefte\/2012\/05\/07\/wasser-sammeln-mit-dem-windrad\/\" \/>\n<meta property=\"og:site_name\" content=\"Gr\u00fcne Gesch\u00e4fte\" \/>\n<meta property=\"article:published_time\" content=\"2012-05-07T08:32:11+00:00\" \/>\n<meta property=\"article:modified_time\" content=\"2012-05-07T10:35:44+00:00\" \/>\n<meta property=\"og:image\" content=\"https:\/\/blog.zeit.de\/gruenegeschaefte\/files\/2012\/05\/Vignette_eolienne-150x150.jpg\" \/>\n<meta name=\"author\" content=\"Marlies Uken\" \/>\n<meta name=\"twitter:card\" content=\"summary_large_image\" \/>\n<meta name=\"twitter:creator\" content=\"@zeitonline\" \/>\n<meta name=\"twitter:site\" content=\"@zeitonline\" \/>\n<meta name=\"twitter:label1\" content=\"Geschrieben von\" \/>\n\t<meta name=\"twitter:data1\" content=\"Marlies Uken\" \/>\n\t<meta name=\"twitter:label2\" content=\"Gesch\u00e4tzte Lesezeit\" \/>\n\t<meta name=\"twitter:data2\" content=\"2\u00a0Minuten\" \/>\n<script type=\"application\/ld+json\" class=\"yoast-schema-graph\">{\"@context\":\"https:\/\/schema.org\",\"@graph\":[{\"@type\":\"WebPage\",\"@id\":\"https:\/\/blog.zeit.de\/gruenegeschaefte\/2012\/05\/07\/wasser-sammeln-mit-dem-windrad\/\",\"url\":\"https:\/\/blog.zeit.de\/gruenegeschaefte\/2012\/05\/07\/wasser-sammeln-mit-dem-windrad\/\",\"name\":\"Trinkwasser Sammeln mit dem Windrad - Gr\u00fcne Gesch\u00e4fte\",\"isPartOf\":{\"@id\":\"https:\/\/blog.zeit.de\/gruenegeschaefte\/#website\"},\"datePublished\":\"2012-05-07T08:32:11+00:00\",\"dateModified\":\"2012-05-07T10:35:44+00:00\",\"author\":{\"@id\":\"https:\/\/blog.zeit.de\/gruenegeschaefte\/#\/schema\/person\/56a2bdb136cd5997b1dd0485f3d105f9\"},\"breadcrumb\":{\"@id\":\"https:\/\/blog.zeit.de\/gruenegeschaefte\/2012\/05\/07\/wasser-sammeln-mit-dem-windrad\/#breadcrumb\"},\"inLanguage\":\"de\",\"potentialAction\":[{\"@type\":\"ReadAction\",\"target\":[\"https:\/\/blog.zeit.de\/gruenegeschaefte\/2012\/05\/07\/wasser-sammeln-mit-dem-windrad\/\"]}]},{\"@type\":\"BreadcrumbList\",\"@id\":\"https:\/\/blog.zeit.de\/gruenegeschaefte\/2012\/05\/07\/wasser-sammeln-mit-dem-windrad\/#breadcrumb\",\"itemListElement\":[{\"@type\":\"ListItem\",\"position\":1,\"name\":\"Startseite\",\"item\":\"https:\/\/blog.zeit.de\/gruenegeschaefte\/\"},{\"@type\":\"ListItem\",\"position\":2,\"name\":\"Trinkwasser Sammeln mit dem Windrad\"}]},{\"@type\":\"WebSite\",\"@id\":\"https:\/\/blog.zeit.de\/gruenegeschaefte\/#website\",\"url\":\"https:\/\/blog.zeit.de\/gruenegeschaefte\/\",\"name\":\"Gr\u00fcne Gesch\u00e4fte\",\"description\":\"Wir k\u00f6nnen&#039;s besser: Das Blog f\u00fcr eine Wirtschaft, die Ressourcen und Klima schont\",\"potentialAction\":[{\"@type\":\"SearchAction\",\"target\":{\"@type\":\"EntryPoint\",\"urlTemplate\":\"https:\/\/blog.zeit.de\/gruenegeschaefte\/?s={search_term_string}\"},\"query-input\":\"required name=search_term_string\"}],\"inLanguage\":\"de\"},{\"@type\":\"Person\",\"@id\":\"https:\/\/blog.zeit.de\/gruenegeschaefte\/#\/schema\/person\/56a2bdb136cd5997b1dd0485f3d105f9\",\"name\":\"Marlies Uken\",\"image\":{\"@type\":\"ImageObject\",\"inLanguage\":\"de\",\"@id\":\"https:\/\/blog.zeit.de\/gruenegeschaefte\/#\/schema\/person\/image\/\",\"url\":\"https:\/\/secure.gravatar.com\/avatar\/1b4c2e971f407a9ead4389a9370b171e45b0ee693342f36fcc448bb9175b9ee2?s=96&d=mm&r=g\",\"contentUrl\":\"https:\/\/secure.gravatar.com\/avatar\/1b4c2e971f407a9ead4389a9370b171e45b0ee693342f36fcc448bb9175b9ee2?s=96&d=mm&r=g\",\"caption\":\"Marlies Uken\"},\"description\":\"ist Redakteurin bei ZEIT ONLINE.\",\"sameAs\":[\"https:\/\/blog.zeit.de\/gruenegeschaefte\/\"],\"url\":\"https:\/\/blog.zeit.de\/gruenegeschaefte\/author\/marlies-uken\/\"}]}<\/script>\n<!-- \/ Yoast SEO plugin. -->","yoast_head_json":{"title":"Trinkwasser Sammeln mit dem Windrad - Gr\u00fcne Gesch\u00e4fte","robots":{"index":"index","follow":"follow","max-snippet":"max-snippet:-1","max-image-preview":"max-image-preview:large","max-video-preview":"max-video-preview:-1"},"canonical":"https:\/\/blog.zeit.de\/gruenegeschaefte\/2012\/05\/07\/wasser-sammeln-mit-dem-windrad\/","og_locale":"de_DE","og_type":"article","og_title":"Trinkwasser Sammeln mit dem Windrad - Gr\u00fcne Gesch\u00e4fte","og_description":"Manchmal gibt es ja in diesem Wimmelfeld Gr\u00fcne Technologien Ideen, bei denen man denkt: Stimmt, warum ist da eigentlich noch keiner drauf gekommen? Heute: das Wasser sammelnde Windrad. Der Franzose Marc Parent hat jetzt ein Windrad entwickelt, das einen Teil der erzeugten Energie dazu nutzt, Feuchtigkeit aus der Luft zu sammeln. Inspiriert dazu hat ihn [&hellip;]","og_url":"https:\/\/blog.zeit.de\/gruenegeschaefte\/2012\/05\/07\/wasser-sammeln-mit-dem-windrad\/","og_site_name":"Gr\u00fcne Gesch\u00e4fte","article_published_time":"2012-05-07T08:32:11+00:00","article_modified_time":"2012-05-07T10:35:44+00:00","og_image":[{"url":"https:\/\/blog.zeit.de\/gruenegeschaefte\/files\/2012\/05\/Vignette_eolienne-150x150.jpg"}],"author":"Marlies Uken","twitter_card":"summary_large_image","twitter_creator":"@zeitonline","twitter_site":"@zeitonline","twitter_misc":{"Geschrieben von":"Marlies Uken","Gesch\u00e4tzte Lesezeit":"2\u00a0Minuten"},"schema":{"@context":"https:\/\/schema.org","@graph":[{"@type":"WebPage","@id":"https:\/\/blog.zeit.de\/gruenegeschaefte\/2012\/05\/07\/wasser-sammeln-mit-dem-windrad\/","url":"https:\/\/blog.zeit.de\/gruenegeschaefte\/2012\/05\/07\/wasser-sammeln-mit-dem-windrad\/","name":"Trinkwasser Sammeln mit dem Windrad - Gr\u00fcne Gesch\u00e4fte","isPartOf":{"@id":"https:\/\/blog.zeit.de\/gruenegeschaefte\/#website"},"datePublished":"2012-05-07T08:32:11+00:00","dateModified":"2012-05-07T10:35:44+00:00","author":{"@id":"https:\/\/blog.zeit.de\/gruenegeschaefte\/#\/schema\/person\/56a2bdb136cd5997b1dd0485f3d105f9"},"breadcrumb":{"@id":"https:\/\/blog.zeit.de\/gruenegeschaefte\/2012\/05\/07\/wasser-sammeln-mit-dem-windrad\/#breadcrumb"},"inLanguage":"de","potentialAction":[{"@type":"ReadAction","target":["https:\/\/blog.zeit.de\/gruenegeschaefte\/2012\/05\/07\/wasser-sammeln-mit-dem-windrad\/"]}]},{"@type":"BreadcrumbList","@id":"https:\/\/blog.zeit.de\/gruenegeschaefte\/2012\/05\/07\/wasser-sammeln-mit-dem-windrad\/#breadcrumb","itemListElement":[{"@type":"ListItem","position":1,"name":"Startseite","item":"https:\/\/blog.zeit.de\/gruenegeschaefte\/"},{"@type":"ListItem","position":2,"name":"Trinkwasser Sammeln mit dem Windrad"}]},{"@type":"WebSite","@id":"https:\/\/blog.zeit.de\/gruenegeschaefte\/#website","url":"https:\/\/blog.zeit.de\/gruenegeschaefte\/","name":"Gr\u00fcne Gesch\u00e4fte","description":"Wir k\u00f6nnen&#039;s besser: Das Blog f\u00fcr eine Wirtschaft, die Ressourcen und Klima schont","potentialAction":[{"@type":"SearchAction","target":{"@type":"EntryPoint","urlTemplate":"https:\/\/blog.zeit.de\/gruenegeschaefte\/?s={search_term_string}"},"query-input":"required name=search_term_string"}],"inLanguage":"de"},{"@type":"Person","@id":"https:\/\/blog.zeit.de\/gruenegeschaefte\/#\/schema\/person\/56a2bdb136cd5997b1dd0485f3d105f9","name":"Marlies Uken","image":{"@type":"ImageObject","inLanguage":"de","@id":"https:\/\/blog.zeit.de\/gruenegeschaefte\/#\/schema\/person\/image\/","url":"https:\/\/secure.gravatar.com\/avatar\/1b4c2e971f407a9ead4389a9370b171e45b0ee693342f36fcc448bb9175b9ee2?s=96&d=mm&r=g","contentUrl":"https:\/\/secure.gravatar.com\/avatar\/1b4c2e971f407a9ead4389a9370b171e45b0ee693342f36fcc448bb9175b9ee2?s=96&d=mm&r=g","caption":"Marlies Uken"},"description":"ist Redakteurin bei ZEIT ONLINE.","sameAs":["https:\/\/blog.zeit.de\/gruenegeschaefte\/"],"url":"https:\/\/blog.zeit.de\/gruenegeschaefte\/author\/marlies-uken\/"}]}},"jetpack_featured_media_url":"","jetpack_sharing_enabled":true,"_links":{"self":[{"href":"https:\/\/blog.zeit.de\/gruenegeschaefte\/wp-json\/wp\/v2\/posts\/3977","targetHints":{"allow":["GET"]}}],"collection":[{"href":"https:\/\/blog.zeit.de\/gruenegeschaefte\/wp-json\/wp\/v2\/posts"}],"about":[{"href":"https:\/\/blog.zeit.de\/gruenegeschaefte\/wp-json\/wp\/v2\/types\/post"}],"author":[{"embeddable":true,"href":"https:\/\/blog.zeit.de\/gruenegeschaefte\/wp-json\/wp\/v2\/users\/196"}],"replies":[{"embeddable":true,"href":"https:\/\/blog.zeit.de\/gruenegeschaefte\/wp-json\/wp\/v2\/comments?post=3977"}],"version-history":[{"count":17,"href":"https:\/\/blog.zeit.de\/gruenegeschaefte\/wp-json\/wp\/v2\/posts\/3977\/revisions"}],"predecessor-version":[{"id":3990,"href":"https:\/\/blog.zeit.de\/gruenegeschaefte\/wp-json\/wp\/v2\/posts\/3977\/revisions\/3990"}],"wp:attachment":[{"href":"https:\/\/blog.zeit.de\/gruenegeschaefte\/wp-json\/wp\/v2\/media?parent=3977"}],"wp:term":[{"taxonomy":"category","embeddable":true,"href":"https:\/\/blog.zeit.de\/gruenegeschaefte\/wp-json\/wp\/v2\/categories?post=3977"},{"taxonomy":"post_tag","embeddable":true,"href":"https:\/\/blog.zeit.de\/gruenegeschaefte\/wp-json\/wp\/v2\/tags?post=3977"}],"curies":[{"name":"wp","href":"https:\/\/api.w.org\/{rel}","templated":true}]}}