{"id":4154,"date":"2012-06-25T15:13:11","date_gmt":"2012-06-25T13:13:11","guid":{"rendered":"http:\/\/blog.zeit.de\/gruenegeschaefte\/?p=4154"},"modified":"2012-06-25T16:53:32","modified_gmt":"2012-06-25T14:53:32","slug":"kohle-versus-oko-wer-gewinnt-den-wettlauf","status":"publish","type":"post","link":"https:\/\/blog.zeit.de\/gruenegeschaefte\/2012\/06\/25\/kohle-versus-oko-wer-gewinnt-den-wettlauf\/","title":{"rendered":"Kohle versus \u00d6ko: Wer gewinnt den Wettlauf?"},"content":{"rendered":"<p>In bester Tradition hat Greenpeace zum vierten Mal sein Energieszenario &#8222;<a href=\"http:\/\/www.greenpeace.de\/themen\/energie\/nachrichten\/artikel\/weltweite_energieversorgung_klimakatastrophe_oder_jobwunder\/\">Energie (R)evolution<\/a>&#8220; vorgelegt. Seit dem Jahr 2007 rechnet das Deutsche Luft-und Raumfahrtzentrum f\u00fcr die Umweltschutzorganisation aus, wie ein Ausstieg aus der Kohle und Atomkraft m\u00f6glich w\u00e4re und welche Investitionen in welchen Bereichen daf\u00fcr n\u00f6tig w\u00e4ren. Der Report wird etwa einmal im Jahr aktualisiert, u.a. weil etwa der Anteil der erneuerbaren Energien doch schneller gewachsen ist als gedacht.<\/p>\n<p>Ganz interessante Zahlen finden sich zwar nicht in dem 340 Seiten langen W\u00e4lzer, aber in einem unver\u00f6ffentlichtem Hintergrundpapier. Demnach liefern sich Kohle und alternative Energien gerade ein Kopf-an-Kopf-Rennen weltweit. Greenpeace hat unter anderem die internationale Energie-Datenbank wie <em><a href=\"http:\/\/www.platts.com\/\">Platts<\/a><\/em> nach geplanten Kraftwerkprojekten durchforstet.\u00a0Was haben die\u00a0 Energieversorger in der Pipeline?<\/p>\n<p>Demnach sind\u00a0in den kommenden f\u00fcnf Jahren Kohlekraftwerke mit einer Kapazit\u00e4t von rund 350 bis 400 Gigawatt weltweit geplant. Das beeindruckt, rechnet man im Schnitt mit 1.000 Megawatt Kapazit\u00e4t je Kraftwerk, w\u00e4ren das mindestens 350 neue Kohlekraftwerke (die ja f\u00fcr mindestens 40 Jahre am Netz sein werden).<\/p>\n<p>Beeindruckender sind aber die Zahlen aus dem Bereich der Erneuerbaren Energien. Schaut man sich die Kapazit\u00e4ten an, dann sind \u00e4hnlich hohe Zuw\u00e4chse geplant wie bei der Kohle: Mehr als 470 Gigawatt Wind- und Solaranlagen sowie Wasserkraftwerke sind geplant. Und nein, den gro\u00dfen Batzen macht diesmal nicht die Wasserkraft aus, sondern Wind: Bis zu 300 Gigawatt Windkraft w\u00e4ren m\u00f6glich.<\/p>\n<p>Nun muss man allerdings vorsichtig sein, denn es handelt sich nur um Pl\u00e4ne. Auch in Deutschland waren zu H\u00f6chstzeiten ja einmal mehrere Dutzend Kohlekraftwerke geplant &#8211; am Ende wurde bislang gerade einmal eine Handvoll realisiert. Deswegen ist es jetzt so entscheidend, welche politischen Rahmenbedingungen herrschen; ob sich eher Investitionen in Kohle oder Wind lohnen. Damit das Zwei-Grad-Klimaschutzziel nicht gerissen wird, m\u00fcssten laut Greenpeace die Erneuerbaren die Wachstumsraten der vergangenen zehn Jahre beibehalten. Zugleich m\u00fcssten die Investitionen in fossile Kraftwerke auf ein Minimum heruntergefahren werden.<\/p>\n<p>Nach aktuellen Zahlen des <a href=\"http:\/\/www.ren21.net\/REN21Activities\/Publications\/GlobalStatusReport\/GSR2012\/tabid\/79218\/Default.aspx\">Netzwerks REN21<\/a> wurden \u00fcbrigens im vergangenen Jahr weltweit rund 257 Milliarden US-Dollar in den Ausbau der Erneuerbaren investiert &#8211; ein Plus von 17 Prozent zum Vorjahr.<\/p>\n<p>Und das in Zeiten der Euro- und Schuldenkrise.<\/p>\n","protected":false},"excerpt":{"rendered":"<p>In bester Tradition hat Greenpeace zum vierten Mal sein Energieszenario &#8222;Energie (R)evolution&#8220; vorgelegt. Seit dem Jahr 2007 rechnet das Deutsche Luft-und Raumfahrtzentrum f\u00fcr die Umweltschutzorganisation aus, wie ein Ausstieg aus der Kohle und Atomkraft m\u00f6glich w\u00e4re und welche Investitionen in welchen Bereichen daf\u00fcr n\u00f6tig w\u00e4ren. Der Report wird etwa einmal im Jahr aktualisiert, u.a. weil [&hellip;]<\/p>\n","protected":false},"author":196,"featured_media":0,"comment_status":"open","ping_status":"open","sticky":false,"template":"","format":"standard","meta":{"_jetpack_memberships_contains_paid_content":false,"footnotes":""},"categories":[12577,1122,11062,1145],"tags":[],"class_list":["post-4154","post","type-post","status-publish","format-standard","hentry","category-energiewende","category-erneuerbare-energien","category-fossile","category-kohle"],"yoast_head":"<!-- This site is optimized with the Yoast SEO plugin v21.0 - https:\/\/yoast.com\/wordpress\/plugins\/seo\/ -->\n<title>Kohle versus \u00d6ko: Wer gewinnt den Wettlauf? - Gr\u00fcne Gesch\u00e4fte<\/title>\n<meta name=\"robots\" content=\"index, follow, max-snippet:-1, max-image-preview:large, max-video-preview:-1\" \/>\n<link rel=\"canonical\" href=\"https:\/\/blog.zeit.de\/gruenegeschaefte\/2012\/06\/25\/kohle-versus-oko-wer-gewinnt-den-wettlauf\/\" \/>\n<meta property=\"og:locale\" content=\"de_DE\" \/>\n<meta property=\"og:type\" content=\"article\" \/>\n<meta property=\"og:title\" content=\"Kohle versus \u00d6ko: Wer gewinnt den Wettlauf? - Gr\u00fcne Gesch\u00e4fte\" \/>\n<meta property=\"og:description\" content=\"In bester Tradition hat Greenpeace zum vierten Mal sein Energieszenario &#8222;Energie (R)evolution&#8220; vorgelegt. Seit dem Jahr 2007 rechnet das Deutsche Luft-und Raumfahrtzentrum f\u00fcr die Umweltschutzorganisation aus, wie ein Ausstieg aus der Kohle und Atomkraft m\u00f6glich w\u00e4re und welche Investitionen in welchen Bereichen daf\u00fcr n\u00f6tig w\u00e4ren. Der Report wird etwa einmal im Jahr aktualisiert, u.a. weil [&hellip;]\" \/>\n<meta property=\"og:url\" content=\"https:\/\/blog.zeit.de\/gruenegeschaefte\/2012\/06\/25\/kohle-versus-oko-wer-gewinnt-den-wettlauf\/\" \/>\n<meta property=\"og:site_name\" content=\"Gr\u00fcne Gesch\u00e4fte\" \/>\n<meta property=\"article:published_time\" content=\"2012-06-25T13:13:11+00:00\" \/>\n<meta property=\"article:modified_time\" content=\"2012-06-25T14:53:32+00:00\" \/>\n<meta name=\"author\" content=\"Marlies Uken\" \/>\n<meta name=\"twitter:card\" content=\"summary_large_image\" \/>\n<meta name=\"twitter:creator\" content=\"@zeitonline\" \/>\n<meta name=\"twitter:site\" content=\"@zeitonline\" \/>\n<meta name=\"twitter:label1\" content=\"Geschrieben von\" \/>\n\t<meta name=\"twitter:data1\" content=\"Marlies Uken\" \/>\n\t<meta name=\"twitter:label2\" content=\"Gesch\u00e4tzte Lesezeit\" \/>\n\t<meta name=\"twitter:data2\" content=\"2\u00a0Minuten\" \/>\n<script type=\"application\/ld+json\" class=\"yoast-schema-graph\">{\"@context\":\"https:\/\/schema.org\",\"@graph\":[{\"@type\":\"WebPage\",\"@id\":\"https:\/\/blog.zeit.de\/gruenegeschaefte\/2012\/06\/25\/kohle-versus-oko-wer-gewinnt-den-wettlauf\/\",\"url\":\"https:\/\/blog.zeit.de\/gruenegeschaefte\/2012\/06\/25\/kohle-versus-oko-wer-gewinnt-den-wettlauf\/\",\"name\":\"Kohle versus \u00d6ko: Wer gewinnt den Wettlauf? - Gr\u00fcne Gesch\u00e4fte\",\"isPartOf\":{\"@id\":\"https:\/\/blog.zeit.de\/gruenegeschaefte\/#website\"},\"datePublished\":\"2012-06-25T13:13:11+00:00\",\"dateModified\":\"2012-06-25T14:53:32+00:00\",\"author\":{\"@id\":\"https:\/\/blog.zeit.de\/gruenegeschaefte\/#\/schema\/person\/56a2bdb136cd5997b1dd0485f3d105f9\"},\"breadcrumb\":{\"@id\":\"https:\/\/blog.zeit.de\/gruenegeschaefte\/2012\/06\/25\/kohle-versus-oko-wer-gewinnt-den-wettlauf\/#breadcrumb\"},\"inLanguage\":\"de\",\"potentialAction\":[{\"@type\":\"ReadAction\",\"target\":[\"https:\/\/blog.zeit.de\/gruenegeschaefte\/2012\/06\/25\/kohle-versus-oko-wer-gewinnt-den-wettlauf\/\"]}]},{\"@type\":\"BreadcrumbList\",\"@id\":\"https:\/\/blog.zeit.de\/gruenegeschaefte\/2012\/06\/25\/kohle-versus-oko-wer-gewinnt-den-wettlauf\/#breadcrumb\",\"itemListElement\":[{\"@type\":\"ListItem\",\"position\":1,\"name\":\"Startseite\",\"item\":\"https:\/\/blog.zeit.de\/gruenegeschaefte\/\"},{\"@type\":\"ListItem\",\"position\":2,\"name\":\"Kohle versus \u00d6ko: Wer gewinnt den Wettlauf?\"}]},{\"@type\":\"WebSite\",\"@id\":\"https:\/\/blog.zeit.de\/gruenegeschaefte\/#website\",\"url\":\"https:\/\/blog.zeit.de\/gruenegeschaefte\/\",\"name\":\"Gr\u00fcne Gesch\u00e4fte\",\"description\":\"Wir k\u00f6nnen&#039;s besser: Das Blog f\u00fcr eine Wirtschaft, die Ressourcen und Klima schont\",\"potentialAction\":[{\"@type\":\"SearchAction\",\"target\":{\"@type\":\"EntryPoint\",\"urlTemplate\":\"https:\/\/blog.zeit.de\/gruenegeschaefte\/?s={search_term_string}\"},\"query-input\":\"required name=search_term_string\"}],\"inLanguage\":\"de\"},{\"@type\":\"Person\",\"@id\":\"https:\/\/blog.zeit.de\/gruenegeschaefte\/#\/schema\/person\/56a2bdb136cd5997b1dd0485f3d105f9\",\"name\":\"Marlies Uken\",\"image\":{\"@type\":\"ImageObject\",\"inLanguage\":\"de\",\"@id\":\"https:\/\/blog.zeit.de\/gruenegeschaefte\/#\/schema\/person\/image\/\",\"url\":\"https:\/\/secure.gravatar.com\/avatar\/1b4c2e971f407a9ead4389a9370b171e45b0ee693342f36fcc448bb9175b9ee2?s=96&d=mm&r=g\",\"contentUrl\":\"https:\/\/secure.gravatar.com\/avatar\/1b4c2e971f407a9ead4389a9370b171e45b0ee693342f36fcc448bb9175b9ee2?s=96&d=mm&r=g\",\"caption\":\"Marlies Uken\"},\"description\":\"ist Redakteurin bei ZEIT ONLINE.\",\"sameAs\":[\"https:\/\/blog.zeit.de\/gruenegeschaefte\/\"],\"url\":\"https:\/\/blog.zeit.de\/gruenegeschaefte\/author\/marlies-uken\/\"}]}<\/script>\n<!-- \/ Yoast SEO plugin. -->","yoast_head_json":{"title":"Kohle versus \u00d6ko: Wer gewinnt den Wettlauf? - Gr\u00fcne Gesch\u00e4fte","robots":{"index":"index","follow":"follow","max-snippet":"max-snippet:-1","max-image-preview":"max-image-preview:large","max-video-preview":"max-video-preview:-1"},"canonical":"https:\/\/blog.zeit.de\/gruenegeschaefte\/2012\/06\/25\/kohle-versus-oko-wer-gewinnt-den-wettlauf\/","og_locale":"de_DE","og_type":"article","og_title":"Kohle versus \u00d6ko: Wer gewinnt den Wettlauf? - Gr\u00fcne Gesch\u00e4fte","og_description":"In bester Tradition hat Greenpeace zum vierten Mal sein Energieszenario &#8222;Energie (R)evolution&#8220; vorgelegt. Seit dem Jahr 2007 rechnet das Deutsche Luft-und Raumfahrtzentrum f\u00fcr die Umweltschutzorganisation aus, wie ein Ausstieg aus der Kohle und Atomkraft m\u00f6glich w\u00e4re und welche Investitionen in welchen Bereichen daf\u00fcr n\u00f6tig w\u00e4ren. Der Report wird etwa einmal im Jahr aktualisiert, u.a. weil [&hellip;]","og_url":"https:\/\/blog.zeit.de\/gruenegeschaefte\/2012\/06\/25\/kohle-versus-oko-wer-gewinnt-den-wettlauf\/","og_site_name":"Gr\u00fcne Gesch\u00e4fte","article_published_time":"2012-06-25T13:13:11+00:00","article_modified_time":"2012-06-25T14:53:32+00:00","author":"Marlies Uken","twitter_card":"summary_large_image","twitter_creator":"@zeitonline","twitter_site":"@zeitonline","twitter_misc":{"Geschrieben von":"Marlies Uken","Gesch\u00e4tzte Lesezeit":"2\u00a0Minuten"},"schema":{"@context":"https:\/\/schema.org","@graph":[{"@type":"WebPage","@id":"https:\/\/blog.zeit.de\/gruenegeschaefte\/2012\/06\/25\/kohle-versus-oko-wer-gewinnt-den-wettlauf\/","url":"https:\/\/blog.zeit.de\/gruenegeschaefte\/2012\/06\/25\/kohle-versus-oko-wer-gewinnt-den-wettlauf\/","name":"Kohle versus \u00d6ko: Wer gewinnt den Wettlauf? - Gr\u00fcne Gesch\u00e4fte","isPartOf":{"@id":"https:\/\/blog.zeit.de\/gruenegeschaefte\/#website"},"datePublished":"2012-06-25T13:13:11+00:00","dateModified":"2012-06-25T14:53:32+00:00","author":{"@id":"https:\/\/blog.zeit.de\/gruenegeschaefte\/#\/schema\/person\/56a2bdb136cd5997b1dd0485f3d105f9"},"breadcrumb":{"@id":"https:\/\/blog.zeit.de\/gruenegeschaefte\/2012\/06\/25\/kohle-versus-oko-wer-gewinnt-den-wettlauf\/#breadcrumb"},"inLanguage":"de","potentialAction":[{"@type":"ReadAction","target":["https:\/\/blog.zeit.de\/gruenegeschaefte\/2012\/06\/25\/kohle-versus-oko-wer-gewinnt-den-wettlauf\/"]}]},{"@type":"BreadcrumbList","@id":"https:\/\/blog.zeit.de\/gruenegeschaefte\/2012\/06\/25\/kohle-versus-oko-wer-gewinnt-den-wettlauf\/#breadcrumb","itemListElement":[{"@type":"ListItem","position":1,"name":"Startseite","item":"https:\/\/blog.zeit.de\/gruenegeschaefte\/"},{"@type":"ListItem","position":2,"name":"Kohle versus \u00d6ko: Wer gewinnt den Wettlauf?"}]},{"@type":"WebSite","@id":"https:\/\/blog.zeit.de\/gruenegeschaefte\/#website","url":"https:\/\/blog.zeit.de\/gruenegeschaefte\/","name":"Gr\u00fcne Gesch\u00e4fte","description":"Wir k\u00f6nnen&#039;s besser: Das Blog f\u00fcr eine Wirtschaft, die Ressourcen und Klima schont","potentialAction":[{"@type":"SearchAction","target":{"@type":"EntryPoint","urlTemplate":"https:\/\/blog.zeit.de\/gruenegeschaefte\/?s={search_term_string}"},"query-input":"required name=search_term_string"}],"inLanguage":"de"},{"@type":"Person","@id":"https:\/\/blog.zeit.de\/gruenegeschaefte\/#\/schema\/person\/56a2bdb136cd5997b1dd0485f3d105f9","name":"Marlies Uken","image":{"@type":"ImageObject","inLanguage":"de","@id":"https:\/\/blog.zeit.de\/gruenegeschaefte\/#\/schema\/person\/image\/","url":"https:\/\/secure.gravatar.com\/avatar\/1b4c2e971f407a9ead4389a9370b171e45b0ee693342f36fcc448bb9175b9ee2?s=96&d=mm&r=g","contentUrl":"https:\/\/secure.gravatar.com\/avatar\/1b4c2e971f407a9ead4389a9370b171e45b0ee693342f36fcc448bb9175b9ee2?s=96&d=mm&r=g","caption":"Marlies Uken"},"description":"ist Redakteurin bei ZEIT ONLINE.","sameAs":["https:\/\/blog.zeit.de\/gruenegeschaefte\/"],"url":"https:\/\/blog.zeit.de\/gruenegeschaefte\/author\/marlies-uken\/"}]}},"jetpack_featured_media_url":"","jetpack_sharing_enabled":true,"_links":{"self":[{"href":"https:\/\/blog.zeit.de\/gruenegeschaefte\/wp-json\/wp\/v2\/posts\/4154","targetHints":{"allow":["GET"]}}],"collection":[{"href":"https:\/\/blog.zeit.de\/gruenegeschaefte\/wp-json\/wp\/v2\/posts"}],"about":[{"href":"https:\/\/blog.zeit.de\/gruenegeschaefte\/wp-json\/wp\/v2\/types\/post"}],"author":[{"embeddable":true,"href":"https:\/\/blog.zeit.de\/gruenegeschaefte\/wp-json\/wp\/v2\/users\/196"}],"replies":[{"embeddable":true,"href":"https:\/\/blog.zeit.de\/gruenegeschaefte\/wp-json\/wp\/v2\/comments?post=4154"}],"version-history":[{"count":9,"href":"https:\/\/blog.zeit.de\/gruenegeschaefte\/wp-json\/wp\/v2\/posts\/4154\/revisions"}],"predecessor-version":[{"id":4162,"href":"https:\/\/blog.zeit.de\/gruenegeschaefte\/wp-json\/wp\/v2\/posts\/4154\/revisions\/4162"}],"wp:attachment":[{"href":"https:\/\/blog.zeit.de\/gruenegeschaefte\/wp-json\/wp\/v2\/media?parent=4154"}],"wp:term":[{"taxonomy":"category","embeddable":true,"href":"https:\/\/blog.zeit.de\/gruenegeschaefte\/wp-json\/wp\/v2\/categories?post=4154"},{"taxonomy":"post_tag","embeddable":true,"href":"https:\/\/blog.zeit.de\/gruenegeschaefte\/wp-json\/wp\/v2\/tags?post=4154"}],"curies":[{"name":"wp","href":"https:\/\/api.w.org\/{rel}","templated":true}]}}