{"id":4211,"date":"2012-07-05T14:14:37","date_gmt":"2012-07-05T12:14:37","guid":{"rendered":"http:\/\/blog.zeit.de\/gruenegeschaefte\/?p=4211"},"modified":"2012-07-05T16:48:48","modified_gmt":"2012-07-05T14:48:48","slug":"mietwucher-sundenbock-energetische-sanierung","status":"publish","type":"post","link":"https:\/\/blog.zeit.de\/gruenegeschaefte\/2012\/07\/05\/mietwucher-sundenbock-energetische-sanierung\/","title":{"rendered":"Mietwucher: S\u00fcndenbock energetische Sanierung"},"content":{"rendered":"<p>Anfang der Woche <a href=\"http:\/\/www.swr.de\/report\/-\/id=233454\/nid=233454\/did=9964140\/1jn7fti\/index.html\">machte Report Mainz auf das Thema Mietwucher<\/a> aufmerksam. Tenor des Beitrags: Die energetische Geb\u00e4udesanierung l\u00e4sst die Mieten so hoch steigen, dass immer mehr Menschen sich ihre Wohnungen nicht mehr leisten k\u00f6nnen. Das treffe laut Deutschem Mieterbund auf 100.000 Mieter zu. Eine alleinerziehende Mutter aus Hamburg, ein K\u00fcnstler- und ein Renterehepaar aus Berlin: Sie alle werden wohl umziehen m\u00fcssen, weil ihre Wohnungen modernisiert werden sollen.<\/p>\n<p>Die <a href=\"http:\/\/www.dena.de\/presse-medien\/pressemitteilungen\/energetische-sanierung-fuehrt-nicht-zu-hoeheren-mieten.html\">Deutsche Energieagentur<\/a> dena sieht das alles ein bisschen anders. Gemach, gemach, sagt ihr Chef Stephan Kohler:<\/p>\n<blockquote><p><em>&#8222;Wer die energetische Sanierung zum S\u00fcndenbock f\u00fcr hohe Mietsteigerungen in Deutschland macht, ist auf der falschen F\u00e4hrte.&#8220;<\/em><\/p><\/blockquote>\n<p>Die dena verweist darauf, dass es oft ganz anderes Gr\u00fcnde gebe, warum die Mieten steigen w\u00fcrden.<\/p>\n<blockquote><p><em>Alte H\u00e4user, in denen trotz guter Stadtlage bisher eine geringe Miete f\u00e4llig wurde, k\u00f6nnen nach einer Aufwertung durch eine umfassende Sanierung deutlich h\u00f6here Mieten erzielen. Diese Chance w\u00fcrden Eigent\u00fcmer nat\u00fcrlich nutzen. Zwar w\u00fcrden diese H\u00e4user dann auch h\u00e4ufig energetisch saniert \u2013 die hohe Preissteigerung sei aber zu einem guten Teil auf die &#8222;Sch\u00f6nheitssanierung&#8220; zur\u00fcckzuf\u00fchren.<br \/>\nIn anderen F\u00e4llen w\u00fcrden im Zuge einer energetischen Sanierung \u00fcber lange Zeit nicht erh\u00f6hte Mieten an ein allgemein gestiegenes Niveau angepasst. Diese Effekte treten besonders in den deutschen Gro\u00dfst\u00e4dten h\u00e4ufig auf und treffen tats\u00e4chlich oft einkommensschwache Menschen, die schon lange in ihren Wohnungen leben.<\/em><\/p><\/blockquote>\n<p>Zudem kann der Vermieter nicht nur Teile der energetischen Sanierungkosten umlegen, sondern auch Kosten der &#8222;wohnwertverbessernden Ma\u00dfnahmen&#8220;, also ein schickes neues Bad oder einen neuen Balkon.<\/p>\n<p><figure id=\"attachment_4221\" aria-describedby=\"caption-attachment-4221\" style=\"width: 300px\" class=\"wp-caption alignleft\"><a href=\"https:\/\/blog.zeit.de\/gruenegeschaefte\/files\/2012\/07\/Infografik_Sanierungskosten1.jpg\"><img loading=\"lazy\" decoding=\"async\" class=\"size-medium wp-image-4221\" src=\"https:\/\/blog.zeit.de\/gruenegeschaefte\/files\/2012\/07\/Infografik_Sanierungskosten1-300x267.jpg\" alt=\"Sanierungskosten, Quelle: dena\" width=\"300\" height=\"267\" srcset=\"https:\/\/blog.zeit.de\/gruenegeschaefte\/files\/2012\/07\/Infografik_Sanierungskosten1-300x267.jpg 300w, https:\/\/blog.zeit.de\/gruenegeschaefte\/files\/2012\/07\/Infografik_Sanierungskosten1-1024x912.jpg 1024w, https:\/\/blog.zeit.de\/gruenegeschaefte\/files\/2012\/07\/Infografik_Sanierungskosten1.jpg 1482w\" sizes=\"auto, (max-width: 300px) 100vw, 300px\" \/><\/a><figcaption id=\"caption-attachment-4221\" class=\"wp-caption-text\">Sanierungskosten, Quelle: dena<\/figcaption><\/figure><\/p>\n<p>Der Gesetzgeber hat \u00fcbrigens erst k\u00fcrzlich einmal wieder die Chance verpasst, f\u00fcr mehr Gerechtigkeit zu sorgen. Wieder einmal <a href=\"http:\/\/www.mieterbund.de\/pressemitteilung.html?&amp;no_cache=1&amp;tx_ttnews[tt_news]=15339&amp;cHash=880e18330fd702579b4c868ca427c3d6\">konnte sich der Vermittlungsausschuss zwischen Bundesrat und Bundestag nicht darauf einigen<\/a>, dass Vermieter die Kosten f\u00fcr eine neue, energieeffiziente Heizung und bessere Fenster in ihrer Steuererkl\u00e4rung geltend machen k\u00f6nnen. 1,5 Milliarden Euro w\u00fcrde das kosten, ein Betrag, auf den die Bundesl\u00e4nder nicht verzichten wollen. Dabei halten Energieexperten das Programm unisono f\u00fcr sinnvoll \u2013 erst recht, wenn Deutschland wie geplant seine Sanierungsquote verdoppeln will.<\/p>\n","protected":false},"excerpt":{"rendered":"<p>Anfang der Woche machte Report Mainz auf das Thema Mietwucher aufmerksam. Tenor des Beitrags: Die energetische Geb\u00e4udesanierung l\u00e4sst die Mieten so hoch steigen, dass immer mehr Menschen sich ihre Wohnungen nicht mehr leisten k\u00f6nnen. Das treffe laut Deutschem Mieterbund auf 100.000 Mieter zu. Eine alleinerziehende Mutter aus Hamburg, ein K\u00fcnstler- und ein Renterehepaar aus Berlin: [&hellip;]<\/p>\n","protected":false},"author":196,"featured_media":0,"comment_status":"open","ping_status":"open","sticky":false,"template":"","format":"standard","meta":{"_jetpack_memberships_contains_paid_content":false,"footnotes":""},"categories":[1386,1123,12577],"tags":[],"class_list":["post-4211","post","type-post","status-publish","format-standard","hentry","category-architektur","category-energieeffizienz","category-energiewende"],"yoast_head":"<!-- This site is optimized with the Yoast SEO plugin v21.0 - https:\/\/yoast.com\/wordpress\/plugins\/seo\/ -->\n<title>Mietwucher: S\u00fcndenbock energetische Sanierung - Gr\u00fcne Gesch\u00e4fte<\/title>\n<meta name=\"robots\" content=\"index, follow, max-snippet:-1, max-image-preview:large, max-video-preview:-1\" \/>\n<link rel=\"canonical\" href=\"https:\/\/blog.zeit.de\/gruenegeschaefte\/2012\/07\/05\/mietwucher-sundenbock-energetische-sanierung\/\" \/>\n<meta property=\"og:locale\" content=\"de_DE\" \/>\n<meta property=\"og:type\" content=\"article\" \/>\n<meta property=\"og:title\" content=\"Mietwucher: S\u00fcndenbock energetische Sanierung - Gr\u00fcne Gesch\u00e4fte\" \/>\n<meta property=\"og:description\" content=\"Anfang der Woche machte Report Mainz auf das Thema Mietwucher aufmerksam. Tenor des Beitrags: Die energetische Geb\u00e4udesanierung l\u00e4sst die Mieten so hoch steigen, dass immer mehr Menschen sich ihre Wohnungen nicht mehr leisten k\u00f6nnen. Das treffe laut Deutschem Mieterbund auf 100.000 Mieter zu. Eine alleinerziehende Mutter aus Hamburg, ein K\u00fcnstler- und ein Renterehepaar aus Berlin: [&hellip;]\" \/>\n<meta property=\"og:url\" content=\"https:\/\/blog.zeit.de\/gruenegeschaefte\/2012\/07\/05\/mietwucher-sundenbock-energetische-sanierung\/\" \/>\n<meta property=\"og:site_name\" content=\"Gr\u00fcne Gesch\u00e4fte\" \/>\n<meta property=\"article:published_time\" content=\"2012-07-05T12:14:37+00:00\" \/>\n<meta property=\"article:modified_time\" content=\"2012-07-05T14:48:48+00:00\" \/>\n<meta property=\"og:image\" content=\"https:\/\/blog.zeit.de\/gruenegeschaefte\/files\/2012\/07\/Infografik_Sanierungskosten1-300x267.jpg\" \/>\n<meta name=\"author\" content=\"Marlies Uken\" \/>\n<meta name=\"twitter:card\" content=\"summary_large_image\" \/>\n<meta name=\"twitter:creator\" content=\"@zeitonline\" \/>\n<meta name=\"twitter:site\" content=\"@zeitonline\" \/>\n<meta name=\"twitter:label1\" content=\"Geschrieben von\" \/>\n\t<meta name=\"twitter:data1\" content=\"Marlies Uken\" \/>\n\t<meta name=\"twitter:label2\" content=\"Gesch\u00e4tzte Lesezeit\" \/>\n\t<meta name=\"twitter:data2\" content=\"2\u00a0Minuten\" \/>\n<script type=\"application\/ld+json\" class=\"yoast-schema-graph\">{\"@context\":\"https:\/\/schema.org\",\"@graph\":[{\"@type\":\"WebPage\",\"@id\":\"https:\/\/blog.zeit.de\/gruenegeschaefte\/2012\/07\/05\/mietwucher-sundenbock-energetische-sanierung\/\",\"url\":\"https:\/\/blog.zeit.de\/gruenegeschaefte\/2012\/07\/05\/mietwucher-sundenbock-energetische-sanierung\/\",\"name\":\"Mietwucher: S\u00fcndenbock energetische Sanierung - Gr\u00fcne Gesch\u00e4fte\",\"isPartOf\":{\"@id\":\"https:\/\/blog.zeit.de\/gruenegeschaefte\/#website\"},\"datePublished\":\"2012-07-05T12:14:37+00:00\",\"dateModified\":\"2012-07-05T14:48:48+00:00\",\"author\":{\"@id\":\"https:\/\/blog.zeit.de\/gruenegeschaefte\/#\/schema\/person\/56a2bdb136cd5997b1dd0485f3d105f9\"},\"breadcrumb\":{\"@id\":\"https:\/\/blog.zeit.de\/gruenegeschaefte\/2012\/07\/05\/mietwucher-sundenbock-energetische-sanierung\/#breadcrumb\"},\"inLanguage\":\"de\",\"potentialAction\":[{\"@type\":\"ReadAction\",\"target\":[\"https:\/\/blog.zeit.de\/gruenegeschaefte\/2012\/07\/05\/mietwucher-sundenbock-energetische-sanierung\/\"]}]},{\"@type\":\"BreadcrumbList\",\"@id\":\"https:\/\/blog.zeit.de\/gruenegeschaefte\/2012\/07\/05\/mietwucher-sundenbock-energetische-sanierung\/#breadcrumb\",\"itemListElement\":[{\"@type\":\"ListItem\",\"position\":1,\"name\":\"Startseite\",\"item\":\"https:\/\/blog.zeit.de\/gruenegeschaefte\/\"},{\"@type\":\"ListItem\",\"position\":2,\"name\":\"Mietwucher: S\u00fcndenbock energetische Sanierung\"}]},{\"@type\":\"WebSite\",\"@id\":\"https:\/\/blog.zeit.de\/gruenegeschaefte\/#website\",\"url\":\"https:\/\/blog.zeit.de\/gruenegeschaefte\/\",\"name\":\"Gr\u00fcne Gesch\u00e4fte\",\"description\":\"Wir k\u00f6nnen&#039;s besser: Das Blog f\u00fcr eine Wirtschaft, die Ressourcen und Klima schont\",\"potentialAction\":[{\"@type\":\"SearchAction\",\"target\":{\"@type\":\"EntryPoint\",\"urlTemplate\":\"https:\/\/blog.zeit.de\/gruenegeschaefte\/?s={search_term_string}\"},\"query-input\":\"required name=search_term_string\"}],\"inLanguage\":\"de\"},{\"@type\":\"Person\",\"@id\":\"https:\/\/blog.zeit.de\/gruenegeschaefte\/#\/schema\/person\/56a2bdb136cd5997b1dd0485f3d105f9\",\"name\":\"Marlies Uken\",\"image\":{\"@type\":\"ImageObject\",\"inLanguage\":\"de\",\"@id\":\"https:\/\/blog.zeit.de\/gruenegeschaefte\/#\/schema\/person\/image\/\",\"url\":\"https:\/\/secure.gravatar.com\/avatar\/1b4c2e971f407a9ead4389a9370b171e45b0ee693342f36fcc448bb9175b9ee2?s=96&d=mm&r=g\",\"contentUrl\":\"https:\/\/secure.gravatar.com\/avatar\/1b4c2e971f407a9ead4389a9370b171e45b0ee693342f36fcc448bb9175b9ee2?s=96&d=mm&r=g\",\"caption\":\"Marlies Uken\"},\"description\":\"ist Redakteurin bei ZEIT ONLINE.\",\"sameAs\":[\"https:\/\/blog.zeit.de\/gruenegeschaefte\/\"],\"url\":\"https:\/\/blog.zeit.de\/gruenegeschaefte\/author\/marlies-uken\/\"}]}<\/script>\n<!-- \/ Yoast SEO plugin. -->","yoast_head_json":{"title":"Mietwucher: S\u00fcndenbock energetische Sanierung - Gr\u00fcne Gesch\u00e4fte","robots":{"index":"index","follow":"follow","max-snippet":"max-snippet:-1","max-image-preview":"max-image-preview:large","max-video-preview":"max-video-preview:-1"},"canonical":"https:\/\/blog.zeit.de\/gruenegeschaefte\/2012\/07\/05\/mietwucher-sundenbock-energetische-sanierung\/","og_locale":"de_DE","og_type":"article","og_title":"Mietwucher: S\u00fcndenbock energetische Sanierung - Gr\u00fcne Gesch\u00e4fte","og_description":"Anfang der Woche machte Report Mainz auf das Thema Mietwucher aufmerksam. Tenor des Beitrags: Die energetische Geb\u00e4udesanierung l\u00e4sst die Mieten so hoch steigen, dass immer mehr Menschen sich ihre Wohnungen nicht mehr leisten k\u00f6nnen. Das treffe laut Deutschem Mieterbund auf 100.000 Mieter zu. Eine alleinerziehende Mutter aus Hamburg, ein K\u00fcnstler- und ein Renterehepaar aus Berlin: [&hellip;]","og_url":"https:\/\/blog.zeit.de\/gruenegeschaefte\/2012\/07\/05\/mietwucher-sundenbock-energetische-sanierung\/","og_site_name":"Gr\u00fcne Gesch\u00e4fte","article_published_time":"2012-07-05T12:14:37+00:00","article_modified_time":"2012-07-05T14:48:48+00:00","og_image":[{"url":"https:\/\/blog.zeit.de\/gruenegeschaefte\/files\/2012\/07\/Infografik_Sanierungskosten1-300x267.jpg"}],"author":"Marlies Uken","twitter_card":"summary_large_image","twitter_creator":"@zeitonline","twitter_site":"@zeitonline","twitter_misc":{"Geschrieben von":"Marlies Uken","Gesch\u00e4tzte Lesezeit":"2\u00a0Minuten"},"schema":{"@context":"https:\/\/schema.org","@graph":[{"@type":"WebPage","@id":"https:\/\/blog.zeit.de\/gruenegeschaefte\/2012\/07\/05\/mietwucher-sundenbock-energetische-sanierung\/","url":"https:\/\/blog.zeit.de\/gruenegeschaefte\/2012\/07\/05\/mietwucher-sundenbock-energetische-sanierung\/","name":"Mietwucher: S\u00fcndenbock energetische Sanierung - Gr\u00fcne Gesch\u00e4fte","isPartOf":{"@id":"https:\/\/blog.zeit.de\/gruenegeschaefte\/#website"},"datePublished":"2012-07-05T12:14:37+00:00","dateModified":"2012-07-05T14:48:48+00:00","author":{"@id":"https:\/\/blog.zeit.de\/gruenegeschaefte\/#\/schema\/person\/56a2bdb136cd5997b1dd0485f3d105f9"},"breadcrumb":{"@id":"https:\/\/blog.zeit.de\/gruenegeschaefte\/2012\/07\/05\/mietwucher-sundenbock-energetische-sanierung\/#breadcrumb"},"inLanguage":"de","potentialAction":[{"@type":"ReadAction","target":["https:\/\/blog.zeit.de\/gruenegeschaefte\/2012\/07\/05\/mietwucher-sundenbock-energetische-sanierung\/"]}]},{"@type":"BreadcrumbList","@id":"https:\/\/blog.zeit.de\/gruenegeschaefte\/2012\/07\/05\/mietwucher-sundenbock-energetische-sanierung\/#breadcrumb","itemListElement":[{"@type":"ListItem","position":1,"name":"Startseite","item":"https:\/\/blog.zeit.de\/gruenegeschaefte\/"},{"@type":"ListItem","position":2,"name":"Mietwucher: S\u00fcndenbock energetische Sanierung"}]},{"@type":"WebSite","@id":"https:\/\/blog.zeit.de\/gruenegeschaefte\/#website","url":"https:\/\/blog.zeit.de\/gruenegeschaefte\/","name":"Gr\u00fcne Gesch\u00e4fte","description":"Wir k\u00f6nnen&#039;s besser: Das Blog f\u00fcr eine Wirtschaft, die Ressourcen und Klima schont","potentialAction":[{"@type":"SearchAction","target":{"@type":"EntryPoint","urlTemplate":"https:\/\/blog.zeit.de\/gruenegeschaefte\/?s={search_term_string}"},"query-input":"required name=search_term_string"}],"inLanguage":"de"},{"@type":"Person","@id":"https:\/\/blog.zeit.de\/gruenegeschaefte\/#\/schema\/person\/56a2bdb136cd5997b1dd0485f3d105f9","name":"Marlies Uken","image":{"@type":"ImageObject","inLanguage":"de","@id":"https:\/\/blog.zeit.de\/gruenegeschaefte\/#\/schema\/person\/image\/","url":"https:\/\/secure.gravatar.com\/avatar\/1b4c2e971f407a9ead4389a9370b171e45b0ee693342f36fcc448bb9175b9ee2?s=96&d=mm&r=g","contentUrl":"https:\/\/secure.gravatar.com\/avatar\/1b4c2e971f407a9ead4389a9370b171e45b0ee693342f36fcc448bb9175b9ee2?s=96&d=mm&r=g","caption":"Marlies Uken"},"description":"ist Redakteurin bei ZEIT ONLINE.","sameAs":["https:\/\/blog.zeit.de\/gruenegeschaefte\/"],"url":"https:\/\/blog.zeit.de\/gruenegeschaefte\/author\/marlies-uken\/"}]}},"jetpack_featured_media_url":"","jetpack_sharing_enabled":true,"_links":{"self":[{"href":"https:\/\/blog.zeit.de\/gruenegeschaefte\/wp-json\/wp\/v2\/posts\/4211","targetHints":{"allow":["GET"]}}],"collection":[{"href":"https:\/\/blog.zeit.de\/gruenegeschaefte\/wp-json\/wp\/v2\/posts"}],"about":[{"href":"https:\/\/blog.zeit.de\/gruenegeschaefte\/wp-json\/wp\/v2\/types\/post"}],"author":[{"embeddable":true,"href":"https:\/\/blog.zeit.de\/gruenegeschaefte\/wp-json\/wp\/v2\/users\/196"}],"replies":[{"embeddable":true,"href":"https:\/\/blog.zeit.de\/gruenegeschaefte\/wp-json\/wp\/v2\/comments?post=4211"}],"version-history":[{"count":12,"href":"https:\/\/blog.zeit.de\/gruenegeschaefte\/wp-json\/wp\/v2\/posts\/4211\/revisions"}],"predecessor-version":[{"id":4224,"href":"https:\/\/blog.zeit.de\/gruenegeschaefte\/wp-json\/wp\/v2\/posts\/4211\/revisions\/4224"}],"wp:attachment":[{"href":"https:\/\/blog.zeit.de\/gruenegeschaefte\/wp-json\/wp\/v2\/media?parent=4211"}],"wp:term":[{"taxonomy":"category","embeddable":true,"href":"https:\/\/blog.zeit.de\/gruenegeschaefte\/wp-json\/wp\/v2\/categories?post=4211"},{"taxonomy":"post_tag","embeddable":true,"href":"https:\/\/blog.zeit.de\/gruenegeschaefte\/wp-json\/wp\/v2\/tags?post=4211"}],"curies":[{"name":"wp","href":"https:\/\/api.w.org\/{rel}","templated":true}]}}