{"id":4592,"date":"2012-09-17T13:34:18","date_gmt":"2012-09-17T11:34:18","guid":{"rendered":"http:\/\/blog.zeit.de\/gruenegeschaefte\/?p=4592"},"modified":"2012-09-17T21:32:03","modified_gmt":"2012-09-17T19:32:03","slug":"kennzeichnung-von-fisch-von-wegen-frischfisch","status":"publish","type":"post","link":"https:\/\/blog.zeit.de\/gruenegeschaefte\/2012\/09\/17\/kennzeichnung-von-fisch-von-wegen-frischfisch\/","title":{"rendered":"Kennzeichnung von Fisch: von wegen Frischfisch"},"content":{"rendered":"<p><figure id=\"attachment_4596\" aria-describedby=\"caption-attachment-4596\" style=\"width: 300px\" class=\"wp-caption alignleft\"><a href=\"https:\/\/blog.zeit.de\/gruenegeschaefte\/files\/2012\/09\/143770848.jpg\"><img loading=\"lazy\" decoding=\"async\" class=\"size-medium wp-image-4596\" src=\"https:\/\/blog.zeit.de\/gruenegeschaefte\/files\/2012\/09\/143770848-300x205.jpg\" alt=\"\u00a9 Peter Parks \/AFP\/GettyImages\" width=\"300\" height=\"205\" srcset=\"https:\/\/blog.zeit.de\/gruenegeschaefte\/files\/2012\/09\/143770848-300x205.jpg 300w, https:\/\/blog.zeit.de\/gruenegeschaefte\/files\/2012\/09\/143770848-1024x700.jpg 1024w\" sizes=\"auto, (max-width: 300px) 100vw, 300px\" \/><\/a><figcaption id=\"caption-attachment-4596\" class=\"wp-caption-text\">\u00a9 Peter Parks \/AFP\/GettyImages<\/figcaption><\/figure><\/p>\n<p>Das EU-Parlament hat vergangene Woche einen wichtigen Schritt f\u00fcr mehr Transparenz beim Fischkauf getan &#8211;\u00a0 aber sorry: So richtig reicht das nicht aus. Am Freitag verabschiedete das Parlament in erster Lesung <a href=\"http:\/\/www.europarl.europa.eu\/sides\/getDoc.do?pubRef=-%2F%2FEP%2F%2FTEXT%2BREPORT%2BA7-2012-0217%2B0%2BDOC%2BXML%2BV0%2F%2FDE&amp;language=DE\">den Stevenson-Berich<\/a><a href=\"http:\/\/www.europarl.europa.eu\/sides\/getDoc.do?pubRef=-%2F%2FEP%2F%2FTEXT%2BREPORT%2BA7-2012-0217%2B0%2BDOC%2BXML%2BV0%2F%2FDE&amp;language=DE\">t<\/a>. Er ist ein kompliziertes Dokument, es geht um die Organisation der M\u00e4rkte, die F\u00f6rderung von regionalen Erzeugergenossenschaften und und und. Aber er enth\u00e4lt auch einen Abschnitt \u00fcber die bessere Kennzeichnung von Fischereiprodukten.<\/p>\n<p>Der zust\u00e4ndige Berichterstatter, der Schotte Struan Stevenson, <a href=\"http:\/\/www.struanstevenson.com\/media\/news-release\/fishermen_and_producers_to_be_strengthened_and_empowered_after_plenary_vote\/\">schw\u00e4rmte vergangene Woche<\/a>, dass zuk\u00fcnftig auf jeder Fischpackung stehen werde, wo der Fisch gefangen wurde und wann er angelandet wurde:<\/p>\n<blockquote><p><em>&#8222;Consumers will also benefit from new requirements that will require producers to provide enhanced information on their product labels, such as date-of-landing for fresh fish products.&#8220;<\/em><\/p><\/blockquote>\n<p>Nun gibt es aber in der Fischereiwelt zwei unterschiedliche Zeitrechnungen. Es gibt das Fangdatum und es gibt das Anlandedatum. Die beiden k\u00f6nnen manchmal um Wochen auseinanderliegen. Gro\u00dfe Trawler fahren ja nicht jeden Abend wieder zur\u00fcck in den Hafen und landen ihren Fang an, sondern verbringen manchmal Wochen auf See. Sie frieren den Fisch ein und bringen ihn erst sp\u00e4ter an Land.<\/p>\n<p>Wann der Fisch nun tats\u00e4chlich aus dem Meer gezogen wurde, das erf\u00e4hrt der Verbraucher auch zuk\u00fcnftig nicht. Dass das Anladedatum und nicht das Fangdatum verpflichtend auf der Packung stehen soll, ist wohl eine entscheidende Bedingung, damit der Ministerrat dem Gesetzesentwurf zustimmen wird. (Freiwillig d\u00fcrfen Unternehmen allerdings nat\u00fcrlich das Fangdatum angeben.) Verarbeitete Produkte wie Thunfisch in Dosen sind von den Kennzeichungspflichten \u00fcbrigens ausgenommen. Hier erf\u00e4hrt der K\u00e4ufer auch zuk\u00fcnftig noch nicht einmal das Fanggebiet.<\/p>\n<p>Zwei Anmerkungen noch dazu:<\/p>\n<p>1. Nach Informationen der Gr\u00fcnen-Fraktion im EU-Parlament <a href=\"http:\/\/www.rebecca-harms.de\/index.php\/presse\/eu-parlament-beschliesst-transparentere-kennzeichnung-von--36694\">zahlt die EU Subventionen, damit Fisch nach der Anladung gelagert werden kann<\/a>, wenn der Marktpreis zu niedrig ist und einen bestimmten Schwellenpreis unterschreitet. Eine solche klassische Marktintervention ist nat\u00fcrlich total absurd, weil eine solche Zahlung das Preissignal komplett aushebelt. Da lohnt es sich, einmal nachzuhaken.<\/p>\n<p>2. Ab wann ist eigentlich der Konsument \u00fcberfordert von zu vielen Informationen? Auf dem zuk\u00fcnftigen Label soll das besagte Anlandedatum stehen, das Fanggebiet, die Fangart und der Flaggenstaat des Schiffes. Aber wer kann diese Informationen wirklich richtig einordnen und bewerten? Sollte ich einen Fisch kaufen, der von Fischern auf einem Schiff gefangen wurde, das in Ecuador registriert wurde, um Steuern und Sozialabgaben zu sparen? Hilft das dem Konsumenten in irgendeinerweise? Ich bezweifele das.<\/p>\n<blockquote><p>&nbsp;<\/p><\/blockquote>\n","protected":false},"excerpt":{"rendered":"<p>Das EU-Parlament hat vergangene Woche einen wichtigen Schritt f\u00fcr mehr Transparenz beim Fischkauf getan &#8211;\u00a0 aber sorry: So richtig reicht das nicht aus. Am Freitag verabschiedete das Parlament in erster Lesung den Stevenson-Bericht. Er ist ein kompliziertes Dokument, es geht um die Organisation der M\u00e4rkte, die F\u00f6rderung von regionalen Erzeugergenossenschaften und und und. Aber er [&hellip;]<\/p>\n","protected":false},"author":196,"featured_media":0,"comment_status":"open","ping_status":"open","sticky":false,"template":"","format":"standard","meta":{"_jetpack_memberships_contains_paid_content":false,"footnotes":""},"categories":[8187,16372,1432],"tags":[],"class_list":["post-4592","post","type-post","status-publish","format-standard","hentry","category-essen","category-fischerei","category-nachhaltigkeit"],"yoast_head":"<!-- This site is optimized with the Yoast SEO plugin v21.0 - https:\/\/yoast.com\/wordpress\/plugins\/seo\/ -->\n<title>Kennzeichnung von Fisch: von wegen Frischfisch - Gr\u00fcne Gesch\u00e4fte<\/title>\n<meta name=\"robots\" content=\"index, follow, max-snippet:-1, max-image-preview:large, max-video-preview:-1\" \/>\n<link rel=\"canonical\" href=\"https:\/\/blog.zeit.de\/gruenegeschaefte\/2012\/09\/17\/kennzeichnung-von-fisch-von-wegen-frischfisch\/\" \/>\n<meta property=\"og:locale\" content=\"de_DE\" \/>\n<meta property=\"og:type\" content=\"article\" \/>\n<meta property=\"og:title\" content=\"Kennzeichnung von Fisch: von wegen Frischfisch - Gr\u00fcne Gesch\u00e4fte\" \/>\n<meta property=\"og:description\" content=\"Das EU-Parlament hat vergangene Woche einen wichtigen Schritt f\u00fcr mehr Transparenz beim Fischkauf getan &#8211;\u00a0 aber sorry: So richtig reicht das nicht aus. Am Freitag verabschiedete das Parlament in erster Lesung den Stevenson-Bericht. Er ist ein kompliziertes Dokument, es geht um die Organisation der M\u00e4rkte, die F\u00f6rderung von regionalen Erzeugergenossenschaften und und und. Aber er [&hellip;]\" \/>\n<meta property=\"og:url\" content=\"https:\/\/blog.zeit.de\/gruenegeschaefte\/2012\/09\/17\/kennzeichnung-von-fisch-von-wegen-frischfisch\/\" \/>\n<meta property=\"og:site_name\" content=\"Gr\u00fcne Gesch\u00e4fte\" \/>\n<meta property=\"article:published_time\" content=\"2012-09-17T11:34:18+00:00\" \/>\n<meta property=\"article:modified_time\" content=\"2012-09-17T19:32:03+00:00\" \/>\n<meta property=\"og:image\" content=\"https:\/\/blog.zeit.de\/gruenegeschaefte\/files\/2012\/09\/143770848-300x205.jpg\" \/>\n<meta name=\"author\" content=\"Marlies Uken\" \/>\n<meta name=\"twitter:card\" content=\"summary_large_image\" \/>\n<meta name=\"twitter:creator\" content=\"@zeitonline\" \/>\n<meta name=\"twitter:site\" content=\"@zeitonline\" \/>\n<meta name=\"twitter:label1\" content=\"Geschrieben von\" \/>\n\t<meta name=\"twitter:data1\" content=\"Marlies Uken\" \/>\n\t<meta name=\"twitter:label2\" content=\"Gesch\u00e4tzte Lesezeit\" \/>\n\t<meta name=\"twitter:data2\" content=\"2\u00a0Minuten\" \/>\n<script type=\"application\/ld+json\" class=\"yoast-schema-graph\">{\"@context\":\"https:\/\/schema.org\",\"@graph\":[{\"@type\":\"WebPage\",\"@id\":\"https:\/\/blog.zeit.de\/gruenegeschaefte\/2012\/09\/17\/kennzeichnung-von-fisch-von-wegen-frischfisch\/\",\"url\":\"https:\/\/blog.zeit.de\/gruenegeschaefte\/2012\/09\/17\/kennzeichnung-von-fisch-von-wegen-frischfisch\/\",\"name\":\"Kennzeichnung von Fisch: von wegen Frischfisch - Gr\u00fcne Gesch\u00e4fte\",\"isPartOf\":{\"@id\":\"https:\/\/blog.zeit.de\/gruenegeschaefte\/#website\"},\"datePublished\":\"2012-09-17T11:34:18+00:00\",\"dateModified\":\"2012-09-17T19:32:03+00:00\",\"author\":{\"@id\":\"https:\/\/blog.zeit.de\/gruenegeschaefte\/#\/schema\/person\/56a2bdb136cd5997b1dd0485f3d105f9\"},\"breadcrumb\":{\"@id\":\"https:\/\/blog.zeit.de\/gruenegeschaefte\/2012\/09\/17\/kennzeichnung-von-fisch-von-wegen-frischfisch\/#breadcrumb\"},\"inLanguage\":\"de\",\"potentialAction\":[{\"@type\":\"ReadAction\",\"target\":[\"https:\/\/blog.zeit.de\/gruenegeschaefte\/2012\/09\/17\/kennzeichnung-von-fisch-von-wegen-frischfisch\/\"]}]},{\"@type\":\"BreadcrumbList\",\"@id\":\"https:\/\/blog.zeit.de\/gruenegeschaefte\/2012\/09\/17\/kennzeichnung-von-fisch-von-wegen-frischfisch\/#breadcrumb\",\"itemListElement\":[{\"@type\":\"ListItem\",\"position\":1,\"name\":\"Startseite\",\"item\":\"https:\/\/blog.zeit.de\/gruenegeschaefte\/\"},{\"@type\":\"ListItem\",\"position\":2,\"name\":\"Kennzeichnung von Fisch: von wegen Frischfisch\"}]},{\"@type\":\"WebSite\",\"@id\":\"https:\/\/blog.zeit.de\/gruenegeschaefte\/#website\",\"url\":\"https:\/\/blog.zeit.de\/gruenegeschaefte\/\",\"name\":\"Gr\u00fcne Gesch\u00e4fte\",\"description\":\"Wir k\u00f6nnen&#039;s besser: Das Blog f\u00fcr eine Wirtschaft, die Ressourcen und Klima schont\",\"potentialAction\":[{\"@type\":\"SearchAction\",\"target\":{\"@type\":\"EntryPoint\",\"urlTemplate\":\"https:\/\/blog.zeit.de\/gruenegeschaefte\/?s={search_term_string}\"},\"query-input\":\"required name=search_term_string\"}],\"inLanguage\":\"de\"},{\"@type\":\"Person\",\"@id\":\"https:\/\/blog.zeit.de\/gruenegeschaefte\/#\/schema\/person\/56a2bdb136cd5997b1dd0485f3d105f9\",\"name\":\"Marlies Uken\",\"image\":{\"@type\":\"ImageObject\",\"inLanguage\":\"de\",\"@id\":\"https:\/\/blog.zeit.de\/gruenegeschaefte\/#\/schema\/person\/image\/\",\"url\":\"https:\/\/secure.gravatar.com\/avatar\/1b4c2e971f407a9ead4389a9370b171e45b0ee693342f36fcc448bb9175b9ee2?s=96&d=mm&r=g\",\"contentUrl\":\"https:\/\/secure.gravatar.com\/avatar\/1b4c2e971f407a9ead4389a9370b171e45b0ee693342f36fcc448bb9175b9ee2?s=96&d=mm&r=g\",\"caption\":\"Marlies Uken\"},\"description\":\"ist Redakteurin bei ZEIT ONLINE.\",\"sameAs\":[\"https:\/\/blog.zeit.de\/gruenegeschaefte\/\"],\"url\":\"https:\/\/blog.zeit.de\/gruenegeschaefte\/author\/marlies-uken\/\"}]}<\/script>\n<!-- \/ Yoast SEO plugin. -->","yoast_head_json":{"title":"Kennzeichnung von Fisch: von wegen Frischfisch - Gr\u00fcne Gesch\u00e4fte","robots":{"index":"index","follow":"follow","max-snippet":"max-snippet:-1","max-image-preview":"max-image-preview:large","max-video-preview":"max-video-preview:-1"},"canonical":"https:\/\/blog.zeit.de\/gruenegeschaefte\/2012\/09\/17\/kennzeichnung-von-fisch-von-wegen-frischfisch\/","og_locale":"de_DE","og_type":"article","og_title":"Kennzeichnung von Fisch: von wegen Frischfisch - Gr\u00fcne Gesch\u00e4fte","og_description":"Das EU-Parlament hat vergangene Woche einen wichtigen Schritt f\u00fcr mehr Transparenz beim Fischkauf getan &#8211;\u00a0 aber sorry: So richtig reicht das nicht aus. Am Freitag verabschiedete das Parlament in erster Lesung den Stevenson-Bericht. Er ist ein kompliziertes Dokument, es geht um die Organisation der M\u00e4rkte, die F\u00f6rderung von regionalen Erzeugergenossenschaften und und und. Aber er [&hellip;]","og_url":"https:\/\/blog.zeit.de\/gruenegeschaefte\/2012\/09\/17\/kennzeichnung-von-fisch-von-wegen-frischfisch\/","og_site_name":"Gr\u00fcne Gesch\u00e4fte","article_published_time":"2012-09-17T11:34:18+00:00","article_modified_time":"2012-09-17T19:32:03+00:00","og_image":[{"url":"https:\/\/blog.zeit.de\/gruenegeschaefte\/files\/2012\/09\/143770848-300x205.jpg"}],"author":"Marlies Uken","twitter_card":"summary_large_image","twitter_creator":"@zeitonline","twitter_site":"@zeitonline","twitter_misc":{"Geschrieben von":"Marlies Uken","Gesch\u00e4tzte Lesezeit":"2\u00a0Minuten"},"schema":{"@context":"https:\/\/schema.org","@graph":[{"@type":"WebPage","@id":"https:\/\/blog.zeit.de\/gruenegeschaefte\/2012\/09\/17\/kennzeichnung-von-fisch-von-wegen-frischfisch\/","url":"https:\/\/blog.zeit.de\/gruenegeschaefte\/2012\/09\/17\/kennzeichnung-von-fisch-von-wegen-frischfisch\/","name":"Kennzeichnung von Fisch: von wegen Frischfisch - Gr\u00fcne Gesch\u00e4fte","isPartOf":{"@id":"https:\/\/blog.zeit.de\/gruenegeschaefte\/#website"},"datePublished":"2012-09-17T11:34:18+00:00","dateModified":"2012-09-17T19:32:03+00:00","author":{"@id":"https:\/\/blog.zeit.de\/gruenegeschaefte\/#\/schema\/person\/56a2bdb136cd5997b1dd0485f3d105f9"},"breadcrumb":{"@id":"https:\/\/blog.zeit.de\/gruenegeschaefte\/2012\/09\/17\/kennzeichnung-von-fisch-von-wegen-frischfisch\/#breadcrumb"},"inLanguage":"de","potentialAction":[{"@type":"ReadAction","target":["https:\/\/blog.zeit.de\/gruenegeschaefte\/2012\/09\/17\/kennzeichnung-von-fisch-von-wegen-frischfisch\/"]}]},{"@type":"BreadcrumbList","@id":"https:\/\/blog.zeit.de\/gruenegeschaefte\/2012\/09\/17\/kennzeichnung-von-fisch-von-wegen-frischfisch\/#breadcrumb","itemListElement":[{"@type":"ListItem","position":1,"name":"Startseite","item":"https:\/\/blog.zeit.de\/gruenegeschaefte\/"},{"@type":"ListItem","position":2,"name":"Kennzeichnung von Fisch: von wegen Frischfisch"}]},{"@type":"WebSite","@id":"https:\/\/blog.zeit.de\/gruenegeschaefte\/#website","url":"https:\/\/blog.zeit.de\/gruenegeschaefte\/","name":"Gr\u00fcne Gesch\u00e4fte","description":"Wir k\u00f6nnen&#039;s besser: Das Blog f\u00fcr eine Wirtschaft, die Ressourcen und Klima schont","potentialAction":[{"@type":"SearchAction","target":{"@type":"EntryPoint","urlTemplate":"https:\/\/blog.zeit.de\/gruenegeschaefte\/?s={search_term_string}"},"query-input":"required name=search_term_string"}],"inLanguage":"de"},{"@type":"Person","@id":"https:\/\/blog.zeit.de\/gruenegeschaefte\/#\/schema\/person\/56a2bdb136cd5997b1dd0485f3d105f9","name":"Marlies Uken","image":{"@type":"ImageObject","inLanguage":"de","@id":"https:\/\/blog.zeit.de\/gruenegeschaefte\/#\/schema\/person\/image\/","url":"https:\/\/secure.gravatar.com\/avatar\/1b4c2e971f407a9ead4389a9370b171e45b0ee693342f36fcc448bb9175b9ee2?s=96&d=mm&r=g","contentUrl":"https:\/\/secure.gravatar.com\/avatar\/1b4c2e971f407a9ead4389a9370b171e45b0ee693342f36fcc448bb9175b9ee2?s=96&d=mm&r=g","caption":"Marlies Uken"},"description":"ist Redakteurin bei ZEIT ONLINE.","sameAs":["https:\/\/blog.zeit.de\/gruenegeschaefte\/"],"url":"https:\/\/blog.zeit.de\/gruenegeschaefte\/author\/marlies-uken\/"}]}},"jetpack_featured_media_url":"","jetpack_sharing_enabled":true,"_links":{"self":[{"href":"https:\/\/blog.zeit.de\/gruenegeschaefte\/wp-json\/wp\/v2\/posts\/4592","targetHints":{"allow":["GET"]}}],"collection":[{"href":"https:\/\/blog.zeit.de\/gruenegeschaefte\/wp-json\/wp\/v2\/posts"}],"about":[{"href":"https:\/\/blog.zeit.de\/gruenegeschaefte\/wp-json\/wp\/v2\/types\/post"}],"author":[{"embeddable":true,"href":"https:\/\/blog.zeit.de\/gruenegeschaefte\/wp-json\/wp\/v2\/users\/196"}],"replies":[{"embeddable":true,"href":"https:\/\/blog.zeit.de\/gruenegeschaefte\/wp-json\/wp\/v2\/comments?post=4592"}],"version-history":[{"count":17,"href":"https:\/\/blog.zeit.de\/gruenegeschaefte\/wp-json\/wp\/v2\/posts\/4592\/revisions"}],"predecessor-version":[{"id":4604,"href":"https:\/\/blog.zeit.de\/gruenegeschaefte\/wp-json\/wp\/v2\/posts\/4592\/revisions\/4604"}],"wp:attachment":[{"href":"https:\/\/blog.zeit.de\/gruenegeschaefte\/wp-json\/wp\/v2\/media?parent=4592"}],"wp:term":[{"taxonomy":"category","embeddable":true,"href":"https:\/\/blog.zeit.de\/gruenegeschaefte\/wp-json\/wp\/v2\/categories?post=4592"},{"taxonomy":"post_tag","embeddable":true,"href":"https:\/\/blog.zeit.de\/gruenegeschaefte\/wp-json\/wp\/v2\/tags?post=4592"}],"curies":[{"name":"wp","href":"https:\/\/api.w.org\/{rel}","templated":true}]}}