{"id":4634,"date":"2012-09-20T15:41:04","date_gmt":"2012-09-20T13:41:04","guid":{"rendered":"http:\/\/blog.zeit.de\/gruenegeschaefte\/?p=4634"},"modified":"2012-09-20T18:33:53","modified_gmt":"2012-09-20T16:33:53","slug":"die-energiewende-gibt%c2%b4s-jetzt-bei-ikea","status":"publish","type":"post","link":"https:\/\/blog.zeit.de\/gruenegeschaefte\/2012\/09\/20\/die-energiewende-gibt%c2%b4s-jetzt-bei-ikea\/","title":{"rendered":"Die Energiewende gibt\u00b4s jetzt bei IKEA"},"content":{"rendered":"<p>Heute schon ein bisschen Energiewende geshoppt? Der chinesische Solarkonzern Hanergy will in Gro\u00dfbritannien k\u00fcnftig <a href=\"http:\/\/www.hanergy.com\/readnews.do?id=1223\">Solarmodule \u00fcber Ikea <\/a>verkaufen. Jetzt gibt es also neben Kommoden und K\u00f6ttbullar auch D\u00fcnnschicht-Module bei dem M\u00f6belgiganten.<\/p>\n<p><a href=\"https:\/\/blog.zeit.de\/gruenegeschaefte\/files\/2012\/09\/78441173.jpg\"><img loading=\"lazy\" decoding=\"async\" class=\"alignleft size-medium wp-image-4638\" src=\"https:\/\/blog.zeit.de\/gruenegeschaefte\/files\/2012\/09\/78441173-300x180.jpg\" alt=\"\u00a9 Peter Muhly\/AFP\/Getty Images\" width=\"300\" height=\"180\" srcset=\"https:\/\/blog.zeit.de\/gruenegeschaefte\/files\/2012\/09\/78441173-300x180.jpg 300w, https:\/\/blog.zeit.de\/gruenegeschaefte\/files\/2012\/09\/78441173-1024x616.jpg 1024w\" sizes=\"auto, (max-width: 300px) 100vw, 300px\" \/><\/a> Die Module sind Teil eines Komplettpakets. Der m\u00f6gliche Standort wird bewertet, die Zellen werden installiert und nat\u00fcrlich gibt\u00b4s auch eine Garantie. Hanergy-Chef Jason Chow sagt, er glaube &#8222;an das Wachstumspotenzial des britischen Markts.&#8220;<\/p>\n<p>Der Hanergy-Konzern macht seit einigen Monaten in Europa von sich Reden. Nach eigenen Angaben ist er der gr\u00f6\u00dfte private \u00d6kostromkonzern Chinas. Er betreibt dort vor allem Wasserkraftwerke und Solarparks.<a href=\"http:\/\/www.zeit.de\/wirtschaft\/2012-08\/china-solar\"> Vor Kurzem \u00fcbernahm er in Deutschland die Solibro, eine Q-Cells-Tochter.<\/a> Auch den Berliner Solarspezialisten Soltecture kauften die Chinesen auf.<\/p>\n<p>In China kooperieren Ikea und Hanergy bereits. Erst k\u00fcrzlich gab Hanergy bekannt, auf D\u00e4chern von Ikea-Filialen in China Solaranlagen mit einer Gesamtkapazit\u00e4t von 383 Megawatt installieren zu wollen. Damit will Ikea 10 bis 15 Prozent seines Strombedarfs decken. 383 Megawatt entsprechen, zumindest theoretisch, der Leistung eines kleinen Kohlekraftwerks.<\/p>\n<p>Jetzt plant Hanergy also den Einstieg in den europ\u00e4ischen Massenmarkt. Ich bin gespannt, ob das klappen wird. Bislang galt eigentlich die Regel: D\u00fcnnschicht-Module sind zwar g\u00fcnstiger in die Herstellung, kommen aber auf niedrigere Wirkungsgrade im Vergleich zu kristallinen Modulen (die vor allem auf deutschen D\u00e4chern landen).<\/p>\n<p>Ob sich die Module, die Ikea anbieten wird, durchsetzen werden, ist also vor allem eine Frage des Outputs und der Verg\u00fctung von \u00d6kostrom im britischen Energiemarkt. Und es ist eine Frage der Installation. So trivial sind ja Solarmodule auch wieder nicht. Sie m\u00fcssen gescheit installiert werden, man braucht Wechselrichter, um den Gleichstrom ins \u00f6ffentliche Netz einzuspeisen und und und. Da erscheint es schon sinnvoll, dass Hanergy ein Rundumsorglos-Paket anbieten will.<\/p>\n<p>In Deutschland hatte \u00fcbrigens die Kaffeekette Tchibo auch eine Zeitlang Solarzellen im Angebot. Das war allerdings vor zwei Jahren.<\/p>\n<blockquote><p>&nbsp;<\/p><\/blockquote>\n","protected":false},"excerpt":{"rendered":"<p>Heute schon ein bisschen Energiewende geshoppt? Der chinesische Solarkonzern Hanergy will in Gro\u00dfbritannien k\u00fcnftig Solarmodule \u00fcber Ikea verkaufen. Jetzt gibt es also neben Kommoden und K\u00f6ttbullar auch D\u00fcnnschicht-Module bei dem M\u00f6belgiganten. Die Module sind Teil eines Komplettpakets. Der m\u00f6gliche Standort wird bewertet, die Zellen werden installiert und nat\u00fcrlich gibt\u00b4s auch eine Garantie. Hanergy-Chef Jason Chow [&hellip;]<\/p>\n","protected":false},"author":196,"featured_media":0,"comment_status":"open","ping_status":"open","sticky":false,"template":"","format":"standard","meta":{"_jetpack_memberships_contains_paid_content":false,"footnotes":""},"categories":[1123,12577,1122,2417,1124],"tags":[],"class_list":["post-4634","post","type-post","status-publish","format-standard","hentry","category-energieeffizienz","category-energiewende","category-erneuerbare-energien","category-konsum","category-solar"],"yoast_head":"<!-- This site is optimized with the Yoast SEO plugin v21.0 - https:\/\/yoast.com\/wordpress\/plugins\/seo\/ -->\n<title>Die Energiewende gibt\u00b4s jetzt bei IKEA - Gr\u00fcne Gesch\u00e4fte<\/title>\n<meta name=\"robots\" content=\"index, follow, max-snippet:-1, max-image-preview:large, max-video-preview:-1\" \/>\n<link rel=\"canonical\" href=\"https:\/\/blog.zeit.de\/gruenegeschaefte\/2012\/09\/20\/die-energiewende-gibt\u00b4s-jetzt-bei-ikea\/\" \/>\n<meta property=\"og:locale\" content=\"de_DE\" \/>\n<meta property=\"og:type\" content=\"article\" \/>\n<meta property=\"og:title\" content=\"Die Energiewende gibt\u00b4s jetzt bei IKEA - Gr\u00fcne Gesch\u00e4fte\" \/>\n<meta property=\"og:description\" content=\"Heute schon ein bisschen Energiewende geshoppt? Der chinesische Solarkonzern Hanergy will in Gro\u00dfbritannien k\u00fcnftig Solarmodule \u00fcber Ikea verkaufen. Jetzt gibt es also neben Kommoden und K\u00f6ttbullar auch D\u00fcnnschicht-Module bei dem M\u00f6belgiganten. Die Module sind Teil eines Komplettpakets. Der m\u00f6gliche Standort wird bewertet, die Zellen werden installiert und nat\u00fcrlich gibt\u00b4s auch eine Garantie. Hanergy-Chef Jason Chow [&hellip;]\" \/>\n<meta property=\"og:url\" content=\"https:\/\/blog.zeit.de\/gruenegeschaefte\/2012\/09\/20\/die-energiewende-gibt\u00b4s-jetzt-bei-ikea\/\" \/>\n<meta property=\"og:site_name\" content=\"Gr\u00fcne Gesch\u00e4fte\" \/>\n<meta property=\"article:published_time\" content=\"2012-09-20T13:41:04+00:00\" \/>\n<meta property=\"article:modified_time\" content=\"2012-09-20T16:33:53+00:00\" \/>\n<meta property=\"og:image\" content=\"https:\/\/blog.zeit.de\/gruenegeschaefte\/files\/2012\/09\/78441173-300x180.jpg\" \/>\n<meta name=\"author\" content=\"Marlies Uken\" \/>\n<meta name=\"twitter:card\" content=\"summary_large_image\" \/>\n<meta name=\"twitter:creator\" content=\"@zeitonline\" \/>\n<meta name=\"twitter:site\" content=\"@zeitonline\" \/>\n<meta name=\"twitter:label1\" content=\"Geschrieben von\" \/>\n\t<meta name=\"twitter:data1\" content=\"Marlies Uken\" \/>\n\t<meta name=\"twitter:label2\" content=\"Gesch\u00e4tzte Lesezeit\" \/>\n\t<meta name=\"twitter:data2\" content=\"2\u00a0Minuten\" \/>\n<script type=\"application\/ld+json\" class=\"yoast-schema-graph\">{\"@context\":\"https:\/\/schema.org\",\"@graph\":[{\"@type\":\"WebPage\",\"@id\":\"https:\/\/blog.zeit.de\/gruenegeschaefte\/2012\/09\/20\/die-energiewende-gibt%c2%b4s-jetzt-bei-ikea\/\",\"url\":\"https:\/\/blog.zeit.de\/gruenegeschaefte\/2012\/09\/20\/die-energiewende-gibt%c2%b4s-jetzt-bei-ikea\/\",\"name\":\"Die Energiewende gibt\u00b4s jetzt bei IKEA - Gr\u00fcne Gesch\u00e4fte\",\"isPartOf\":{\"@id\":\"https:\/\/blog.zeit.de\/gruenegeschaefte\/#website\"},\"datePublished\":\"2012-09-20T13:41:04+00:00\",\"dateModified\":\"2012-09-20T16:33:53+00:00\",\"author\":{\"@id\":\"https:\/\/blog.zeit.de\/gruenegeschaefte\/#\/schema\/person\/56a2bdb136cd5997b1dd0485f3d105f9\"},\"breadcrumb\":{\"@id\":\"https:\/\/blog.zeit.de\/gruenegeschaefte\/2012\/09\/20\/die-energiewende-gibt%c2%b4s-jetzt-bei-ikea\/#breadcrumb\"},\"inLanguage\":\"de\",\"potentialAction\":[{\"@type\":\"ReadAction\",\"target\":[\"https:\/\/blog.zeit.de\/gruenegeschaefte\/2012\/09\/20\/die-energiewende-gibt%c2%b4s-jetzt-bei-ikea\/\"]}]},{\"@type\":\"BreadcrumbList\",\"@id\":\"https:\/\/blog.zeit.de\/gruenegeschaefte\/2012\/09\/20\/die-energiewende-gibt%c2%b4s-jetzt-bei-ikea\/#breadcrumb\",\"itemListElement\":[{\"@type\":\"ListItem\",\"position\":1,\"name\":\"Startseite\",\"item\":\"https:\/\/blog.zeit.de\/gruenegeschaefte\/\"},{\"@type\":\"ListItem\",\"position\":2,\"name\":\"Die Energiewende gibt\u00b4s jetzt bei IKEA\"}]},{\"@type\":\"WebSite\",\"@id\":\"https:\/\/blog.zeit.de\/gruenegeschaefte\/#website\",\"url\":\"https:\/\/blog.zeit.de\/gruenegeschaefte\/\",\"name\":\"Gr\u00fcne Gesch\u00e4fte\",\"description\":\"Wir k\u00f6nnen&#039;s besser: Das Blog f\u00fcr eine Wirtschaft, die Ressourcen und Klima schont\",\"potentialAction\":[{\"@type\":\"SearchAction\",\"target\":{\"@type\":\"EntryPoint\",\"urlTemplate\":\"https:\/\/blog.zeit.de\/gruenegeschaefte\/?s={search_term_string}\"},\"query-input\":\"required name=search_term_string\"}],\"inLanguage\":\"de\"},{\"@type\":\"Person\",\"@id\":\"https:\/\/blog.zeit.de\/gruenegeschaefte\/#\/schema\/person\/56a2bdb136cd5997b1dd0485f3d105f9\",\"name\":\"Marlies Uken\",\"image\":{\"@type\":\"ImageObject\",\"inLanguage\":\"de\",\"@id\":\"https:\/\/blog.zeit.de\/gruenegeschaefte\/#\/schema\/person\/image\/\",\"url\":\"https:\/\/secure.gravatar.com\/avatar\/1b4c2e971f407a9ead4389a9370b171e45b0ee693342f36fcc448bb9175b9ee2?s=96&d=mm&r=g\",\"contentUrl\":\"https:\/\/secure.gravatar.com\/avatar\/1b4c2e971f407a9ead4389a9370b171e45b0ee693342f36fcc448bb9175b9ee2?s=96&d=mm&r=g\",\"caption\":\"Marlies Uken\"},\"description\":\"ist Redakteurin bei ZEIT ONLINE.\",\"sameAs\":[\"https:\/\/blog.zeit.de\/gruenegeschaefte\/\"],\"url\":\"https:\/\/blog.zeit.de\/gruenegeschaefte\/author\/marlies-uken\/\"}]}<\/script>\n<!-- \/ Yoast SEO plugin. -->","yoast_head_json":{"title":"Die Energiewende gibt\u00b4s jetzt bei IKEA - Gr\u00fcne Gesch\u00e4fte","robots":{"index":"index","follow":"follow","max-snippet":"max-snippet:-1","max-image-preview":"max-image-preview:large","max-video-preview":"max-video-preview:-1"},"canonical":"https:\/\/blog.zeit.de\/gruenegeschaefte\/2012\/09\/20\/die-energiewende-gibt\u00b4s-jetzt-bei-ikea\/","og_locale":"de_DE","og_type":"article","og_title":"Die Energiewende gibt\u00b4s jetzt bei IKEA - Gr\u00fcne Gesch\u00e4fte","og_description":"Heute schon ein bisschen Energiewende geshoppt? Der chinesische Solarkonzern Hanergy will in Gro\u00dfbritannien k\u00fcnftig Solarmodule \u00fcber Ikea verkaufen. Jetzt gibt es also neben Kommoden und K\u00f6ttbullar auch D\u00fcnnschicht-Module bei dem M\u00f6belgiganten. Die Module sind Teil eines Komplettpakets. Der m\u00f6gliche Standort wird bewertet, die Zellen werden installiert und nat\u00fcrlich gibt\u00b4s auch eine Garantie. Hanergy-Chef Jason Chow [&hellip;]","og_url":"https:\/\/blog.zeit.de\/gruenegeschaefte\/2012\/09\/20\/die-energiewende-gibt\u00b4s-jetzt-bei-ikea\/","og_site_name":"Gr\u00fcne Gesch\u00e4fte","article_published_time":"2012-09-20T13:41:04+00:00","article_modified_time":"2012-09-20T16:33:53+00:00","og_image":[{"url":"https:\/\/blog.zeit.de\/gruenegeschaefte\/files\/2012\/09\/78441173-300x180.jpg"}],"author":"Marlies Uken","twitter_card":"summary_large_image","twitter_creator":"@zeitonline","twitter_site":"@zeitonline","twitter_misc":{"Geschrieben von":"Marlies Uken","Gesch\u00e4tzte Lesezeit":"2\u00a0Minuten"},"schema":{"@context":"https:\/\/schema.org","@graph":[{"@type":"WebPage","@id":"https:\/\/blog.zeit.de\/gruenegeschaefte\/2012\/09\/20\/die-energiewende-gibt%c2%b4s-jetzt-bei-ikea\/","url":"https:\/\/blog.zeit.de\/gruenegeschaefte\/2012\/09\/20\/die-energiewende-gibt%c2%b4s-jetzt-bei-ikea\/","name":"Die Energiewende gibt\u00b4s jetzt bei IKEA - Gr\u00fcne Gesch\u00e4fte","isPartOf":{"@id":"https:\/\/blog.zeit.de\/gruenegeschaefte\/#website"},"datePublished":"2012-09-20T13:41:04+00:00","dateModified":"2012-09-20T16:33:53+00:00","author":{"@id":"https:\/\/blog.zeit.de\/gruenegeschaefte\/#\/schema\/person\/56a2bdb136cd5997b1dd0485f3d105f9"},"breadcrumb":{"@id":"https:\/\/blog.zeit.de\/gruenegeschaefte\/2012\/09\/20\/die-energiewende-gibt%c2%b4s-jetzt-bei-ikea\/#breadcrumb"},"inLanguage":"de","potentialAction":[{"@type":"ReadAction","target":["https:\/\/blog.zeit.de\/gruenegeschaefte\/2012\/09\/20\/die-energiewende-gibt%c2%b4s-jetzt-bei-ikea\/"]}]},{"@type":"BreadcrumbList","@id":"https:\/\/blog.zeit.de\/gruenegeschaefte\/2012\/09\/20\/die-energiewende-gibt%c2%b4s-jetzt-bei-ikea\/#breadcrumb","itemListElement":[{"@type":"ListItem","position":1,"name":"Startseite","item":"https:\/\/blog.zeit.de\/gruenegeschaefte\/"},{"@type":"ListItem","position":2,"name":"Die Energiewende gibt\u00b4s jetzt bei IKEA"}]},{"@type":"WebSite","@id":"https:\/\/blog.zeit.de\/gruenegeschaefte\/#website","url":"https:\/\/blog.zeit.de\/gruenegeschaefte\/","name":"Gr\u00fcne Gesch\u00e4fte","description":"Wir k\u00f6nnen&#039;s besser: Das Blog f\u00fcr eine Wirtschaft, die Ressourcen und Klima schont","potentialAction":[{"@type":"SearchAction","target":{"@type":"EntryPoint","urlTemplate":"https:\/\/blog.zeit.de\/gruenegeschaefte\/?s={search_term_string}"},"query-input":"required name=search_term_string"}],"inLanguage":"de"},{"@type":"Person","@id":"https:\/\/blog.zeit.de\/gruenegeschaefte\/#\/schema\/person\/56a2bdb136cd5997b1dd0485f3d105f9","name":"Marlies Uken","image":{"@type":"ImageObject","inLanguage":"de","@id":"https:\/\/blog.zeit.de\/gruenegeschaefte\/#\/schema\/person\/image\/","url":"https:\/\/secure.gravatar.com\/avatar\/1b4c2e971f407a9ead4389a9370b171e45b0ee693342f36fcc448bb9175b9ee2?s=96&d=mm&r=g","contentUrl":"https:\/\/secure.gravatar.com\/avatar\/1b4c2e971f407a9ead4389a9370b171e45b0ee693342f36fcc448bb9175b9ee2?s=96&d=mm&r=g","caption":"Marlies Uken"},"description":"ist Redakteurin bei ZEIT ONLINE.","sameAs":["https:\/\/blog.zeit.de\/gruenegeschaefte\/"],"url":"https:\/\/blog.zeit.de\/gruenegeschaefte\/author\/marlies-uken\/"}]}},"jetpack_featured_media_url":"","jetpack_sharing_enabled":true,"_links":{"self":[{"href":"https:\/\/blog.zeit.de\/gruenegeschaefte\/wp-json\/wp\/v2\/posts\/4634","targetHints":{"allow":["GET"]}}],"collection":[{"href":"https:\/\/blog.zeit.de\/gruenegeschaefte\/wp-json\/wp\/v2\/posts"}],"about":[{"href":"https:\/\/blog.zeit.de\/gruenegeschaefte\/wp-json\/wp\/v2\/types\/post"}],"author":[{"embeddable":true,"href":"https:\/\/blog.zeit.de\/gruenegeschaefte\/wp-json\/wp\/v2\/users\/196"}],"replies":[{"embeddable":true,"href":"https:\/\/blog.zeit.de\/gruenegeschaefte\/wp-json\/wp\/v2\/comments?post=4634"}],"version-history":[{"count":17,"href":"https:\/\/blog.zeit.de\/gruenegeschaefte\/wp-json\/wp\/v2\/posts\/4634\/revisions"}],"predecessor-version":[{"id":4652,"href":"https:\/\/blog.zeit.de\/gruenegeschaefte\/wp-json\/wp\/v2\/posts\/4634\/revisions\/4652"}],"wp:attachment":[{"href":"https:\/\/blog.zeit.de\/gruenegeschaefte\/wp-json\/wp\/v2\/media?parent=4634"}],"wp:term":[{"taxonomy":"category","embeddable":true,"href":"https:\/\/blog.zeit.de\/gruenegeschaefte\/wp-json\/wp\/v2\/categories?post=4634"},{"taxonomy":"post_tag","embeddable":true,"href":"https:\/\/blog.zeit.de\/gruenegeschaefte\/wp-json\/wp\/v2\/tags?post=4634"}],"curies":[{"name":"wp","href":"https:\/\/api.w.org\/{rel}","templated":true}]}}