{"id":474,"date":"2010-02-08T12:46:02","date_gmt":"2010-02-08T11:46:02","guid":{"rendered":"http:\/\/blog.zeit.de\/gruenegeschaefte\/?p=474"},"modified":"2010-02-08T13:15:31","modified_gmt":"2010-02-08T12:15:31","slug":"peak-oil-virgin-chef-branson-ist-alarmiert","status":"publish","type":"post","link":"https:\/\/blog.zeit.de\/gruenegeschaefte\/2010\/02\/08\/peak-oil-virgin-chef-branson-ist-alarmiert\/","title":{"rendered":"Peak Oil: Virgin-Chef Branson ist alarmiert"},"content":{"rendered":"<p>Die Wirtschafts- und Finanzkrise hat zwar viele Staaten noch immer im Griff. Aber inzwischen mehren sich die Stimmen, die einen steigenden \u00d6lpreis prognostizieren. Der Gr\u00fcnder der britischen Virgin Airlines, Milliard\u00e4r Richard Branson, wird diese Woche gar mit einer spektakul\u00e4ren Prognose seine Aufwartung in London machen, meldet der <em>Guardian<\/em>: <a href=\"http:\/\/www.guardian.co.uk\/business\/2010\/feb\/07\/branson-warns-peak-oil-close\">Er erwarte eine handfeste \u00d6lkrise innerhalb der n\u00e4chsten f\u00fcnf Jahre, so Branson.<\/a> Und sie werde sogar noch schlimmere Auswirkungen auf die Weltwirtschaft haben als die Finanzmarktkrise.<\/p>\n<p>Dass der \u00d6lpreis in die H\u00f6he schnellen k\u00f6nnte, <a href=\"http:\/\/www.zeit.de\/2009\/22\/Energie\">erwarten auch Experten der Internationalen Energie-Agentur<\/a> in Paris. Ende vergangenen Jahres sorgten dort <a href=\"http:\/\/www.guardian.co.uk\/environment\/2009\/nov\/09\/peak-oil-international-energy-agency\">allerdings Vorw\u00fcrfe eines Insiders\u00a0 f\u00fcr Unruhe<\/a>: Die IEA solle auf Dr\u00e4ngen der USA gezielt die Gefahr von knappem \u00d6l heruntergespielt haben, um f\u00fcr Ruhe an den internationalen B\u00f6rsen zu sorgen. Es k\u00f6nnte also noch weitaus schlimmer kommen.<\/p>\n<p>Noch allerdings rauscht der \u00d6lpreis weiter nach unten. Am vergangenen Freitag kostete das Barrel gerade mal 70 US-Dollar. Allerdings <a href=\"http:\/\/www.handelsblatt.com\/finanzen\/rohstoffe\/oelmarkt-goldman-raet-anlegern-zum-einstieg;2525950\">r\u00e4t schon jetzt die amerikanische Gro\u00dfbank Goldman Sachs<\/a>, sich mit \u00d6lkontrakten einzudecken. Die k\u00f6nnten sich als lukratives Gesch\u00e4ft entpuppen, weil sich das Angebot an \u00d6l bald wegen der anziehenden Nachfrage wieder verknappen werde, ist Goldman Sachs \u00fcberzeugt.<\/p>\n<p>Steigende Preise gefallen nat\u00fcrlich den \u00d6lkonzernen. Aber gibt es tats\u00e4chlich noch genug Vorr\u00e4te oder ist an &#8222;Peak Oil&#8220;, der Theorie, dass die Produktionsspitze bald erreicht ist, etwas dran? Die gro\u00dfen \u00d6lkonzerne bestreiten das. Erst in Davos gab sich der Chef der saudi-arabischen \u00d6lgesellschaft Aramco noch bewusst gelassen: <a href=\"http:\/\/www.ftd.de\/wirtschaftswunder\/index.php?op=ViewArticle&amp;articleId=2266&amp;blogId=10\">Es sei noch immer genug Roh\u00f6l da, die &#8222;Peak Oil&#8220; Debatte habe sich zum Gl\u00fcck erledigt<\/a>, zitiert ihn die <em>Financial Times Deutschland. <\/em><\/p>\n","protected":false},"excerpt":{"rendered":"<p>Die Wirtschafts- und Finanzkrise hat zwar viele Staaten noch immer im Griff. Aber inzwischen mehren sich die Stimmen, die einen steigenden \u00d6lpreis prognostizieren. Der Gr\u00fcnder der britischen Virgin Airlines, Milliard\u00e4r Richard Branson, wird diese Woche gar mit einer spektakul\u00e4ren Prognose seine Aufwartung in London machen, meldet der Guardian: Er erwarte eine handfeste \u00d6lkrise innerhalb der [&hellip;]<\/p>\n","protected":false},"author":196,"featured_media":0,"comment_status":"open","ping_status":"open","sticky":false,"template":"","format":"standard","meta":{"_jetpack_memberships_contains_paid_content":false,"footnotes":""},"categories":[734],"tags":[],"class_list":["post-474","post","type-post","status-publish","format-standard","hentry","category-ol"],"yoast_head":"<!-- This site is optimized with the Yoast SEO plugin v21.0 - https:\/\/yoast.com\/wordpress\/plugins\/seo\/ -->\n<title>Peak Oil: Virgin-Chef Branson ist alarmiert - Gr\u00fcne Gesch\u00e4fte<\/title>\n<meta name=\"robots\" content=\"index, follow, max-snippet:-1, max-image-preview:large, max-video-preview:-1\" \/>\n<link rel=\"canonical\" href=\"https:\/\/blog.zeit.de\/gruenegeschaefte\/2010\/02\/08\/peak-oil-virgin-chef-branson-ist-alarmiert\/\" \/>\n<meta property=\"og:locale\" content=\"de_DE\" \/>\n<meta property=\"og:type\" content=\"article\" \/>\n<meta property=\"og:title\" content=\"Peak Oil: Virgin-Chef Branson ist alarmiert - Gr\u00fcne Gesch\u00e4fte\" \/>\n<meta property=\"og:description\" content=\"Die Wirtschafts- und Finanzkrise hat zwar viele Staaten noch immer im Griff. Aber inzwischen mehren sich die Stimmen, die einen steigenden \u00d6lpreis prognostizieren. Der Gr\u00fcnder der britischen Virgin Airlines, Milliard\u00e4r Richard Branson, wird diese Woche gar mit einer spektakul\u00e4ren Prognose seine Aufwartung in London machen, meldet der Guardian: Er erwarte eine handfeste \u00d6lkrise innerhalb der [&hellip;]\" \/>\n<meta property=\"og:url\" content=\"https:\/\/blog.zeit.de\/gruenegeschaefte\/2010\/02\/08\/peak-oil-virgin-chef-branson-ist-alarmiert\/\" \/>\n<meta property=\"og:site_name\" content=\"Gr\u00fcne Gesch\u00e4fte\" \/>\n<meta property=\"article:published_time\" content=\"2010-02-08T11:46:02+00:00\" \/>\n<meta property=\"article:modified_time\" content=\"2010-02-08T12:15:31+00:00\" \/>\n<meta name=\"author\" content=\"Marlies Uken\" \/>\n<meta name=\"twitter:card\" content=\"summary_large_image\" \/>\n<meta name=\"twitter:creator\" content=\"@zeitonline\" \/>\n<meta name=\"twitter:site\" content=\"@zeitonline\" \/>\n<meta name=\"twitter:label1\" content=\"Geschrieben von\" \/>\n\t<meta name=\"twitter:data1\" content=\"Marlies Uken\" \/>\n\t<meta name=\"twitter:label2\" content=\"Gesch\u00e4tzte Lesezeit\" \/>\n\t<meta name=\"twitter:data2\" content=\"1\u00a0Minute\" \/>\n<script type=\"application\/ld+json\" class=\"yoast-schema-graph\">{\"@context\":\"https:\/\/schema.org\",\"@graph\":[{\"@type\":\"WebPage\",\"@id\":\"https:\/\/blog.zeit.de\/gruenegeschaefte\/2010\/02\/08\/peak-oil-virgin-chef-branson-ist-alarmiert\/\",\"url\":\"https:\/\/blog.zeit.de\/gruenegeschaefte\/2010\/02\/08\/peak-oil-virgin-chef-branson-ist-alarmiert\/\",\"name\":\"Peak Oil: Virgin-Chef Branson ist alarmiert - Gr\u00fcne Gesch\u00e4fte\",\"isPartOf\":{\"@id\":\"https:\/\/blog.zeit.de\/gruenegeschaefte\/#website\"},\"datePublished\":\"2010-02-08T11:46:02+00:00\",\"dateModified\":\"2010-02-08T12:15:31+00:00\",\"author\":{\"@id\":\"https:\/\/blog.zeit.de\/gruenegeschaefte\/#\/schema\/person\/56a2bdb136cd5997b1dd0485f3d105f9\"},\"breadcrumb\":{\"@id\":\"https:\/\/blog.zeit.de\/gruenegeschaefte\/2010\/02\/08\/peak-oil-virgin-chef-branson-ist-alarmiert\/#breadcrumb\"},\"inLanguage\":\"de\",\"potentialAction\":[{\"@type\":\"ReadAction\",\"target\":[\"https:\/\/blog.zeit.de\/gruenegeschaefte\/2010\/02\/08\/peak-oil-virgin-chef-branson-ist-alarmiert\/\"]}]},{\"@type\":\"BreadcrumbList\",\"@id\":\"https:\/\/blog.zeit.de\/gruenegeschaefte\/2010\/02\/08\/peak-oil-virgin-chef-branson-ist-alarmiert\/#breadcrumb\",\"itemListElement\":[{\"@type\":\"ListItem\",\"position\":1,\"name\":\"Startseite\",\"item\":\"https:\/\/blog.zeit.de\/gruenegeschaefte\/\"},{\"@type\":\"ListItem\",\"position\":2,\"name\":\"Peak Oil: Virgin-Chef Branson ist alarmiert\"}]},{\"@type\":\"WebSite\",\"@id\":\"https:\/\/blog.zeit.de\/gruenegeschaefte\/#website\",\"url\":\"https:\/\/blog.zeit.de\/gruenegeschaefte\/\",\"name\":\"Gr\u00fcne Gesch\u00e4fte\",\"description\":\"Wir k\u00f6nnen&#039;s besser: Das Blog f\u00fcr eine Wirtschaft, die Ressourcen und Klima schont\",\"potentialAction\":[{\"@type\":\"SearchAction\",\"target\":{\"@type\":\"EntryPoint\",\"urlTemplate\":\"https:\/\/blog.zeit.de\/gruenegeschaefte\/?s={search_term_string}\"},\"query-input\":\"required name=search_term_string\"}],\"inLanguage\":\"de\"},{\"@type\":\"Person\",\"@id\":\"https:\/\/blog.zeit.de\/gruenegeschaefte\/#\/schema\/person\/56a2bdb136cd5997b1dd0485f3d105f9\",\"name\":\"Marlies Uken\",\"image\":{\"@type\":\"ImageObject\",\"inLanguage\":\"de\",\"@id\":\"https:\/\/blog.zeit.de\/gruenegeschaefte\/#\/schema\/person\/image\/\",\"url\":\"https:\/\/secure.gravatar.com\/avatar\/1b4c2e971f407a9ead4389a9370b171e45b0ee693342f36fcc448bb9175b9ee2?s=96&d=mm&r=g\",\"contentUrl\":\"https:\/\/secure.gravatar.com\/avatar\/1b4c2e971f407a9ead4389a9370b171e45b0ee693342f36fcc448bb9175b9ee2?s=96&d=mm&r=g\",\"caption\":\"Marlies Uken\"},\"description\":\"ist Redakteurin bei ZEIT ONLINE.\",\"sameAs\":[\"https:\/\/blog.zeit.de\/gruenegeschaefte\/\"],\"url\":\"https:\/\/blog.zeit.de\/gruenegeschaefte\/author\/marlies-uken\/\"}]}<\/script>\n<!-- \/ Yoast SEO plugin. -->","yoast_head_json":{"title":"Peak Oil: Virgin-Chef Branson ist alarmiert - Gr\u00fcne Gesch\u00e4fte","robots":{"index":"index","follow":"follow","max-snippet":"max-snippet:-1","max-image-preview":"max-image-preview:large","max-video-preview":"max-video-preview:-1"},"canonical":"https:\/\/blog.zeit.de\/gruenegeschaefte\/2010\/02\/08\/peak-oil-virgin-chef-branson-ist-alarmiert\/","og_locale":"de_DE","og_type":"article","og_title":"Peak Oil: Virgin-Chef Branson ist alarmiert - Gr\u00fcne Gesch\u00e4fte","og_description":"Die Wirtschafts- und Finanzkrise hat zwar viele Staaten noch immer im Griff. Aber inzwischen mehren sich die Stimmen, die einen steigenden \u00d6lpreis prognostizieren. Der Gr\u00fcnder der britischen Virgin Airlines, Milliard\u00e4r Richard Branson, wird diese Woche gar mit einer spektakul\u00e4ren Prognose seine Aufwartung in London machen, meldet der Guardian: Er erwarte eine handfeste \u00d6lkrise innerhalb der [&hellip;]","og_url":"https:\/\/blog.zeit.de\/gruenegeschaefte\/2010\/02\/08\/peak-oil-virgin-chef-branson-ist-alarmiert\/","og_site_name":"Gr\u00fcne Gesch\u00e4fte","article_published_time":"2010-02-08T11:46:02+00:00","article_modified_time":"2010-02-08T12:15:31+00:00","author":"Marlies Uken","twitter_card":"summary_large_image","twitter_creator":"@zeitonline","twitter_site":"@zeitonline","twitter_misc":{"Geschrieben von":"Marlies Uken","Gesch\u00e4tzte Lesezeit":"1\u00a0Minute"},"schema":{"@context":"https:\/\/schema.org","@graph":[{"@type":"WebPage","@id":"https:\/\/blog.zeit.de\/gruenegeschaefte\/2010\/02\/08\/peak-oil-virgin-chef-branson-ist-alarmiert\/","url":"https:\/\/blog.zeit.de\/gruenegeschaefte\/2010\/02\/08\/peak-oil-virgin-chef-branson-ist-alarmiert\/","name":"Peak Oil: Virgin-Chef Branson ist alarmiert - Gr\u00fcne Gesch\u00e4fte","isPartOf":{"@id":"https:\/\/blog.zeit.de\/gruenegeschaefte\/#website"},"datePublished":"2010-02-08T11:46:02+00:00","dateModified":"2010-02-08T12:15:31+00:00","author":{"@id":"https:\/\/blog.zeit.de\/gruenegeschaefte\/#\/schema\/person\/56a2bdb136cd5997b1dd0485f3d105f9"},"breadcrumb":{"@id":"https:\/\/blog.zeit.de\/gruenegeschaefte\/2010\/02\/08\/peak-oil-virgin-chef-branson-ist-alarmiert\/#breadcrumb"},"inLanguage":"de","potentialAction":[{"@type":"ReadAction","target":["https:\/\/blog.zeit.de\/gruenegeschaefte\/2010\/02\/08\/peak-oil-virgin-chef-branson-ist-alarmiert\/"]}]},{"@type":"BreadcrumbList","@id":"https:\/\/blog.zeit.de\/gruenegeschaefte\/2010\/02\/08\/peak-oil-virgin-chef-branson-ist-alarmiert\/#breadcrumb","itemListElement":[{"@type":"ListItem","position":1,"name":"Startseite","item":"https:\/\/blog.zeit.de\/gruenegeschaefte\/"},{"@type":"ListItem","position":2,"name":"Peak Oil: Virgin-Chef Branson ist alarmiert"}]},{"@type":"WebSite","@id":"https:\/\/blog.zeit.de\/gruenegeschaefte\/#website","url":"https:\/\/blog.zeit.de\/gruenegeschaefte\/","name":"Gr\u00fcne Gesch\u00e4fte","description":"Wir k\u00f6nnen&#039;s besser: Das Blog f\u00fcr eine Wirtschaft, die Ressourcen und Klima schont","potentialAction":[{"@type":"SearchAction","target":{"@type":"EntryPoint","urlTemplate":"https:\/\/blog.zeit.de\/gruenegeschaefte\/?s={search_term_string}"},"query-input":"required name=search_term_string"}],"inLanguage":"de"},{"@type":"Person","@id":"https:\/\/blog.zeit.de\/gruenegeschaefte\/#\/schema\/person\/56a2bdb136cd5997b1dd0485f3d105f9","name":"Marlies Uken","image":{"@type":"ImageObject","inLanguage":"de","@id":"https:\/\/blog.zeit.de\/gruenegeschaefte\/#\/schema\/person\/image\/","url":"https:\/\/secure.gravatar.com\/avatar\/1b4c2e971f407a9ead4389a9370b171e45b0ee693342f36fcc448bb9175b9ee2?s=96&d=mm&r=g","contentUrl":"https:\/\/secure.gravatar.com\/avatar\/1b4c2e971f407a9ead4389a9370b171e45b0ee693342f36fcc448bb9175b9ee2?s=96&d=mm&r=g","caption":"Marlies Uken"},"description":"ist Redakteurin bei ZEIT ONLINE.","sameAs":["https:\/\/blog.zeit.de\/gruenegeschaefte\/"],"url":"https:\/\/blog.zeit.de\/gruenegeschaefte\/author\/marlies-uken\/"}]}},"jetpack_featured_media_url":"","jetpack_sharing_enabled":true,"_links":{"self":[{"href":"https:\/\/blog.zeit.de\/gruenegeschaefte\/wp-json\/wp\/v2\/posts\/474","targetHints":{"allow":["GET"]}}],"collection":[{"href":"https:\/\/blog.zeit.de\/gruenegeschaefte\/wp-json\/wp\/v2\/posts"}],"about":[{"href":"https:\/\/blog.zeit.de\/gruenegeschaefte\/wp-json\/wp\/v2\/types\/post"}],"author":[{"embeddable":true,"href":"https:\/\/blog.zeit.de\/gruenegeschaefte\/wp-json\/wp\/v2\/users\/196"}],"replies":[{"embeddable":true,"href":"https:\/\/blog.zeit.de\/gruenegeschaefte\/wp-json\/wp\/v2\/comments?post=474"}],"version-history":[{"count":0,"href":"https:\/\/blog.zeit.de\/gruenegeschaefte\/wp-json\/wp\/v2\/posts\/474\/revisions"}],"wp:attachment":[{"href":"https:\/\/blog.zeit.de\/gruenegeschaefte\/wp-json\/wp\/v2\/media?parent=474"}],"wp:term":[{"taxonomy":"category","embeddable":true,"href":"https:\/\/blog.zeit.de\/gruenegeschaefte\/wp-json\/wp\/v2\/categories?post=474"},{"taxonomy":"post_tag","embeddable":true,"href":"https:\/\/blog.zeit.de\/gruenegeschaefte\/wp-json\/wp\/v2\/tags?post=474"}],"curies":[{"name":"wp","href":"https:\/\/api.w.org\/{rel}","templated":true}]}}