{"id":4782,"date":"2012-10-09T10:21:37","date_gmt":"2012-10-09T08:21:37","guid":{"rendered":"http:\/\/blog.zeit.de\/gruenegeschaefte\/?p=4782"},"modified":"2012-10-09T17:05:16","modified_gmt":"2012-10-09T15:05:16","slug":"der-oko-flop-des-jahres-die-biotute","status":"publish","type":"post","link":"https:\/\/blog.zeit.de\/gruenegeschaefte\/2012\/10\/09\/der-oko-flop-des-jahres-die-biotute\/","title":{"rendered":"Der \u00d6ko-Flop des Jahres: die Biot\u00fcte"},"content":{"rendered":"<p>In meinem Bio-Laden ums Eck bekomme ich meine Eink\u00e4ufe regelm\u00e4\u00dfig in einer T\u00fcte ausgeh\u00e4ndigt, auf der prangt &#8222;100 Prozent recycelbar&#8220;. Bittesch\u00f6n &#8211; Dankesch\u00f6n. Die T\u00fcte ist aus einem Biokunststoff gefertigt, genauer gesagt aus Maisst\u00e4rke.<\/p>\n<p><figure id=\"attachment_4791\" aria-describedby=\"caption-attachment-4791\" style=\"width: 300px\" class=\"wp-caption alignleft\"><a href=\"https:\/\/blog.zeit.de\/gruenegeschaefte\/files\/2012\/10\/137765416.jpg\"><img loading=\"lazy\" decoding=\"async\" class=\"size-medium wp-image-4791\" src=\"https:\/\/blog.zeit.de\/gruenegeschaefte\/files\/2012\/10\/137765416-300x196.jpg\" alt=\"Puppen aus Plastikt\u00fcten \u00a9 Patrik Stollarz\/Getty Images\" width=\"300\" height=\"196\" srcset=\"https:\/\/blog.zeit.de\/gruenegeschaefte\/files\/2012\/10\/137765416-300x196.jpg 300w, https:\/\/blog.zeit.de\/gruenegeschaefte\/files\/2012\/10\/137765416-1024x670.jpg 1024w\" sizes=\"auto, (max-width: 300px) 100vw, 300px\" \/><\/a><figcaption id=\"caption-attachment-4791\" class=\"wp-caption-text\">Puppen aus Plastikt\u00fcten \u00a9 Patrik Stollarz\/Getty Images<\/figcaption><\/figure><\/p>\n<p>Nun sind Plastikt\u00fcten ja erst einmal ein \u00c4rgernis: Unglaubliche 5,3 Milliarden Plastikt\u00fcten verwenden wir Deutschen <a href=\"http:\/\/www.duh.de\/pressemitteilung.html?&amp;tx_ttnews[tt_news]=2928\">laut Deutscher Umwelthilfe<\/a> j\u00e4hrlich. Das macht bei rund 80 Millionen Bundesb\u00fcrgern im Schnitt etwa 66 Plastikt\u00fcten im Jahr. In der Regel landen sie einfach in der M\u00fcllverbrennungs-<br \/>\nanlage (so wie meine Plastikt\u00fcten, die erleben schlie\u00dflich bei mir zu Hause ihre zweite Existenz als M\u00fcllbeutel).<\/p>\n<p>Oder noch schlimmer: Die T\u00fcten werden einfach achtlos weggeworfen, verstopfen Gullis und landen am Ende als schwimmender M\u00fcllteppich in den Ozeanen, wo sie Lebewesen und \u00d6kosystemen schaden.<\/p>\n<p>Und meine Bioladen-Plastikt\u00fcte? Die Bundesregierung f\u00f6rderte bislang solche Biot\u00fcten: Sie sind etwa vom Gr\u00fcner-Punkt-System und den Lizenzgeb\u00fchren an das Duale System Deutschland ausgenommen, um die Markteinf\u00fchrung zu f\u00f6rdern. Noch bis zum Jahresende gelten diese Ausnahmen.<\/p>\n<p>Dabei entpuppt sich die Biot\u00fcte als alles andere als umweltfreundlich. <a href=\"http:\/\/www.duh.de\/2610+M54890976960.html\">Weder wird sie im gro\u00dfen Stil kompostiert<\/a> noch hat sie einen Umweltnutzen. <a href=\"http:\/\/www.umweltbundesamt.de\/uba-info-medien\/3986.html\">Das zeigt eine aktuelle Studie des Heidelberger ifeu-Instituts f\u00fcr das Umweltbundesamt.<\/a> Das Ergebnis: Bio-T\u00fcten sind nicht besser, sondern leider nur genauso schlecht wie herk\u00f6mmliche Plastikt\u00fcten aus erd\u00f6lbasierten Rohstoffen. Die Umweltexperten schauten sich nicht nur den Rohstoff an, sondern machen eine umfassende \u00d6kobilanz. Sie schreiben:<\/p>\n<blockquote><p><em>Durch den Anbau und die Verarbeitung von Pflanzen f\u00fcr diese Verpackungen versauern B\u00f6den und eutrophieren Gew\u00e4sser st\u00e4rker als durch die Herstellung herk\u00f6mmlicher Kunststoffverpackungen. Zudem entstehen h\u00f6here Feinstaubemissionen. Auch die vermehrt angebotenen Bioplastikt\u00fcten haben damit keinen Umweltvorteil.<\/em><\/p><\/blockquote>\n<p>Das ifeu kommt zu einem eindeutigen Schluss. Die Ausnahmeregelungen f\u00fcr die Biot\u00fcte in der Verpackungsverordnung m\u00fcssten sofort beendet werden. Eine vern\u00fcnftige Forderung, wenn man eine Bilanz des gesamten Lebenszyklus der T\u00fcte macht. Der Pr\u00e4sident des Umweltbundesamts, Jochen Flasbarth, sagt:<\/p>\n<blockquote><p><em>Verpackungen auf der Basis von so genannten Biokunststoffen haben unter dem Strich keine Umweltvorteile. Die Klimabilanz von Biokunststoffen ist zwar g\u00fcnstiger, daf\u00fcr gibt es Nachteile bei anderen Umweltbelastungen. Die Ergebnisse sprechen daf\u00fcr, die Sonderregelung f\u00fcr solche Verpackungen, wie etwa die Befreiung von der R\u00fccknahmepflicht des Handels, nicht zu verl\u00e4ngern.<\/em><\/p><\/blockquote>\n<p>\u00dcbrigens: Mein Bioladen geh\u00f6rt mit seinem Biot\u00fcten-Angebot offenbar zu einer seltenen Spezies. In der Masse konnte sich die vermeintlich gr\u00fcne T\u00fcte nicht durchsetzen. Im Jahr 2009 kamen Biokunststoffverpackungen in Deutschland gerade einmal auf einen Marktanteil von 0,5 Prozent.<\/p>\n","protected":false},"excerpt":{"rendered":"<p>In meinem Bio-Laden ums Eck bekomme ich meine Eink\u00e4ufe regelm\u00e4\u00dfig in einer T\u00fcte ausgeh\u00e4ndigt, auf der prangt &#8222;100 Prozent recycelbar&#8220;. Bittesch\u00f6n &#8211; Dankesch\u00f6n. Die T\u00fcte ist aus einem Biokunststoff gefertigt, genauer gesagt aus Maisst\u00e4rke. Nun sind Plastikt\u00fcten ja erst einmal ein \u00c4rgernis: Unglaubliche 5,3 Milliarden Plastikt\u00fcten verwenden wir Deutschen laut Deutscher Umwelthilfe j\u00e4hrlich. Das macht [&hellip;]<\/p>\n","protected":false},"author":196,"featured_media":0,"comment_status":"open","ping_status":"open","sticky":false,"template":"","format":"standard","meta":{"_jetpack_memberships_contains_paid_content":false,"footnotes":""},"categories":[1312,1132,1145,1432,1258,734],"tags":[],"class_list":["post-4782","post","type-post","status-publish","format-standard","hentry","category-abfall","category-klima","category-kohle","category-nachhaltigkeit","category-naturschutz","category-ol"],"yoast_head":"<!-- This site is optimized with the Yoast SEO plugin v21.0 - https:\/\/yoast.com\/wordpress\/plugins\/seo\/ -->\n<title>Der \u00d6ko-Flop des Jahres: die Biot\u00fcte - Gr\u00fcne Gesch\u00e4fte<\/title>\n<meta name=\"robots\" content=\"index, follow, max-snippet:-1, max-image-preview:large, max-video-preview:-1\" \/>\n<link rel=\"canonical\" href=\"https:\/\/blog.zeit.de\/gruenegeschaefte\/2012\/10\/09\/der-oko-flop-des-jahres-die-biotute\/\" \/>\n<meta property=\"og:locale\" content=\"de_DE\" \/>\n<meta property=\"og:type\" content=\"article\" \/>\n<meta property=\"og:title\" content=\"Der \u00d6ko-Flop des Jahres: die Biot\u00fcte - Gr\u00fcne Gesch\u00e4fte\" \/>\n<meta property=\"og:description\" content=\"In meinem Bio-Laden ums Eck bekomme ich meine Eink\u00e4ufe regelm\u00e4\u00dfig in einer T\u00fcte ausgeh\u00e4ndigt, auf der prangt &#8222;100 Prozent recycelbar&#8220;. Bittesch\u00f6n &#8211; Dankesch\u00f6n. Die T\u00fcte ist aus einem Biokunststoff gefertigt, genauer gesagt aus Maisst\u00e4rke. Nun sind Plastikt\u00fcten ja erst einmal ein \u00c4rgernis: Unglaubliche 5,3 Milliarden Plastikt\u00fcten verwenden wir Deutschen laut Deutscher Umwelthilfe j\u00e4hrlich. Das macht [&hellip;]\" \/>\n<meta property=\"og:url\" content=\"https:\/\/blog.zeit.de\/gruenegeschaefte\/2012\/10\/09\/der-oko-flop-des-jahres-die-biotute\/\" \/>\n<meta property=\"og:site_name\" content=\"Gr\u00fcne Gesch\u00e4fte\" \/>\n<meta property=\"article:published_time\" content=\"2012-10-09T08:21:37+00:00\" \/>\n<meta property=\"article:modified_time\" content=\"2012-10-09T15:05:16+00:00\" \/>\n<meta property=\"og:image\" content=\"https:\/\/blog.zeit.de\/gruenegeschaefte\/files\/2012\/10\/137765416-300x196.jpg\" \/>\n<meta name=\"author\" content=\"Marlies Uken\" \/>\n<meta name=\"twitter:card\" content=\"summary_large_image\" \/>\n<meta name=\"twitter:creator\" content=\"@zeitonline\" \/>\n<meta name=\"twitter:site\" content=\"@zeitonline\" \/>\n<meta name=\"twitter:label1\" content=\"Geschrieben von\" \/>\n\t<meta name=\"twitter:data1\" content=\"Marlies Uken\" \/>\n\t<meta name=\"twitter:label2\" content=\"Gesch\u00e4tzte Lesezeit\" \/>\n\t<meta name=\"twitter:data2\" content=\"2\u00a0Minuten\" \/>\n<script type=\"application\/ld+json\" class=\"yoast-schema-graph\">{\"@context\":\"https:\/\/schema.org\",\"@graph\":[{\"@type\":\"WebPage\",\"@id\":\"https:\/\/blog.zeit.de\/gruenegeschaefte\/2012\/10\/09\/der-oko-flop-des-jahres-die-biotute\/\",\"url\":\"https:\/\/blog.zeit.de\/gruenegeschaefte\/2012\/10\/09\/der-oko-flop-des-jahres-die-biotute\/\",\"name\":\"Der \u00d6ko-Flop des Jahres: die Biot\u00fcte - Gr\u00fcne Gesch\u00e4fte\",\"isPartOf\":{\"@id\":\"https:\/\/blog.zeit.de\/gruenegeschaefte\/#website\"},\"datePublished\":\"2012-10-09T08:21:37+00:00\",\"dateModified\":\"2012-10-09T15:05:16+00:00\",\"author\":{\"@id\":\"https:\/\/blog.zeit.de\/gruenegeschaefte\/#\/schema\/person\/56a2bdb136cd5997b1dd0485f3d105f9\"},\"breadcrumb\":{\"@id\":\"https:\/\/blog.zeit.de\/gruenegeschaefte\/2012\/10\/09\/der-oko-flop-des-jahres-die-biotute\/#breadcrumb\"},\"inLanguage\":\"de\",\"potentialAction\":[{\"@type\":\"ReadAction\",\"target\":[\"https:\/\/blog.zeit.de\/gruenegeschaefte\/2012\/10\/09\/der-oko-flop-des-jahres-die-biotute\/\"]}]},{\"@type\":\"BreadcrumbList\",\"@id\":\"https:\/\/blog.zeit.de\/gruenegeschaefte\/2012\/10\/09\/der-oko-flop-des-jahres-die-biotute\/#breadcrumb\",\"itemListElement\":[{\"@type\":\"ListItem\",\"position\":1,\"name\":\"Startseite\",\"item\":\"https:\/\/blog.zeit.de\/gruenegeschaefte\/\"},{\"@type\":\"ListItem\",\"position\":2,\"name\":\"Der \u00d6ko-Flop des Jahres: die Biot\u00fcte\"}]},{\"@type\":\"WebSite\",\"@id\":\"https:\/\/blog.zeit.de\/gruenegeschaefte\/#website\",\"url\":\"https:\/\/blog.zeit.de\/gruenegeschaefte\/\",\"name\":\"Gr\u00fcne Gesch\u00e4fte\",\"description\":\"Wir k\u00f6nnen&#039;s besser: Das Blog f\u00fcr eine Wirtschaft, die Ressourcen und Klima schont\",\"potentialAction\":[{\"@type\":\"SearchAction\",\"target\":{\"@type\":\"EntryPoint\",\"urlTemplate\":\"https:\/\/blog.zeit.de\/gruenegeschaefte\/?s={search_term_string}\"},\"query-input\":\"required name=search_term_string\"}],\"inLanguage\":\"de\"},{\"@type\":\"Person\",\"@id\":\"https:\/\/blog.zeit.de\/gruenegeschaefte\/#\/schema\/person\/56a2bdb136cd5997b1dd0485f3d105f9\",\"name\":\"Marlies Uken\",\"image\":{\"@type\":\"ImageObject\",\"inLanguage\":\"de\",\"@id\":\"https:\/\/blog.zeit.de\/gruenegeschaefte\/#\/schema\/person\/image\/\",\"url\":\"https:\/\/secure.gravatar.com\/avatar\/1b4c2e971f407a9ead4389a9370b171e45b0ee693342f36fcc448bb9175b9ee2?s=96&d=mm&r=g\",\"contentUrl\":\"https:\/\/secure.gravatar.com\/avatar\/1b4c2e971f407a9ead4389a9370b171e45b0ee693342f36fcc448bb9175b9ee2?s=96&d=mm&r=g\",\"caption\":\"Marlies Uken\"},\"description\":\"ist Redakteurin bei ZEIT ONLINE.\",\"sameAs\":[\"https:\/\/blog.zeit.de\/gruenegeschaefte\/\"],\"url\":\"https:\/\/blog.zeit.de\/gruenegeschaefte\/author\/marlies-uken\/\"}]}<\/script>\n<!-- \/ Yoast SEO plugin. -->","yoast_head_json":{"title":"Der \u00d6ko-Flop des Jahres: die Biot\u00fcte - Gr\u00fcne Gesch\u00e4fte","robots":{"index":"index","follow":"follow","max-snippet":"max-snippet:-1","max-image-preview":"max-image-preview:large","max-video-preview":"max-video-preview:-1"},"canonical":"https:\/\/blog.zeit.de\/gruenegeschaefte\/2012\/10\/09\/der-oko-flop-des-jahres-die-biotute\/","og_locale":"de_DE","og_type":"article","og_title":"Der \u00d6ko-Flop des Jahres: die Biot\u00fcte - Gr\u00fcne Gesch\u00e4fte","og_description":"In meinem Bio-Laden ums Eck bekomme ich meine Eink\u00e4ufe regelm\u00e4\u00dfig in einer T\u00fcte ausgeh\u00e4ndigt, auf der prangt &#8222;100 Prozent recycelbar&#8220;. Bittesch\u00f6n &#8211; Dankesch\u00f6n. Die T\u00fcte ist aus einem Biokunststoff gefertigt, genauer gesagt aus Maisst\u00e4rke. Nun sind Plastikt\u00fcten ja erst einmal ein \u00c4rgernis: Unglaubliche 5,3 Milliarden Plastikt\u00fcten verwenden wir Deutschen laut Deutscher Umwelthilfe j\u00e4hrlich. Das macht [&hellip;]","og_url":"https:\/\/blog.zeit.de\/gruenegeschaefte\/2012\/10\/09\/der-oko-flop-des-jahres-die-biotute\/","og_site_name":"Gr\u00fcne Gesch\u00e4fte","article_published_time":"2012-10-09T08:21:37+00:00","article_modified_time":"2012-10-09T15:05:16+00:00","og_image":[{"url":"https:\/\/blog.zeit.de\/gruenegeschaefte\/files\/2012\/10\/137765416-300x196.jpg"}],"author":"Marlies Uken","twitter_card":"summary_large_image","twitter_creator":"@zeitonline","twitter_site":"@zeitonline","twitter_misc":{"Geschrieben von":"Marlies Uken","Gesch\u00e4tzte Lesezeit":"2\u00a0Minuten"},"schema":{"@context":"https:\/\/schema.org","@graph":[{"@type":"WebPage","@id":"https:\/\/blog.zeit.de\/gruenegeschaefte\/2012\/10\/09\/der-oko-flop-des-jahres-die-biotute\/","url":"https:\/\/blog.zeit.de\/gruenegeschaefte\/2012\/10\/09\/der-oko-flop-des-jahres-die-biotute\/","name":"Der \u00d6ko-Flop des Jahres: die Biot\u00fcte - Gr\u00fcne Gesch\u00e4fte","isPartOf":{"@id":"https:\/\/blog.zeit.de\/gruenegeschaefte\/#website"},"datePublished":"2012-10-09T08:21:37+00:00","dateModified":"2012-10-09T15:05:16+00:00","author":{"@id":"https:\/\/blog.zeit.de\/gruenegeschaefte\/#\/schema\/person\/56a2bdb136cd5997b1dd0485f3d105f9"},"breadcrumb":{"@id":"https:\/\/blog.zeit.de\/gruenegeschaefte\/2012\/10\/09\/der-oko-flop-des-jahres-die-biotute\/#breadcrumb"},"inLanguage":"de","potentialAction":[{"@type":"ReadAction","target":["https:\/\/blog.zeit.de\/gruenegeschaefte\/2012\/10\/09\/der-oko-flop-des-jahres-die-biotute\/"]}]},{"@type":"BreadcrumbList","@id":"https:\/\/blog.zeit.de\/gruenegeschaefte\/2012\/10\/09\/der-oko-flop-des-jahres-die-biotute\/#breadcrumb","itemListElement":[{"@type":"ListItem","position":1,"name":"Startseite","item":"https:\/\/blog.zeit.de\/gruenegeschaefte\/"},{"@type":"ListItem","position":2,"name":"Der \u00d6ko-Flop des Jahres: die Biot\u00fcte"}]},{"@type":"WebSite","@id":"https:\/\/blog.zeit.de\/gruenegeschaefte\/#website","url":"https:\/\/blog.zeit.de\/gruenegeschaefte\/","name":"Gr\u00fcne Gesch\u00e4fte","description":"Wir k\u00f6nnen&#039;s besser: Das Blog f\u00fcr eine Wirtschaft, die Ressourcen und Klima schont","potentialAction":[{"@type":"SearchAction","target":{"@type":"EntryPoint","urlTemplate":"https:\/\/blog.zeit.de\/gruenegeschaefte\/?s={search_term_string}"},"query-input":"required name=search_term_string"}],"inLanguage":"de"},{"@type":"Person","@id":"https:\/\/blog.zeit.de\/gruenegeschaefte\/#\/schema\/person\/56a2bdb136cd5997b1dd0485f3d105f9","name":"Marlies Uken","image":{"@type":"ImageObject","inLanguage":"de","@id":"https:\/\/blog.zeit.de\/gruenegeschaefte\/#\/schema\/person\/image\/","url":"https:\/\/secure.gravatar.com\/avatar\/1b4c2e971f407a9ead4389a9370b171e45b0ee693342f36fcc448bb9175b9ee2?s=96&d=mm&r=g","contentUrl":"https:\/\/secure.gravatar.com\/avatar\/1b4c2e971f407a9ead4389a9370b171e45b0ee693342f36fcc448bb9175b9ee2?s=96&d=mm&r=g","caption":"Marlies Uken"},"description":"ist Redakteurin bei ZEIT ONLINE.","sameAs":["https:\/\/blog.zeit.de\/gruenegeschaefte\/"],"url":"https:\/\/blog.zeit.de\/gruenegeschaefte\/author\/marlies-uken\/"}]}},"jetpack_featured_media_url":"","jetpack_sharing_enabled":true,"_links":{"self":[{"href":"https:\/\/blog.zeit.de\/gruenegeschaefte\/wp-json\/wp\/v2\/posts\/4782","targetHints":{"allow":["GET"]}}],"collection":[{"href":"https:\/\/blog.zeit.de\/gruenegeschaefte\/wp-json\/wp\/v2\/posts"}],"about":[{"href":"https:\/\/blog.zeit.de\/gruenegeschaefte\/wp-json\/wp\/v2\/types\/post"}],"author":[{"embeddable":true,"href":"https:\/\/blog.zeit.de\/gruenegeschaefte\/wp-json\/wp\/v2\/users\/196"}],"replies":[{"embeddable":true,"href":"https:\/\/blog.zeit.de\/gruenegeschaefte\/wp-json\/wp\/v2\/comments?post=4782"}],"version-history":[{"count":25,"href":"https:\/\/blog.zeit.de\/gruenegeschaefte\/wp-json\/wp\/v2\/posts\/4782\/revisions"}],"predecessor-version":[{"id":4806,"href":"https:\/\/blog.zeit.de\/gruenegeschaefte\/wp-json\/wp\/v2\/posts\/4782\/revisions\/4806"}],"wp:attachment":[{"href":"https:\/\/blog.zeit.de\/gruenegeschaefte\/wp-json\/wp\/v2\/media?parent=4782"}],"wp:term":[{"taxonomy":"category","embeddable":true,"href":"https:\/\/blog.zeit.de\/gruenegeschaefte\/wp-json\/wp\/v2\/categories?post=4782"},{"taxonomy":"post_tag","embeddable":true,"href":"https:\/\/blog.zeit.de\/gruenegeschaefte\/wp-json\/wp\/v2\/tags?post=4782"}],"curies":[{"name":"wp","href":"https:\/\/api.w.org\/{rel}","templated":true}]}}