{"id":4881,"date":"2012-10-30T17:38:24","date_gmt":"2012-10-30T16:38:24","guid":{"rendered":"http:\/\/blog.zeit.de\/gruenegeschaefte\/?p=4881"},"modified":"2012-10-30T17:38:24","modified_gmt":"2012-10-30T16:38:24","slug":"bill-mckibben%c2%b4s-mathematikstunde-zur-erderwarmung","status":"publish","type":"post","link":"https:\/\/blog.zeit.de\/gruenegeschaefte\/2012\/10\/30\/bill-mckibben%c2%b4s-mathematikstunde-zur-erderwarmung\/","title":{"rendered":"Bill McKibben\u00b4s Mathematikstunde zur Erderw\u00e4rmung"},"content":{"rendered":"<p>In den USA sorgte sein Text im <em><a href=\"http:\/\/www.rollingstone.com\/politics\/news\/global-warmings-terrifying-new-math-20120719\">Rolling Stones<\/a><\/em> f\u00fcr Furore. Der US-Klimaaktivist BillMcKibben rechnet dort sehr verst\u00e4ndlich durch, was passiert, wenn wir so weiter machen wie bisher, egal, ob bei der \u00d6lf\u00f6rderung oder der verfehlten Klimapolitik. Hier ein Auszug:<\/p>\n<blockquote><p><em> 2,795 Gigatons: This number is the scariest of all \u2013 one that, for the first time, meshes the political and scientific dimensions of our dilemma. It was highlighted last summer by the Carbon Tracker Initiative, a team of London financial analysts and environmentalists who published a report in an effort to educate investors about the possible risks that climate change poses to their stock portfolios. The number describes the amount of carbon already contained in the proven coal and oil and gas reserves of the fossil-fuel companies, and the countries (think Venezuela or Kuwait) that act like fossil-fuel companies. In short, it&#8217;s the fossil fuel we&#8217;re currently planning to burn. And the key point is that this new number \u2013 2,795 \u2013 is higher than 565. Five times higher.<\/em><\/p><\/blockquote>\n<p>In seiner aktuellen Ausgabe bringt das <a href=\"http:\/\/www.greenpeace-magazin.de\/magazin\/6-12\/klima-wer-die-erde-aufheizt-teaser\/\">Greenpeace Magazin<\/a> \u00fcbrigens eine deutsche Version.<\/p>\n","protected":false},"excerpt":{"rendered":"<p>In den USA sorgte sein Text im Rolling Stones f\u00fcr Furore. Der US-Klimaaktivist BillMcKibben rechnet dort sehr verst\u00e4ndlich durch, was passiert, wenn wir so weiter machen wie bisher, egal, ob bei der \u00d6lf\u00f6rderung oder der verfehlten Klimapolitik. Hier ein Auszug: 2,795 Gigatons: This number is the scariest of all \u2013 one that, for the first [&hellip;]<\/p>\n","protected":false},"author":196,"featured_media":0,"comment_status":"open","ping_status":"open","sticky":false,"template":"","format":"standard","meta":{"_jetpack_memberships_contains_paid_content":false,"footnotes":""},"categories":[1,12577,1132,1145,734],"tags":[],"class_list":["post-4881","post","type-post","status-publish","format-standard","hentry","category-allgemein","category-energiewende","category-klima","category-kohle","category-ol"],"yoast_head":"<!-- This site is optimized with the Yoast SEO plugin v21.0 - https:\/\/yoast.com\/wordpress\/plugins\/seo\/ -->\n<title>Bill McKibben\u00b4s Mathematikstunde zur Erderw\u00e4rmung - Gr\u00fcne Gesch\u00e4fte<\/title>\n<meta name=\"robots\" content=\"index, follow, max-snippet:-1, max-image-preview:large, max-video-preview:-1\" \/>\n<link rel=\"canonical\" href=\"https:\/\/blog.zeit.de\/gruenegeschaefte\/2012\/10\/30\/bill-mckibben\u00b4s-mathematikstunde-zur-erderwarmung\/\" \/>\n<meta property=\"og:locale\" content=\"de_DE\" \/>\n<meta property=\"og:type\" content=\"article\" \/>\n<meta property=\"og:title\" content=\"Bill McKibben\u00b4s Mathematikstunde zur Erderw\u00e4rmung - Gr\u00fcne Gesch\u00e4fte\" \/>\n<meta property=\"og:description\" content=\"In den USA sorgte sein Text im Rolling Stones f\u00fcr Furore. Der US-Klimaaktivist BillMcKibben rechnet dort sehr verst\u00e4ndlich durch, was passiert, wenn wir so weiter machen wie bisher, egal, ob bei der \u00d6lf\u00f6rderung oder der verfehlten Klimapolitik. Hier ein Auszug: 2,795 Gigatons: This number is the scariest of all \u2013 one that, for the first [&hellip;]\" \/>\n<meta property=\"og:url\" content=\"https:\/\/blog.zeit.de\/gruenegeschaefte\/2012\/10\/30\/bill-mckibben\u00b4s-mathematikstunde-zur-erderwarmung\/\" \/>\n<meta property=\"og:site_name\" content=\"Gr\u00fcne Gesch\u00e4fte\" \/>\n<meta property=\"article:published_time\" content=\"2012-10-30T16:38:24+00:00\" \/>\n<meta name=\"author\" content=\"Marlies Uken\" \/>\n<meta name=\"twitter:card\" content=\"summary_large_image\" \/>\n<meta name=\"twitter:creator\" content=\"@zeitonline\" \/>\n<meta name=\"twitter:site\" content=\"@zeitonline\" \/>\n<meta name=\"twitter:label1\" content=\"Geschrieben von\" \/>\n\t<meta name=\"twitter:data1\" content=\"Marlies Uken\" \/>\n\t<meta name=\"twitter:label2\" content=\"Gesch\u00e4tzte Lesezeit\" \/>\n\t<meta name=\"twitter:data2\" content=\"1\u00a0Minute\" \/>\n<script type=\"application\/ld+json\" class=\"yoast-schema-graph\">{\"@context\":\"https:\/\/schema.org\",\"@graph\":[{\"@type\":\"WebPage\",\"@id\":\"https:\/\/blog.zeit.de\/gruenegeschaefte\/2012\/10\/30\/bill-mckibben%c2%b4s-mathematikstunde-zur-erderwarmung\/\",\"url\":\"https:\/\/blog.zeit.de\/gruenegeschaefte\/2012\/10\/30\/bill-mckibben%c2%b4s-mathematikstunde-zur-erderwarmung\/\",\"name\":\"Bill McKibben\u00b4s Mathematikstunde zur Erderw\u00e4rmung - Gr\u00fcne Gesch\u00e4fte\",\"isPartOf\":{\"@id\":\"https:\/\/blog.zeit.de\/gruenegeschaefte\/#website\"},\"datePublished\":\"2012-10-30T16:38:24+00:00\",\"dateModified\":\"2012-10-30T16:38:24+00:00\",\"author\":{\"@id\":\"https:\/\/blog.zeit.de\/gruenegeschaefte\/#\/schema\/person\/56a2bdb136cd5997b1dd0485f3d105f9\"},\"breadcrumb\":{\"@id\":\"https:\/\/blog.zeit.de\/gruenegeschaefte\/2012\/10\/30\/bill-mckibben%c2%b4s-mathematikstunde-zur-erderwarmung\/#breadcrumb\"},\"inLanguage\":\"de\",\"potentialAction\":[{\"@type\":\"ReadAction\",\"target\":[\"https:\/\/blog.zeit.de\/gruenegeschaefte\/2012\/10\/30\/bill-mckibben%c2%b4s-mathematikstunde-zur-erderwarmung\/\"]}]},{\"@type\":\"BreadcrumbList\",\"@id\":\"https:\/\/blog.zeit.de\/gruenegeschaefte\/2012\/10\/30\/bill-mckibben%c2%b4s-mathematikstunde-zur-erderwarmung\/#breadcrumb\",\"itemListElement\":[{\"@type\":\"ListItem\",\"position\":1,\"name\":\"Startseite\",\"item\":\"https:\/\/blog.zeit.de\/gruenegeschaefte\/\"},{\"@type\":\"ListItem\",\"position\":2,\"name\":\"Bill McKibben\u00b4s Mathematikstunde zur Erderw\u00e4rmung\"}]},{\"@type\":\"WebSite\",\"@id\":\"https:\/\/blog.zeit.de\/gruenegeschaefte\/#website\",\"url\":\"https:\/\/blog.zeit.de\/gruenegeschaefte\/\",\"name\":\"Gr\u00fcne Gesch\u00e4fte\",\"description\":\"Wir k\u00f6nnen&#039;s besser: Das Blog f\u00fcr eine Wirtschaft, die Ressourcen und Klima schont\",\"potentialAction\":[{\"@type\":\"SearchAction\",\"target\":{\"@type\":\"EntryPoint\",\"urlTemplate\":\"https:\/\/blog.zeit.de\/gruenegeschaefte\/?s={search_term_string}\"},\"query-input\":\"required name=search_term_string\"}],\"inLanguage\":\"de\"},{\"@type\":\"Person\",\"@id\":\"https:\/\/blog.zeit.de\/gruenegeschaefte\/#\/schema\/person\/56a2bdb136cd5997b1dd0485f3d105f9\",\"name\":\"Marlies Uken\",\"image\":{\"@type\":\"ImageObject\",\"inLanguage\":\"de\",\"@id\":\"https:\/\/blog.zeit.de\/gruenegeschaefte\/#\/schema\/person\/image\/\",\"url\":\"https:\/\/secure.gravatar.com\/avatar\/1b4c2e971f407a9ead4389a9370b171e45b0ee693342f36fcc448bb9175b9ee2?s=96&d=mm&r=g\",\"contentUrl\":\"https:\/\/secure.gravatar.com\/avatar\/1b4c2e971f407a9ead4389a9370b171e45b0ee693342f36fcc448bb9175b9ee2?s=96&d=mm&r=g\",\"caption\":\"Marlies Uken\"},\"description\":\"ist Redakteurin bei ZEIT ONLINE.\",\"sameAs\":[\"https:\/\/blog.zeit.de\/gruenegeschaefte\/\"],\"url\":\"https:\/\/blog.zeit.de\/gruenegeschaefte\/author\/marlies-uken\/\"}]}<\/script>\n<!-- \/ Yoast SEO plugin. -->","yoast_head_json":{"title":"Bill McKibben\u00b4s Mathematikstunde zur Erderw\u00e4rmung - Gr\u00fcne Gesch\u00e4fte","robots":{"index":"index","follow":"follow","max-snippet":"max-snippet:-1","max-image-preview":"max-image-preview:large","max-video-preview":"max-video-preview:-1"},"canonical":"https:\/\/blog.zeit.de\/gruenegeschaefte\/2012\/10\/30\/bill-mckibben\u00b4s-mathematikstunde-zur-erderwarmung\/","og_locale":"de_DE","og_type":"article","og_title":"Bill McKibben\u00b4s Mathematikstunde zur Erderw\u00e4rmung - Gr\u00fcne Gesch\u00e4fte","og_description":"In den USA sorgte sein Text im Rolling Stones f\u00fcr Furore. Der US-Klimaaktivist BillMcKibben rechnet dort sehr verst\u00e4ndlich durch, was passiert, wenn wir so weiter machen wie bisher, egal, ob bei der \u00d6lf\u00f6rderung oder der verfehlten Klimapolitik. Hier ein Auszug: 2,795 Gigatons: This number is the scariest of all \u2013 one that, for the first [&hellip;]","og_url":"https:\/\/blog.zeit.de\/gruenegeschaefte\/2012\/10\/30\/bill-mckibben\u00b4s-mathematikstunde-zur-erderwarmung\/","og_site_name":"Gr\u00fcne Gesch\u00e4fte","article_published_time":"2012-10-30T16:38:24+00:00","author":"Marlies Uken","twitter_card":"summary_large_image","twitter_creator":"@zeitonline","twitter_site":"@zeitonline","twitter_misc":{"Geschrieben von":"Marlies Uken","Gesch\u00e4tzte Lesezeit":"1\u00a0Minute"},"schema":{"@context":"https:\/\/schema.org","@graph":[{"@type":"WebPage","@id":"https:\/\/blog.zeit.de\/gruenegeschaefte\/2012\/10\/30\/bill-mckibben%c2%b4s-mathematikstunde-zur-erderwarmung\/","url":"https:\/\/blog.zeit.de\/gruenegeschaefte\/2012\/10\/30\/bill-mckibben%c2%b4s-mathematikstunde-zur-erderwarmung\/","name":"Bill McKibben\u00b4s Mathematikstunde zur Erderw\u00e4rmung - Gr\u00fcne Gesch\u00e4fte","isPartOf":{"@id":"https:\/\/blog.zeit.de\/gruenegeschaefte\/#website"},"datePublished":"2012-10-30T16:38:24+00:00","dateModified":"2012-10-30T16:38:24+00:00","author":{"@id":"https:\/\/blog.zeit.de\/gruenegeschaefte\/#\/schema\/person\/56a2bdb136cd5997b1dd0485f3d105f9"},"breadcrumb":{"@id":"https:\/\/blog.zeit.de\/gruenegeschaefte\/2012\/10\/30\/bill-mckibben%c2%b4s-mathematikstunde-zur-erderwarmung\/#breadcrumb"},"inLanguage":"de","potentialAction":[{"@type":"ReadAction","target":["https:\/\/blog.zeit.de\/gruenegeschaefte\/2012\/10\/30\/bill-mckibben%c2%b4s-mathematikstunde-zur-erderwarmung\/"]}]},{"@type":"BreadcrumbList","@id":"https:\/\/blog.zeit.de\/gruenegeschaefte\/2012\/10\/30\/bill-mckibben%c2%b4s-mathematikstunde-zur-erderwarmung\/#breadcrumb","itemListElement":[{"@type":"ListItem","position":1,"name":"Startseite","item":"https:\/\/blog.zeit.de\/gruenegeschaefte\/"},{"@type":"ListItem","position":2,"name":"Bill McKibben\u00b4s Mathematikstunde zur Erderw\u00e4rmung"}]},{"@type":"WebSite","@id":"https:\/\/blog.zeit.de\/gruenegeschaefte\/#website","url":"https:\/\/blog.zeit.de\/gruenegeschaefte\/","name":"Gr\u00fcne Gesch\u00e4fte","description":"Wir k\u00f6nnen&#039;s besser: Das Blog f\u00fcr eine Wirtschaft, die Ressourcen und Klima schont","potentialAction":[{"@type":"SearchAction","target":{"@type":"EntryPoint","urlTemplate":"https:\/\/blog.zeit.de\/gruenegeschaefte\/?s={search_term_string}"},"query-input":"required name=search_term_string"}],"inLanguage":"de"},{"@type":"Person","@id":"https:\/\/blog.zeit.de\/gruenegeschaefte\/#\/schema\/person\/56a2bdb136cd5997b1dd0485f3d105f9","name":"Marlies Uken","image":{"@type":"ImageObject","inLanguage":"de","@id":"https:\/\/blog.zeit.de\/gruenegeschaefte\/#\/schema\/person\/image\/","url":"https:\/\/secure.gravatar.com\/avatar\/1b4c2e971f407a9ead4389a9370b171e45b0ee693342f36fcc448bb9175b9ee2?s=96&d=mm&r=g","contentUrl":"https:\/\/secure.gravatar.com\/avatar\/1b4c2e971f407a9ead4389a9370b171e45b0ee693342f36fcc448bb9175b9ee2?s=96&d=mm&r=g","caption":"Marlies Uken"},"description":"ist Redakteurin bei ZEIT ONLINE.","sameAs":["https:\/\/blog.zeit.de\/gruenegeschaefte\/"],"url":"https:\/\/blog.zeit.de\/gruenegeschaefte\/author\/marlies-uken\/"}]}},"jetpack_featured_media_url":"","jetpack_sharing_enabled":true,"_links":{"self":[{"href":"https:\/\/blog.zeit.de\/gruenegeschaefte\/wp-json\/wp\/v2\/posts\/4881","targetHints":{"allow":["GET"]}}],"collection":[{"href":"https:\/\/blog.zeit.de\/gruenegeschaefte\/wp-json\/wp\/v2\/posts"}],"about":[{"href":"https:\/\/blog.zeit.de\/gruenegeschaefte\/wp-json\/wp\/v2\/types\/post"}],"author":[{"embeddable":true,"href":"https:\/\/blog.zeit.de\/gruenegeschaefte\/wp-json\/wp\/v2\/users\/196"}],"replies":[{"embeddable":true,"href":"https:\/\/blog.zeit.de\/gruenegeschaefte\/wp-json\/wp\/v2\/comments?post=4881"}],"version-history":[{"count":6,"href":"https:\/\/blog.zeit.de\/gruenegeschaefte\/wp-json\/wp\/v2\/posts\/4881\/revisions"}],"predecessor-version":[{"id":4887,"href":"https:\/\/blog.zeit.de\/gruenegeschaefte\/wp-json\/wp\/v2\/posts\/4881\/revisions\/4887"}],"wp:attachment":[{"href":"https:\/\/blog.zeit.de\/gruenegeschaefte\/wp-json\/wp\/v2\/media?parent=4881"}],"wp:term":[{"taxonomy":"category","embeddable":true,"href":"https:\/\/blog.zeit.de\/gruenegeschaefte\/wp-json\/wp\/v2\/categories?post=4881"},{"taxonomy":"post_tag","embeddable":true,"href":"https:\/\/blog.zeit.de\/gruenegeschaefte\/wp-json\/wp\/v2\/tags?post=4881"}],"curies":[{"name":"wp","href":"https:\/\/api.w.org\/{rel}","templated":true}]}}