{"id":5033,"date":"2012-11-21T14:30:57","date_gmt":"2012-11-21T13:30:57","guid":{"rendered":"http:\/\/blog.zeit.de\/gruenegeschaefte\/?p=5033"},"modified":"2012-11-21T15:22:52","modified_gmt":"2012-11-21T14:22:52","slug":"internationaler-klimaschutz-so-wird-das-nichts","status":"publish","type":"post","link":"https:\/\/blog.zeit.de\/gruenegeschaefte\/2012\/11\/21\/internationaler-klimaschutz-so-wird-das-nichts\/","title":{"rendered":"Internationaler Klimaschutz: So wird das nichts"},"content":{"rendered":"<p><figure id=\"attachment_5046\" aria-describedby=\"caption-attachment-5046\" style=\"width: 500px\" class=\"wp-caption aligncenter\"><a href=\"https:\/\/blog.zeit.de\/gruenegeschaefte\/files\/2012\/11\/preview.jpg\"><img loading=\"lazy\" decoding=\"async\" class=\"size-full wp-image-5046\" src=\"https:\/\/blog.zeit.de\/gruenegeschaefte\/files\/2012\/11\/preview.jpg\" alt=\"Klimaschutz-Demonstration in Berlin (Archiv); Copyright: David Gannon\/AFP\/Getty Images\" width=\"500\" height=\"281\" srcset=\"https:\/\/blog.zeit.de\/gruenegeschaefte\/files\/2012\/11\/preview.jpg 500w, https:\/\/blog.zeit.de\/gruenegeschaefte\/files\/2012\/11\/preview-300x168.jpg 300w\" sizes=\"auto, (max-width: 500px) 100vw, 500px\" \/><\/a><figcaption id=\"caption-attachment-5046\" class=\"wp-caption-text\">Klimaschutz-Demonstration in Berlin (Archiv); Copyright: David Gannon\/AFP\/Getty Images<\/figcaption><\/figure><\/p>\n<p>Das Umweltprogramm der Vereinten Nationen <a href=\"http:\/\/www.unep.org\/newscentre\/Default.aspx?DocumentID=2698&amp;ArticleID=9335&amp;l=en\">hat heute der Welt mal eben kr\u00e4ftig den Kopf gewaschen<\/a>. Wenn die Politik so weitermache wie bisher, dann w\u00fcrde sie das Zwei-Grad-Ziel nicht nur haarscharf, sondern gewaltig verpassen, hei\u00dft es in einem neuen Report, wenige Tage nachdem die <a href=\"http:\/\/www.zeit.de\/wirtschaft\/2012-11\/klimawandel-weltbank-bericht\">Weltbank in einer Studie zu einem \u00e4hnlichen Ergebnis<\/a> gekommen war. Ohne massive Einschnitte werde der Aussto\u00df an Treibhausgasen bis 2020 voraussichtlich auf 58 Gigatonnen steigen, so Unep-Exekutivdirektor Achim Steiner. Um das Zwei-Grad-Ziel zu erreichen, d\u00fcrften es nach fr\u00fcheren Studien aber h\u00f6chstens 44 Gigatonnen sein. Das sind 14 Prozent zu viel.<\/p>\n<p>Der Report <a href=\"http:\/\/www.unep.org\/publications\/ebooks\/emissionsgap2012\/\"><em>The Emission Gap<\/em><\/a> h\u00e4lt noch eine weitere unbequeme Wahrheit parat: Selbst wenn die ehrgeizigen Pl\u00e4ne noch realisiert werden, sind so oder so acht Gigagtonnen CO2 zu viel in der Atmosph\u00e4re:<em><\/em><\/p>\n<blockquote><p><em>The Emissions Gap Report 2012 points out that even if the most ambitious level of pledges and commitments were implemented by all countries-and under the strictest set of rules-there will now be a gap of 8 Gt of CO2 equivalent by 2020.<\/em><\/p><\/blockquote>\n<p>Was also tun? Nat\u00fcrlich m\u00fcssen die Staaten, die sich ab Montag in Doha\u00a0 zu ihrer 18. Klimakonferenz treffen, ihre Zusagen einhalten. F\u00fcr vielversprechend h\u00e4lt die UNEP au\u00dferdem CO2-Einsparungen im Geb\u00e4udesektor. Bis 2050 k\u00f6nnte der Bereich seinen Strombedarf um ein Drittel im Vergleich zu 2005 reduzieren\u00a0 &#8211; obwohl im gleichen Zeitram laut Prognosen die Geb\u00e4udefl\u00e4che weltweit um 130 Prozent zunehme.<\/p>\n<p>Ein Blick nach Deutschland zeigt den Nachholbedarf. Seit Jahren k\u00f6nnen sich Bund und L\u00e4nder nicht \u00fcber <a href=\"http:\/\/www.zeit.de\/wirtschaft\/2012-10\/gebaeudesanierung-steuer-foerderung-\">die steuerliche Absetzbarkeit von energetischen Sanierungsma\u00dfnahmen<\/a> einigen. Heute abend wird das Thema im Vermittlungsausschuss verhandelt. Mal wieder.<\/p>\n","protected":false},"excerpt":{"rendered":"<p>Das Umweltprogramm der Vereinten Nationen hat heute der Welt mal eben kr\u00e4ftig den Kopf gewaschen. Wenn die Politik so weitermache wie bisher, dann w\u00fcrde sie das Zwei-Grad-Ziel nicht nur haarscharf, sondern gewaltig verpassen, hei\u00dft es in einem neuen Report, wenige Tage nachdem die Weltbank in einer Studie zu einem \u00e4hnlichen Ergebnis gekommen war. Ohne massive [&hellip;]<\/p>\n","protected":false},"author":196,"featured_media":0,"comment_status":"open","ping_status":"open","sticky":false,"template":"","format":"standard","meta":{"_jetpack_memberships_contains_paid_content":false,"footnotes":""},"categories":[1123,12577,1122,1132,1145],"tags":[],"class_list":["post-5033","post","type-post","status-publish","format-standard","hentry","category-energieeffizienz","category-energiewende","category-erneuerbare-energien","category-klima","category-kohle"],"yoast_head":"<!-- This site is optimized with the Yoast SEO plugin v21.0 - https:\/\/yoast.com\/wordpress\/plugins\/seo\/ -->\n<title>Internationaler Klimaschutz: So wird das nichts - Gr\u00fcne Gesch\u00e4fte<\/title>\n<meta name=\"robots\" content=\"index, follow, max-snippet:-1, max-image-preview:large, max-video-preview:-1\" \/>\n<link rel=\"canonical\" href=\"https:\/\/blog.zeit.de\/gruenegeschaefte\/2012\/11\/21\/internationaler-klimaschutz-so-wird-das-nichts\/\" \/>\n<meta property=\"og:locale\" content=\"de_DE\" \/>\n<meta property=\"og:type\" content=\"article\" \/>\n<meta property=\"og:title\" content=\"Internationaler Klimaschutz: So wird das nichts - Gr\u00fcne Gesch\u00e4fte\" \/>\n<meta property=\"og:description\" content=\"Das Umweltprogramm der Vereinten Nationen hat heute der Welt mal eben kr\u00e4ftig den Kopf gewaschen. Wenn die Politik so weitermache wie bisher, dann w\u00fcrde sie das Zwei-Grad-Ziel nicht nur haarscharf, sondern gewaltig verpassen, hei\u00dft es in einem neuen Report, wenige Tage nachdem die Weltbank in einer Studie zu einem \u00e4hnlichen Ergebnis gekommen war. Ohne massive [&hellip;]\" \/>\n<meta property=\"og:url\" content=\"https:\/\/blog.zeit.de\/gruenegeschaefte\/2012\/11\/21\/internationaler-klimaschutz-so-wird-das-nichts\/\" \/>\n<meta property=\"og:site_name\" content=\"Gr\u00fcne Gesch\u00e4fte\" \/>\n<meta property=\"article:published_time\" content=\"2012-11-21T13:30:57+00:00\" \/>\n<meta property=\"article:modified_time\" content=\"2012-11-21T14:22:52+00:00\" \/>\n<meta property=\"og:image\" content=\"https:\/\/blog.zeit.de\/gruenegeschaefte\/files\/2012\/11\/preview.jpg\" \/>\n<meta name=\"author\" content=\"Marlies Uken\" \/>\n<meta name=\"twitter:card\" content=\"summary_large_image\" \/>\n<meta name=\"twitter:creator\" content=\"@zeitonline\" \/>\n<meta name=\"twitter:site\" content=\"@zeitonline\" \/>\n<meta name=\"twitter:label1\" content=\"Geschrieben von\" \/>\n\t<meta name=\"twitter:data1\" content=\"Marlies Uken\" \/>\n\t<meta name=\"twitter:label2\" content=\"Gesch\u00e4tzte Lesezeit\" \/>\n\t<meta name=\"twitter:data2\" content=\"1\u00a0Minute\" \/>\n<script type=\"application\/ld+json\" class=\"yoast-schema-graph\">{\"@context\":\"https:\/\/schema.org\",\"@graph\":[{\"@type\":\"WebPage\",\"@id\":\"https:\/\/blog.zeit.de\/gruenegeschaefte\/2012\/11\/21\/internationaler-klimaschutz-so-wird-das-nichts\/\",\"url\":\"https:\/\/blog.zeit.de\/gruenegeschaefte\/2012\/11\/21\/internationaler-klimaschutz-so-wird-das-nichts\/\",\"name\":\"Internationaler Klimaschutz: So wird das nichts - Gr\u00fcne Gesch\u00e4fte\",\"isPartOf\":{\"@id\":\"https:\/\/blog.zeit.de\/gruenegeschaefte\/#website\"},\"datePublished\":\"2012-11-21T13:30:57+00:00\",\"dateModified\":\"2012-11-21T14:22:52+00:00\",\"author\":{\"@id\":\"https:\/\/blog.zeit.de\/gruenegeschaefte\/#\/schema\/person\/56a2bdb136cd5997b1dd0485f3d105f9\"},\"breadcrumb\":{\"@id\":\"https:\/\/blog.zeit.de\/gruenegeschaefte\/2012\/11\/21\/internationaler-klimaschutz-so-wird-das-nichts\/#breadcrumb\"},\"inLanguage\":\"de\",\"potentialAction\":[{\"@type\":\"ReadAction\",\"target\":[\"https:\/\/blog.zeit.de\/gruenegeschaefte\/2012\/11\/21\/internationaler-klimaschutz-so-wird-das-nichts\/\"]}]},{\"@type\":\"BreadcrumbList\",\"@id\":\"https:\/\/blog.zeit.de\/gruenegeschaefte\/2012\/11\/21\/internationaler-klimaschutz-so-wird-das-nichts\/#breadcrumb\",\"itemListElement\":[{\"@type\":\"ListItem\",\"position\":1,\"name\":\"Startseite\",\"item\":\"https:\/\/blog.zeit.de\/gruenegeschaefte\/\"},{\"@type\":\"ListItem\",\"position\":2,\"name\":\"Internationaler Klimaschutz: So wird das nichts\"}]},{\"@type\":\"WebSite\",\"@id\":\"https:\/\/blog.zeit.de\/gruenegeschaefte\/#website\",\"url\":\"https:\/\/blog.zeit.de\/gruenegeschaefte\/\",\"name\":\"Gr\u00fcne Gesch\u00e4fte\",\"description\":\"Wir k\u00f6nnen&#039;s besser: Das Blog f\u00fcr eine Wirtschaft, die Ressourcen und Klima schont\",\"potentialAction\":[{\"@type\":\"SearchAction\",\"target\":{\"@type\":\"EntryPoint\",\"urlTemplate\":\"https:\/\/blog.zeit.de\/gruenegeschaefte\/?s={search_term_string}\"},\"query-input\":\"required name=search_term_string\"}],\"inLanguage\":\"de\"},{\"@type\":\"Person\",\"@id\":\"https:\/\/blog.zeit.de\/gruenegeschaefte\/#\/schema\/person\/56a2bdb136cd5997b1dd0485f3d105f9\",\"name\":\"Marlies Uken\",\"image\":{\"@type\":\"ImageObject\",\"inLanguage\":\"de\",\"@id\":\"https:\/\/blog.zeit.de\/gruenegeschaefte\/#\/schema\/person\/image\/\",\"url\":\"https:\/\/secure.gravatar.com\/avatar\/1b4c2e971f407a9ead4389a9370b171e45b0ee693342f36fcc448bb9175b9ee2?s=96&d=mm&r=g\",\"contentUrl\":\"https:\/\/secure.gravatar.com\/avatar\/1b4c2e971f407a9ead4389a9370b171e45b0ee693342f36fcc448bb9175b9ee2?s=96&d=mm&r=g\",\"caption\":\"Marlies Uken\"},\"description\":\"ist Redakteurin bei ZEIT ONLINE.\",\"sameAs\":[\"https:\/\/blog.zeit.de\/gruenegeschaefte\/\"],\"url\":\"https:\/\/blog.zeit.de\/gruenegeschaefte\/author\/marlies-uken\/\"}]}<\/script>\n<!-- \/ Yoast SEO plugin. -->","yoast_head_json":{"title":"Internationaler Klimaschutz: So wird das nichts - Gr\u00fcne Gesch\u00e4fte","robots":{"index":"index","follow":"follow","max-snippet":"max-snippet:-1","max-image-preview":"max-image-preview:large","max-video-preview":"max-video-preview:-1"},"canonical":"https:\/\/blog.zeit.de\/gruenegeschaefte\/2012\/11\/21\/internationaler-klimaschutz-so-wird-das-nichts\/","og_locale":"de_DE","og_type":"article","og_title":"Internationaler Klimaschutz: So wird das nichts - Gr\u00fcne Gesch\u00e4fte","og_description":"Das Umweltprogramm der Vereinten Nationen hat heute der Welt mal eben kr\u00e4ftig den Kopf gewaschen. Wenn die Politik so weitermache wie bisher, dann w\u00fcrde sie das Zwei-Grad-Ziel nicht nur haarscharf, sondern gewaltig verpassen, hei\u00dft es in einem neuen Report, wenige Tage nachdem die Weltbank in einer Studie zu einem \u00e4hnlichen Ergebnis gekommen war. Ohne massive [&hellip;]","og_url":"https:\/\/blog.zeit.de\/gruenegeschaefte\/2012\/11\/21\/internationaler-klimaschutz-so-wird-das-nichts\/","og_site_name":"Gr\u00fcne Gesch\u00e4fte","article_published_time":"2012-11-21T13:30:57+00:00","article_modified_time":"2012-11-21T14:22:52+00:00","og_image":[{"url":"https:\/\/blog.zeit.de\/gruenegeschaefte\/files\/2012\/11\/preview.jpg"}],"author":"Marlies Uken","twitter_card":"summary_large_image","twitter_creator":"@zeitonline","twitter_site":"@zeitonline","twitter_misc":{"Geschrieben von":"Marlies Uken","Gesch\u00e4tzte Lesezeit":"1\u00a0Minute"},"schema":{"@context":"https:\/\/schema.org","@graph":[{"@type":"WebPage","@id":"https:\/\/blog.zeit.de\/gruenegeschaefte\/2012\/11\/21\/internationaler-klimaschutz-so-wird-das-nichts\/","url":"https:\/\/blog.zeit.de\/gruenegeschaefte\/2012\/11\/21\/internationaler-klimaschutz-so-wird-das-nichts\/","name":"Internationaler Klimaschutz: So wird das nichts - Gr\u00fcne Gesch\u00e4fte","isPartOf":{"@id":"https:\/\/blog.zeit.de\/gruenegeschaefte\/#website"},"datePublished":"2012-11-21T13:30:57+00:00","dateModified":"2012-11-21T14:22:52+00:00","author":{"@id":"https:\/\/blog.zeit.de\/gruenegeschaefte\/#\/schema\/person\/56a2bdb136cd5997b1dd0485f3d105f9"},"breadcrumb":{"@id":"https:\/\/blog.zeit.de\/gruenegeschaefte\/2012\/11\/21\/internationaler-klimaschutz-so-wird-das-nichts\/#breadcrumb"},"inLanguage":"de","potentialAction":[{"@type":"ReadAction","target":["https:\/\/blog.zeit.de\/gruenegeschaefte\/2012\/11\/21\/internationaler-klimaschutz-so-wird-das-nichts\/"]}]},{"@type":"BreadcrumbList","@id":"https:\/\/blog.zeit.de\/gruenegeschaefte\/2012\/11\/21\/internationaler-klimaschutz-so-wird-das-nichts\/#breadcrumb","itemListElement":[{"@type":"ListItem","position":1,"name":"Startseite","item":"https:\/\/blog.zeit.de\/gruenegeschaefte\/"},{"@type":"ListItem","position":2,"name":"Internationaler Klimaschutz: So wird das nichts"}]},{"@type":"WebSite","@id":"https:\/\/blog.zeit.de\/gruenegeschaefte\/#website","url":"https:\/\/blog.zeit.de\/gruenegeschaefte\/","name":"Gr\u00fcne Gesch\u00e4fte","description":"Wir k\u00f6nnen&#039;s besser: Das Blog f\u00fcr eine Wirtschaft, die Ressourcen und Klima schont","potentialAction":[{"@type":"SearchAction","target":{"@type":"EntryPoint","urlTemplate":"https:\/\/blog.zeit.de\/gruenegeschaefte\/?s={search_term_string}"},"query-input":"required name=search_term_string"}],"inLanguage":"de"},{"@type":"Person","@id":"https:\/\/blog.zeit.de\/gruenegeschaefte\/#\/schema\/person\/56a2bdb136cd5997b1dd0485f3d105f9","name":"Marlies Uken","image":{"@type":"ImageObject","inLanguage":"de","@id":"https:\/\/blog.zeit.de\/gruenegeschaefte\/#\/schema\/person\/image\/","url":"https:\/\/secure.gravatar.com\/avatar\/1b4c2e971f407a9ead4389a9370b171e45b0ee693342f36fcc448bb9175b9ee2?s=96&d=mm&r=g","contentUrl":"https:\/\/secure.gravatar.com\/avatar\/1b4c2e971f407a9ead4389a9370b171e45b0ee693342f36fcc448bb9175b9ee2?s=96&d=mm&r=g","caption":"Marlies Uken"},"description":"ist Redakteurin bei ZEIT ONLINE.","sameAs":["https:\/\/blog.zeit.de\/gruenegeschaefte\/"],"url":"https:\/\/blog.zeit.de\/gruenegeschaefte\/author\/marlies-uken\/"}]}},"jetpack_featured_media_url":"","jetpack_sharing_enabled":true,"_links":{"self":[{"href":"https:\/\/blog.zeit.de\/gruenegeschaefte\/wp-json\/wp\/v2\/posts\/5033","targetHints":{"allow":["GET"]}}],"collection":[{"href":"https:\/\/blog.zeit.de\/gruenegeschaefte\/wp-json\/wp\/v2\/posts"}],"about":[{"href":"https:\/\/blog.zeit.de\/gruenegeschaefte\/wp-json\/wp\/v2\/types\/post"}],"author":[{"embeddable":true,"href":"https:\/\/blog.zeit.de\/gruenegeschaefte\/wp-json\/wp\/v2\/users\/196"}],"replies":[{"embeddable":true,"href":"https:\/\/blog.zeit.de\/gruenegeschaefte\/wp-json\/wp\/v2\/comments?post=5033"}],"version-history":[{"count":13,"href":"https:\/\/blog.zeit.de\/gruenegeschaefte\/wp-json\/wp\/v2\/posts\/5033\/revisions"}],"predecessor-version":[{"id":5045,"href":"https:\/\/blog.zeit.de\/gruenegeschaefte\/wp-json\/wp\/v2\/posts\/5033\/revisions\/5045"}],"wp:attachment":[{"href":"https:\/\/blog.zeit.de\/gruenegeschaefte\/wp-json\/wp\/v2\/media?parent=5033"}],"wp:term":[{"taxonomy":"category","embeddable":true,"href":"https:\/\/blog.zeit.de\/gruenegeschaefte\/wp-json\/wp\/v2\/categories?post=5033"},{"taxonomy":"post_tag","embeddable":true,"href":"https:\/\/blog.zeit.de\/gruenegeschaefte\/wp-json\/wp\/v2\/tags?post=5033"}],"curies":[{"name":"wp","href":"https:\/\/api.w.org\/{rel}","templated":true}]}}