{"id":5073,"date":"2012-11-28T16:59:09","date_gmt":"2012-11-28T15:59:09","guid":{"rendered":"http:\/\/blog.zeit.de\/gruenegeschaefte\/?p=5073"},"modified":"2012-11-28T16:59:09","modified_gmt":"2012-11-28T15:59:09","slug":"nachster-klimagipfel-in-polen-ausgerechnet","status":"publish","type":"post","link":"https:\/\/blog.zeit.de\/gruenegeschaefte\/2012\/11\/28\/nachster-klimagipfel-in-polen-ausgerechnet\/","title":{"rendered":"N\u00e4chster Klimagipfel in Polen &#8211; ausgerechnet"},"content":{"rendered":"<p>Ausgerechnet Polen, f\u00e4llt mir da nur ein. Heute wurde in Doha, <a href=\"http:\/\/www.cop18.qa\/\">wo gerade der Klimagipfel tagt<\/a>, bekannt, dass unser Nachbar Polen im kommenden Jahr die n\u00e4chste Klimakonferenz ausrichtet.<\/p>\n<p>Polen ist bislang nicht gerade als Verfechter einer ehrgeizigen Klimaschutzpolitik aufgefallen &#8211; im Gegenteil. Das Land boykottiert ehrgeizigere Klimaschutzziele auf EU Ebene und hat in den vergangenen Monaten, so Greenpeace, gleich drei Mal gegen ehrgeizigere CO2-Einsparziele sein Veto eingelegt. <a href=\"http:\/\/www.zeit.de\/2012\/12\/Klimaschutz-Europa\">F\u00fcr einen Eklat sorgte Polens Haltung im Fr\u00fchjahr<\/a> zur Verabschiedung von ehrgeizigeren Reduktionszielen bis 2050 &#8211; nur wegen Warschau konnte ein Abkommen nicht verabschiedet werden. Zudem sitzt das Land auf einem gro\u00dfen Batzen Emissionszertifikaten, die es nur bekam, weil nach 1990 die Ostblockwirtschaft zusammenbrach. Diese &#8222;hot air&#8220; sorgt jetzt daf\u00fcr, dass der Zertifikatspreis am Boden liegt und kein der Handel mit Verschmutzungsrechten einfach nicht die erfolgreich ist &#8211; CO2 ist einfach zu billig.<\/p>\n<p>Polen diskutiert au\u00dferdem gerade die Er\u00f6ffnung weiterer Braunkohleminen, schlie\u00dflich ist seine Industrie vor allem auf den billigen, heimischen Kohlestrom angewiesen. Und die Kohle l\u00e4sst sich hervorragend in alle Welt exportieren.<\/p>\n<p>Dem Ausrichter einer Klimakonferenz kommt oftmals in den letzten Stunden des Verhandlungsmarathons eine entscheidende Position zu. Das Land muss Kompromisse zwischen Regierungen finden, muss Vorschl\u00e4ge machen, die Diskussion am Laufen halten. Die Chancen, dass ein erfolgreiches Abkommen verabschiedet wird, sind in der Regel gr\u00f6\u00dfer, wenn der &#8222;Dealmaker&#8220; selbst ehrgeizig ist &#8211; das kennt man ja aus dem Privaten.<\/p>\n<p>Mal schauen, ob Polen eine 180-Grad-Wende bis zur n\u00e4chsten COP19 hinlegt.<\/p>\n<p>&nbsp;<\/p>\n","protected":false},"excerpt":{"rendered":"<p>Ausgerechnet Polen, f\u00e4llt mir da nur ein. Heute wurde in Doha, wo gerade der Klimagipfel tagt, bekannt, dass unser Nachbar Polen im kommenden Jahr die n\u00e4chste Klimakonferenz ausrichtet. Polen ist bislang nicht gerade als Verfechter einer ehrgeizigen Klimaschutzpolitik aufgefallen &#8211; im Gegenteil. Das Land boykottiert ehrgeizigere Klimaschutzziele auf EU Ebene und hat in den vergangenen [&hellip;]<\/p>\n","protected":false},"author":196,"featured_media":0,"comment_status":"open","ping_status":"open","sticky":false,"template":"","format":"standard","meta":{"_jetpack_memberships_contains_paid_content":false,"footnotes":""},"categories":[1,11062,1132,1145,1432],"tags":[],"class_list":["post-5073","post","type-post","status-publish","format-standard","hentry","category-allgemein","category-fossile","category-klima","category-kohle","category-nachhaltigkeit"],"yoast_head":"<!-- This site is optimized with the Yoast SEO plugin v21.0 - https:\/\/yoast.com\/wordpress\/plugins\/seo\/ -->\n<title>N\u00e4chster Klimagipfel in Polen - ausgerechnet - Gr\u00fcne Gesch\u00e4fte<\/title>\n<meta name=\"robots\" content=\"index, follow, max-snippet:-1, max-image-preview:large, max-video-preview:-1\" \/>\n<link rel=\"canonical\" href=\"https:\/\/blog.zeit.de\/gruenegeschaefte\/2012\/11\/28\/nachster-klimagipfel-in-polen-ausgerechnet\/\" \/>\n<meta property=\"og:locale\" content=\"de_DE\" \/>\n<meta property=\"og:type\" content=\"article\" \/>\n<meta property=\"og:title\" content=\"N\u00e4chster Klimagipfel in Polen - ausgerechnet - Gr\u00fcne Gesch\u00e4fte\" \/>\n<meta property=\"og:description\" content=\"Ausgerechnet Polen, f\u00e4llt mir da nur ein. Heute wurde in Doha, wo gerade der Klimagipfel tagt, bekannt, dass unser Nachbar Polen im kommenden Jahr die n\u00e4chste Klimakonferenz ausrichtet. Polen ist bislang nicht gerade als Verfechter einer ehrgeizigen Klimaschutzpolitik aufgefallen &#8211; im Gegenteil. Das Land boykottiert ehrgeizigere Klimaschutzziele auf EU Ebene und hat in den vergangenen [&hellip;]\" \/>\n<meta property=\"og:url\" content=\"https:\/\/blog.zeit.de\/gruenegeschaefte\/2012\/11\/28\/nachster-klimagipfel-in-polen-ausgerechnet\/\" \/>\n<meta property=\"og:site_name\" content=\"Gr\u00fcne Gesch\u00e4fte\" \/>\n<meta property=\"article:published_time\" content=\"2012-11-28T15:59:09+00:00\" \/>\n<meta name=\"author\" content=\"Marlies Uken\" \/>\n<meta name=\"twitter:card\" content=\"summary_large_image\" \/>\n<meta name=\"twitter:creator\" content=\"@zeitonline\" \/>\n<meta name=\"twitter:site\" content=\"@zeitonline\" \/>\n<meta name=\"twitter:label1\" content=\"Geschrieben von\" \/>\n\t<meta name=\"twitter:data1\" content=\"Marlies Uken\" \/>\n\t<meta name=\"twitter:label2\" content=\"Gesch\u00e4tzte Lesezeit\" \/>\n\t<meta name=\"twitter:data2\" content=\"1\u00a0Minute\" \/>\n<script type=\"application\/ld+json\" class=\"yoast-schema-graph\">{\"@context\":\"https:\/\/schema.org\",\"@graph\":[{\"@type\":\"WebPage\",\"@id\":\"https:\/\/blog.zeit.de\/gruenegeschaefte\/2012\/11\/28\/nachster-klimagipfel-in-polen-ausgerechnet\/\",\"url\":\"https:\/\/blog.zeit.de\/gruenegeschaefte\/2012\/11\/28\/nachster-klimagipfel-in-polen-ausgerechnet\/\",\"name\":\"N\u00e4chster Klimagipfel in Polen - ausgerechnet - Gr\u00fcne Gesch\u00e4fte\",\"isPartOf\":{\"@id\":\"https:\/\/blog.zeit.de\/gruenegeschaefte\/#website\"},\"datePublished\":\"2012-11-28T15:59:09+00:00\",\"dateModified\":\"2012-11-28T15:59:09+00:00\",\"author\":{\"@id\":\"https:\/\/blog.zeit.de\/gruenegeschaefte\/#\/schema\/person\/56a2bdb136cd5997b1dd0485f3d105f9\"},\"breadcrumb\":{\"@id\":\"https:\/\/blog.zeit.de\/gruenegeschaefte\/2012\/11\/28\/nachster-klimagipfel-in-polen-ausgerechnet\/#breadcrumb\"},\"inLanguage\":\"de\",\"potentialAction\":[{\"@type\":\"ReadAction\",\"target\":[\"https:\/\/blog.zeit.de\/gruenegeschaefte\/2012\/11\/28\/nachster-klimagipfel-in-polen-ausgerechnet\/\"]}]},{\"@type\":\"BreadcrumbList\",\"@id\":\"https:\/\/blog.zeit.de\/gruenegeschaefte\/2012\/11\/28\/nachster-klimagipfel-in-polen-ausgerechnet\/#breadcrumb\",\"itemListElement\":[{\"@type\":\"ListItem\",\"position\":1,\"name\":\"Startseite\",\"item\":\"https:\/\/blog.zeit.de\/gruenegeschaefte\/\"},{\"@type\":\"ListItem\",\"position\":2,\"name\":\"N\u00e4chster Klimagipfel in Polen &#8211; ausgerechnet\"}]},{\"@type\":\"WebSite\",\"@id\":\"https:\/\/blog.zeit.de\/gruenegeschaefte\/#website\",\"url\":\"https:\/\/blog.zeit.de\/gruenegeschaefte\/\",\"name\":\"Gr\u00fcne Gesch\u00e4fte\",\"description\":\"Wir k\u00f6nnen&#039;s besser: Das Blog f\u00fcr eine Wirtschaft, die Ressourcen und Klima schont\",\"potentialAction\":[{\"@type\":\"SearchAction\",\"target\":{\"@type\":\"EntryPoint\",\"urlTemplate\":\"https:\/\/blog.zeit.de\/gruenegeschaefte\/?s={search_term_string}\"},\"query-input\":\"required name=search_term_string\"}],\"inLanguage\":\"de\"},{\"@type\":\"Person\",\"@id\":\"https:\/\/blog.zeit.de\/gruenegeschaefte\/#\/schema\/person\/56a2bdb136cd5997b1dd0485f3d105f9\",\"name\":\"Marlies Uken\",\"image\":{\"@type\":\"ImageObject\",\"inLanguage\":\"de\",\"@id\":\"https:\/\/blog.zeit.de\/gruenegeschaefte\/#\/schema\/person\/image\/\",\"url\":\"https:\/\/secure.gravatar.com\/avatar\/1b4c2e971f407a9ead4389a9370b171e45b0ee693342f36fcc448bb9175b9ee2?s=96&d=mm&r=g\",\"contentUrl\":\"https:\/\/secure.gravatar.com\/avatar\/1b4c2e971f407a9ead4389a9370b171e45b0ee693342f36fcc448bb9175b9ee2?s=96&d=mm&r=g\",\"caption\":\"Marlies Uken\"},\"description\":\"ist Redakteurin bei ZEIT ONLINE.\",\"sameAs\":[\"https:\/\/blog.zeit.de\/gruenegeschaefte\/\"],\"url\":\"https:\/\/blog.zeit.de\/gruenegeschaefte\/author\/marlies-uken\/\"}]}<\/script>\n<!-- \/ Yoast SEO plugin. -->","yoast_head_json":{"title":"N\u00e4chster Klimagipfel in Polen - ausgerechnet - Gr\u00fcne Gesch\u00e4fte","robots":{"index":"index","follow":"follow","max-snippet":"max-snippet:-1","max-image-preview":"max-image-preview:large","max-video-preview":"max-video-preview:-1"},"canonical":"https:\/\/blog.zeit.de\/gruenegeschaefte\/2012\/11\/28\/nachster-klimagipfel-in-polen-ausgerechnet\/","og_locale":"de_DE","og_type":"article","og_title":"N\u00e4chster Klimagipfel in Polen - ausgerechnet - Gr\u00fcne Gesch\u00e4fte","og_description":"Ausgerechnet Polen, f\u00e4llt mir da nur ein. Heute wurde in Doha, wo gerade der Klimagipfel tagt, bekannt, dass unser Nachbar Polen im kommenden Jahr die n\u00e4chste Klimakonferenz ausrichtet. Polen ist bislang nicht gerade als Verfechter einer ehrgeizigen Klimaschutzpolitik aufgefallen &#8211; im Gegenteil. Das Land boykottiert ehrgeizigere Klimaschutzziele auf EU Ebene und hat in den vergangenen [&hellip;]","og_url":"https:\/\/blog.zeit.de\/gruenegeschaefte\/2012\/11\/28\/nachster-klimagipfel-in-polen-ausgerechnet\/","og_site_name":"Gr\u00fcne Gesch\u00e4fte","article_published_time":"2012-11-28T15:59:09+00:00","author":"Marlies Uken","twitter_card":"summary_large_image","twitter_creator":"@zeitonline","twitter_site":"@zeitonline","twitter_misc":{"Geschrieben von":"Marlies Uken","Gesch\u00e4tzte Lesezeit":"1\u00a0Minute"},"schema":{"@context":"https:\/\/schema.org","@graph":[{"@type":"WebPage","@id":"https:\/\/blog.zeit.de\/gruenegeschaefte\/2012\/11\/28\/nachster-klimagipfel-in-polen-ausgerechnet\/","url":"https:\/\/blog.zeit.de\/gruenegeschaefte\/2012\/11\/28\/nachster-klimagipfel-in-polen-ausgerechnet\/","name":"N\u00e4chster Klimagipfel in Polen - ausgerechnet - Gr\u00fcne Gesch\u00e4fte","isPartOf":{"@id":"https:\/\/blog.zeit.de\/gruenegeschaefte\/#website"},"datePublished":"2012-11-28T15:59:09+00:00","dateModified":"2012-11-28T15:59:09+00:00","author":{"@id":"https:\/\/blog.zeit.de\/gruenegeschaefte\/#\/schema\/person\/56a2bdb136cd5997b1dd0485f3d105f9"},"breadcrumb":{"@id":"https:\/\/blog.zeit.de\/gruenegeschaefte\/2012\/11\/28\/nachster-klimagipfel-in-polen-ausgerechnet\/#breadcrumb"},"inLanguage":"de","potentialAction":[{"@type":"ReadAction","target":["https:\/\/blog.zeit.de\/gruenegeschaefte\/2012\/11\/28\/nachster-klimagipfel-in-polen-ausgerechnet\/"]}]},{"@type":"BreadcrumbList","@id":"https:\/\/blog.zeit.de\/gruenegeschaefte\/2012\/11\/28\/nachster-klimagipfel-in-polen-ausgerechnet\/#breadcrumb","itemListElement":[{"@type":"ListItem","position":1,"name":"Startseite","item":"https:\/\/blog.zeit.de\/gruenegeschaefte\/"},{"@type":"ListItem","position":2,"name":"N\u00e4chster Klimagipfel in Polen &#8211; ausgerechnet"}]},{"@type":"WebSite","@id":"https:\/\/blog.zeit.de\/gruenegeschaefte\/#website","url":"https:\/\/blog.zeit.de\/gruenegeschaefte\/","name":"Gr\u00fcne Gesch\u00e4fte","description":"Wir k\u00f6nnen&#039;s besser: Das Blog f\u00fcr eine Wirtschaft, die Ressourcen und Klima schont","potentialAction":[{"@type":"SearchAction","target":{"@type":"EntryPoint","urlTemplate":"https:\/\/blog.zeit.de\/gruenegeschaefte\/?s={search_term_string}"},"query-input":"required name=search_term_string"}],"inLanguage":"de"},{"@type":"Person","@id":"https:\/\/blog.zeit.de\/gruenegeschaefte\/#\/schema\/person\/56a2bdb136cd5997b1dd0485f3d105f9","name":"Marlies Uken","image":{"@type":"ImageObject","inLanguage":"de","@id":"https:\/\/blog.zeit.de\/gruenegeschaefte\/#\/schema\/person\/image\/","url":"https:\/\/secure.gravatar.com\/avatar\/1b4c2e971f407a9ead4389a9370b171e45b0ee693342f36fcc448bb9175b9ee2?s=96&d=mm&r=g","contentUrl":"https:\/\/secure.gravatar.com\/avatar\/1b4c2e971f407a9ead4389a9370b171e45b0ee693342f36fcc448bb9175b9ee2?s=96&d=mm&r=g","caption":"Marlies Uken"},"description":"ist Redakteurin bei ZEIT ONLINE.","sameAs":["https:\/\/blog.zeit.de\/gruenegeschaefte\/"],"url":"https:\/\/blog.zeit.de\/gruenegeschaefte\/author\/marlies-uken\/"}]}},"jetpack_featured_media_url":"","jetpack_sharing_enabled":true,"_links":{"self":[{"href":"https:\/\/blog.zeit.de\/gruenegeschaefte\/wp-json\/wp\/v2\/posts\/5073","targetHints":{"allow":["GET"]}}],"collection":[{"href":"https:\/\/blog.zeit.de\/gruenegeschaefte\/wp-json\/wp\/v2\/posts"}],"about":[{"href":"https:\/\/blog.zeit.de\/gruenegeschaefte\/wp-json\/wp\/v2\/types\/post"}],"author":[{"embeddable":true,"href":"https:\/\/blog.zeit.de\/gruenegeschaefte\/wp-json\/wp\/v2\/users\/196"}],"replies":[{"embeddable":true,"href":"https:\/\/blog.zeit.de\/gruenegeschaefte\/wp-json\/wp\/v2\/comments?post=5073"}],"version-history":[{"count":9,"href":"https:\/\/blog.zeit.de\/gruenegeschaefte\/wp-json\/wp\/v2\/posts\/5073\/revisions"}],"predecessor-version":[{"id":5082,"href":"https:\/\/blog.zeit.de\/gruenegeschaefte\/wp-json\/wp\/v2\/posts\/5073\/revisions\/5082"}],"wp:attachment":[{"href":"https:\/\/blog.zeit.de\/gruenegeschaefte\/wp-json\/wp\/v2\/media?parent=5073"}],"wp:term":[{"taxonomy":"category","embeddable":true,"href":"https:\/\/blog.zeit.de\/gruenegeschaefte\/wp-json\/wp\/v2\/categories?post=5073"},{"taxonomy":"post_tag","embeddable":true,"href":"https:\/\/blog.zeit.de\/gruenegeschaefte\/wp-json\/wp\/v2\/tags?post=5073"}],"curies":[{"name":"wp","href":"https:\/\/api.w.org\/{rel}","templated":true}]}}