{"id":512,"date":"2010-02-16T10:18:45","date_gmt":"2010-02-16T09:18:45","guid":{"rendered":"http:\/\/blog.zeit.de\/gruenegeschaefte\/?p=512"},"modified":"2010-02-16T10:54:07","modified_gmt":"2010-02-16T09:54:07","slug":"co2-handel-arizona-bekommt-kalte-fuse","status":"publish","type":"post","link":"https:\/\/blog.zeit.de\/gruenegeschaefte\/2010\/02\/16\/co2-handel-arizona-bekommt-kalte-fuse\/","title":{"rendered":"Arizona scheut pl\u00f6tzlich den CO2-Handel"},"content":{"rendered":"<p>Bislang gibt es in den USA ja noch kein Energie-und Klimaschutzgesetz auf Bundesebene &#8211; das Gesetzvorhaben, das unter anderem einen bundesweiten Handel mit CO2-Verschmutzungsrechten einf\u00fchren will, h\u00e4ngt zurzeit im Senat fest.<\/p>\n<p>Vor drei Jahren sind allerdings einige Bundesstaaten vorgeprescht: Sie gr\u00fcndeten die <em><a href=\"http:\/\/www.westernclimateinitiative.org\/\">Western Climate Initiative<\/a><\/em> und wollten auf regionaler Ebene einen Emissionshandel etablieren. In zwei Jahren sollte das System starten.<\/p>\n<p>Aber nun bekommen offensichtlich die ersten Staaten kalte F\u00fc\u00dfe: Arizona &#8211; sogar einer der Gr\u00fcndungsstaaten &#8211; erkl\u00e4rte, nicht mehr am verpflichtenden Handel mitzumachen. &#8222;Wettbewerbsverzerrende Gr\u00fcnde&#8220; nennt Gouverneurin Jan Brewer, Republikanerin. Arizonas Wirtschaft und Arbeitspl\u00e4tze seien in Gefahr. <a href=\"http:\/\/www.djnewsletters.de\/news\/article_detail.php5?bnlId=1197970&amp;productId=50\">Wie <em>Dow Jones<\/em> meldet<\/a>, haben nur vier der 11 Bundesstaaten und kanadischen Provinzen, die zu der Initiative geh\u00f6ren, bislang Gesetz f\u00fcr den Emissionshandelssystem verabschiedet: Kalifornien, British Columbia, Ontario und Quebec. Mitgliedsstaaten wie Utah sollen ebenfalls z\u00f6gern.<\/p>\n<p>F\u00fcr die Klimaschutzbestrebungen der USA w\u00e4re das fatal: Gerade nach dem Scheitern des Weltklimagipfels in Kopenhagen sind viele Fachleute desillusioniert, dass die USA \u00fcberhaupt noch ein bundesweites Klimaschutzgesetz in diesem Jahr verabschieden. Ihre Hoffnung richtet sich daher auf lokale Bewegungen.\u00a0 &#8222;Grassroot-&#8222;-Klimaschutz sozusagen. Mit Arizona haben diese Hoffnungen einen D\u00e4mpfer bekommen.<\/p>\n","protected":false},"excerpt":{"rendered":"<p>Bislang gibt es in den USA ja noch kein Energie-und Klimaschutzgesetz auf Bundesebene &#8211; das Gesetzvorhaben, das unter anderem einen bundesweiten Handel mit CO2-Verschmutzungsrechten einf\u00fchren will, h\u00e4ngt zurzeit im Senat fest. Vor drei Jahren sind allerdings einige Bundesstaaten vorgeprescht: Sie gr\u00fcndeten die Western Climate Initiative und wollten auf regionaler Ebene einen Emissionshandel etablieren. In zwei [&hellip;]<\/p>\n","protected":false},"author":196,"featured_media":0,"comment_status":"open","ping_status":"open","sticky":false,"template":"","format":"standard","meta":{"_jetpack_memberships_contains_paid_content":false,"footnotes":""},"categories":[1132,584],"tags":[],"class_list":["post-512","post","type-post","status-publish","format-standard","hentry","category-klima","category-wettbewerb"],"yoast_head":"<!-- This site is optimized with the Yoast SEO plugin v21.0 - https:\/\/yoast.com\/wordpress\/plugins\/seo\/ -->\n<title>Arizona scheut pl\u00f6tzlich den CO2-Handel - Gr\u00fcne Gesch\u00e4fte<\/title>\n<meta name=\"robots\" content=\"index, follow, max-snippet:-1, max-image-preview:large, max-video-preview:-1\" \/>\n<link rel=\"canonical\" href=\"https:\/\/blog.zeit.de\/gruenegeschaefte\/2010\/02\/16\/co2-handel-arizona-bekommt-kalte-fuse\/\" \/>\n<meta property=\"og:locale\" content=\"de_DE\" \/>\n<meta property=\"og:type\" content=\"article\" \/>\n<meta property=\"og:title\" content=\"Arizona scheut pl\u00f6tzlich den CO2-Handel - Gr\u00fcne Gesch\u00e4fte\" \/>\n<meta property=\"og:description\" content=\"Bislang gibt es in den USA ja noch kein Energie-und Klimaschutzgesetz auf Bundesebene &#8211; das Gesetzvorhaben, das unter anderem einen bundesweiten Handel mit CO2-Verschmutzungsrechten einf\u00fchren will, h\u00e4ngt zurzeit im Senat fest. Vor drei Jahren sind allerdings einige Bundesstaaten vorgeprescht: Sie gr\u00fcndeten die Western Climate Initiative und wollten auf regionaler Ebene einen Emissionshandel etablieren. In zwei [&hellip;]\" \/>\n<meta property=\"og:url\" content=\"https:\/\/blog.zeit.de\/gruenegeschaefte\/2010\/02\/16\/co2-handel-arizona-bekommt-kalte-fuse\/\" \/>\n<meta property=\"og:site_name\" content=\"Gr\u00fcne Gesch\u00e4fte\" \/>\n<meta property=\"article:published_time\" content=\"2010-02-16T09:18:45+00:00\" \/>\n<meta property=\"article:modified_time\" content=\"2010-02-16T09:54:07+00:00\" \/>\n<meta name=\"author\" content=\"Marlies Uken\" \/>\n<meta name=\"twitter:card\" content=\"summary_large_image\" \/>\n<meta name=\"twitter:creator\" content=\"@zeitonline\" \/>\n<meta name=\"twitter:site\" content=\"@zeitonline\" \/>\n<meta name=\"twitter:label1\" content=\"Geschrieben von\" \/>\n\t<meta name=\"twitter:data1\" content=\"Marlies Uken\" \/>\n\t<meta name=\"twitter:label2\" content=\"Gesch\u00e4tzte Lesezeit\" \/>\n\t<meta name=\"twitter:data2\" content=\"1\u00a0Minute\" \/>\n<script type=\"application\/ld+json\" class=\"yoast-schema-graph\">{\"@context\":\"https:\/\/schema.org\",\"@graph\":[{\"@type\":\"WebPage\",\"@id\":\"https:\/\/blog.zeit.de\/gruenegeschaefte\/2010\/02\/16\/co2-handel-arizona-bekommt-kalte-fuse\/\",\"url\":\"https:\/\/blog.zeit.de\/gruenegeschaefte\/2010\/02\/16\/co2-handel-arizona-bekommt-kalte-fuse\/\",\"name\":\"Arizona scheut pl\u00f6tzlich den CO2-Handel - Gr\u00fcne Gesch\u00e4fte\",\"isPartOf\":{\"@id\":\"https:\/\/blog.zeit.de\/gruenegeschaefte\/#website\"},\"datePublished\":\"2010-02-16T09:18:45+00:00\",\"dateModified\":\"2010-02-16T09:54:07+00:00\",\"author\":{\"@id\":\"https:\/\/blog.zeit.de\/gruenegeschaefte\/#\/schema\/person\/56a2bdb136cd5997b1dd0485f3d105f9\"},\"breadcrumb\":{\"@id\":\"https:\/\/blog.zeit.de\/gruenegeschaefte\/2010\/02\/16\/co2-handel-arizona-bekommt-kalte-fuse\/#breadcrumb\"},\"inLanguage\":\"de\",\"potentialAction\":[{\"@type\":\"ReadAction\",\"target\":[\"https:\/\/blog.zeit.de\/gruenegeschaefte\/2010\/02\/16\/co2-handel-arizona-bekommt-kalte-fuse\/\"]}]},{\"@type\":\"BreadcrumbList\",\"@id\":\"https:\/\/blog.zeit.de\/gruenegeschaefte\/2010\/02\/16\/co2-handel-arizona-bekommt-kalte-fuse\/#breadcrumb\",\"itemListElement\":[{\"@type\":\"ListItem\",\"position\":1,\"name\":\"Startseite\",\"item\":\"https:\/\/blog.zeit.de\/gruenegeschaefte\/\"},{\"@type\":\"ListItem\",\"position\":2,\"name\":\"Arizona scheut pl\u00f6tzlich den CO2-Handel\"}]},{\"@type\":\"WebSite\",\"@id\":\"https:\/\/blog.zeit.de\/gruenegeschaefte\/#website\",\"url\":\"https:\/\/blog.zeit.de\/gruenegeschaefte\/\",\"name\":\"Gr\u00fcne Gesch\u00e4fte\",\"description\":\"Wir k\u00f6nnen&#039;s besser: Das Blog f\u00fcr eine Wirtschaft, die Ressourcen und Klima schont\",\"potentialAction\":[{\"@type\":\"SearchAction\",\"target\":{\"@type\":\"EntryPoint\",\"urlTemplate\":\"https:\/\/blog.zeit.de\/gruenegeschaefte\/?s={search_term_string}\"},\"query-input\":\"required name=search_term_string\"}],\"inLanguage\":\"de\"},{\"@type\":\"Person\",\"@id\":\"https:\/\/blog.zeit.de\/gruenegeschaefte\/#\/schema\/person\/56a2bdb136cd5997b1dd0485f3d105f9\",\"name\":\"Marlies Uken\",\"image\":{\"@type\":\"ImageObject\",\"inLanguage\":\"de\",\"@id\":\"https:\/\/blog.zeit.de\/gruenegeschaefte\/#\/schema\/person\/image\/\",\"url\":\"https:\/\/secure.gravatar.com\/avatar\/1b4c2e971f407a9ead4389a9370b171e45b0ee693342f36fcc448bb9175b9ee2?s=96&d=mm&r=g\",\"contentUrl\":\"https:\/\/secure.gravatar.com\/avatar\/1b4c2e971f407a9ead4389a9370b171e45b0ee693342f36fcc448bb9175b9ee2?s=96&d=mm&r=g\",\"caption\":\"Marlies Uken\"},\"description\":\"ist Redakteurin bei ZEIT ONLINE.\",\"sameAs\":[\"https:\/\/blog.zeit.de\/gruenegeschaefte\/\"],\"url\":\"https:\/\/blog.zeit.de\/gruenegeschaefte\/author\/marlies-uken\/\"}]}<\/script>\n<!-- \/ Yoast SEO plugin. -->","yoast_head_json":{"title":"Arizona scheut pl\u00f6tzlich den CO2-Handel - Gr\u00fcne Gesch\u00e4fte","robots":{"index":"index","follow":"follow","max-snippet":"max-snippet:-1","max-image-preview":"max-image-preview:large","max-video-preview":"max-video-preview:-1"},"canonical":"https:\/\/blog.zeit.de\/gruenegeschaefte\/2010\/02\/16\/co2-handel-arizona-bekommt-kalte-fuse\/","og_locale":"de_DE","og_type":"article","og_title":"Arizona scheut pl\u00f6tzlich den CO2-Handel - Gr\u00fcne Gesch\u00e4fte","og_description":"Bislang gibt es in den USA ja noch kein Energie-und Klimaschutzgesetz auf Bundesebene &#8211; das Gesetzvorhaben, das unter anderem einen bundesweiten Handel mit CO2-Verschmutzungsrechten einf\u00fchren will, h\u00e4ngt zurzeit im Senat fest. Vor drei Jahren sind allerdings einige Bundesstaaten vorgeprescht: Sie gr\u00fcndeten die Western Climate Initiative und wollten auf regionaler Ebene einen Emissionshandel etablieren. In zwei [&hellip;]","og_url":"https:\/\/blog.zeit.de\/gruenegeschaefte\/2010\/02\/16\/co2-handel-arizona-bekommt-kalte-fuse\/","og_site_name":"Gr\u00fcne Gesch\u00e4fte","article_published_time":"2010-02-16T09:18:45+00:00","article_modified_time":"2010-02-16T09:54:07+00:00","author":"Marlies Uken","twitter_card":"summary_large_image","twitter_creator":"@zeitonline","twitter_site":"@zeitonline","twitter_misc":{"Geschrieben von":"Marlies Uken","Gesch\u00e4tzte Lesezeit":"1\u00a0Minute"},"schema":{"@context":"https:\/\/schema.org","@graph":[{"@type":"WebPage","@id":"https:\/\/blog.zeit.de\/gruenegeschaefte\/2010\/02\/16\/co2-handel-arizona-bekommt-kalte-fuse\/","url":"https:\/\/blog.zeit.de\/gruenegeschaefte\/2010\/02\/16\/co2-handel-arizona-bekommt-kalte-fuse\/","name":"Arizona scheut pl\u00f6tzlich den CO2-Handel - Gr\u00fcne Gesch\u00e4fte","isPartOf":{"@id":"https:\/\/blog.zeit.de\/gruenegeschaefte\/#website"},"datePublished":"2010-02-16T09:18:45+00:00","dateModified":"2010-02-16T09:54:07+00:00","author":{"@id":"https:\/\/blog.zeit.de\/gruenegeschaefte\/#\/schema\/person\/56a2bdb136cd5997b1dd0485f3d105f9"},"breadcrumb":{"@id":"https:\/\/blog.zeit.de\/gruenegeschaefte\/2010\/02\/16\/co2-handel-arizona-bekommt-kalte-fuse\/#breadcrumb"},"inLanguage":"de","potentialAction":[{"@type":"ReadAction","target":["https:\/\/blog.zeit.de\/gruenegeschaefte\/2010\/02\/16\/co2-handel-arizona-bekommt-kalte-fuse\/"]}]},{"@type":"BreadcrumbList","@id":"https:\/\/blog.zeit.de\/gruenegeschaefte\/2010\/02\/16\/co2-handel-arizona-bekommt-kalte-fuse\/#breadcrumb","itemListElement":[{"@type":"ListItem","position":1,"name":"Startseite","item":"https:\/\/blog.zeit.de\/gruenegeschaefte\/"},{"@type":"ListItem","position":2,"name":"Arizona scheut pl\u00f6tzlich den CO2-Handel"}]},{"@type":"WebSite","@id":"https:\/\/blog.zeit.de\/gruenegeschaefte\/#website","url":"https:\/\/blog.zeit.de\/gruenegeschaefte\/","name":"Gr\u00fcne Gesch\u00e4fte","description":"Wir k\u00f6nnen&#039;s besser: Das Blog f\u00fcr eine Wirtschaft, die Ressourcen und Klima schont","potentialAction":[{"@type":"SearchAction","target":{"@type":"EntryPoint","urlTemplate":"https:\/\/blog.zeit.de\/gruenegeschaefte\/?s={search_term_string}"},"query-input":"required name=search_term_string"}],"inLanguage":"de"},{"@type":"Person","@id":"https:\/\/blog.zeit.de\/gruenegeschaefte\/#\/schema\/person\/56a2bdb136cd5997b1dd0485f3d105f9","name":"Marlies Uken","image":{"@type":"ImageObject","inLanguage":"de","@id":"https:\/\/blog.zeit.de\/gruenegeschaefte\/#\/schema\/person\/image\/","url":"https:\/\/secure.gravatar.com\/avatar\/1b4c2e971f407a9ead4389a9370b171e45b0ee693342f36fcc448bb9175b9ee2?s=96&d=mm&r=g","contentUrl":"https:\/\/secure.gravatar.com\/avatar\/1b4c2e971f407a9ead4389a9370b171e45b0ee693342f36fcc448bb9175b9ee2?s=96&d=mm&r=g","caption":"Marlies Uken"},"description":"ist Redakteurin bei ZEIT ONLINE.","sameAs":["https:\/\/blog.zeit.de\/gruenegeschaefte\/"],"url":"https:\/\/blog.zeit.de\/gruenegeschaefte\/author\/marlies-uken\/"}]}},"jetpack_featured_media_url":"","jetpack_sharing_enabled":true,"_links":{"self":[{"href":"https:\/\/blog.zeit.de\/gruenegeschaefte\/wp-json\/wp\/v2\/posts\/512","targetHints":{"allow":["GET"]}}],"collection":[{"href":"https:\/\/blog.zeit.de\/gruenegeschaefte\/wp-json\/wp\/v2\/posts"}],"about":[{"href":"https:\/\/blog.zeit.de\/gruenegeschaefte\/wp-json\/wp\/v2\/types\/post"}],"author":[{"embeddable":true,"href":"https:\/\/blog.zeit.de\/gruenegeschaefte\/wp-json\/wp\/v2\/users\/196"}],"replies":[{"embeddable":true,"href":"https:\/\/blog.zeit.de\/gruenegeschaefte\/wp-json\/wp\/v2\/comments?post=512"}],"version-history":[{"count":0,"href":"https:\/\/blog.zeit.de\/gruenegeschaefte\/wp-json\/wp\/v2\/posts\/512\/revisions"}],"wp:attachment":[{"href":"https:\/\/blog.zeit.de\/gruenegeschaefte\/wp-json\/wp\/v2\/media?parent=512"}],"wp:term":[{"taxonomy":"category","embeddable":true,"href":"https:\/\/blog.zeit.de\/gruenegeschaefte\/wp-json\/wp\/v2\/categories?post=512"},{"taxonomy":"post_tag","embeddable":true,"href":"https:\/\/blog.zeit.de\/gruenegeschaefte\/wp-json\/wp\/v2\/tags?post=512"}],"curies":[{"name":"wp","href":"https:\/\/api.w.org\/{rel}","templated":true}]}}