{"id":5177,"date":"2013-01-02T18:14:11","date_gmt":"2013-01-02T17:14:11","guid":{"rendered":"http:\/\/blog.zeit.de\/gruenegeschaefte\/?p=5177"},"modified":"2013-01-02T18:41:58","modified_gmt":"2013-01-02T17:41:58","slug":"us-windbranche-erwartet-boomjahr-nach-etat-kompromiss","status":"publish","type":"post","link":"https:\/\/blog.zeit.de\/gruenegeschaefte\/2013\/01\/02\/us-windbranche-erwartet-boomjahr-nach-etat-kompromiss\/","title":{"rendered":"US-Windbranche erwartet Boomjahr nach Etat-Kompromiss"},"content":{"rendered":"<p>Der Streit um den US-Haushalt ist voerst beendet \u2013 <a href=\"http:\/\/www.zeit.de\/politik\/ausland\/2013-01\/USA-fiscal-cliff-haushaltsstreit-obama-verlierer\">nun gibt es Klagen und Kritik<\/a>. Doch nicht jeder jammert. Umweltsch\u00fctzer prophezeien der amerikanischen Windbranche ein Boomjahr. Demokraten und Republikaner haben sich darauf geeinigt, die Steuererleichterungen f\u00fcr die Windbranche, den sogenannten <em>Production Tax Credit<\/em>, f\u00fcr ein Jahr zu verl\u00e4ngern.<\/p>\n<p>In den Kompromiss hat es nach Informationen von <a href=\"http:\/\/grist.org\/climate-energy\/fiscal-fiasco-bright-spot-2013-will-be-a-huge-year-for-wind\/#.UORV17HMKjo.twitter\"><em>Grist<\/em><\/a> zudem ein wichtiges Detail geschafft: Wer einen Windpark plant, kommt k\u00fcnftig schon fr\u00fcher in den Genuss der Steuererleichterungen, n\u00e4mlich sobald das Projekt angesto\u00dfen wurde. Bislang war entscheidend, dass der Windpark bereits tats\u00e4chlich \u00d6kostrom produzierte:<\/p>\n<blockquote><p><em>Traditionally, PTC money is available to a wind project only once it is up and running, putting electricity on the wires. That\u2019s why so many wind projects raced to finish in 2012, when it looked like the PTC would expire. The Finance Committee bill changed the PTC so that the money would be available to any wind project that breaks ground in the calendar year. That allows projects to be built (and financed) over longer periods of time without worrying about losing the tax incentive. I\u2019ve heard informal estimates that one year of this kind of PTC is worth two or three years of the conventional PTC.<\/em><\/p><\/blockquote>\n<p>Die<a href=\"https:\/\/www.awea.org\/newsroom\/pressreleases\/congressextendswindptc.cfm\"> amerikanische Windlobby sch\u00e4tzt<\/a>, dass die neue Regelung die H\u00e4lfte der Arbeitspl\u00e4tze, also rund 37.000 Stellen, in der Branche sichert, die wegen des m\u00f6glichen Aus auf der Kippe standen. Im vergangenen Jahr hatten die Bef\u00fcrchtungen, die PTC k\u00f6nnten auslaufen, dazu gef\u00fchrt, dass die Windbranche einen Boom hinlegte. 44 Prozent aller neuen installierten, stromproduzierenden Kapazit\u00e4ten waren Windr\u00e4der. Erdgas-Kraftwerke machten, trotz Fracking-Booms, nur etwa 30 Prozent aus.<\/p>\n<p>Einen Wehrmutstropfen gibt es jedoch: Eine langfristige, verl\u00e4ssliche F\u00f6rderpolitik sieht anders aus. Erst recht, wenn man die Lage in den USA mit deutschen Verh\u00e4ltnissen vergleicht. Hier garantiert das Erneuerbare-Energien-Gesetz Investoren eine Verg\u00fctung f\u00fcr einen Zeitraum von 20 Jahren. In den USA werden sich die Windm\u00fcller nun erneut von Jahr zu Jahr hangeln.<\/p>\n","protected":false},"excerpt":{"rendered":"<p>Der Streit um den US-Haushalt ist voerst beendet \u2013 nun gibt es Klagen und Kritik. Doch nicht jeder jammert. Umweltsch\u00fctzer prophezeien der amerikanischen Windbranche ein Boomjahr. Demokraten und Republikaner haben sich darauf geeinigt, die Steuererleichterungen f\u00fcr die Windbranche, den sogenannten Production Tax Credit, f\u00fcr ein Jahr zu verl\u00e4ngern. In den Kompromiss hat es nach Informationen [&hellip;]<\/p>\n","protected":false},"author":196,"featured_media":0,"comment_status":"open","ping_status":"open","sticky":false,"template":"","format":"standard","meta":{"_jetpack_memberships_contains_paid_content":false,"footnotes":""},"categories":[1122,1132,187,1129,591],"tags":[],"class_list":["post-5177","post","type-post","status-publish","format-standard","hentry","category-erneuerbare-energien","category-klima","category-politik","category-wind","category-wirtschaft"],"yoast_head":"<!-- This site is optimized with the Yoast SEO plugin v21.0 - https:\/\/yoast.com\/wordpress\/plugins\/seo\/ -->\n<title>US-Windbranche erwartet Boomjahr nach Etat-Kompromiss - Gr\u00fcne Gesch\u00e4fte<\/title>\n<meta name=\"robots\" content=\"index, follow, max-snippet:-1, max-image-preview:large, max-video-preview:-1\" \/>\n<link rel=\"canonical\" href=\"https:\/\/blog.zeit.de\/gruenegeschaefte\/2013\/01\/02\/us-windbranche-erwartet-boomjahr-nach-etat-kompromiss\/\" \/>\n<meta property=\"og:locale\" content=\"de_DE\" \/>\n<meta property=\"og:type\" content=\"article\" \/>\n<meta property=\"og:title\" content=\"US-Windbranche erwartet Boomjahr nach Etat-Kompromiss - Gr\u00fcne Gesch\u00e4fte\" \/>\n<meta property=\"og:description\" content=\"Der Streit um den US-Haushalt ist voerst beendet \u2013 nun gibt es Klagen und Kritik. Doch nicht jeder jammert. Umweltsch\u00fctzer prophezeien der amerikanischen Windbranche ein Boomjahr. Demokraten und Republikaner haben sich darauf geeinigt, die Steuererleichterungen f\u00fcr die Windbranche, den sogenannten Production Tax Credit, f\u00fcr ein Jahr zu verl\u00e4ngern. In den Kompromiss hat es nach Informationen [&hellip;]\" \/>\n<meta property=\"og:url\" content=\"https:\/\/blog.zeit.de\/gruenegeschaefte\/2013\/01\/02\/us-windbranche-erwartet-boomjahr-nach-etat-kompromiss\/\" \/>\n<meta property=\"og:site_name\" content=\"Gr\u00fcne Gesch\u00e4fte\" \/>\n<meta property=\"article:published_time\" content=\"2013-01-02T17:14:11+00:00\" \/>\n<meta property=\"article:modified_time\" content=\"2013-01-02T17:41:58+00:00\" \/>\n<meta name=\"author\" content=\"Marlies Uken\" \/>\n<meta name=\"twitter:card\" content=\"summary_large_image\" \/>\n<meta name=\"twitter:creator\" content=\"@zeitonline\" \/>\n<meta name=\"twitter:site\" content=\"@zeitonline\" \/>\n<meta name=\"twitter:label1\" content=\"Geschrieben von\" \/>\n\t<meta name=\"twitter:data1\" content=\"Marlies Uken\" \/>\n\t<meta name=\"twitter:label2\" content=\"Gesch\u00e4tzte Lesezeit\" \/>\n\t<meta name=\"twitter:data2\" content=\"2\u00a0Minuten\" \/>\n<script type=\"application\/ld+json\" class=\"yoast-schema-graph\">{\"@context\":\"https:\/\/schema.org\",\"@graph\":[{\"@type\":\"WebPage\",\"@id\":\"https:\/\/blog.zeit.de\/gruenegeschaefte\/2013\/01\/02\/us-windbranche-erwartet-boomjahr-nach-etat-kompromiss\/\",\"url\":\"https:\/\/blog.zeit.de\/gruenegeschaefte\/2013\/01\/02\/us-windbranche-erwartet-boomjahr-nach-etat-kompromiss\/\",\"name\":\"US-Windbranche erwartet Boomjahr nach Etat-Kompromiss - Gr\u00fcne Gesch\u00e4fte\",\"isPartOf\":{\"@id\":\"https:\/\/blog.zeit.de\/gruenegeschaefte\/#website\"},\"datePublished\":\"2013-01-02T17:14:11+00:00\",\"dateModified\":\"2013-01-02T17:41:58+00:00\",\"author\":{\"@id\":\"https:\/\/blog.zeit.de\/gruenegeschaefte\/#\/schema\/person\/56a2bdb136cd5997b1dd0485f3d105f9\"},\"breadcrumb\":{\"@id\":\"https:\/\/blog.zeit.de\/gruenegeschaefte\/2013\/01\/02\/us-windbranche-erwartet-boomjahr-nach-etat-kompromiss\/#breadcrumb\"},\"inLanguage\":\"de\",\"potentialAction\":[{\"@type\":\"ReadAction\",\"target\":[\"https:\/\/blog.zeit.de\/gruenegeschaefte\/2013\/01\/02\/us-windbranche-erwartet-boomjahr-nach-etat-kompromiss\/\"]}]},{\"@type\":\"BreadcrumbList\",\"@id\":\"https:\/\/blog.zeit.de\/gruenegeschaefte\/2013\/01\/02\/us-windbranche-erwartet-boomjahr-nach-etat-kompromiss\/#breadcrumb\",\"itemListElement\":[{\"@type\":\"ListItem\",\"position\":1,\"name\":\"Startseite\",\"item\":\"https:\/\/blog.zeit.de\/gruenegeschaefte\/\"},{\"@type\":\"ListItem\",\"position\":2,\"name\":\"US-Windbranche erwartet Boomjahr nach Etat-Kompromiss\"}]},{\"@type\":\"WebSite\",\"@id\":\"https:\/\/blog.zeit.de\/gruenegeschaefte\/#website\",\"url\":\"https:\/\/blog.zeit.de\/gruenegeschaefte\/\",\"name\":\"Gr\u00fcne Gesch\u00e4fte\",\"description\":\"Wir k\u00f6nnen&#039;s besser: Das Blog f\u00fcr eine Wirtschaft, die Ressourcen und Klima schont\",\"potentialAction\":[{\"@type\":\"SearchAction\",\"target\":{\"@type\":\"EntryPoint\",\"urlTemplate\":\"https:\/\/blog.zeit.de\/gruenegeschaefte\/?s={search_term_string}\"},\"query-input\":\"required name=search_term_string\"}],\"inLanguage\":\"de\"},{\"@type\":\"Person\",\"@id\":\"https:\/\/blog.zeit.de\/gruenegeschaefte\/#\/schema\/person\/56a2bdb136cd5997b1dd0485f3d105f9\",\"name\":\"Marlies Uken\",\"image\":{\"@type\":\"ImageObject\",\"inLanguage\":\"de\",\"@id\":\"https:\/\/blog.zeit.de\/gruenegeschaefte\/#\/schema\/person\/image\/\",\"url\":\"https:\/\/secure.gravatar.com\/avatar\/1b4c2e971f407a9ead4389a9370b171e45b0ee693342f36fcc448bb9175b9ee2?s=96&d=mm&r=g\",\"contentUrl\":\"https:\/\/secure.gravatar.com\/avatar\/1b4c2e971f407a9ead4389a9370b171e45b0ee693342f36fcc448bb9175b9ee2?s=96&d=mm&r=g\",\"caption\":\"Marlies Uken\"},\"description\":\"ist Redakteurin bei ZEIT ONLINE.\",\"sameAs\":[\"https:\/\/blog.zeit.de\/gruenegeschaefte\/\"],\"url\":\"https:\/\/blog.zeit.de\/gruenegeschaefte\/author\/marlies-uken\/\"}]}<\/script>\n<!-- \/ Yoast SEO plugin. -->","yoast_head_json":{"title":"US-Windbranche erwartet Boomjahr nach Etat-Kompromiss - Gr\u00fcne Gesch\u00e4fte","robots":{"index":"index","follow":"follow","max-snippet":"max-snippet:-1","max-image-preview":"max-image-preview:large","max-video-preview":"max-video-preview:-1"},"canonical":"https:\/\/blog.zeit.de\/gruenegeschaefte\/2013\/01\/02\/us-windbranche-erwartet-boomjahr-nach-etat-kompromiss\/","og_locale":"de_DE","og_type":"article","og_title":"US-Windbranche erwartet Boomjahr nach Etat-Kompromiss - Gr\u00fcne Gesch\u00e4fte","og_description":"Der Streit um den US-Haushalt ist voerst beendet \u2013 nun gibt es Klagen und Kritik. Doch nicht jeder jammert. Umweltsch\u00fctzer prophezeien der amerikanischen Windbranche ein Boomjahr. Demokraten und Republikaner haben sich darauf geeinigt, die Steuererleichterungen f\u00fcr die Windbranche, den sogenannten Production Tax Credit, f\u00fcr ein Jahr zu verl\u00e4ngern. In den Kompromiss hat es nach Informationen [&hellip;]","og_url":"https:\/\/blog.zeit.de\/gruenegeschaefte\/2013\/01\/02\/us-windbranche-erwartet-boomjahr-nach-etat-kompromiss\/","og_site_name":"Gr\u00fcne Gesch\u00e4fte","article_published_time":"2013-01-02T17:14:11+00:00","article_modified_time":"2013-01-02T17:41:58+00:00","author":"Marlies Uken","twitter_card":"summary_large_image","twitter_creator":"@zeitonline","twitter_site":"@zeitonline","twitter_misc":{"Geschrieben von":"Marlies Uken","Gesch\u00e4tzte Lesezeit":"2\u00a0Minuten"},"schema":{"@context":"https:\/\/schema.org","@graph":[{"@type":"WebPage","@id":"https:\/\/blog.zeit.de\/gruenegeschaefte\/2013\/01\/02\/us-windbranche-erwartet-boomjahr-nach-etat-kompromiss\/","url":"https:\/\/blog.zeit.de\/gruenegeschaefte\/2013\/01\/02\/us-windbranche-erwartet-boomjahr-nach-etat-kompromiss\/","name":"US-Windbranche erwartet Boomjahr nach Etat-Kompromiss - Gr\u00fcne Gesch\u00e4fte","isPartOf":{"@id":"https:\/\/blog.zeit.de\/gruenegeschaefte\/#website"},"datePublished":"2013-01-02T17:14:11+00:00","dateModified":"2013-01-02T17:41:58+00:00","author":{"@id":"https:\/\/blog.zeit.de\/gruenegeschaefte\/#\/schema\/person\/56a2bdb136cd5997b1dd0485f3d105f9"},"breadcrumb":{"@id":"https:\/\/blog.zeit.de\/gruenegeschaefte\/2013\/01\/02\/us-windbranche-erwartet-boomjahr-nach-etat-kompromiss\/#breadcrumb"},"inLanguage":"de","potentialAction":[{"@type":"ReadAction","target":["https:\/\/blog.zeit.de\/gruenegeschaefte\/2013\/01\/02\/us-windbranche-erwartet-boomjahr-nach-etat-kompromiss\/"]}]},{"@type":"BreadcrumbList","@id":"https:\/\/blog.zeit.de\/gruenegeschaefte\/2013\/01\/02\/us-windbranche-erwartet-boomjahr-nach-etat-kompromiss\/#breadcrumb","itemListElement":[{"@type":"ListItem","position":1,"name":"Startseite","item":"https:\/\/blog.zeit.de\/gruenegeschaefte\/"},{"@type":"ListItem","position":2,"name":"US-Windbranche erwartet Boomjahr nach Etat-Kompromiss"}]},{"@type":"WebSite","@id":"https:\/\/blog.zeit.de\/gruenegeschaefte\/#website","url":"https:\/\/blog.zeit.de\/gruenegeschaefte\/","name":"Gr\u00fcne Gesch\u00e4fte","description":"Wir k\u00f6nnen&#039;s besser: Das Blog f\u00fcr eine Wirtschaft, die Ressourcen und Klima schont","potentialAction":[{"@type":"SearchAction","target":{"@type":"EntryPoint","urlTemplate":"https:\/\/blog.zeit.de\/gruenegeschaefte\/?s={search_term_string}"},"query-input":"required name=search_term_string"}],"inLanguage":"de"},{"@type":"Person","@id":"https:\/\/blog.zeit.de\/gruenegeschaefte\/#\/schema\/person\/56a2bdb136cd5997b1dd0485f3d105f9","name":"Marlies Uken","image":{"@type":"ImageObject","inLanguage":"de","@id":"https:\/\/blog.zeit.de\/gruenegeschaefte\/#\/schema\/person\/image\/","url":"https:\/\/secure.gravatar.com\/avatar\/1b4c2e971f407a9ead4389a9370b171e45b0ee693342f36fcc448bb9175b9ee2?s=96&d=mm&r=g","contentUrl":"https:\/\/secure.gravatar.com\/avatar\/1b4c2e971f407a9ead4389a9370b171e45b0ee693342f36fcc448bb9175b9ee2?s=96&d=mm&r=g","caption":"Marlies Uken"},"description":"ist Redakteurin bei ZEIT ONLINE.","sameAs":["https:\/\/blog.zeit.de\/gruenegeschaefte\/"],"url":"https:\/\/blog.zeit.de\/gruenegeschaefte\/author\/marlies-uken\/"}]}},"jetpack_featured_media_url":"","jetpack_sharing_enabled":true,"_links":{"self":[{"href":"https:\/\/blog.zeit.de\/gruenegeschaefte\/wp-json\/wp\/v2\/posts\/5177","targetHints":{"allow":["GET"]}}],"collection":[{"href":"https:\/\/blog.zeit.de\/gruenegeschaefte\/wp-json\/wp\/v2\/posts"}],"about":[{"href":"https:\/\/blog.zeit.de\/gruenegeschaefte\/wp-json\/wp\/v2\/types\/post"}],"author":[{"embeddable":true,"href":"https:\/\/blog.zeit.de\/gruenegeschaefte\/wp-json\/wp\/v2\/users\/196"}],"replies":[{"embeddable":true,"href":"https:\/\/blog.zeit.de\/gruenegeschaefte\/wp-json\/wp\/v2\/comments?post=5177"}],"version-history":[{"count":16,"href":"https:\/\/blog.zeit.de\/gruenegeschaefte\/wp-json\/wp\/v2\/posts\/5177\/revisions"}],"predecessor-version":[{"id":5191,"href":"https:\/\/blog.zeit.de\/gruenegeschaefte\/wp-json\/wp\/v2\/posts\/5177\/revisions\/5191"}],"wp:attachment":[{"href":"https:\/\/blog.zeit.de\/gruenegeschaefte\/wp-json\/wp\/v2\/media?parent=5177"}],"wp:term":[{"taxonomy":"category","embeddable":true,"href":"https:\/\/blog.zeit.de\/gruenegeschaefte\/wp-json\/wp\/v2\/categories?post=5177"},{"taxonomy":"post_tag","embeddable":true,"href":"https:\/\/blog.zeit.de\/gruenegeschaefte\/wp-json\/wp\/v2\/tags?post=5177"}],"curies":[{"name":"wp","href":"https:\/\/api.w.org\/{rel}","templated":true}]}}