{"id":5241,"date":"2013-01-10T13:48:25","date_gmt":"2013-01-10T12:48:25","guid":{"rendered":"http:\/\/blog.zeit.de\/gruenegeschaefte\/?p=5241"},"modified":"2013-01-11T11:11:12","modified_gmt":"2013-01-11T10:11:12","slug":"der-tagliche-fleischwahn","status":"publish","type":"post","link":"https:\/\/blog.zeit.de\/gruenegeschaefte\/2013\/01\/10\/der-tagliche-fleischwahn\/","title":{"rendered":"Der t\u00e4gliche Fleischwahn"},"content":{"rendered":"<p>Die Daten, die die B\u00f6ll-Stiftung und die Umweltorganisation BUND in ihrem <a href=\"http:\/\/www.bund.net\/fleischatlas\" target=\"_blank\">Fleischatlas<\/a> heute ver\u00f6ffentlichen, erinnern mich an meine Kindheit. Da gab es jeden Tag ein warmes Tellergericht &#8211; und Fleisch geh\u00f6rte selbstverst\u00e4ndlich dazu.<\/p>\n<p><figure style=\"width: 340px\" class=\"wp-caption alignleft\"><a href=\"http:\/\/www.zeit.de\/wirtschaft\/2013-01\/fleischatlas-tiere-auf-dem-teller\/fleischatlas-tiere-auf-dem-teller.jpg\" target=\"_blank\"><img loading=\"lazy\" decoding=\"async\" class=\"   \" alt=\"\" src=\"http:\/\/www.zeit.de\/wirtschaft\/2013-01\/fleischatlas-tiere-auf-dem-teller\/fleischatlas-tiere-auf-dem-teller.jpg\" width=\"340\" height=\"308\" \/><\/a><figcaption class=\"wp-caption-text\">Quelle: Fleischatlas\/zeo2\/Vebu, <a href=\"http:\/\/www.bund.net\/fleischatlas\">CC-BY-SA<\/a><\/figcaption><\/figure><\/p>\n<p>Offenbar hat sich seit den achtziger Jahren, in denen ich aufwuchs, nicht viel ver\u00e4ndert. Der Vegetarierbund rechnet vor, dass jeder Deutsche im Durchschnitt am Ende seines Lebens 1.094 Tiere verzehrt hat, darunter vier komplette Rindviecher und 945 H\u00fchner (siehe Grafik hier links).<\/p>\n<p>Von den zahlreichen Skandalen und negativen Entwicklungen in der Ern\u00e4hrungsindustrie \u2013 <a href=\"http:\/\/www.zeit.de\/wissen\/umwelt\/2011-01\/dioxin-industrienahrung-kommentar\" target=\"_blank\">Dioxin in Tierfutter, Analogk\u00e4se, Klebefleisch oder Hygienem\u00e4ngel in H\u00fchnerst\u00e4llen<\/a> \u2013 l\u00e4sst sich der Verbraucher offenbar immer nur kurz beeindrucken. 85 Prozent der Deutschen essen t\u00e4glich Fleisch.<\/p>\n<p>Allerdings gibt es gro\u00dfe Unterschiede: M\u00e4nner, vor allem zwischen 19 und 24 Jahren, essen deutlich h\u00e4ufiger Fleisch als Frauen. Diese entdecken ihre Fleischleidenschaft etwas sp\u00e4ter, ihr Fleischkonsum ist zwischen 25 und 34 Jahren am h\u00f6chsten.<\/p>\n<p><!--more-->Auch ist Fleischkonsum in Ostdeutschland verbreiteter als im Westen. Th\u00fcringens M\u00e4nner f\u00fchren die Tabelle an: Jeden Tag essen sie mehr als <del>70<\/del> 118 Gramm Fleisch (beeindruckend, wenn ich \u00fcberlege, wie oft ich hundert Gramm Aufschnitt kaufe, der dann f\u00fcr die Familie ein paar Tage reichen muss, einmal davon abgesehen, dass ich selbst kein Fleisch esse). Besonders zur\u00fcckhaltend sind Frauen in Rheinland-Pfalz. Sie essen im Durchschnitt <del>20 bis 25<\/del> 47 Gramm am Tag.<\/p>\n<p>Welche Folgen hat der <a href=\"http:\/\/www.zeit.de\/2012\/26\/Fleisch-Tier-Schlachter\" target=\"_blank\">exzessive Fleischkonsum<\/a>? Einerseits ist er f\u00fcr Unternehmen ein gutes Gesch\u00e4ft. Der deutsche Fleischverwerter T\u00f6nnies machte im Jahr 2011 einen Umsatz von beeindruckenden 4,6 Milliarden Euro. Mittlerweile hat sich eine globale Arbeitsteilung etabliert: Schwellenl\u00e4nder wie Argentinien, China und Russland produzieren f\u00fcr den internationalen Markt &#8211; und damit auch f\u00fcr Fleischesser in den Industrienationen.<\/p>\n<p>Auf der anderen Seite hat der ausufernde Fleischkonsum Folgen f\u00fcr Umwelt und Klima. Agrarzentren in Europa wie etwa Niedersachsen, aber auch die Beneluxstaaten, haben schon heute ein D\u00fcngerproblem. Der exzessive Einsatz von D\u00fcngemitteln zerst\u00f6rt sensible \u00d6kosysteme, Nitrate verschmutzen das Grundwasser, Wasser wird knapp. Rund zwei Drittel der Masth\u00fchner bilden mittlerweile <a href=\"http:\/\/www.zeit.de\/wissen\/umwelt\/2012-09\/antibiotika-tierhaltung-mast\" target=\"_blank\">Resistenzen gegen\u00fcber bestimmten Antiobiotika <\/a>aus, warnen die Autoren.<\/p>\n<p>Ein weiteres Problem: Die Artenvielfalt schwindet, weil nur noch Hochleistungstiere gefragt sind. Bis zu 30 Ferkel k\u00f6nne eine &#8222;moderne Sau&#8220;, wie die Autoren schreiben, inzwischen zur Welt bringen \u2013 und das pro Jahr. Wildschweine schaffen hingegen nur ein Dutzend. Die Folgen f\u00fcr das moderne Tier: Es muss mit Medikamenten gegen Geb\u00e4rmutterentz\u00fcndungen gesch\u00fctzt werden. Von den 8.000 Nutztierrassen, die die UN-Organisation FAO dokumentiert hat, ist ein F\u00fcnftel vom Aussterben bedroht.<\/p>\n<p>Wer das nicht in Kauf nehmen will, dem bleibt der Verzicht auf Fleisch &#8211; komplett oder zum Teil. Oder zumindest der Kauf von Biofleisch. Das allerdings fristet noch immer ein Nischendasein. Biorindfleisch kam im Jahr 2010 gerade einmal auf einen Marktanteil von vier Prozent. Das habe unterschiedliche Gr\u00fcnde, schreiben die Autoren:<\/p>\n<blockquote><p><em>Wachstumsbremsen sind der Niedrigpreis und die irref\u00fchrende Werbung f\u00fcr konventionelles Fleisch &#8211; und die manchmal aufw\u00e4ndigere Suche nach Alternativen dazu.<\/em><\/p><\/blockquote>\n<p><em>Aktualisierung 11.1.2013: Gerade hat sich der BUND gemeldet &#8211; leicht zerknirscht. Er korrigiert einige Zahlen zum Pro-Kopf-Verbrauch. Urspr\u00fcnglich gaben die Daten nur den Wurstverzehr wieder, jetzt beinhalten sie Fleisch(!)- und Wurst. Der BUND gibt au\u00dferdem zur Studie den Hinweis, dass sich manche Zahlen unterscheiden, weil es unterschiedliche Datengrundlagen gebe, u.a. die Nationale Verzehrstudie aus dem Jahr 2008. Teilweise wurden Verbraucher befragt, teilweise Verkaufsdaten erhoben.<\/em><\/p>\n","protected":false},"excerpt":{"rendered":"<p>Die Daten, die die B\u00f6ll-Stiftung und die Umweltorganisation BUND in ihrem Fleischatlas heute ver\u00f6ffentlichen, erinnern mich an meine Kindheit. Da gab es jeden Tag ein warmes Tellergericht &#8211; und Fleisch geh\u00f6rte selbstverst\u00e4ndlich dazu. Offenbar hat sich seit den achtziger Jahren, in denen ich aufwuchs, nicht viel ver\u00e4ndert. Der Vegetarierbund rechnet vor, dass jeder Deutsche im [&hellip;]<\/p>\n","protected":false},"author":196,"featured_media":0,"comment_status":"open","ping_status":"open","sticky":false,"template":"","format":"standard","meta":{"_jetpack_memberships_contains_paid_content":false,"footnotes":""},"categories":[2556,2557,8187,1132,2417,1271],"tags":[],"class_list":["post-5241","post","type-post","status-publish","format-standard","hentry","category-agrar","category-bioware","category-essen","category-klima","category-konsum","category-umweltschutz"],"yoast_head":"<!-- This site is optimized with the Yoast SEO plugin v21.0 - https:\/\/yoast.com\/wordpress\/plugins\/seo\/ -->\n<title>Der t\u00e4gliche Fleischwahn - Gr\u00fcne Gesch\u00e4fte<\/title>\n<meta name=\"robots\" content=\"index, follow, max-snippet:-1, max-image-preview:large, max-video-preview:-1\" \/>\n<link rel=\"canonical\" href=\"https:\/\/blog.zeit.de\/gruenegeschaefte\/2013\/01\/10\/der-tagliche-fleischwahn\/\" \/>\n<meta property=\"og:locale\" content=\"de_DE\" \/>\n<meta property=\"og:type\" content=\"article\" \/>\n<meta property=\"og:title\" content=\"Der t\u00e4gliche Fleischwahn - Gr\u00fcne Gesch\u00e4fte\" \/>\n<meta property=\"og:description\" content=\"Die Daten, die die B\u00f6ll-Stiftung und die Umweltorganisation BUND in ihrem Fleischatlas heute ver\u00f6ffentlichen, erinnern mich an meine Kindheit. Da gab es jeden Tag ein warmes Tellergericht &#8211; und Fleisch geh\u00f6rte selbstverst\u00e4ndlich dazu. Offenbar hat sich seit den achtziger Jahren, in denen ich aufwuchs, nicht viel ver\u00e4ndert. Der Vegetarierbund rechnet vor, dass jeder Deutsche im [&hellip;]\" \/>\n<meta property=\"og:url\" content=\"https:\/\/blog.zeit.de\/gruenegeschaefte\/2013\/01\/10\/der-tagliche-fleischwahn\/\" \/>\n<meta property=\"og:site_name\" content=\"Gr\u00fcne Gesch\u00e4fte\" \/>\n<meta property=\"article:published_time\" content=\"2013-01-10T12:48:25+00:00\" \/>\n<meta property=\"article:modified_time\" content=\"2013-01-11T10:11:12+00:00\" \/>\n<meta property=\"og:image\" content=\"http:\/\/www.zeit.de\/wirtschaft\/2013-01\/fleischatlas-tiere-auf-dem-teller\/fleischatlas-tiere-auf-dem-teller.jpg\" \/>\n<meta name=\"author\" content=\"Marlies Uken\" \/>\n<meta name=\"twitter:card\" content=\"summary_large_image\" \/>\n<meta name=\"twitter:creator\" content=\"@zeitonline\" \/>\n<meta name=\"twitter:site\" content=\"@zeitonline\" \/>\n<meta name=\"twitter:label1\" content=\"Geschrieben von\" \/>\n\t<meta name=\"twitter:data1\" content=\"Marlies Uken\" \/>\n\t<meta name=\"twitter:label2\" content=\"Gesch\u00e4tzte Lesezeit\" \/>\n\t<meta name=\"twitter:data2\" content=\"3\u00a0Minuten\" \/>\n<script type=\"application\/ld+json\" class=\"yoast-schema-graph\">{\"@context\":\"https:\/\/schema.org\",\"@graph\":[{\"@type\":\"WebPage\",\"@id\":\"https:\/\/blog.zeit.de\/gruenegeschaefte\/2013\/01\/10\/der-tagliche-fleischwahn\/\",\"url\":\"https:\/\/blog.zeit.de\/gruenegeschaefte\/2013\/01\/10\/der-tagliche-fleischwahn\/\",\"name\":\"Der t\u00e4gliche Fleischwahn - Gr\u00fcne Gesch\u00e4fte\",\"isPartOf\":{\"@id\":\"https:\/\/blog.zeit.de\/gruenegeschaefte\/#website\"},\"datePublished\":\"2013-01-10T12:48:25+00:00\",\"dateModified\":\"2013-01-11T10:11:12+00:00\",\"author\":{\"@id\":\"https:\/\/blog.zeit.de\/gruenegeschaefte\/#\/schema\/person\/56a2bdb136cd5997b1dd0485f3d105f9\"},\"breadcrumb\":{\"@id\":\"https:\/\/blog.zeit.de\/gruenegeschaefte\/2013\/01\/10\/der-tagliche-fleischwahn\/#breadcrumb\"},\"inLanguage\":\"de\",\"potentialAction\":[{\"@type\":\"ReadAction\",\"target\":[\"https:\/\/blog.zeit.de\/gruenegeschaefte\/2013\/01\/10\/der-tagliche-fleischwahn\/\"]}]},{\"@type\":\"BreadcrumbList\",\"@id\":\"https:\/\/blog.zeit.de\/gruenegeschaefte\/2013\/01\/10\/der-tagliche-fleischwahn\/#breadcrumb\",\"itemListElement\":[{\"@type\":\"ListItem\",\"position\":1,\"name\":\"Startseite\",\"item\":\"https:\/\/blog.zeit.de\/gruenegeschaefte\/\"},{\"@type\":\"ListItem\",\"position\":2,\"name\":\"Der t\u00e4gliche Fleischwahn\"}]},{\"@type\":\"WebSite\",\"@id\":\"https:\/\/blog.zeit.de\/gruenegeschaefte\/#website\",\"url\":\"https:\/\/blog.zeit.de\/gruenegeschaefte\/\",\"name\":\"Gr\u00fcne Gesch\u00e4fte\",\"description\":\"Wir k\u00f6nnen&#039;s besser: Das Blog f\u00fcr eine Wirtschaft, die Ressourcen und Klima schont\",\"potentialAction\":[{\"@type\":\"SearchAction\",\"target\":{\"@type\":\"EntryPoint\",\"urlTemplate\":\"https:\/\/blog.zeit.de\/gruenegeschaefte\/?s={search_term_string}\"},\"query-input\":\"required name=search_term_string\"}],\"inLanguage\":\"de\"},{\"@type\":\"Person\",\"@id\":\"https:\/\/blog.zeit.de\/gruenegeschaefte\/#\/schema\/person\/56a2bdb136cd5997b1dd0485f3d105f9\",\"name\":\"Marlies Uken\",\"image\":{\"@type\":\"ImageObject\",\"inLanguage\":\"de\",\"@id\":\"https:\/\/blog.zeit.de\/gruenegeschaefte\/#\/schema\/person\/image\/\",\"url\":\"https:\/\/secure.gravatar.com\/avatar\/1b4c2e971f407a9ead4389a9370b171e45b0ee693342f36fcc448bb9175b9ee2?s=96&d=mm&r=g\",\"contentUrl\":\"https:\/\/secure.gravatar.com\/avatar\/1b4c2e971f407a9ead4389a9370b171e45b0ee693342f36fcc448bb9175b9ee2?s=96&d=mm&r=g\",\"caption\":\"Marlies Uken\"},\"description\":\"ist Redakteurin bei ZEIT ONLINE.\",\"sameAs\":[\"https:\/\/blog.zeit.de\/gruenegeschaefte\/\"],\"url\":\"https:\/\/blog.zeit.de\/gruenegeschaefte\/author\/marlies-uken\/\"}]}<\/script>\n<!-- \/ Yoast SEO plugin. -->","yoast_head_json":{"title":"Der t\u00e4gliche Fleischwahn - Gr\u00fcne Gesch\u00e4fte","robots":{"index":"index","follow":"follow","max-snippet":"max-snippet:-1","max-image-preview":"max-image-preview:large","max-video-preview":"max-video-preview:-1"},"canonical":"https:\/\/blog.zeit.de\/gruenegeschaefte\/2013\/01\/10\/der-tagliche-fleischwahn\/","og_locale":"de_DE","og_type":"article","og_title":"Der t\u00e4gliche Fleischwahn - Gr\u00fcne Gesch\u00e4fte","og_description":"Die Daten, die die B\u00f6ll-Stiftung und die Umweltorganisation BUND in ihrem Fleischatlas heute ver\u00f6ffentlichen, erinnern mich an meine Kindheit. Da gab es jeden Tag ein warmes Tellergericht &#8211; und Fleisch geh\u00f6rte selbstverst\u00e4ndlich dazu. Offenbar hat sich seit den achtziger Jahren, in denen ich aufwuchs, nicht viel ver\u00e4ndert. Der Vegetarierbund rechnet vor, dass jeder Deutsche im [&hellip;]","og_url":"https:\/\/blog.zeit.de\/gruenegeschaefte\/2013\/01\/10\/der-tagliche-fleischwahn\/","og_site_name":"Gr\u00fcne Gesch\u00e4fte","article_published_time":"2013-01-10T12:48:25+00:00","article_modified_time":"2013-01-11T10:11:12+00:00","og_image":[{"url":"http:\/\/www.zeit.de\/wirtschaft\/2013-01\/fleischatlas-tiere-auf-dem-teller\/fleischatlas-tiere-auf-dem-teller.jpg"}],"author":"Marlies Uken","twitter_card":"summary_large_image","twitter_creator":"@zeitonline","twitter_site":"@zeitonline","twitter_misc":{"Geschrieben von":"Marlies Uken","Gesch\u00e4tzte Lesezeit":"3\u00a0Minuten"},"schema":{"@context":"https:\/\/schema.org","@graph":[{"@type":"WebPage","@id":"https:\/\/blog.zeit.de\/gruenegeschaefte\/2013\/01\/10\/der-tagliche-fleischwahn\/","url":"https:\/\/blog.zeit.de\/gruenegeschaefte\/2013\/01\/10\/der-tagliche-fleischwahn\/","name":"Der t\u00e4gliche Fleischwahn - Gr\u00fcne Gesch\u00e4fte","isPartOf":{"@id":"https:\/\/blog.zeit.de\/gruenegeschaefte\/#website"},"datePublished":"2013-01-10T12:48:25+00:00","dateModified":"2013-01-11T10:11:12+00:00","author":{"@id":"https:\/\/blog.zeit.de\/gruenegeschaefte\/#\/schema\/person\/56a2bdb136cd5997b1dd0485f3d105f9"},"breadcrumb":{"@id":"https:\/\/blog.zeit.de\/gruenegeschaefte\/2013\/01\/10\/der-tagliche-fleischwahn\/#breadcrumb"},"inLanguage":"de","potentialAction":[{"@type":"ReadAction","target":["https:\/\/blog.zeit.de\/gruenegeschaefte\/2013\/01\/10\/der-tagliche-fleischwahn\/"]}]},{"@type":"BreadcrumbList","@id":"https:\/\/blog.zeit.de\/gruenegeschaefte\/2013\/01\/10\/der-tagliche-fleischwahn\/#breadcrumb","itemListElement":[{"@type":"ListItem","position":1,"name":"Startseite","item":"https:\/\/blog.zeit.de\/gruenegeschaefte\/"},{"@type":"ListItem","position":2,"name":"Der t\u00e4gliche Fleischwahn"}]},{"@type":"WebSite","@id":"https:\/\/blog.zeit.de\/gruenegeschaefte\/#website","url":"https:\/\/blog.zeit.de\/gruenegeschaefte\/","name":"Gr\u00fcne Gesch\u00e4fte","description":"Wir k\u00f6nnen&#039;s besser: Das Blog f\u00fcr eine Wirtschaft, die Ressourcen und Klima schont","potentialAction":[{"@type":"SearchAction","target":{"@type":"EntryPoint","urlTemplate":"https:\/\/blog.zeit.de\/gruenegeschaefte\/?s={search_term_string}"},"query-input":"required name=search_term_string"}],"inLanguage":"de"},{"@type":"Person","@id":"https:\/\/blog.zeit.de\/gruenegeschaefte\/#\/schema\/person\/56a2bdb136cd5997b1dd0485f3d105f9","name":"Marlies Uken","image":{"@type":"ImageObject","inLanguage":"de","@id":"https:\/\/blog.zeit.de\/gruenegeschaefte\/#\/schema\/person\/image\/","url":"https:\/\/secure.gravatar.com\/avatar\/1b4c2e971f407a9ead4389a9370b171e45b0ee693342f36fcc448bb9175b9ee2?s=96&d=mm&r=g","contentUrl":"https:\/\/secure.gravatar.com\/avatar\/1b4c2e971f407a9ead4389a9370b171e45b0ee693342f36fcc448bb9175b9ee2?s=96&d=mm&r=g","caption":"Marlies Uken"},"description":"ist Redakteurin bei ZEIT ONLINE.","sameAs":["https:\/\/blog.zeit.de\/gruenegeschaefte\/"],"url":"https:\/\/blog.zeit.de\/gruenegeschaefte\/author\/marlies-uken\/"}]}},"jetpack_featured_media_url":"","jetpack_sharing_enabled":true,"_links":{"self":[{"href":"https:\/\/blog.zeit.de\/gruenegeschaefte\/wp-json\/wp\/v2\/posts\/5241","targetHints":{"allow":["GET"]}}],"collection":[{"href":"https:\/\/blog.zeit.de\/gruenegeschaefte\/wp-json\/wp\/v2\/posts"}],"about":[{"href":"https:\/\/blog.zeit.de\/gruenegeschaefte\/wp-json\/wp\/v2\/types\/post"}],"author":[{"embeddable":true,"href":"https:\/\/blog.zeit.de\/gruenegeschaefte\/wp-json\/wp\/v2\/users\/196"}],"replies":[{"embeddable":true,"href":"https:\/\/blog.zeit.de\/gruenegeschaefte\/wp-json\/wp\/v2\/comments?post=5241"}],"version-history":[{"count":37,"href":"https:\/\/blog.zeit.de\/gruenegeschaefte\/wp-json\/wp\/v2\/posts\/5241\/revisions"}],"predecessor-version":[{"id":5270,"href":"https:\/\/blog.zeit.de\/gruenegeschaefte\/wp-json\/wp\/v2\/posts\/5241\/revisions\/5270"}],"wp:attachment":[{"href":"https:\/\/blog.zeit.de\/gruenegeschaefte\/wp-json\/wp\/v2\/media?parent=5241"}],"wp:term":[{"taxonomy":"category","embeddable":true,"href":"https:\/\/blog.zeit.de\/gruenegeschaefte\/wp-json\/wp\/v2\/categories?post=5241"},{"taxonomy":"post_tag","embeddable":true,"href":"https:\/\/blog.zeit.de\/gruenegeschaefte\/wp-json\/wp\/v2\/tags?post=5241"}],"curies":[{"name":"wp","href":"https:\/\/api.w.org\/{rel}","templated":true}]}}