{"id":5280,"date":"2013-01-18T15:53:11","date_gmt":"2013-01-18T14:53:11","guid":{"rendered":"http:\/\/blog.zeit.de\/gruenegeschaefte\/?p=5280"},"modified":"2013-01-18T16:20:09","modified_gmt":"2013-01-18T15:20:09","slug":"energiewende-and-its-impact-on-germany%c2%b4s-labour-market","status":"publish","type":"post","link":"https:\/\/blog.zeit.de\/gruenegeschaefte\/2013\/01\/18\/energiewende-and-its-impact-on-germany%c2%b4s-labour-market\/","title":{"rendered":"Energiewende and its impact on Germany\u00b4s labour market"},"content":{"rendered":"<p>Germany\u00a0 is undergoing the Energiewende, a milestone project in transfering the energy and transport sector from nuclear power and fossil energies to renewables and energy efficiency. I found an impressive chart from the Heinrich-B\u00f6ll-Foundation, an institution close to Germany\u00b4s Green Party. On <a href=\"http:\/\/energytransition.de\/2012\/10\/key-findings\/\">energytransition.de\u00a0<\/a> they compared numbers from the <a href=\"https:\/\/www.bmu.de\/\">Ministry of Environment<\/a> und from the <a href=\"http:\/\/www.bmwi.de\/English\/Navigation\/root.html\">Ministry of Economics<\/a> concerning the job growth in the old and new energy sectors. Result: Renewables are the main job driver.<br \/>\n<em>(In eigener Sache: Vielleicht wundert sich der ein oder andere Leser, dass ich diesmal auf Englisch gebloggt habe. Aber das Thema &#8222;Energiewende&#8220; wird besonders auch vom Ausland mit Interesse verfolgt: Wie bekommt eine Industrienation wie Deutschland die Wende hin. &#8222;Energiewende&#8220; ist inzwischen ja selbst im englischsprachigen Raum ein feststehender Begriff, so wie &#8222;Kindergarten&#8220;. Und daher hier einmal ein Experiment, auch die englischsprachigen Leser mit Informationen zu versorgen.)<\/em><\/p>\n<p>&nbsp;<\/p>\n<p><figure id=\"attachment_5281\" aria-describedby=\"caption-attachment-5281\" style=\"width: 540px\" class=\"wp-caption aligncenter\"><a href=\"https:\/\/blog.zeit.de\/gruenegeschaefte\/2013\/01\/18\/energiewende-and-its-impact-on-germany%c2%b4s-labour-market\/get_1a4_renewables_create_more_jobs_l\/\" rel=\"attachment wp-att-5281\"><img loading=\"lazy\" decoding=\"async\" class=\" wp-image-5281  \" alt=\"\u00a9 energytransition.de CC-BY-SA\" src=\"https:\/\/blog.zeit.de\/gruenegeschaefte\/files\/2013\/01\/GET_1A4_renewables_create_more_jobs_l.png\" width=\"540\" height=\"415\" srcset=\"https:\/\/blog.zeit.de\/gruenegeschaefte\/files\/2013\/01\/GET_1A4_renewables_create_more_jobs_l.png 1000w, https:\/\/blog.zeit.de\/gruenegeschaefte\/files\/2013\/01\/GET_1A4_renewables_create_more_jobs_l-300x230.png 300w\" sizes=\"auto, (max-width: 540px) 100vw, 540px\" \/><\/a><figcaption id=\"caption-attachment-5281\" class=\"wp-caption-text\">\u00a9 energytransition.de CC-BY-SA<\/figcaption><\/figure><\/p>\n","protected":false},"excerpt":{"rendered":"<p>Germany\u00a0 is undergoing the Energiewende, a milestone project in transfering the energy and transport sector from nuclear power and fossil energies to renewables and energy efficiency. I found an impressive chart from the Heinrich-B\u00f6ll-Foundation, an institution close to Germany\u00b4s Green Party. On energytransition.de\u00a0 they compared numbers from the Ministry of Environment und from the Ministry [&hellip;]<\/p>\n","protected":false},"author":196,"featured_media":0,"comment_status":"open","ping_status":"open","sticky":false,"template":"","format":"standard","meta":{"_jetpack_memberships_contains_paid_content":false,"footnotes":""},"categories":[1,1123,12577,1122],"tags":[],"class_list":["post-5280","post","type-post","status-publish","format-standard","hentry","category-allgemein","category-energieeffizienz","category-energiewende","category-erneuerbare-energien"],"yoast_head":"<!-- This site is optimized with the Yoast SEO plugin v21.0 - https:\/\/yoast.com\/wordpress\/plugins\/seo\/ -->\n<title>Energiewende and its impact on Germany\u00b4s labour market - Gr\u00fcne Gesch\u00e4fte<\/title>\n<meta name=\"robots\" content=\"index, follow, max-snippet:-1, max-image-preview:large, max-video-preview:-1\" \/>\n<link rel=\"canonical\" href=\"https:\/\/blog.zeit.de\/gruenegeschaefte\/2013\/01\/18\/energiewende-and-its-impact-on-germany\u00b4s-labour-market\/\" \/>\n<meta property=\"og:locale\" content=\"de_DE\" \/>\n<meta property=\"og:type\" content=\"article\" \/>\n<meta property=\"og:title\" content=\"Energiewende and its impact on Germany\u00b4s labour market - Gr\u00fcne Gesch\u00e4fte\" \/>\n<meta property=\"og:description\" content=\"Germany\u00a0 is undergoing the Energiewende, a milestone project in transfering the energy and transport sector from nuclear power and fossil energies to renewables and energy efficiency. I found an impressive chart from the Heinrich-B\u00f6ll-Foundation, an institution close to Germany\u00b4s Green Party. On energytransition.de\u00a0 they compared numbers from the Ministry of Environment und from the Ministry [&hellip;]\" \/>\n<meta property=\"og:url\" content=\"https:\/\/blog.zeit.de\/gruenegeschaefte\/2013\/01\/18\/energiewende-and-its-impact-on-germany\u00b4s-labour-market\/\" \/>\n<meta property=\"og:site_name\" content=\"Gr\u00fcne Gesch\u00e4fte\" \/>\n<meta property=\"article:published_time\" content=\"2013-01-18T14:53:11+00:00\" \/>\n<meta property=\"article:modified_time\" content=\"2013-01-18T15:20:09+00:00\" \/>\n<meta property=\"og:image\" content=\"https:\/\/blog.zeit.de\/gruenegeschaefte\/files\/2013\/01\/GET_1A4_renewables_create_more_jobs_l.png\" \/>\n<meta name=\"author\" content=\"Marlies Uken\" \/>\n<meta name=\"twitter:card\" content=\"summary_large_image\" \/>\n<meta name=\"twitter:creator\" content=\"@zeitonline\" \/>\n<meta name=\"twitter:site\" content=\"@zeitonline\" \/>\n<meta name=\"twitter:label1\" content=\"Geschrieben von\" \/>\n\t<meta name=\"twitter:data1\" content=\"Marlies Uken\" \/>\n\t<meta name=\"twitter:label2\" content=\"Gesch\u00e4tzte Lesezeit\" \/>\n\t<meta name=\"twitter:data2\" content=\"1\u00a0Minute\" \/>\n<script type=\"application\/ld+json\" class=\"yoast-schema-graph\">{\"@context\":\"https:\/\/schema.org\",\"@graph\":[{\"@type\":\"WebPage\",\"@id\":\"https:\/\/blog.zeit.de\/gruenegeschaefte\/2013\/01\/18\/energiewende-and-its-impact-on-germany%c2%b4s-labour-market\/\",\"url\":\"https:\/\/blog.zeit.de\/gruenegeschaefte\/2013\/01\/18\/energiewende-and-its-impact-on-germany%c2%b4s-labour-market\/\",\"name\":\"Energiewende and its impact on Germany\u00b4s labour market - Gr\u00fcne Gesch\u00e4fte\",\"isPartOf\":{\"@id\":\"https:\/\/blog.zeit.de\/gruenegeschaefte\/#website\"},\"datePublished\":\"2013-01-18T14:53:11+00:00\",\"dateModified\":\"2013-01-18T15:20:09+00:00\",\"author\":{\"@id\":\"https:\/\/blog.zeit.de\/gruenegeschaefte\/#\/schema\/person\/56a2bdb136cd5997b1dd0485f3d105f9\"},\"breadcrumb\":{\"@id\":\"https:\/\/blog.zeit.de\/gruenegeschaefte\/2013\/01\/18\/energiewende-and-its-impact-on-germany%c2%b4s-labour-market\/#breadcrumb\"},\"inLanguage\":\"de\",\"potentialAction\":[{\"@type\":\"ReadAction\",\"target\":[\"https:\/\/blog.zeit.de\/gruenegeschaefte\/2013\/01\/18\/energiewende-and-its-impact-on-germany%c2%b4s-labour-market\/\"]}]},{\"@type\":\"BreadcrumbList\",\"@id\":\"https:\/\/blog.zeit.de\/gruenegeschaefte\/2013\/01\/18\/energiewende-and-its-impact-on-germany%c2%b4s-labour-market\/#breadcrumb\",\"itemListElement\":[{\"@type\":\"ListItem\",\"position\":1,\"name\":\"Startseite\",\"item\":\"https:\/\/blog.zeit.de\/gruenegeschaefte\/\"},{\"@type\":\"ListItem\",\"position\":2,\"name\":\"Energiewende and its impact on Germany\u00b4s labour market\"}]},{\"@type\":\"WebSite\",\"@id\":\"https:\/\/blog.zeit.de\/gruenegeschaefte\/#website\",\"url\":\"https:\/\/blog.zeit.de\/gruenegeschaefte\/\",\"name\":\"Gr\u00fcne Gesch\u00e4fte\",\"description\":\"Wir k\u00f6nnen&#039;s besser: Das Blog f\u00fcr eine Wirtschaft, die Ressourcen und Klima schont\",\"potentialAction\":[{\"@type\":\"SearchAction\",\"target\":{\"@type\":\"EntryPoint\",\"urlTemplate\":\"https:\/\/blog.zeit.de\/gruenegeschaefte\/?s={search_term_string}\"},\"query-input\":\"required name=search_term_string\"}],\"inLanguage\":\"de\"},{\"@type\":\"Person\",\"@id\":\"https:\/\/blog.zeit.de\/gruenegeschaefte\/#\/schema\/person\/56a2bdb136cd5997b1dd0485f3d105f9\",\"name\":\"Marlies Uken\",\"image\":{\"@type\":\"ImageObject\",\"inLanguage\":\"de\",\"@id\":\"https:\/\/blog.zeit.de\/gruenegeschaefte\/#\/schema\/person\/image\/\",\"url\":\"https:\/\/secure.gravatar.com\/avatar\/1b4c2e971f407a9ead4389a9370b171e45b0ee693342f36fcc448bb9175b9ee2?s=96&d=mm&r=g\",\"contentUrl\":\"https:\/\/secure.gravatar.com\/avatar\/1b4c2e971f407a9ead4389a9370b171e45b0ee693342f36fcc448bb9175b9ee2?s=96&d=mm&r=g\",\"caption\":\"Marlies Uken\"},\"description\":\"ist Redakteurin bei ZEIT ONLINE.\",\"sameAs\":[\"https:\/\/blog.zeit.de\/gruenegeschaefte\/\"],\"url\":\"https:\/\/blog.zeit.de\/gruenegeschaefte\/author\/marlies-uken\/\"}]}<\/script>\n<!-- \/ Yoast SEO plugin. -->","yoast_head_json":{"title":"Energiewende and its impact on Germany\u00b4s labour market - Gr\u00fcne Gesch\u00e4fte","robots":{"index":"index","follow":"follow","max-snippet":"max-snippet:-1","max-image-preview":"max-image-preview:large","max-video-preview":"max-video-preview:-1"},"canonical":"https:\/\/blog.zeit.de\/gruenegeschaefte\/2013\/01\/18\/energiewende-and-its-impact-on-germany\u00b4s-labour-market\/","og_locale":"de_DE","og_type":"article","og_title":"Energiewende and its impact on Germany\u00b4s labour market - Gr\u00fcne Gesch\u00e4fte","og_description":"Germany\u00a0 is undergoing the Energiewende, a milestone project in transfering the energy and transport sector from nuclear power and fossil energies to renewables and energy efficiency. I found an impressive chart from the Heinrich-B\u00f6ll-Foundation, an institution close to Germany\u00b4s Green Party. On energytransition.de\u00a0 they compared numbers from the Ministry of Environment und from the Ministry [&hellip;]","og_url":"https:\/\/blog.zeit.de\/gruenegeschaefte\/2013\/01\/18\/energiewende-and-its-impact-on-germany\u00b4s-labour-market\/","og_site_name":"Gr\u00fcne Gesch\u00e4fte","article_published_time":"2013-01-18T14:53:11+00:00","article_modified_time":"2013-01-18T15:20:09+00:00","og_image":[{"url":"https:\/\/blog.zeit.de\/gruenegeschaefte\/files\/2013\/01\/GET_1A4_renewables_create_more_jobs_l.png"}],"author":"Marlies Uken","twitter_card":"summary_large_image","twitter_creator":"@zeitonline","twitter_site":"@zeitonline","twitter_misc":{"Geschrieben von":"Marlies Uken","Gesch\u00e4tzte Lesezeit":"1\u00a0Minute"},"schema":{"@context":"https:\/\/schema.org","@graph":[{"@type":"WebPage","@id":"https:\/\/blog.zeit.de\/gruenegeschaefte\/2013\/01\/18\/energiewende-and-its-impact-on-germany%c2%b4s-labour-market\/","url":"https:\/\/blog.zeit.de\/gruenegeschaefte\/2013\/01\/18\/energiewende-and-its-impact-on-germany%c2%b4s-labour-market\/","name":"Energiewende and its impact on Germany\u00b4s labour market - Gr\u00fcne Gesch\u00e4fte","isPartOf":{"@id":"https:\/\/blog.zeit.de\/gruenegeschaefte\/#website"},"datePublished":"2013-01-18T14:53:11+00:00","dateModified":"2013-01-18T15:20:09+00:00","author":{"@id":"https:\/\/blog.zeit.de\/gruenegeschaefte\/#\/schema\/person\/56a2bdb136cd5997b1dd0485f3d105f9"},"breadcrumb":{"@id":"https:\/\/blog.zeit.de\/gruenegeschaefte\/2013\/01\/18\/energiewende-and-its-impact-on-germany%c2%b4s-labour-market\/#breadcrumb"},"inLanguage":"de","potentialAction":[{"@type":"ReadAction","target":["https:\/\/blog.zeit.de\/gruenegeschaefte\/2013\/01\/18\/energiewende-and-its-impact-on-germany%c2%b4s-labour-market\/"]}]},{"@type":"BreadcrumbList","@id":"https:\/\/blog.zeit.de\/gruenegeschaefte\/2013\/01\/18\/energiewende-and-its-impact-on-germany%c2%b4s-labour-market\/#breadcrumb","itemListElement":[{"@type":"ListItem","position":1,"name":"Startseite","item":"https:\/\/blog.zeit.de\/gruenegeschaefte\/"},{"@type":"ListItem","position":2,"name":"Energiewende and its impact on Germany\u00b4s labour market"}]},{"@type":"WebSite","@id":"https:\/\/blog.zeit.de\/gruenegeschaefte\/#website","url":"https:\/\/blog.zeit.de\/gruenegeschaefte\/","name":"Gr\u00fcne Gesch\u00e4fte","description":"Wir k\u00f6nnen&#039;s besser: Das Blog f\u00fcr eine Wirtschaft, die Ressourcen und Klima schont","potentialAction":[{"@type":"SearchAction","target":{"@type":"EntryPoint","urlTemplate":"https:\/\/blog.zeit.de\/gruenegeschaefte\/?s={search_term_string}"},"query-input":"required name=search_term_string"}],"inLanguage":"de"},{"@type":"Person","@id":"https:\/\/blog.zeit.de\/gruenegeschaefte\/#\/schema\/person\/56a2bdb136cd5997b1dd0485f3d105f9","name":"Marlies Uken","image":{"@type":"ImageObject","inLanguage":"de","@id":"https:\/\/blog.zeit.de\/gruenegeschaefte\/#\/schema\/person\/image\/","url":"https:\/\/secure.gravatar.com\/avatar\/1b4c2e971f407a9ead4389a9370b171e45b0ee693342f36fcc448bb9175b9ee2?s=96&d=mm&r=g","contentUrl":"https:\/\/secure.gravatar.com\/avatar\/1b4c2e971f407a9ead4389a9370b171e45b0ee693342f36fcc448bb9175b9ee2?s=96&d=mm&r=g","caption":"Marlies Uken"},"description":"ist Redakteurin bei ZEIT ONLINE.","sameAs":["https:\/\/blog.zeit.de\/gruenegeschaefte\/"],"url":"https:\/\/blog.zeit.de\/gruenegeschaefte\/author\/marlies-uken\/"}]}},"jetpack_featured_media_url":"","jetpack_sharing_enabled":true,"_links":{"self":[{"href":"https:\/\/blog.zeit.de\/gruenegeschaefte\/wp-json\/wp\/v2\/posts\/5280","targetHints":{"allow":["GET"]}}],"collection":[{"href":"https:\/\/blog.zeit.de\/gruenegeschaefte\/wp-json\/wp\/v2\/posts"}],"about":[{"href":"https:\/\/blog.zeit.de\/gruenegeschaefte\/wp-json\/wp\/v2\/types\/post"}],"author":[{"embeddable":true,"href":"https:\/\/blog.zeit.de\/gruenegeschaefte\/wp-json\/wp\/v2\/users\/196"}],"replies":[{"embeddable":true,"href":"https:\/\/blog.zeit.de\/gruenegeschaefte\/wp-json\/wp\/v2\/comments?post=5280"}],"version-history":[{"count":21,"href":"https:\/\/blog.zeit.de\/gruenegeschaefte\/wp-json\/wp\/v2\/posts\/5280\/revisions"}],"predecessor-version":[{"id":5302,"href":"https:\/\/blog.zeit.de\/gruenegeschaefte\/wp-json\/wp\/v2\/posts\/5280\/revisions\/5302"}],"wp:attachment":[{"href":"https:\/\/blog.zeit.de\/gruenegeschaefte\/wp-json\/wp\/v2\/media?parent=5280"}],"wp:term":[{"taxonomy":"category","embeddable":true,"href":"https:\/\/blog.zeit.de\/gruenegeschaefte\/wp-json\/wp\/v2\/categories?post=5280"},{"taxonomy":"post_tag","embeddable":true,"href":"https:\/\/blog.zeit.de\/gruenegeschaefte\/wp-json\/wp\/v2\/tags?post=5280"}],"curies":[{"name":"wp","href":"https:\/\/api.w.org\/{rel}","templated":true}]}}