{"id":5394,"date":"2013-02-01T16:41:09","date_gmt":"2013-02-01T15:41:09","guid":{"rendered":"http:\/\/blog.zeit.de\/gruenegeschaefte\/?p=5394"},"modified":"2013-02-01T16:41:09","modified_gmt":"2013-02-01T15:41:09","slug":"usa-bereinigen-ihre-co2-bilanz","status":"publish","type":"post","link":"https:\/\/blog.zeit.de\/gruenegeschaefte\/2013\/02\/01\/usa-bereinigen-ihre-co2-bilanz\/","title":{"rendered":"USA bereinigen ihre CO2-Bilanz"},"content":{"rendered":"<p>Kurz vor dem Wochenende noch mal\u00a0 eine kleine &#8222;Hoppla&#8220;-Geschichte aus den USA. Das Land hat seine CO2-Emissionen inzwischen auf das Niveau von 1994 reduziert, wie eine neue Studie von <a href=\"http:\/\/www.bcse.org\/index.php?option=com_content&amp;task=view&amp;id=692&amp;Itemid=53&amp;news=news\" target=\"_blank\"><em>Bloomberg New Energy Finance f\u00fcr den Business Council in Sustainable Energy<\/em><\/a> zeigt. Allein in den vergangenen f\u00fcnf Jahren hat das Land die Klimagasemissionen um 13 Prozent reduziert.<\/p>\n<p>Die neuen Zahlen bedeuten nat\u00fcrlich R\u00fcckenwind f\u00fcr Pr\u00e4sident Obama. Klimaschutzgegner, und insbesondere die Anh\u00e4nger der radikalen Tea Party, k\u00f6nnen sich nun nicht mehr darauf berufen, dass Klimaschutz die US-Wirtschaft \u00fcberdurchschnittlich belastet w\u00fcrde, schlie\u00dflich ist das Bruttoinlandsprodukt in den USA im Schnitt jedes Jahr gewachsen (bis auf die Jahre 2008 und 2009).<\/p>\n<p><a href=\"http:\/\/de.statista.com\/statistik\/daten\/studie\/14558\/umfrage\/wachstum-des-bruttoinlandsprodukts-in-den-usa\/\"><img decoding=\"async\" alt=\"Wachstum des Bruttoinlandsprodukts (BIP) in den USA 2013\" src=\"http:\/\/de.statista.com\/graphic\/1\/14558\/wachstum-des-bruttoinlandsprodukts-in-den-usa.jpg\" width=\"540\" \/><\/a><\/p>\n<p>Nun muss man nat\u00fcrlich schauen: Warum genau sind die CO2-Emissionen so stark zur\u00fcckgegangen? Dahinter steckt ein Mix von verschiedenen Ph\u00e4nomenen, so die Studie (und sicherlich hat auch das maue Wirtschaftswachstum in den vergangenen Jahren seinen Anteil). Da ist zum einen der Erdgasboom wegen des Frackings. Es verdr\u00e4ngt vor allem die dreckige Kohle als Brennstoff in den Kraftwerken. Zum anderen gab es ein beeindruckendes Wachstum der Erneuerbaren Energien, sie verzeichneten im vergangenen Jahr mit zus\u00e4tzlichen 17 Gigawatt an \u00d6kostromkapazit\u00e4ten das gr\u00f6\u00dfte Wachstum unter den verschiedenen Energietr\u00e4gern.<\/p>\n<p>Und ein beachtlicher Anteil ist auch Energieeffizienzma\u00dfnahmen zu verdanken, die Amis tauschten vor allem im Gewerbe alte Heizungen und Klimaanlagen aus. Grund daf\u00fcr sind auch strengere gesetzliche Standards. Zudem hat sich zwischen 2008 und 2011 gerade auch der Treibstoffeinsatz im Verkehr ge\u00e4ndert, die Flotte von \u00d6PNV-Bussen und LKW, die mit Gas fahren, verzeichnete ein Wachstum um 26 Prozent.<\/p>\n","protected":false},"excerpt":{"rendered":"<p>Kurz vor dem Wochenende noch mal\u00a0 eine kleine &#8222;Hoppla&#8220;-Geschichte aus den USA. Das Land hat seine CO2-Emissionen inzwischen auf das Niveau von 1994 reduziert, wie eine neue Studie von Bloomberg New Energy Finance f\u00fcr den Business Council in Sustainable Energy zeigt. Allein in den vergangenen f\u00fcnf Jahren hat das Land die Klimagasemissionen um 13 Prozent [&hellip;]<\/p>\n","protected":false},"author":196,"featured_media":0,"comment_status":"open","ping_status":"open","sticky":false,"template":"","format":"standard","meta":{"_jetpack_memberships_contains_paid_content":false,"footnotes":""},"categories":[1123,12577,1122,11062,1132,1145],"tags":[],"class_list":["post-5394","post","type-post","status-publish","format-standard","hentry","category-energieeffizienz","category-energiewende","category-erneuerbare-energien","category-fossile","category-klima","category-kohle"],"yoast_head":"<!-- This site is optimized with the Yoast SEO plugin v21.0 - https:\/\/yoast.com\/wordpress\/plugins\/seo\/ -->\n<title>USA bereinigen ihre CO2-Bilanz - Gr\u00fcne Gesch\u00e4fte<\/title>\n<meta name=\"robots\" content=\"index, follow, max-snippet:-1, max-image-preview:large, max-video-preview:-1\" \/>\n<link rel=\"canonical\" href=\"https:\/\/blog.zeit.de\/gruenegeschaefte\/2013\/02\/01\/usa-bereinigen-ihre-co2-bilanz\/\" \/>\n<meta property=\"og:locale\" content=\"de_DE\" \/>\n<meta property=\"og:type\" content=\"article\" \/>\n<meta property=\"og:title\" content=\"USA bereinigen ihre CO2-Bilanz - Gr\u00fcne Gesch\u00e4fte\" \/>\n<meta property=\"og:description\" content=\"Kurz vor dem Wochenende noch mal\u00a0 eine kleine &#8222;Hoppla&#8220;-Geschichte aus den USA. Das Land hat seine CO2-Emissionen inzwischen auf das Niveau von 1994 reduziert, wie eine neue Studie von Bloomberg New Energy Finance f\u00fcr den Business Council in Sustainable Energy zeigt. Allein in den vergangenen f\u00fcnf Jahren hat das Land die Klimagasemissionen um 13 Prozent [&hellip;]\" \/>\n<meta property=\"og:url\" content=\"https:\/\/blog.zeit.de\/gruenegeschaefte\/2013\/02\/01\/usa-bereinigen-ihre-co2-bilanz\/\" \/>\n<meta property=\"og:site_name\" content=\"Gr\u00fcne Gesch\u00e4fte\" \/>\n<meta property=\"article:published_time\" content=\"2013-02-01T15:41:09+00:00\" \/>\n<meta property=\"og:image\" content=\"http:\/\/de.statista.com\/graphic\/1\/14558\/wachstum-des-bruttoinlandsprodukts-in-den-usa.jpg\" \/>\n<meta name=\"author\" content=\"Marlies Uken\" \/>\n<meta name=\"twitter:card\" content=\"summary_large_image\" \/>\n<meta name=\"twitter:creator\" content=\"@zeitonline\" \/>\n<meta name=\"twitter:site\" content=\"@zeitonline\" \/>\n<meta name=\"twitter:label1\" content=\"Geschrieben von\" \/>\n\t<meta name=\"twitter:data1\" content=\"Marlies Uken\" \/>\n\t<meta name=\"twitter:label2\" content=\"Gesch\u00e4tzte Lesezeit\" \/>\n\t<meta name=\"twitter:data2\" content=\"1\u00a0Minute\" \/>\n<script type=\"application\/ld+json\" class=\"yoast-schema-graph\">{\"@context\":\"https:\/\/schema.org\",\"@graph\":[{\"@type\":\"WebPage\",\"@id\":\"https:\/\/blog.zeit.de\/gruenegeschaefte\/2013\/02\/01\/usa-bereinigen-ihre-co2-bilanz\/\",\"url\":\"https:\/\/blog.zeit.de\/gruenegeschaefte\/2013\/02\/01\/usa-bereinigen-ihre-co2-bilanz\/\",\"name\":\"USA bereinigen ihre CO2-Bilanz - Gr\u00fcne Gesch\u00e4fte\",\"isPartOf\":{\"@id\":\"https:\/\/blog.zeit.de\/gruenegeschaefte\/#website\"},\"datePublished\":\"2013-02-01T15:41:09+00:00\",\"dateModified\":\"2013-02-01T15:41:09+00:00\",\"author\":{\"@id\":\"https:\/\/blog.zeit.de\/gruenegeschaefte\/#\/schema\/person\/56a2bdb136cd5997b1dd0485f3d105f9\"},\"breadcrumb\":{\"@id\":\"https:\/\/blog.zeit.de\/gruenegeschaefte\/2013\/02\/01\/usa-bereinigen-ihre-co2-bilanz\/#breadcrumb\"},\"inLanguage\":\"de\",\"potentialAction\":[{\"@type\":\"ReadAction\",\"target\":[\"https:\/\/blog.zeit.de\/gruenegeschaefte\/2013\/02\/01\/usa-bereinigen-ihre-co2-bilanz\/\"]}]},{\"@type\":\"BreadcrumbList\",\"@id\":\"https:\/\/blog.zeit.de\/gruenegeschaefte\/2013\/02\/01\/usa-bereinigen-ihre-co2-bilanz\/#breadcrumb\",\"itemListElement\":[{\"@type\":\"ListItem\",\"position\":1,\"name\":\"Startseite\",\"item\":\"https:\/\/blog.zeit.de\/gruenegeschaefte\/\"},{\"@type\":\"ListItem\",\"position\":2,\"name\":\"USA bereinigen ihre CO2-Bilanz\"}]},{\"@type\":\"WebSite\",\"@id\":\"https:\/\/blog.zeit.de\/gruenegeschaefte\/#website\",\"url\":\"https:\/\/blog.zeit.de\/gruenegeschaefte\/\",\"name\":\"Gr\u00fcne Gesch\u00e4fte\",\"description\":\"Wir k\u00f6nnen&#039;s besser: Das Blog f\u00fcr eine Wirtschaft, die Ressourcen und Klima schont\",\"potentialAction\":[{\"@type\":\"SearchAction\",\"target\":{\"@type\":\"EntryPoint\",\"urlTemplate\":\"https:\/\/blog.zeit.de\/gruenegeschaefte\/?s={search_term_string}\"},\"query-input\":\"required name=search_term_string\"}],\"inLanguage\":\"de\"},{\"@type\":\"Person\",\"@id\":\"https:\/\/blog.zeit.de\/gruenegeschaefte\/#\/schema\/person\/56a2bdb136cd5997b1dd0485f3d105f9\",\"name\":\"Marlies Uken\",\"image\":{\"@type\":\"ImageObject\",\"inLanguage\":\"de\",\"@id\":\"https:\/\/blog.zeit.de\/gruenegeschaefte\/#\/schema\/person\/image\/\",\"url\":\"https:\/\/secure.gravatar.com\/avatar\/1b4c2e971f407a9ead4389a9370b171e45b0ee693342f36fcc448bb9175b9ee2?s=96&d=mm&r=g\",\"contentUrl\":\"https:\/\/secure.gravatar.com\/avatar\/1b4c2e971f407a9ead4389a9370b171e45b0ee693342f36fcc448bb9175b9ee2?s=96&d=mm&r=g\",\"caption\":\"Marlies Uken\"},\"description\":\"ist Redakteurin bei ZEIT ONLINE.\",\"sameAs\":[\"https:\/\/blog.zeit.de\/gruenegeschaefte\/\"],\"url\":\"https:\/\/blog.zeit.de\/gruenegeschaefte\/author\/marlies-uken\/\"}]}<\/script>\n<!-- \/ Yoast SEO plugin. -->","yoast_head_json":{"title":"USA bereinigen ihre CO2-Bilanz - Gr\u00fcne Gesch\u00e4fte","robots":{"index":"index","follow":"follow","max-snippet":"max-snippet:-1","max-image-preview":"max-image-preview:large","max-video-preview":"max-video-preview:-1"},"canonical":"https:\/\/blog.zeit.de\/gruenegeschaefte\/2013\/02\/01\/usa-bereinigen-ihre-co2-bilanz\/","og_locale":"de_DE","og_type":"article","og_title":"USA bereinigen ihre CO2-Bilanz - Gr\u00fcne Gesch\u00e4fte","og_description":"Kurz vor dem Wochenende noch mal\u00a0 eine kleine &#8222;Hoppla&#8220;-Geschichte aus den USA. Das Land hat seine CO2-Emissionen inzwischen auf das Niveau von 1994 reduziert, wie eine neue Studie von Bloomberg New Energy Finance f\u00fcr den Business Council in Sustainable Energy zeigt. Allein in den vergangenen f\u00fcnf Jahren hat das Land die Klimagasemissionen um 13 Prozent [&hellip;]","og_url":"https:\/\/blog.zeit.de\/gruenegeschaefte\/2013\/02\/01\/usa-bereinigen-ihre-co2-bilanz\/","og_site_name":"Gr\u00fcne Gesch\u00e4fte","article_published_time":"2013-02-01T15:41:09+00:00","og_image":[{"url":"http:\/\/de.statista.com\/graphic\/1\/14558\/wachstum-des-bruttoinlandsprodukts-in-den-usa.jpg"}],"author":"Marlies Uken","twitter_card":"summary_large_image","twitter_creator":"@zeitonline","twitter_site":"@zeitonline","twitter_misc":{"Geschrieben von":"Marlies Uken","Gesch\u00e4tzte Lesezeit":"1\u00a0Minute"},"schema":{"@context":"https:\/\/schema.org","@graph":[{"@type":"WebPage","@id":"https:\/\/blog.zeit.de\/gruenegeschaefte\/2013\/02\/01\/usa-bereinigen-ihre-co2-bilanz\/","url":"https:\/\/blog.zeit.de\/gruenegeschaefte\/2013\/02\/01\/usa-bereinigen-ihre-co2-bilanz\/","name":"USA bereinigen ihre CO2-Bilanz - Gr\u00fcne Gesch\u00e4fte","isPartOf":{"@id":"https:\/\/blog.zeit.de\/gruenegeschaefte\/#website"},"datePublished":"2013-02-01T15:41:09+00:00","dateModified":"2013-02-01T15:41:09+00:00","author":{"@id":"https:\/\/blog.zeit.de\/gruenegeschaefte\/#\/schema\/person\/56a2bdb136cd5997b1dd0485f3d105f9"},"breadcrumb":{"@id":"https:\/\/blog.zeit.de\/gruenegeschaefte\/2013\/02\/01\/usa-bereinigen-ihre-co2-bilanz\/#breadcrumb"},"inLanguage":"de","potentialAction":[{"@type":"ReadAction","target":["https:\/\/blog.zeit.de\/gruenegeschaefte\/2013\/02\/01\/usa-bereinigen-ihre-co2-bilanz\/"]}]},{"@type":"BreadcrumbList","@id":"https:\/\/blog.zeit.de\/gruenegeschaefte\/2013\/02\/01\/usa-bereinigen-ihre-co2-bilanz\/#breadcrumb","itemListElement":[{"@type":"ListItem","position":1,"name":"Startseite","item":"https:\/\/blog.zeit.de\/gruenegeschaefte\/"},{"@type":"ListItem","position":2,"name":"USA bereinigen ihre CO2-Bilanz"}]},{"@type":"WebSite","@id":"https:\/\/blog.zeit.de\/gruenegeschaefte\/#website","url":"https:\/\/blog.zeit.de\/gruenegeschaefte\/","name":"Gr\u00fcne Gesch\u00e4fte","description":"Wir k\u00f6nnen&#039;s besser: Das Blog f\u00fcr eine Wirtschaft, die Ressourcen und Klima schont","potentialAction":[{"@type":"SearchAction","target":{"@type":"EntryPoint","urlTemplate":"https:\/\/blog.zeit.de\/gruenegeschaefte\/?s={search_term_string}"},"query-input":"required name=search_term_string"}],"inLanguage":"de"},{"@type":"Person","@id":"https:\/\/blog.zeit.de\/gruenegeschaefte\/#\/schema\/person\/56a2bdb136cd5997b1dd0485f3d105f9","name":"Marlies Uken","image":{"@type":"ImageObject","inLanguage":"de","@id":"https:\/\/blog.zeit.de\/gruenegeschaefte\/#\/schema\/person\/image\/","url":"https:\/\/secure.gravatar.com\/avatar\/1b4c2e971f407a9ead4389a9370b171e45b0ee693342f36fcc448bb9175b9ee2?s=96&d=mm&r=g","contentUrl":"https:\/\/secure.gravatar.com\/avatar\/1b4c2e971f407a9ead4389a9370b171e45b0ee693342f36fcc448bb9175b9ee2?s=96&d=mm&r=g","caption":"Marlies Uken"},"description":"ist Redakteurin bei ZEIT ONLINE.","sameAs":["https:\/\/blog.zeit.de\/gruenegeschaefte\/"],"url":"https:\/\/blog.zeit.de\/gruenegeschaefte\/author\/marlies-uken\/"}]}},"jetpack_featured_media_url":"","jetpack_sharing_enabled":true,"_links":{"self":[{"href":"https:\/\/blog.zeit.de\/gruenegeschaefte\/wp-json\/wp\/v2\/posts\/5394","targetHints":{"allow":["GET"]}}],"collection":[{"href":"https:\/\/blog.zeit.de\/gruenegeschaefte\/wp-json\/wp\/v2\/posts"}],"about":[{"href":"https:\/\/blog.zeit.de\/gruenegeschaefte\/wp-json\/wp\/v2\/types\/post"}],"author":[{"embeddable":true,"href":"https:\/\/blog.zeit.de\/gruenegeschaefte\/wp-json\/wp\/v2\/users\/196"}],"replies":[{"embeddable":true,"href":"https:\/\/blog.zeit.de\/gruenegeschaefte\/wp-json\/wp\/v2\/comments?post=5394"}],"version-history":[{"count":14,"href":"https:\/\/blog.zeit.de\/gruenegeschaefte\/wp-json\/wp\/v2\/posts\/5394\/revisions"}],"predecessor-version":[{"id":5408,"href":"https:\/\/blog.zeit.de\/gruenegeschaefte\/wp-json\/wp\/v2\/posts\/5394\/revisions\/5408"}],"wp:attachment":[{"href":"https:\/\/blog.zeit.de\/gruenegeschaefte\/wp-json\/wp\/v2\/media?parent=5394"}],"wp:term":[{"taxonomy":"category","embeddable":true,"href":"https:\/\/blog.zeit.de\/gruenegeschaefte\/wp-json\/wp\/v2\/categories?post=5394"},{"taxonomy":"post_tag","embeddable":true,"href":"https:\/\/blog.zeit.de\/gruenegeschaefte\/wp-json\/wp\/v2\/tags?post=5394"}],"curies":[{"name":"wp","href":"https:\/\/api.w.org\/{rel}","templated":true}]}}