{"id":5525,"date":"2013-02-25T15:03:34","date_gmt":"2013-02-25T14:03:34","guid":{"rendered":"http:\/\/blog.zeit.de\/gruenegeschaefte\/?p=5525"},"modified":"2013-03-05T10:33:04","modified_gmt":"2013-03-05T09:33:04","slug":"uunnnd-weg-die-verpackung-die-selbst-verschwindet","status":"publish","type":"post","link":"https:\/\/blog.zeit.de\/gruenegeschaefte\/2013\/02\/25\/uunnnd-weg-die-verpackung-die-selbst-verschwindet\/","title":{"rendered":"Uunnnd weg: Die Verpackung, die selbst verschwindet"},"content":{"rendered":"<p>Gibt es etwas \u00dcberfl\u00fcssigeres als Verpackungen f\u00fcr M\u00fcllbeutel? (Man k\u00f6nnte gar eine geisteswissenschaftliche Abhandlung dar\u00fcber verfassen, wie eine M\u00fcllsack-Verpackung sich selbst die eigene Nachfrage schafft, aber das nur am Rande.) Auf jeden Fall muss sich der US-Designer Aaron Mickelson diese Frage oft gestellt haben, als er an seiner Studienarbeit sa\u00df. Jedes Jahr fallen allein in Deutschland mehr als <a href=\"http:\/\/www.umweltbundesamt-daten-zur-umwelt.de\/umweltdaten\/public\/theme.do;jsessionid=7A8C0ECAA7D6CD28D9B5B764311B3A7F?nodeIdent=2315\">15 Millionen Tonnen Verpackungsm\u00fcll <\/a>an, in den USA sind es sogar 76 Millinen Tonnen im Jahr, so die <a href=\"http:\/\/www.epa.gov\/osw\/nonhaz\/municipal\/msw99.htm\">Umweltbeh\u00f6rde EPA.\u00a0 <\/a><\/p>\n<p>Der Verpackungswahn belastet die Umwelt, er kostet kostbare Energie f\u00fcr Produktion und Beseitigung \u2013 und ist vor allem ein \u00c4rgernis. Ich erw\u00e4hne hier nur am Rande die in Hartplastik eingeschwei\u00dften Zahnb\u00fcrsten oder smartphones, die in Kartons daherkommen, die mindestens drei Mal so gro\u00df sind wie das eigentliche Produkt.<\/p>\n<p><figure id=\"attachment_5526\" aria-describedby=\"caption-attachment-5526\" style=\"width: 340px\" class=\"wp-caption alignnone\"><a href=\"https:\/\/blog.zeit.de\/gruenegeschaefte\/2013\/02\/25\/uunnnd-weg-die-verpackung-die-selbst-verschwindet\/tide\/\" rel=\"attachment wp-att-5526\"><img decoding=\"async\" class=\" wp-image-5526 \" alt=\"\u00a9 2013 Aaron Mickelson\" src=\"https:\/\/blog.zeit.de\/gruenegeschaefte\/files\/2013\/02\/tide.jpg\" width=\"340\" srcset=\"https:\/\/blog.zeit.de\/gruenegeschaefte\/files\/2013\/02\/tide.jpg 1500w, https:\/\/blog.zeit.de\/gruenegeschaefte\/files\/2013\/02\/tide-300x222.jpg 300w, https:\/\/blog.zeit.de\/gruenegeschaefte\/files\/2013\/02\/tide-1024x760.jpg 1024w\" sizes=\"(max-width: 1500px) 100vw, 1500px\" \/><\/a><figcaption id=\"caption-attachment-5526\" class=\"wp-caption-text\">\u00a9 2013 Aaron Mickelson<\/figcaption><\/figure><\/p>\n<p>Mickelson hat sich ingesamt f\u00fcnf Produkte vorgenommen, deren Verpackung er verschwinden lassen will, daher hei\u00dft seine Homepage auch <a href=\"http:\/\/disappearingpackage.com\/\" target=\"_blank\">http:\/\/disappearingpackage.com<\/a>. Ein Beispiel sind etwa Waschmittel-Tabs, die Mickelsen in wasserl\u00f6slicher Plastik verpackt und die inklusive Verpackung dann in der Waschmaschine landen und sich aufl\u00e4sen. Das erspart l\u00e4stige Waschmittelkanister oder Pulverpakete.<\/p>\n<p>Ein anderes Beispiel ist ein St\u00fcck Nivea Seife. \u00dcblicherweise sind gerade teurere Seifen ja noch einmal extra in einem Pappkarton verpackt. Mickelsen hat sich nun auf die Suche nach wasserl\u00f6slichem Papier gemacht und das Seifenst\u00fcck darin eingewickelt. W\u00e4scht man die H\u00e4nde unter\u00b4m\u00a0 Wasserhahn mit der Seife, l\u00f6st sich das Papier mit auf.<\/p>\n<p>Nun k\u00f6nnte man nat\u00fcrlich sagen: so ein Quatsch. Denn nat\u00fcrlich machen Verpackungen auch einen Sinn, weil sie eben sch\u00fctzen (Auf den Seiten von\u00a0<a href=\"http:\/\/www.wired.com\/design\/2013\/02\/packages-without-packaging\/?pid=2208\" target=\"_blank\"><em>Wired<\/em><\/a> diskutieren die Kommentatoren etwa, welchen Sinn gerade bei Seifen und Waschmitteln Verpackungen machen, die wasserl\u00f6slich sind). Aber Mickelsen will eine Debatte ansto\u00dfen. Welche Verpackungen brauchen wir eigentlich wirklich? Und welche sind einfach nur \u00fcberfl\u00fcssig\u00a0 \u2013 und oft ja leider noch nicht einmal dann wenigstens sch\u00f6n.<\/p>\n<p>&nbsp;<\/p>\n","protected":false},"excerpt":{"rendered":"<p>Gibt es etwas \u00dcberfl\u00fcssigeres als Verpackungen f\u00fcr M\u00fcllbeutel? (Man k\u00f6nnte gar eine geisteswissenschaftliche Abhandlung dar\u00fcber verfassen, wie eine M\u00fcllsack-Verpackung sich selbst die eigene Nachfrage schafft, aber das nur am Rande.) Auf jeden Fall muss sich der US-Designer Aaron Mickelson diese Frage oft gestellt haben, als er an seiner Studienarbeit sa\u00df. Jedes Jahr fallen allein in [&hellip;]<\/p>\n","protected":false},"author":196,"featured_media":0,"comment_status":"open","ping_status":"open","sticky":false,"template":"","format":"standard","meta":{"_jetpack_memberships_contains_paid_content":false,"footnotes":""},"categories":[1312,1123,2042,2417],"tags":[],"class_list":["post-5525","post","type-post","status-publish","format-standard","hentry","category-abfall","category-energieeffizienz","category-innovation","category-konsum"],"yoast_head":"<!-- This site is optimized with the Yoast SEO plugin v21.0 - https:\/\/yoast.com\/wordpress\/plugins\/seo\/ -->\n<title>Uunnnd weg: Die Verpackung, die selbst verschwindet  - Gr\u00fcne Gesch\u00e4fte<\/title>\n<meta name=\"robots\" content=\"index, follow, max-snippet:-1, max-image-preview:large, max-video-preview:-1\" \/>\n<link rel=\"canonical\" href=\"https:\/\/blog.zeit.de\/gruenegeschaefte\/2013\/02\/25\/uunnnd-weg-die-verpackung-die-selbst-verschwindet\/\" \/>\n<meta property=\"og:locale\" content=\"de_DE\" \/>\n<meta property=\"og:type\" content=\"article\" \/>\n<meta property=\"og:title\" content=\"Uunnnd weg: Die Verpackung, die selbst verschwindet  - Gr\u00fcne Gesch\u00e4fte\" \/>\n<meta property=\"og:description\" content=\"Gibt es etwas \u00dcberfl\u00fcssigeres als Verpackungen f\u00fcr M\u00fcllbeutel? (Man k\u00f6nnte gar eine geisteswissenschaftliche Abhandlung dar\u00fcber verfassen, wie eine M\u00fcllsack-Verpackung sich selbst die eigene Nachfrage schafft, aber das nur am Rande.) Auf jeden Fall muss sich der US-Designer Aaron Mickelson diese Frage oft gestellt haben, als er an seiner Studienarbeit sa\u00df. Jedes Jahr fallen allein in [&hellip;]\" \/>\n<meta property=\"og:url\" content=\"https:\/\/blog.zeit.de\/gruenegeschaefte\/2013\/02\/25\/uunnnd-weg-die-verpackung-die-selbst-verschwindet\/\" \/>\n<meta property=\"og:site_name\" content=\"Gr\u00fcne Gesch\u00e4fte\" \/>\n<meta property=\"article:published_time\" content=\"2013-02-25T14:03:34+00:00\" \/>\n<meta property=\"article:modified_time\" content=\"2013-03-05T09:33:04+00:00\" \/>\n<meta property=\"og:image\" content=\"https:\/\/blog.zeit.de\/gruenegeschaefte\/files\/2013\/02\/tide.jpg\" \/>\n<meta name=\"author\" content=\"Marlies Uken\" \/>\n<meta name=\"twitter:card\" content=\"summary_large_image\" \/>\n<meta name=\"twitter:creator\" content=\"@zeitonline\" \/>\n<meta name=\"twitter:site\" content=\"@zeitonline\" \/>\n<meta name=\"twitter:label1\" content=\"Geschrieben von\" \/>\n\t<meta name=\"twitter:data1\" content=\"Marlies Uken\" \/>\n\t<meta name=\"twitter:label2\" content=\"Gesch\u00e4tzte Lesezeit\" \/>\n\t<meta name=\"twitter:data2\" content=\"2\u00a0Minuten\" \/>\n<script type=\"application\/ld+json\" class=\"yoast-schema-graph\">{\"@context\":\"https:\/\/schema.org\",\"@graph\":[{\"@type\":\"WebPage\",\"@id\":\"https:\/\/blog.zeit.de\/gruenegeschaefte\/2013\/02\/25\/uunnnd-weg-die-verpackung-die-selbst-verschwindet\/\",\"url\":\"https:\/\/blog.zeit.de\/gruenegeschaefte\/2013\/02\/25\/uunnnd-weg-die-verpackung-die-selbst-verschwindet\/\",\"name\":\"Uunnnd weg: Die Verpackung, die selbst verschwindet - Gr\u00fcne Gesch\u00e4fte\",\"isPartOf\":{\"@id\":\"https:\/\/blog.zeit.de\/gruenegeschaefte\/#website\"},\"datePublished\":\"2013-02-25T14:03:34+00:00\",\"dateModified\":\"2013-03-05T09:33:04+00:00\",\"author\":{\"@id\":\"https:\/\/blog.zeit.de\/gruenegeschaefte\/#\/schema\/person\/56a2bdb136cd5997b1dd0485f3d105f9\"},\"breadcrumb\":{\"@id\":\"https:\/\/blog.zeit.de\/gruenegeschaefte\/2013\/02\/25\/uunnnd-weg-die-verpackung-die-selbst-verschwindet\/#breadcrumb\"},\"inLanguage\":\"de\",\"potentialAction\":[{\"@type\":\"ReadAction\",\"target\":[\"https:\/\/blog.zeit.de\/gruenegeschaefte\/2013\/02\/25\/uunnnd-weg-die-verpackung-die-selbst-verschwindet\/\"]}]},{\"@type\":\"BreadcrumbList\",\"@id\":\"https:\/\/blog.zeit.de\/gruenegeschaefte\/2013\/02\/25\/uunnnd-weg-die-verpackung-die-selbst-verschwindet\/#breadcrumb\",\"itemListElement\":[{\"@type\":\"ListItem\",\"position\":1,\"name\":\"Startseite\",\"item\":\"https:\/\/blog.zeit.de\/gruenegeschaefte\/\"},{\"@type\":\"ListItem\",\"position\":2,\"name\":\"Uunnnd weg: Die Verpackung, die selbst verschwindet\"}]},{\"@type\":\"WebSite\",\"@id\":\"https:\/\/blog.zeit.de\/gruenegeschaefte\/#website\",\"url\":\"https:\/\/blog.zeit.de\/gruenegeschaefte\/\",\"name\":\"Gr\u00fcne Gesch\u00e4fte\",\"description\":\"Wir k\u00f6nnen&#039;s besser: Das Blog f\u00fcr eine Wirtschaft, die Ressourcen und Klima schont\",\"potentialAction\":[{\"@type\":\"SearchAction\",\"target\":{\"@type\":\"EntryPoint\",\"urlTemplate\":\"https:\/\/blog.zeit.de\/gruenegeschaefte\/?s={search_term_string}\"},\"query-input\":\"required name=search_term_string\"}],\"inLanguage\":\"de\"},{\"@type\":\"Person\",\"@id\":\"https:\/\/blog.zeit.de\/gruenegeschaefte\/#\/schema\/person\/56a2bdb136cd5997b1dd0485f3d105f9\",\"name\":\"Marlies Uken\",\"image\":{\"@type\":\"ImageObject\",\"inLanguage\":\"de\",\"@id\":\"https:\/\/blog.zeit.de\/gruenegeschaefte\/#\/schema\/person\/image\/\",\"url\":\"https:\/\/secure.gravatar.com\/avatar\/1b4c2e971f407a9ead4389a9370b171e45b0ee693342f36fcc448bb9175b9ee2?s=96&d=mm&r=g\",\"contentUrl\":\"https:\/\/secure.gravatar.com\/avatar\/1b4c2e971f407a9ead4389a9370b171e45b0ee693342f36fcc448bb9175b9ee2?s=96&d=mm&r=g\",\"caption\":\"Marlies Uken\"},\"description\":\"ist Redakteurin bei ZEIT ONLINE.\",\"sameAs\":[\"https:\/\/blog.zeit.de\/gruenegeschaefte\/\"],\"url\":\"https:\/\/blog.zeit.de\/gruenegeschaefte\/author\/marlies-uken\/\"}]}<\/script>\n<!-- \/ Yoast SEO plugin. -->","yoast_head_json":{"title":"Uunnnd weg: Die Verpackung, die selbst verschwindet  - Gr\u00fcne Gesch\u00e4fte","robots":{"index":"index","follow":"follow","max-snippet":"max-snippet:-1","max-image-preview":"max-image-preview:large","max-video-preview":"max-video-preview:-1"},"canonical":"https:\/\/blog.zeit.de\/gruenegeschaefte\/2013\/02\/25\/uunnnd-weg-die-verpackung-die-selbst-verschwindet\/","og_locale":"de_DE","og_type":"article","og_title":"Uunnnd weg: Die Verpackung, die selbst verschwindet  - Gr\u00fcne Gesch\u00e4fte","og_description":"Gibt es etwas \u00dcberfl\u00fcssigeres als Verpackungen f\u00fcr M\u00fcllbeutel? (Man k\u00f6nnte gar eine geisteswissenschaftliche Abhandlung dar\u00fcber verfassen, wie eine M\u00fcllsack-Verpackung sich selbst die eigene Nachfrage schafft, aber das nur am Rande.) Auf jeden Fall muss sich der US-Designer Aaron Mickelson diese Frage oft gestellt haben, als er an seiner Studienarbeit sa\u00df. Jedes Jahr fallen allein in [&hellip;]","og_url":"https:\/\/blog.zeit.de\/gruenegeschaefte\/2013\/02\/25\/uunnnd-weg-die-verpackung-die-selbst-verschwindet\/","og_site_name":"Gr\u00fcne Gesch\u00e4fte","article_published_time":"2013-02-25T14:03:34+00:00","article_modified_time":"2013-03-05T09:33:04+00:00","og_image":[{"url":"https:\/\/blog.zeit.de\/gruenegeschaefte\/files\/2013\/02\/tide.jpg"}],"author":"Marlies Uken","twitter_card":"summary_large_image","twitter_creator":"@zeitonline","twitter_site":"@zeitonline","twitter_misc":{"Geschrieben von":"Marlies Uken","Gesch\u00e4tzte Lesezeit":"2\u00a0Minuten"},"schema":{"@context":"https:\/\/schema.org","@graph":[{"@type":"WebPage","@id":"https:\/\/blog.zeit.de\/gruenegeschaefte\/2013\/02\/25\/uunnnd-weg-die-verpackung-die-selbst-verschwindet\/","url":"https:\/\/blog.zeit.de\/gruenegeschaefte\/2013\/02\/25\/uunnnd-weg-die-verpackung-die-selbst-verschwindet\/","name":"Uunnnd weg: Die Verpackung, die selbst verschwindet - Gr\u00fcne Gesch\u00e4fte","isPartOf":{"@id":"https:\/\/blog.zeit.de\/gruenegeschaefte\/#website"},"datePublished":"2013-02-25T14:03:34+00:00","dateModified":"2013-03-05T09:33:04+00:00","author":{"@id":"https:\/\/blog.zeit.de\/gruenegeschaefte\/#\/schema\/person\/56a2bdb136cd5997b1dd0485f3d105f9"},"breadcrumb":{"@id":"https:\/\/blog.zeit.de\/gruenegeschaefte\/2013\/02\/25\/uunnnd-weg-die-verpackung-die-selbst-verschwindet\/#breadcrumb"},"inLanguage":"de","potentialAction":[{"@type":"ReadAction","target":["https:\/\/blog.zeit.de\/gruenegeschaefte\/2013\/02\/25\/uunnnd-weg-die-verpackung-die-selbst-verschwindet\/"]}]},{"@type":"BreadcrumbList","@id":"https:\/\/blog.zeit.de\/gruenegeschaefte\/2013\/02\/25\/uunnnd-weg-die-verpackung-die-selbst-verschwindet\/#breadcrumb","itemListElement":[{"@type":"ListItem","position":1,"name":"Startseite","item":"https:\/\/blog.zeit.de\/gruenegeschaefte\/"},{"@type":"ListItem","position":2,"name":"Uunnnd weg: Die Verpackung, die selbst verschwindet"}]},{"@type":"WebSite","@id":"https:\/\/blog.zeit.de\/gruenegeschaefte\/#website","url":"https:\/\/blog.zeit.de\/gruenegeschaefte\/","name":"Gr\u00fcne Gesch\u00e4fte","description":"Wir k\u00f6nnen&#039;s besser: Das Blog f\u00fcr eine Wirtschaft, die Ressourcen und Klima schont","potentialAction":[{"@type":"SearchAction","target":{"@type":"EntryPoint","urlTemplate":"https:\/\/blog.zeit.de\/gruenegeschaefte\/?s={search_term_string}"},"query-input":"required name=search_term_string"}],"inLanguage":"de"},{"@type":"Person","@id":"https:\/\/blog.zeit.de\/gruenegeschaefte\/#\/schema\/person\/56a2bdb136cd5997b1dd0485f3d105f9","name":"Marlies Uken","image":{"@type":"ImageObject","inLanguage":"de","@id":"https:\/\/blog.zeit.de\/gruenegeschaefte\/#\/schema\/person\/image\/","url":"https:\/\/secure.gravatar.com\/avatar\/1b4c2e971f407a9ead4389a9370b171e45b0ee693342f36fcc448bb9175b9ee2?s=96&d=mm&r=g","contentUrl":"https:\/\/secure.gravatar.com\/avatar\/1b4c2e971f407a9ead4389a9370b171e45b0ee693342f36fcc448bb9175b9ee2?s=96&d=mm&r=g","caption":"Marlies Uken"},"description":"ist Redakteurin bei ZEIT ONLINE.","sameAs":["https:\/\/blog.zeit.de\/gruenegeschaefte\/"],"url":"https:\/\/blog.zeit.de\/gruenegeschaefte\/author\/marlies-uken\/"}]}},"jetpack_featured_media_url":"","jetpack_sharing_enabled":true,"_links":{"self":[{"href":"https:\/\/blog.zeit.de\/gruenegeschaefte\/wp-json\/wp\/v2\/posts\/5525","targetHints":{"allow":["GET"]}}],"collection":[{"href":"https:\/\/blog.zeit.de\/gruenegeschaefte\/wp-json\/wp\/v2\/posts"}],"about":[{"href":"https:\/\/blog.zeit.de\/gruenegeschaefte\/wp-json\/wp\/v2\/types\/post"}],"author":[{"embeddable":true,"href":"https:\/\/blog.zeit.de\/gruenegeschaefte\/wp-json\/wp\/v2\/users\/196"}],"replies":[{"embeddable":true,"href":"https:\/\/blog.zeit.de\/gruenegeschaefte\/wp-json\/wp\/v2\/comments?post=5525"}],"version-history":[{"count":12,"href":"https:\/\/blog.zeit.de\/gruenegeschaefte\/wp-json\/wp\/v2\/posts\/5525\/revisions"}],"predecessor-version":[{"id":5568,"href":"https:\/\/blog.zeit.de\/gruenegeschaefte\/wp-json\/wp\/v2\/posts\/5525\/revisions\/5568"}],"wp:attachment":[{"href":"https:\/\/blog.zeit.de\/gruenegeschaefte\/wp-json\/wp\/v2\/media?parent=5525"}],"wp:term":[{"taxonomy":"category","embeddable":true,"href":"https:\/\/blog.zeit.de\/gruenegeschaefte\/wp-json\/wp\/v2\/categories?post=5525"},{"taxonomy":"post_tag","embeddable":true,"href":"https:\/\/blog.zeit.de\/gruenegeschaefte\/wp-json\/wp\/v2\/tags?post=5525"}],"curies":[{"name":"wp","href":"https:\/\/api.w.org\/{rel}","templated":true}]}}