{"id":567,"date":"2010-02-25T13:06:57","date_gmt":"2010-02-25T12:06:57","guid":{"rendered":"http:\/\/blog.zeit.de\/gruenegeschaefte\/?p=567"},"modified":"2010-02-26T11:38:51","modified_gmt":"2010-02-26T10:38:51","slug":"willkommen-in-der-plastikwelt","status":"publish","type":"post","link":"https:\/\/blog.zeit.de\/gruenegeschaefte\/2010\/02\/25\/willkommen-in-der-plastikwelt\/","title":{"rendered":"Willkommen in der Plastikwelt"},"content":{"rendered":"<p>Heute l\u00e4uft in den deutschen Kinos der wirklich spannende Dokumentarfilm &#8222;Plastic Planet&#8220; des \u00d6sterreichers Werner Boote an.<\/p>\n<p>Den Stil kennt man von Michael Moore oder Filmen wie &#8222;We feed the World&#8220;. Boote ist rund um die Welt gereist, hat in Shanghai das Recyceln von Plastikflaschen in dreckigen Hinterh\u00f6fen gedreht, bei Venedig \u00fcber Chemieunf\u00e4lle bei der Plastikproduktion recherchiert\u00a0 und den riesigen Plastikstrudel im Pazifik gefilmt (wo es inzwischen mehr Plastik als Plankton geben soll).<\/p>\n<p><object classid=\"clsid:d27cdb6e-ae6d-11cf-96b8-444553540000\" width=\"560\" height=\"340\" codebase=\"http:\/\/download.macromedia.com\/pub\/shockwave\/cabs\/flash\/swflash.cab#version=6,0,40,0\"><param name=\"allowFullScreen\" value=\"true\" \/><param name=\"allowscriptaccess\" value=\"always\" \/><param name=\"src\" value=\"http:\/\/www.youtube.com\/v\/BV-19F-YvUY&amp;hl=en_US&amp;fs=1&amp;\" \/><param name=\"allowfullscreen\" value=\"true\" \/><\/object><\/p>\n<p>Das Ergebnis ist ein Blick in eine Branche, die sich vor allem durch Gesch\u00e4ftsgeheimnisse auszeichnet. Schauen Sie sich einmal auf Ihrem Schreibtisch um: Glaubt man Boote, wird Ihnen niemand sagen k\u00f6nnen, aus welchen Chemikalien Ihr Telefongeh\u00e4use, Ihre Wasserflasche oder das Stromkabel genau entstanden sind &#8211; so gut h\u00fcten die Hersteller die Zusammensetzungen der Kunststoffprodukte. Blindes Vertrauen in Plastik, das ist die Bilanz von Boote. Auf jeden Fall sehenswert!<\/p>\n<p>PS: <a href=\"http:\/\/www.zeit.de\/2010\/09\/PET-Haus\">In der ZEIT schreibt \u00fcbrigens Burkhard Strassmann \u00fcber PET-Flaschen als Baumaterial. <\/a><\/p>\n","protected":false},"excerpt":{"rendered":"<p>Heute l\u00e4uft in den deutschen Kinos der wirklich spannende Dokumentarfilm &#8222;Plastic Planet&#8220; des \u00d6sterreichers Werner Boote an. Den Stil kennt man von Michael Moore oder Filmen wie &#8222;We feed the World&#8220;. Boote ist rund um die Welt gereist, hat in Shanghai das Recyceln von Plastikflaschen in dreckigen Hinterh\u00f6fen gedreht, bei Venedig \u00fcber Chemieunf\u00e4lle bei der [&hellip;]<\/p>\n","protected":false},"author":196,"featured_media":0,"comment_status":"open","ping_status":"open","sticky":false,"template":"","format":"standard","meta":{"_jetpack_memberships_contains_paid_content":false,"footnotes":""},"categories":[1312,1271],"tags":[],"class_list":["post-567","post","type-post","status-publish","format-standard","hentry","category-abfall","category-umweltschutz"],"yoast_head":"<!-- This site is optimized with the Yoast SEO plugin v21.0 - https:\/\/yoast.com\/wordpress\/plugins\/seo\/ -->\n<title>Willkommen in der Plastikwelt - Gr\u00fcne Gesch\u00e4fte<\/title>\n<meta name=\"robots\" content=\"index, follow, max-snippet:-1, max-image-preview:large, max-video-preview:-1\" \/>\n<link rel=\"canonical\" href=\"https:\/\/blog.zeit.de\/gruenegeschaefte\/2010\/02\/25\/willkommen-in-der-plastikwelt\/\" \/>\n<meta property=\"og:locale\" content=\"de_DE\" \/>\n<meta property=\"og:type\" content=\"article\" \/>\n<meta property=\"og:title\" content=\"Willkommen in der Plastikwelt - Gr\u00fcne Gesch\u00e4fte\" \/>\n<meta property=\"og:description\" content=\"Heute l\u00e4uft in den deutschen Kinos der wirklich spannende Dokumentarfilm &#8222;Plastic Planet&#8220; des \u00d6sterreichers Werner Boote an. Den Stil kennt man von Michael Moore oder Filmen wie &#8222;We feed the World&#8220;. Boote ist rund um die Welt gereist, hat in Shanghai das Recyceln von Plastikflaschen in dreckigen Hinterh\u00f6fen gedreht, bei Venedig \u00fcber Chemieunf\u00e4lle bei der [&hellip;]\" \/>\n<meta property=\"og:url\" content=\"https:\/\/blog.zeit.de\/gruenegeschaefte\/2010\/02\/25\/willkommen-in-der-plastikwelt\/\" \/>\n<meta property=\"og:site_name\" content=\"Gr\u00fcne Gesch\u00e4fte\" \/>\n<meta property=\"article:published_time\" content=\"2010-02-25T12:06:57+00:00\" \/>\n<meta property=\"article:modified_time\" content=\"2010-02-26T10:38:51+00:00\" \/>\n<meta name=\"author\" content=\"Marlies Uken\" \/>\n<meta name=\"twitter:card\" content=\"summary_large_image\" \/>\n<meta name=\"twitter:creator\" content=\"@zeitonline\" \/>\n<meta name=\"twitter:site\" content=\"@zeitonline\" \/>\n<meta name=\"twitter:label1\" content=\"Geschrieben von\" \/>\n\t<meta name=\"twitter:data1\" content=\"Marlies Uken\" \/>\n\t<meta name=\"twitter:label2\" content=\"Gesch\u00e4tzte Lesezeit\" \/>\n\t<meta name=\"twitter:data2\" content=\"1\u00a0Minute\" \/>\n<script type=\"application\/ld+json\" class=\"yoast-schema-graph\">{\"@context\":\"https:\/\/schema.org\",\"@graph\":[{\"@type\":\"WebPage\",\"@id\":\"https:\/\/blog.zeit.de\/gruenegeschaefte\/2010\/02\/25\/willkommen-in-der-plastikwelt\/\",\"url\":\"https:\/\/blog.zeit.de\/gruenegeschaefte\/2010\/02\/25\/willkommen-in-der-plastikwelt\/\",\"name\":\"Willkommen in der Plastikwelt - Gr\u00fcne Gesch\u00e4fte\",\"isPartOf\":{\"@id\":\"https:\/\/blog.zeit.de\/gruenegeschaefte\/#website\"},\"datePublished\":\"2010-02-25T12:06:57+00:00\",\"dateModified\":\"2010-02-26T10:38:51+00:00\",\"author\":{\"@id\":\"https:\/\/blog.zeit.de\/gruenegeschaefte\/#\/schema\/person\/56a2bdb136cd5997b1dd0485f3d105f9\"},\"breadcrumb\":{\"@id\":\"https:\/\/blog.zeit.de\/gruenegeschaefte\/2010\/02\/25\/willkommen-in-der-plastikwelt\/#breadcrumb\"},\"inLanguage\":\"de\",\"potentialAction\":[{\"@type\":\"ReadAction\",\"target\":[\"https:\/\/blog.zeit.de\/gruenegeschaefte\/2010\/02\/25\/willkommen-in-der-plastikwelt\/\"]}]},{\"@type\":\"BreadcrumbList\",\"@id\":\"https:\/\/blog.zeit.de\/gruenegeschaefte\/2010\/02\/25\/willkommen-in-der-plastikwelt\/#breadcrumb\",\"itemListElement\":[{\"@type\":\"ListItem\",\"position\":1,\"name\":\"Startseite\",\"item\":\"https:\/\/blog.zeit.de\/gruenegeschaefte\/\"},{\"@type\":\"ListItem\",\"position\":2,\"name\":\"Willkommen in der Plastikwelt\"}]},{\"@type\":\"WebSite\",\"@id\":\"https:\/\/blog.zeit.de\/gruenegeschaefte\/#website\",\"url\":\"https:\/\/blog.zeit.de\/gruenegeschaefte\/\",\"name\":\"Gr\u00fcne Gesch\u00e4fte\",\"description\":\"Wir k\u00f6nnen&#039;s besser: Das Blog f\u00fcr eine Wirtschaft, die Ressourcen und Klima schont\",\"potentialAction\":[{\"@type\":\"SearchAction\",\"target\":{\"@type\":\"EntryPoint\",\"urlTemplate\":\"https:\/\/blog.zeit.de\/gruenegeschaefte\/?s={search_term_string}\"},\"query-input\":\"required name=search_term_string\"}],\"inLanguage\":\"de\"},{\"@type\":\"Person\",\"@id\":\"https:\/\/blog.zeit.de\/gruenegeschaefte\/#\/schema\/person\/56a2bdb136cd5997b1dd0485f3d105f9\",\"name\":\"Marlies Uken\",\"image\":{\"@type\":\"ImageObject\",\"inLanguage\":\"de\",\"@id\":\"https:\/\/blog.zeit.de\/gruenegeschaefte\/#\/schema\/person\/image\/\",\"url\":\"https:\/\/secure.gravatar.com\/avatar\/1b4c2e971f407a9ead4389a9370b171e45b0ee693342f36fcc448bb9175b9ee2?s=96&d=mm&r=g\",\"contentUrl\":\"https:\/\/secure.gravatar.com\/avatar\/1b4c2e971f407a9ead4389a9370b171e45b0ee693342f36fcc448bb9175b9ee2?s=96&d=mm&r=g\",\"caption\":\"Marlies Uken\"},\"description\":\"ist Redakteurin bei ZEIT ONLINE.\",\"sameAs\":[\"https:\/\/blog.zeit.de\/gruenegeschaefte\/\"],\"url\":\"https:\/\/blog.zeit.de\/gruenegeschaefte\/author\/marlies-uken\/\"}]}<\/script>\n<!-- \/ Yoast SEO plugin. -->","yoast_head_json":{"title":"Willkommen in der Plastikwelt - Gr\u00fcne Gesch\u00e4fte","robots":{"index":"index","follow":"follow","max-snippet":"max-snippet:-1","max-image-preview":"max-image-preview:large","max-video-preview":"max-video-preview:-1"},"canonical":"https:\/\/blog.zeit.de\/gruenegeschaefte\/2010\/02\/25\/willkommen-in-der-plastikwelt\/","og_locale":"de_DE","og_type":"article","og_title":"Willkommen in der Plastikwelt - Gr\u00fcne Gesch\u00e4fte","og_description":"Heute l\u00e4uft in den deutschen Kinos der wirklich spannende Dokumentarfilm &#8222;Plastic Planet&#8220; des \u00d6sterreichers Werner Boote an. Den Stil kennt man von Michael Moore oder Filmen wie &#8222;We feed the World&#8220;. Boote ist rund um die Welt gereist, hat in Shanghai das Recyceln von Plastikflaschen in dreckigen Hinterh\u00f6fen gedreht, bei Venedig \u00fcber Chemieunf\u00e4lle bei der [&hellip;]","og_url":"https:\/\/blog.zeit.de\/gruenegeschaefte\/2010\/02\/25\/willkommen-in-der-plastikwelt\/","og_site_name":"Gr\u00fcne Gesch\u00e4fte","article_published_time":"2010-02-25T12:06:57+00:00","article_modified_time":"2010-02-26T10:38:51+00:00","author":"Marlies Uken","twitter_card":"summary_large_image","twitter_creator":"@zeitonline","twitter_site":"@zeitonline","twitter_misc":{"Geschrieben von":"Marlies Uken","Gesch\u00e4tzte Lesezeit":"1\u00a0Minute"},"schema":{"@context":"https:\/\/schema.org","@graph":[{"@type":"WebPage","@id":"https:\/\/blog.zeit.de\/gruenegeschaefte\/2010\/02\/25\/willkommen-in-der-plastikwelt\/","url":"https:\/\/blog.zeit.de\/gruenegeschaefte\/2010\/02\/25\/willkommen-in-der-plastikwelt\/","name":"Willkommen in der Plastikwelt - Gr\u00fcne Gesch\u00e4fte","isPartOf":{"@id":"https:\/\/blog.zeit.de\/gruenegeschaefte\/#website"},"datePublished":"2010-02-25T12:06:57+00:00","dateModified":"2010-02-26T10:38:51+00:00","author":{"@id":"https:\/\/blog.zeit.de\/gruenegeschaefte\/#\/schema\/person\/56a2bdb136cd5997b1dd0485f3d105f9"},"breadcrumb":{"@id":"https:\/\/blog.zeit.de\/gruenegeschaefte\/2010\/02\/25\/willkommen-in-der-plastikwelt\/#breadcrumb"},"inLanguage":"de","potentialAction":[{"@type":"ReadAction","target":["https:\/\/blog.zeit.de\/gruenegeschaefte\/2010\/02\/25\/willkommen-in-der-plastikwelt\/"]}]},{"@type":"BreadcrumbList","@id":"https:\/\/blog.zeit.de\/gruenegeschaefte\/2010\/02\/25\/willkommen-in-der-plastikwelt\/#breadcrumb","itemListElement":[{"@type":"ListItem","position":1,"name":"Startseite","item":"https:\/\/blog.zeit.de\/gruenegeschaefte\/"},{"@type":"ListItem","position":2,"name":"Willkommen in der Plastikwelt"}]},{"@type":"WebSite","@id":"https:\/\/blog.zeit.de\/gruenegeschaefte\/#website","url":"https:\/\/blog.zeit.de\/gruenegeschaefte\/","name":"Gr\u00fcne Gesch\u00e4fte","description":"Wir k\u00f6nnen&#039;s besser: Das Blog f\u00fcr eine Wirtschaft, die Ressourcen und Klima schont","potentialAction":[{"@type":"SearchAction","target":{"@type":"EntryPoint","urlTemplate":"https:\/\/blog.zeit.de\/gruenegeschaefte\/?s={search_term_string}"},"query-input":"required name=search_term_string"}],"inLanguage":"de"},{"@type":"Person","@id":"https:\/\/blog.zeit.de\/gruenegeschaefte\/#\/schema\/person\/56a2bdb136cd5997b1dd0485f3d105f9","name":"Marlies Uken","image":{"@type":"ImageObject","inLanguage":"de","@id":"https:\/\/blog.zeit.de\/gruenegeschaefte\/#\/schema\/person\/image\/","url":"https:\/\/secure.gravatar.com\/avatar\/1b4c2e971f407a9ead4389a9370b171e45b0ee693342f36fcc448bb9175b9ee2?s=96&d=mm&r=g","contentUrl":"https:\/\/secure.gravatar.com\/avatar\/1b4c2e971f407a9ead4389a9370b171e45b0ee693342f36fcc448bb9175b9ee2?s=96&d=mm&r=g","caption":"Marlies Uken"},"description":"ist Redakteurin bei ZEIT ONLINE.","sameAs":["https:\/\/blog.zeit.de\/gruenegeschaefte\/"],"url":"https:\/\/blog.zeit.de\/gruenegeschaefte\/author\/marlies-uken\/"}]}},"jetpack_featured_media_url":"","jetpack_sharing_enabled":true,"_links":{"self":[{"href":"https:\/\/blog.zeit.de\/gruenegeschaefte\/wp-json\/wp\/v2\/posts\/567","targetHints":{"allow":["GET"]}}],"collection":[{"href":"https:\/\/blog.zeit.de\/gruenegeschaefte\/wp-json\/wp\/v2\/posts"}],"about":[{"href":"https:\/\/blog.zeit.de\/gruenegeschaefte\/wp-json\/wp\/v2\/types\/post"}],"author":[{"embeddable":true,"href":"https:\/\/blog.zeit.de\/gruenegeschaefte\/wp-json\/wp\/v2\/users\/196"}],"replies":[{"embeddable":true,"href":"https:\/\/blog.zeit.de\/gruenegeschaefte\/wp-json\/wp\/v2\/comments?post=567"}],"version-history":[{"count":0,"href":"https:\/\/blog.zeit.de\/gruenegeschaefte\/wp-json\/wp\/v2\/posts\/567\/revisions"}],"wp:attachment":[{"href":"https:\/\/blog.zeit.de\/gruenegeschaefte\/wp-json\/wp\/v2\/media?parent=567"}],"wp:term":[{"taxonomy":"category","embeddable":true,"href":"https:\/\/blog.zeit.de\/gruenegeschaefte\/wp-json\/wp\/v2\/categories?post=567"},{"taxonomy":"post_tag","embeddable":true,"href":"https:\/\/blog.zeit.de\/gruenegeschaefte\/wp-json\/wp\/v2\/tags?post=567"}],"curies":[{"name":"wp","href":"https:\/\/api.w.org\/{rel}","templated":true}]}}