{"id":6072,"date":"2013-07-26T15:14:33","date_gmt":"2013-07-26T13:14:33","guid":{"rendered":"http:\/\/blog.zeit.de\/gruenegeschaefte\/?p=6072"},"modified":"2013-07-26T16:08:05","modified_gmt":"2013-07-26T14:08:05","slug":"sommer-lasst-den-strompreis-steigen","status":"publish","type":"post","link":"https:\/\/blog.zeit.de\/gruenegeschaefte\/2013\/07\/26\/sommer-lasst-den-strompreis-steigen\/","title":{"rendered":"Sommerhitze treibt den Strompreis"},"content":{"rendered":"<p>Hier in Berlin sind es aktuell 30 Grad Celsius, ein perfekter Einstieg ins Wochenende. Nein, ich werde jetzt garantiert nicht \u00fcber die Hitze jammern. Stattdessen war ich kurz auf der <a href=\"http:\/\/www.eex.com\/en\/Market%20Data\/Trading%20Data\/Power\/Hour%20Contracts%20|%20Spot%20Hourly%20Auction\/Hour%20Contracts%20Chart%20|%20Spot%20Hourly%20Auction\/spot-hours-chart\/2013-07-26\/EU\/-\/3m\" target=\"_blank\">Internetseite der Leipziger Stromb\u00f6rse<\/a>. Und da gibt es einige ganz spannende Entwicklungen zu entdecken: Der B\u00f6rsenstrompreis auf dem Spotmarkt, der die kurzfristigen Entwicklungen abzeichnet, zieht n\u00e4mlich seit ein paar Tagen kr\u00e4ftig an. Am Donnerstag kostete die Megawattstunde mehr als 51 Euro, so viel wie seit Ende Mai nicht mehr.<\/p>\n<p>Warum das so ist, zeigt folgende Grafik von <a href=\"http:\/\/www.agora-energiewende.de\/service\/aktuelle-stromdaten\/stromerzeugung-und-verbrauch\/\" target=\"_blank\">Agora Energiewende<\/a>, einem Berliner Think Tank.<\/p>\n<p>Sie haben die Daten der EEX und den \u00dcbertragungsnetzbetreibern grafisch aufbereitet. Daran sieht man: Deutschland erlebt gerade sch\u00f6nsten Sonnenschein (viele gelbe Kegel \u00fcber Tag) und eine Windflaute (wenig Blaues). Den Gro\u00dfteil der Stromnachfrage decken zurzeit also konventionelle Kraftwerke.<\/p>\n<p><figure id=\"attachment_6074\" aria-describedby=\"caption-attachment-6074\" style=\"width: 992px\" class=\"wp-caption alignleft\"><a href=\"https:\/\/blog.zeit.de\/gruenegeschaefte\/2013\/07\/26\/sommer-lasst-den-strompreis-steigen\/strom\/\" rel=\"attachment wp-att-6074\"><img loading=\"lazy\" decoding=\"async\" class=\"size-full wp-image-6074\" alt=\"Stromangebot und Nachfrage \u00a9 Agora Energiewende\" src=\"https:\/\/blog.zeit.de\/gruenegeschaefte\/files\/2013\/07\/Strom.jpg\" width=\"992\" height=\"649\" srcset=\"https:\/\/blog.zeit.de\/gruenegeschaefte\/files\/2013\/07\/Strom.jpg 992w, https:\/\/blog.zeit.de\/gruenegeschaefte\/files\/2013\/07\/Strom-300x196.jpg 300w\" sizes=\"auto, (max-width: 992px) 100vw, 992px\" \/><\/a><figcaption id=\"caption-attachment-6074\" class=\"wp-caption-text\">Stromangebot und Nachfrage \u00a9 Agora Energiewende<\/figcaption><\/figure><\/p>\n<p>Die Windproduktion liegt <a href=\"http:\/\/www.transparency.eex.com\/de\/daten_uebertragungsnetzbetreiber\/stromerzeugung\/tatsaechliche-produktion-wind\" target=\"_blank\">laut EEX bei gerade einmal rund 500 Megawatt<\/a>. F\u00fcr Tobias Federico, Gesch\u00e4ftsf\u00fchrer von Energy Brainpool, ist das sehr wenig: &#8222;4.000 Megawatt w\u00e4ren normal&#8220;, sagt er.<\/p>\n<p>Und nun wird der Strompreis nat\u00fcrlich durch Angebot und Nachfrage gebildet: Die Nachfrage ist wegen des hohen K\u00fchlbedarfs relativ hoch (wobei die Ferienzeit ein wenig d\u00e4mpfend wirkt). Auf der anderen Seite ist das Angebot zumindest an \u00d6kostrom nicht gerade richtig gro\u00df: Es ist zwar hei\u00df, aber nicht unbedingt sonnig. Eigentlich sind in Deutschland rund Solaranlagen mit 32.000 Megawatt Leistung installiert. <a href=\"http:\/\/www.transparency.eex.com\/de\/daten_uebertragungsnetzbetreiber\/stromerzeugung\/tatsaechliche-produktion-solar\" target=\"_blank\">Laut EEX werden aber aktuell nur etwa 14.000 Megawatt eingespeist, also nur die H\u00e4lfte.<\/a><\/p>\n<p>Warum? Den Solaranlagen ist es einfach zu hei\u00df. Je hei\u00dfer es wird, desto schlechter arbeitet eine Solaranlage, sie mag es eben sonnig, aber nicht zu hei\u00df.<\/p>\n<p>Auf eine Zahl werden die Stromkonzerne nun in den kommenden Tagen besonders schauen: die Wassertemperatur der Fl\u00fcsse. Denn ob AKW oder Kohlekraftwerk: Die Meiler m\u00fcssen gek\u00fchlt werden. Und irgendwann sind Elbe oder Rhein einfach zu warm, 28 Grad gilt als Grenzmarke. Dann m\u00fcssen die Betreiber in der Regel ihre Kraftwerke noch besser k\u00fchlen oder eben zur\u00fcckfahren. Noch aber ist Federico gelassen: &#8222;Wir haben keine Versorgungsengp\u00e4sse&#8220;, sagt er. <a href=\"http:\/\/undine.bafg.de\/servlet\/is\/12454\/\" target=\"_blank\">Die Elbe ist aktuell 23 Grad warm. <\/a><\/p>\n","protected":false},"excerpt":{"rendered":"<p>Hier in Berlin sind es aktuell 30 Grad Celsius, ein perfekter Einstieg ins Wochenende. Nein, ich werde jetzt garantiert nicht \u00fcber die Hitze jammern. Stattdessen war ich kurz auf der Internetseite der Leipziger Stromb\u00f6rse. Und da gibt es einige ganz spannende Entwicklungen zu entdecken: Der B\u00f6rsenstrompreis auf dem Spotmarkt, der die kurzfristigen Entwicklungen abzeichnet, zieht [&hellip;]<\/p>\n","protected":false},"author":196,"featured_media":0,"comment_status":"open","ping_status":"open","sticky":false,"template":"","format":"standard","meta":{"_jetpack_memberships_contains_paid_content":false,"footnotes":""},"categories":[1],"tags":[],"class_list":["post-6072","post","type-post","status-publish","format-standard","hentry","category-allgemein"],"yoast_head":"<!-- This site is optimized with the Yoast SEO plugin v21.0 - https:\/\/yoast.com\/wordpress\/plugins\/seo\/ -->\n<title>Sommerhitze treibt den Strompreis  - Gr\u00fcne Gesch\u00e4fte<\/title>\n<meta name=\"robots\" content=\"index, follow, max-snippet:-1, max-image-preview:large, max-video-preview:-1\" \/>\n<link rel=\"canonical\" href=\"https:\/\/blog.zeit.de\/gruenegeschaefte\/2013\/07\/26\/sommer-lasst-den-strompreis-steigen\/\" \/>\n<meta property=\"og:locale\" content=\"de_DE\" \/>\n<meta property=\"og:type\" content=\"article\" \/>\n<meta property=\"og:title\" content=\"Sommerhitze treibt den Strompreis  - Gr\u00fcne Gesch\u00e4fte\" \/>\n<meta property=\"og:description\" content=\"Hier in Berlin sind es aktuell 30 Grad Celsius, ein perfekter Einstieg ins Wochenende. Nein, ich werde jetzt garantiert nicht \u00fcber die Hitze jammern. Stattdessen war ich kurz auf der Internetseite der Leipziger Stromb\u00f6rse. Und da gibt es einige ganz spannende Entwicklungen zu entdecken: Der B\u00f6rsenstrompreis auf dem Spotmarkt, der die kurzfristigen Entwicklungen abzeichnet, zieht [&hellip;]\" \/>\n<meta property=\"og:url\" content=\"https:\/\/blog.zeit.de\/gruenegeschaefte\/2013\/07\/26\/sommer-lasst-den-strompreis-steigen\/\" \/>\n<meta property=\"og:site_name\" content=\"Gr\u00fcne Gesch\u00e4fte\" \/>\n<meta property=\"article:published_time\" content=\"2013-07-26T13:14:33+00:00\" \/>\n<meta property=\"article:modified_time\" content=\"2013-07-26T14:08:05+00:00\" \/>\n<meta property=\"og:image\" content=\"https:\/\/blog.zeit.de\/gruenegeschaefte\/files\/2013\/07\/Strom.jpg\" \/>\n<meta name=\"author\" content=\"Marlies Uken\" \/>\n<meta name=\"twitter:card\" content=\"summary_large_image\" \/>\n<meta name=\"twitter:creator\" content=\"@zeitonline\" \/>\n<meta name=\"twitter:site\" content=\"@zeitonline\" \/>\n<meta name=\"twitter:label1\" content=\"Geschrieben von\" \/>\n\t<meta name=\"twitter:data1\" content=\"Marlies Uken\" \/>\n\t<meta name=\"twitter:label2\" content=\"Gesch\u00e4tzte Lesezeit\" \/>\n\t<meta name=\"twitter:data2\" content=\"2\u00a0Minuten\" \/>\n<script type=\"application\/ld+json\" class=\"yoast-schema-graph\">{\"@context\":\"https:\/\/schema.org\",\"@graph\":[{\"@type\":\"WebPage\",\"@id\":\"https:\/\/blog.zeit.de\/gruenegeschaefte\/2013\/07\/26\/sommer-lasst-den-strompreis-steigen\/\",\"url\":\"https:\/\/blog.zeit.de\/gruenegeschaefte\/2013\/07\/26\/sommer-lasst-den-strompreis-steigen\/\",\"name\":\"Sommerhitze treibt den Strompreis - Gr\u00fcne Gesch\u00e4fte\",\"isPartOf\":{\"@id\":\"https:\/\/blog.zeit.de\/gruenegeschaefte\/#website\"},\"datePublished\":\"2013-07-26T13:14:33+00:00\",\"dateModified\":\"2013-07-26T14:08:05+00:00\",\"author\":{\"@id\":\"https:\/\/blog.zeit.de\/gruenegeschaefte\/#\/schema\/person\/56a2bdb136cd5997b1dd0485f3d105f9\"},\"breadcrumb\":{\"@id\":\"https:\/\/blog.zeit.de\/gruenegeschaefte\/2013\/07\/26\/sommer-lasst-den-strompreis-steigen\/#breadcrumb\"},\"inLanguage\":\"de\",\"potentialAction\":[{\"@type\":\"ReadAction\",\"target\":[\"https:\/\/blog.zeit.de\/gruenegeschaefte\/2013\/07\/26\/sommer-lasst-den-strompreis-steigen\/\"]}]},{\"@type\":\"BreadcrumbList\",\"@id\":\"https:\/\/blog.zeit.de\/gruenegeschaefte\/2013\/07\/26\/sommer-lasst-den-strompreis-steigen\/#breadcrumb\",\"itemListElement\":[{\"@type\":\"ListItem\",\"position\":1,\"name\":\"Startseite\",\"item\":\"https:\/\/blog.zeit.de\/gruenegeschaefte\/\"},{\"@type\":\"ListItem\",\"position\":2,\"name\":\"Sommerhitze treibt den Strompreis\"}]},{\"@type\":\"WebSite\",\"@id\":\"https:\/\/blog.zeit.de\/gruenegeschaefte\/#website\",\"url\":\"https:\/\/blog.zeit.de\/gruenegeschaefte\/\",\"name\":\"Gr\u00fcne Gesch\u00e4fte\",\"description\":\"Wir k\u00f6nnen&#039;s besser: Das Blog f\u00fcr eine Wirtschaft, die Ressourcen und Klima schont\",\"potentialAction\":[{\"@type\":\"SearchAction\",\"target\":{\"@type\":\"EntryPoint\",\"urlTemplate\":\"https:\/\/blog.zeit.de\/gruenegeschaefte\/?s={search_term_string}\"},\"query-input\":\"required name=search_term_string\"}],\"inLanguage\":\"de\"},{\"@type\":\"Person\",\"@id\":\"https:\/\/blog.zeit.de\/gruenegeschaefte\/#\/schema\/person\/56a2bdb136cd5997b1dd0485f3d105f9\",\"name\":\"Marlies Uken\",\"image\":{\"@type\":\"ImageObject\",\"inLanguage\":\"de\",\"@id\":\"https:\/\/blog.zeit.de\/gruenegeschaefte\/#\/schema\/person\/image\/\",\"url\":\"https:\/\/secure.gravatar.com\/avatar\/1b4c2e971f407a9ead4389a9370b171e45b0ee693342f36fcc448bb9175b9ee2?s=96&d=mm&r=g\",\"contentUrl\":\"https:\/\/secure.gravatar.com\/avatar\/1b4c2e971f407a9ead4389a9370b171e45b0ee693342f36fcc448bb9175b9ee2?s=96&d=mm&r=g\",\"caption\":\"Marlies Uken\"},\"description\":\"ist Redakteurin bei ZEIT ONLINE.\",\"sameAs\":[\"https:\/\/blog.zeit.de\/gruenegeschaefte\/\"],\"url\":\"https:\/\/blog.zeit.de\/gruenegeschaefte\/author\/marlies-uken\/\"}]}<\/script>\n<!-- \/ Yoast SEO plugin. -->","yoast_head_json":{"title":"Sommerhitze treibt den Strompreis  - Gr\u00fcne Gesch\u00e4fte","robots":{"index":"index","follow":"follow","max-snippet":"max-snippet:-1","max-image-preview":"max-image-preview:large","max-video-preview":"max-video-preview:-1"},"canonical":"https:\/\/blog.zeit.de\/gruenegeschaefte\/2013\/07\/26\/sommer-lasst-den-strompreis-steigen\/","og_locale":"de_DE","og_type":"article","og_title":"Sommerhitze treibt den Strompreis  - Gr\u00fcne Gesch\u00e4fte","og_description":"Hier in Berlin sind es aktuell 30 Grad Celsius, ein perfekter Einstieg ins Wochenende. Nein, ich werde jetzt garantiert nicht \u00fcber die Hitze jammern. Stattdessen war ich kurz auf der Internetseite der Leipziger Stromb\u00f6rse. Und da gibt es einige ganz spannende Entwicklungen zu entdecken: Der B\u00f6rsenstrompreis auf dem Spotmarkt, der die kurzfristigen Entwicklungen abzeichnet, zieht [&hellip;]","og_url":"https:\/\/blog.zeit.de\/gruenegeschaefte\/2013\/07\/26\/sommer-lasst-den-strompreis-steigen\/","og_site_name":"Gr\u00fcne Gesch\u00e4fte","article_published_time":"2013-07-26T13:14:33+00:00","article_modified_time":"2013-07-26T14:08:05+00:00","og_image":[{"url":"https:\/\/blog.zeit.de\/gruenegeschaefte\/files\/2013\/07\/Strom.jpg"}],"author":"Marlies Uken","twitter_card":"summary_large_image","twitter_creator":"@zeitonline","twitter_site":"@zeitonline","twitter_misc":{"Geschrieben von":"Marlies Uken","Gesch\u00e4tzte Lesezeit":"2\u00a0Minuten"},"schema":{"@context":"https:\/\/schema.org","@graph":[{"@type":"WebPage","@id":"https:\/\/blog.zeit.de\/gruenegeschaefte\/2013\/07\/26\/sommer-lasst-den-strompreis-steigen\/","url":"https:\/\/blog.zeit.de\/gruenegeschaefte\/2013\/07\/26\/sommer-lasst-den-strompreis-steigen\/","name":"Sommerhitze treibt den Strompreis - Gr\u00fcne Gesch\u00e4fte","isPartOf":{"@id":"https:\/\/blog.zeit.de\/gruenegeschaefte\/#website"},"datePublished":"2013-07-26T13:14:33+00:00","dateModified":"2013-07-26T14:08:05+00:00","author":{"@id":"https:\/\/blog.zeit.de\/gruenegeschaefte\/#\/schema\/person\/56a2bdb136cd5997b1dd0485f3d105f9"},"breadcrumb":{"@id":"https:\/\/blog.zeit.de\/gruenegeschaefte\/2013\/07\/26\/sommer-lasst-den-strompreis-steigen\/#breadcrumb"},"inLanguage":"de","potentialAction":[{"@type":"ReadAction","target":["https:\/\/blog.zeit.de\/gruenegeschaefte\/2013\/07\/26\/sommer-lasst-den-strompreis-steigen\/"]}]},{"@type":"BreadcrumbList","@id":"https:\/\/blog.zeit.de\/gruenegeschaefte\/2013\/07\/26\/sommer-lasst-den-strompreis-steigen\/#breadcrumb","itemListElement":[{"@type":"ListItem","position":1,"name":"Startseite","item":"https:\/\/blog.zeit.de\/gruenegeschaefte\/"},{"@type":"ListItem","position":2,"name":"Sommerhitze treibt den Strompreis"}]},{"@type":"WebSite","@id":"https:\/\/blog.zeit.de\/gruenegeschaefte\/#website","url":"https:\/\/blog.zeit.de\/gruenegeschaefte\/","name":"Gr\u00fcne Gesch\u00e4fte","description":"Wir k\u00f6nnen&#039;s besser: Das Blog f\u00fcr eine Wirtschaft, die Ressourcen und Klima schont","potentialAction":[{"@type":"SearchAction","target":{"@type":"EntryPoint","urlTemplate":"https:\/\/blog.zeit.de\/gruenegeschaefte\/?s={search_term_string}"},"query-input":"required name=search_term_string"}],"inLanguage":"de"},{"@type":"Person","@id":"https:\/\/blog.zeit.de\/gruenegeschaefte\/#\/schema\/person\/56a2bdb136cd5997b1dd0485f3d105f9","name":"Marlies Uken","image":{"@type":"ImageObject","inLanguage":"de","@id":"https:\/\/blog.zeit.de\/gruenegeschaefte\/#\/schema\/person\/image\/","url":"https:\/\/secure.gravatar.com\/avatar\/1b4c2e971f407a9ead4389a9370b171e45b0ee693342f36fcc448bb9175b9ee2?s=96&d=mm&r=g","contentUrl":"https:\/\/secure.gravatar.com\/avatar\/1b4c2e971f407a9ead4389a9370b171e45b0ee693342f36fcc448bb9175b9ee2?s=96&d=mm&r=g","caption":"Marlies Uken"},"description":"ist Redakteurin bei ZEIT ONLINE.","sameAs":["https:\/\/blog.zeit.de\/gruenegeschaefte\/"],"url":"https:\/\/blog.zeit.de\/gruenegeschaefte\/author\/marlies-uken\/"}]}},"jetpack_featured_media_url":"","jetpack_sharing_enabled":true,"_links":{"self":[{"href":"https:\/\/blog.zeit.de\/gruenegeschaefte\/wp-json\/wp\/v2\/posts\/6072","targetHints":{"allow":["GET"]}}],"collection":[{"href":"https:\/\/blog.zeit.de\/gruenegeschaefte\/wp-json\/wp\/v2\/posts"}],"about":[{"href":"https:\/\/blog.zeit.de\/gruenegeschaefte\/wp-json\/wp\/v2\/types\/post"}],"author":[{"embeddable":true,"href":"https:\/\/blog.zeit.de\/gruenegeschaefte\/wp-json\/wp\/v2\/users\/196"}],"replies":[{"embeddable":true,"href":"https:\/\/blog.zeit.de\/gruenegeschaefte\/wp-json\/wp\/v2\/comments?post=6072"}],"version-history":[{"count":18,"href":"https:\/\/blog.zeit.de\/gruenegeschaefte\/wp-json\/wp\/v2\/posts\/6072\/revisions"}],"predecessor-version":[{"id":6089,"href":"https:\/\/blog.zeit.de\/gruenegeschaefte\/wp-json\/wp\/v2\/posts\/6072\/revisions\/6089"}],"wp:attachment":[{"href":"https:\/\/blog.zeit.de\/gruenegeschaefte\/wp-json\/wp\/v2\/media?parent=6072"}],"wp:term":[{"taxonomy":"category","embeddable":true,"href":"https:\/\/blog.zeit.de\/gruenegeschaefte\/wp-json\/wp\/v2\/categories?post=6072"},{"taxonomy":"post_tag","embeddable":true,"href":"https:\/\/blog.zeit.de\/gruenegeschaefte\/wp-json\/wp\/v2\/tags?post=6072"}],"curies":[{"name":"wp","href":"https:\/\/api.w.org\/{rel}","templated":true}]}}