{"id":619,"date":"2010-03-08T09:23:26","date_gmt":"2010-03-08T08:23:26","guid":{"rendered":"http:\/\/blog.zeit.de\/gruenegeschaefte\/?p=619"},"modified":"2010-03-08T09:23:26","modified_gmt":"2010-03-08T08:23:26","slug":"ruhrpott-will-stadt-zur-oko-city-umbauen","status":"publish","type":"post","link":"https:\/\/blog.zeit.de\/gruenegeschaefte\/2010\/03\/08\/ruhrpott-will-stadt-zur-oko-city-umbauen\/","title":{"rendered":"Ruhrpott will Stadt zur \u00d6ko-City umbauen"},"content":{"rendered":"<p>Keine Ruhe im Ruhrgebiet: Dieses Jahr enden ja die Feste als Kulturhauptstadt. Und ein Anschlussprojekt gibt es auch schon. Eine etwa 50.000 Einwohnerstadt im Ruhrgebiet soll zur \u00d6kostadt umgebaut werden, so <em>dpa:<\/em><\/p>\n<blockquote><p><em>&#8222;Das Ziel sind gut 50 Prozent CO2-Einsparung durch W\u00e4rmed\u00e4mmung der H\u00e4user, Optimierung der Industrie, Elektroautos, Windr\u00e4der und Solaranlagen. <\/em>(&#8230;) G<em>eplant sei etwa das Durchsanieren des gesamten Geb\u00e4udebestandes nach M\u00f6glichkeit bis auf Passivhausniveau. Damit lasse sich schon erheblich CO2 sparen. 500 Elektro-Autos, W\u00e4rmepumpen, Kraft-W\u00e4rme-Kopplung, Klein-Windr\u00e4der f\u00fcr Mietsh\u00e4user und Solaranlagen sollen f\u00fcr umweltfreundliche Energieerzeugung sorgen. (&#8230;)<br \/>\nZugleich soll die Musterstadt auch baulich versch\u00f6nert und etwa mit abgesenkten Bordsteinen f\u00fcr \u00e4ltere Menschen zug\u00e4nglicher werden.<\/em><em> Die Industrie hofft, einen Gro\u00dfteil der Kosten durch Verkauf des Know-hows an andere St\u00e4dte und Export wieder herein zu bekommen.&#8220;<\/em><\/p><\/blockquote>\n<p>Wie teuer das Projekt wird, ist allerdings noch unklar. Das Land NRW hat bereits eine halbe Millionen Euro bereitgestellt &#8211; was allerdings wohl kaum ausreichen wird.<\/p>\n<p>Das Besondere an dem Ruhrpott-Projekt ist: Erstmals wird eine \u00d6ko-Stadt nicht einfach auf dem Reissbrett entworfen, sondern bestehende H\u00e4user sollen umgebaut werden. Das ist klasse. Denn die Herausforderung liegt ja gerade darin, die bestehenden Geb\u00e4ude energieeffizienter zu machen, klimafreundlicher. Solche Erfahrungen sind viel wichtiger als Prestige-Projekte wie <a href=\"http:\/\/www.zeit.de\/online\/2009\/14\/masdar-city\"><em>Masdar City <\/em>in Abu Dhabi<\/a>, die wenig damit zu tun haben, wie die Mehrheit der Menschen lebt.<\/p>\n","protected":false},"excerpt":{"rendered":"<p>Keine Ruhe im Ruhrgebiet: Dieses Jahr enden ja die Feste als Kulturhauptstadt. Und ein Anschlussprojekt gibt es auch schon. Eine etwa 50.000 Einwohnerstadt im Ruhrgebiet soll zur \u00d6kostadt umgebaut werden, so dpa: &#8222;Das Ziel sind gut 50 Prozent CO2-Einsparung durch W\u00e4rmed\u00e4mmung der H\u00e4user, Optimierung der Industrie, Elektroautos, Windr\u00e4der und Solaranlagen. (&#8230;) Geplant sei etwa das [&hellip;]<\/p>\n","protected":false},"author":196,"featured_media":0,"comment_status":"open","ping_status":"open","sticky":false,"template":"","format":"standard","meta":{"_jetpack_memberships_contains_paid_content":false,"footnotes":""},"categories":[1386,1132],"tags":[],"class_list":["post-619","post","type-post","status-publish","format-standard","hentry","category-architektur","category-klima"],"yoast_head":"<!-- This site is optimized with the Yoast SEO plugin v21.0 - https:\/\/yoast.com\/wordpress\/plugins\/seo\/ -->\n<title>Ruhrpott will Stadt zur \u00d6ko-City umbauen - Gr\u00fcne Gesch\u00e4fte<\/title>\n<meta name=\"robots\" content=\"index, follow, max-snippet:-1, max-image-preview:large, max-video-preview:-1\" \/>\n<link rel=\"canonical\" href=\"https:\/\/blog.zeit.de\/gruenegeschaefte\/2010\/03\/08\/ruhrpott-will-stadt-zur-oko-city-umbauen\/\" \/>\n<meta property=\"og:locale\" content=\"de_DE\" \/>\n<meta property=\"og:type\" content=\"article\" \/>\n<meta property=\"og:title\" content=\"Ruhrpott will Stadt zur \u00d6ko-City umbauen - Gr\u00fcne Gesch\u00e4fte\" \/>\n<meta property=\"og:description\" content=\"Keine Ruhe im Ruhrgebiet: Dieses Jahr enden ja die Feste als Kulturhauptstadt. Und ein Anschlussprojekt gibt es auch schon. Eine etwa 50.000 Einwohnerstadt im Ruhrgebiet soll zur \u00d6kostadt umgebaut werden, so dpa: &#8222;Das Ziel sind gut 50 Prozent CO2-Einsparung durch W\u00e4rmed\u00e4mmung der H\u00e4user, Optimierung der Industrie, Elektroautos, Windr\u00e4der und Solaranlagen. (&#8230;) Geplant sei etwa das [&hellip;]\" \/>\n<meta property=\"og:url\" content=\"https:\/\/blog.zeit.de\/gruenegeschaefte\/2010\/03\/08\/ruhrpott-will-stadt-zur-oko-city-umbauen\/\" \/>\n<meta property=\"og:site_name\" content=\"Gr\u00fcne Gesch\u00e4fte\" \/>\n<meta property=\"article:published_time\" content=\"2010-03-08T08:23:26+00:00\" \/>\n<meta name=\"author\" content=\"Marlies Uken\" \/>\n<meta name=\"twitter:card\" content=\"summary_large_image\" \/>\n<meta name=\"twitter:creator\" content=\"@zeitonline\" \/>\n<meta name=\"twitter:site\" content=\"@zeitonline\" \/>\n<meta name=\"twitter:label1\" content=\"Geschrieben von\" \/>\n\t<meta name=\"twitter:data1\" content=\"Marlies Uken\" \/>\n\t<meta name=\"twitter:label2\" content=\"Gesch\u00e4tzte Lesezeit\" \/>\n\t<meta name=\"twitter:data2\" content=\"1\u00a0Minute\" \/>\n<script type=\"application\/ld+json\" class=\"yoast-schema-graph\">{\"@context\":\"https:\/\/schema.org\",\"@graph\":[{\"@type\":\"WebPage\",\"@id\":\"https:\/\/blog.zeit.de\/gruenegeschaefte\/2010\/03\/08\/ruhrpott-will-stadt-zur-oko-city-umbauen\/\",\"url\":\"https:\/\/blog.zeit.de\/gruenegeschaefte\/2010\/03\/08\/ruhrpott-will-stadt-zur-oko-city-umbauen\/\",\"name\":\"Ruhrpott will Stadt zur \u00d6ko-City umbauen - Gr\u00fcne Gesch\u00e4fte\",\"isPartOf\":{\"@id\":\"https:\/\/blog.zeit.de\/gruenegeschaefte\/#website\"},\"datePublished\":\"2010-03-08T08:23:26+00:00\",\"dateModified\":\"2010-03-08T08:23:26+00:00\",\"author\":{\"@id\":\"https:\/\/blog.zeit.de\/gruenegeschaefte\/#\/schema\/person\/56a2bdb136cd5997b1dd0485f3d105f9\"},\"breadcrumb\":{\"@id\":\"https:\/\/blog.zeit.de\/gruenegeschaefte\/2010\/03\/08\/ruhrpott-will-stadt-zur-oko-city-umbauen\/#breadcrumb\"},\"inLanguage\":\"de\",\"potentialAction\":[{\"@type\":\"ReadAction\",\"target\":[\"https:\/\/blog.zeit.de\/gruenegeschaefte\/2010\/03\/08\/ruhrpott-will-stadt-zur-oko-city-umbauen\/\"]}]},{\"@type\":\"BreadcrumbList\",\"@id\":\"https:\/\/blog.zeit.de\/gruenegeschaefte\/2010\/03\/08\/ruhrpott-will-stadt-zur-oko-city-umbauen\/#breadcrumb\",\"itemListElement\":[{\"@type\":\"ListItem\",\"position\":1,\"name\":\"Startseite\",\"item\":\"https:\/\/blog.zeit.de\/gruenegeschaefte\/\"},{\"@type\":\"ListItem\",\"position\":2,\"name\":\"Ruhrpott will Stadt zur \u00d6ko-City umbauen\"}]},{\"@type\":\"WebSite\",\"@id\":\"https:\/\/blog.zeit.de\/gruenegeschaefte\/#website\",\"url\":\"https:\/\/blog.zeit.de\/gruenegeschaefte\/\",\"name\":\"Gr\u00fcne Gesch\u00e4fte\",\"description\":\"Wir k\u00f6nnen&#039;s besser: Das Blog f\u00fcr eine Wirtschaft, die Ressourcen und Klima schont\",\"potentialAction\":[{\"@type\":\"SearchAction\",\"target\":{\"@type\":\"EntryPoint\",\"urlTemplate\":\"https:\/\/blog.zeit.de\/gruenegeschaefte\/?s={search_term_string}\"},\"query-input\":\"required name=search_term_string\"}],\"inLanguage\":\"de\"},{\"@type\":\"Person\",\"@id\":\"https:\/\/blog.zeit.de\/gruenegeschaefte\/#\/schema\/person\/56a2bdb136cd5997b1dd0485f3d105f9\",\"name\":\"Marlies Uken\",\"image\":{\"@type\":\"ImageObject\",\"inLanguage\":\"de\",\"@id\":\"https:\/\/blog.zeit.de\/gruenegeschaefte\/#\/schema\/person\/image\/\",\"url\":\"https:\/\/secure.gravatar.com\/avatar\/1b4c2e971f407a9ead4389a9370b171e45b0ee693342f36fcc448bb9175b9ee2?s=96&d=mm&r=g\",\"contentUrl\":\"https:\/\/secure.gravatar.com\/avatar\/1b4c2e971f407a9ead4389a9370b171e45b0ee693342f36fcc448bb9175b9ee2?s=96&d=mm&r=g\",\"caption\":\"Marlies Uken\"},\"description\":\"ist Redakteurin bei ZEIT ONLINE.\",\"sameAs\":[\"https:\/\/blog.zeit.de\/gruenegeschaefte\/\"],\"url\":\"https:\/\/blog.zeit.de\/gruenegeschaefte\/author\/marlies-uken\/\"}]}<\/script>\n<!-- \/ Yoast SEO plugin. -->","yoast_head_json":{"title":"Ruhrpott will Stadt zur \u00d6ko-City umbauen - Gr\u00fcne Gesch\u00e4fte","robots":{"index":"index","follow":"follow","max-snippet":"max-snippet:-1","max-image-preview":"max-image-preview:large","max-video-preview":"max-video-preview:-1"},"canonical":"https:\/\/blog.zeit.de\/gruenegeschaefte\/2010\/03\/08\/ruhrpott-will-stadt-zur-oko-city-umbauen\/","og_locale":"de_DE","og_type":"article","og_title":"Ruhrpott will Stadt zur \u00d6ko-City umbauen - Gr\u00fcne Gesch\u00e4fte","og_description":"Keine Ruhe im Ruhrgebiet: Dieses Jahr enden ja die Feste als Kulturhauptstadt. Und ein Anschlussprojekt gibt es auch schon. Eine etwa 50.000 Einwohnerstadt im Ruhrgebiet soll zur \u00d6kostadt umgebaut werden, so dpa: &#8222;Das Ziel sind gut 50 Prozent CO2-Einsparung durch W\u00e4rmed\u00e4mmung der H\u00e4user, Optimierung der Industrie, Elektroautos, Windr\u00e4der und Solaranlagen. (&#8230;) Geplant sei etwa das [&hellip;]","og_url":"https:\/\/blog.zeit.de\/gruenegeschaefte\/2010\/03\/08\/ruhrpott-will-stadt-zur-oko-city-umbauen\/","og_site_name":"Gr\u00fcne Gesch\u00e4fte","article_published_time":"2010-03-08T08:23:26+00:00","author":"Marlies Uken","twitter_card":"summary_large_image","twitter_creator":"@zeitonline","twitter_site":"@zeitonline","twitter_misc":{"Geschrieben von":"Marlies Uken","Gesch\u00e4tzte Lesezeit":"1\u00a0Minute"},"schema":{"@context":"https:\/\/schema.org","@graph":[{"@type":"WebPage","@id":"https:\/\/blog.zeit.de\/gruenegeschaefte\/2010\/03\/08\/ruhrpott-will-stadt-zur-oko-city-umbauen\/","url":"https:\/\/blog.zeit.de\/gruenegeschaefte\/2010\/03\/08\/ruhrpott-will-stadt-zur-oko-city-umbauen\/","name":"Ruhrpott will Stadt zur \u00d6ko-City umbauen - Gr\u00fcne Gesch\u00e4fte","isPartOf":{"@id":"https:\/\/blog.zeit.de\/gruenegeschaefte\/#website"},"datePublished":"2010-03-08T08:23:26+00:00","dateModified":"2010-03-08T08:23:26+00:00","author":{"@id":"https:\/\/blog.zeit.de\/gruenegeschaefte\/#\/schema\/person\/56a2bdb136cd5997b1dd0485f3d105f9"},"breadcrumb":{"@id":"https:\/\/blog.zeit.de\/gruenegeschaefte\/2010\/03\/08\/ruhrpott-will-stadt-zur-oko-city-umbauen\/#breadcrumb"},"inLanguage":"de","potentialAction":[{"@type":"ReadAction","target":["https:\/\/blog.zeit.de\/gruenegeschaefte\/2010\/03\/08\/ruhrpott-will-stadt-zur-oko-city-umbauen\/"]}]},{"@type":"BreadcrumbList","@id":"https:\/\/blog.zeit.de\/gruenegeschaefte\/2010\/03\/08\/ruhrpott-will-stadt-zur-oko-city-umbauen\/#breadcrumb","itemListElement":[{"@type":"ListItem","position":1,"name":"Startseite","item":"https:\/\/blog.zeit.de\/gruenegeschaefte\/"},{"@type":"ListItem","position":2,"name":"Ruhrpott will Stadt zur \u00d6ko-City umbauen"}]},{"@type":"WebSite","@id":"https:\/\/blog.zeit.de\/gruenegeschaefte\/#website","url":"https:\/\/blog.zeit.de\/gruenegeschaefte\/","name":"Gr\u00fcne Gesch\u00e4fte","description":"Wir k\u00f6nnen&#039;s besser: Das Blog f\u00fcr eine Wirtschaft, die Ressourcen und Klima schont","potentialAction":[{"@type":"SearchAction","target":{"@type":"EntryPoint","urlTemplate":"https:\/\/blog.zeit.de\/gruenegeschaefte\/?s={search_term_string}"},"query-input":"required name=search_term_string"}],"inLanguage":"de"},{"@type":"Person","@id":"https:\/\/blog.zeit.de\/gruenegeschaefte\/#\/schema\/person\/56a2bdb136cd5997b1dd0485f3d105f9","name":"Marlies Uken","image":{"@type":"ImageObject","inLanguage":"de","@id":"https:\/\/blog.zeit.de\/gruenegeschaefte\/#\/schema\/person\/image\/","url":"https:\/\/secure.gravatar.com\/avatar\/1b4c2e971f407a9ead4389a9370b171e45b0ee693342f36fcc448bb9175b9ee2?s=96&d=mm&r=g","contentUrl":"https:\/\/secure.gravatar.com\/avatar\/1b4c2e971f407a9ead4389a9370b171e45b0ee693342f36fcc448bb9175b9ee2?s=96&d=mm&r=g","caption":"Marlies Uken"},"description":"ist Redakteurin bei ZEIT ONLINE.","sameAs":["https:\/\/blog.zeit.de\/gruenegeschaefte\/"],"url":"https:\/\/blog.zeit.de\/gruenegeschaefte\/author\/marlies-uken\/"}]}},"jetpack_featured_media_url":"","jetpack_sharing_enabled":true,"_links":{"self":[{"href":"https:\/\/blog.zeit.de\/gruenegeschaefte\/wp-json\/wp\/v2\/posts\/619","targetHints":{"allow":["GET"]}}],"collection":[{"href":"https:\/\/blog.zeit.de\/gruenegeschaefte\/wp-json\/wp\/v2\/posts"}],"about":[{"href":"https:\/\/blog.zeit.de\/gruenegeschaefte\/wp-json\/wp\/v2\/types\/post"}],"author":[{"embeddable":true,"href":"https:\/\/blog.zeit.de\/gruenegeschaefte\/wp-json\/wp\/v2\/users\/196"}],"replies":[{"embeddable":true,"href":"https:\/\/blog.zeit.de\/gruenegeschaefte\/wp-json\/wp\/v2\/comments?post=619"}],"version-history":[{"count":0,"href":"https:\/\/blog.zeit.de\/gruenegeschaefte\/wp-json\/wp\/v2\/posts\/619\/revisions"}],"wp:attachment":[{"href":"https:\/\/blog.zeit.de\/gruenegeschaefte\/wp-json\/wp\/v2\/media?parent=619"}],"wp:term":[{"taxonomy":"category","embeddable":true,"href":"https:\/\/blog.zeit.de\/gruenegeschaefte\/wp-json\/wp\/v2\/categories?post=619"},{"taxonomy":"post_tag","embeddable":true,"href":"https:\/\/blog.zeit.de\/gruenegeschaefte\/wp-json\/wp\/v2\/tags?post=619"}],"curies":[{"name":"wp","href":"https:\/\/api.w.org\/{rel}","templated":true}]}}