{"id":677,"date":"2010-03-22T21:45:33","date_gmt":"2010-03-22T20:45:33","guid":{"rendered":"http:\/\/blog.zeit.de\/gruenegeschaefte\/?p=677"},"modified":"2010-03-22T21:45:33","modified_gmt":"2010-03-22T20:45:33","slug":"us-gesundheitsreform-als-treiber-fur-klimaschutzgesetz","status":"publish","type":"post","link":"https:\/\/blog.zeit.de\/gruenegeschaefte\/2010\/03\/22\/us-gesundheitsreform-als-treiber-fur-klimaschutzgesetz\/","title":{"rendered":"US-Gesundheitsreform als Treiber f\u00fcr Klimaschutzgesetz"},"content":{"rendered":"<p>Glaubt man Philip Murphy, dem amerikanischen Botschafter in Berlin, und Energieexperte diesseits und jenseits des Atlantiks, dann k\u00f6nnte die <a href=\"http:\/\/www.zeit.de\/politik\/2010-03\/hr-4872-mit-gesetzeskraft\">heute gegl\u00fcckte Gesundheitsreform<\/a> von Pr\u00e4sident Obama einen ungeahnten Nebeneffekt haben: Sie erweitert die innenpolitischen M\u00f6glichkeiten der Demokraten, <a href=\"http:\/\/www.zeit.de\/wirtschaft\/2010-02\/us-klimaschutzgesetz\">ein Klimaschutzgesetz <\/a>doch noch bis zum Herbst \u00fcber die B\u00fchne zu bringen.<\/p>\n<p>Warum? Der enorme Druck auf die Demokraten und Obama, endlich einen Erfolg vorzuweisen und ein angek\u00fcndigtes Reformvorhaben umzusetzen, hat mit der verabschiedenten Gesundheitsreform nachgelassen. Das erweitere die politischen Spielr\u00e4ume, sind Murphy und andere Politiker auf den <a href=\"http:\/\/www.dae-konferenz.de\/ \">Deutsch-Amerikanischen Energietagen<\/a> \u00fcberzeugt. Wenn man einmal etwas geschafft hat, spornt das f\u00fcr das n\u00e4chste Projekt an.<\/p>\n<p><a href=\"http:\/\/www.grist.org\/article\/2010-03-22-inevitable-what-health-care-reform-mean-climate-legislation-post\/\">Etwas weniger euphorisch ist allerdings\u00a0 das US-Blog Grist<\/a>: Seinen Platz in der Geschichte hat Obama mit der Health Reform Bill nun sicher &#8211; daf\u00fcr braucht er kein Klimaschutzgesetz mehr. Und vielleicht werden die Republikaner nun alles versuchen, dem Pr\u00e4sidenten einen weiteren Erfolg zu vermiesen&#8230;<\/p>\n","protected":false},"excerpt":{"rendered":"<p>Glaubt man Philip Murphy, dem amerikanischen Botschafter in Berlin, und Energieexperte diesseits und jenseits des Atlantiks, dann k\u00f6nnte die heute gegl\u00fcckte Gesundheitsreform von Pr\u00e4sident Obama einen ungeahnten Nebeneffekt haben: Sie erweitert die innenpolitischen M\u00f6glichkeiten der Demokraten, ein Klimaschutzgesetz doch noch bis zum Herbst \u00fcber die B\u00fchne zu bringen. Warum? Der enorme Druck auf die Demokraten [&hellip;]<\/p>\n","protected":false},"author":196,"featured_media":0,"comment_status":"open","ping_status":"open","sticky":false,"template":"","format":"standard","meta":{"_jetpack_memberships_contains_paid_content":false,"footnotes":""},"categories":[1122,1132],"tags":[],"class_list":["post-677","post","type-post","status-publish","format-standard","hentry","category-erneuerbare-energien","category-klima"],"yoast_head":"<!-- This site is optimized with the Yoast SEO plugin v21.0 - https:\/\/yoast.com\/wordpress\/plugins\/seo\/ -->\n<title>US-Gesundheitsreform als Treiber f\u00fcr Klimaschutzgesetz - Gr\u00fcne Gesch\u00e4fte<\/title>\n<meta name=\"robots\" content=\"index, follow, max-snippet:-1, max-image-preview:large, max-video-preview:-1\" \/>\n<link rel=\"canonical\" href=\"https:\/\/blog.zeit.de\/gruenegeschaefte\/2010\/03\/22\/us-gesundheitsreform-als-treiber-fur-klimaschutzgesetz\/\" \/>\n<meta property=\"og:locale\" content=\"de_DE\" \/>\n<meta property=\"og:type\" content=\"article\" \/>\n<meta property=\"og:title\" content=\"US-Gesundheitsreform als Treiber f\u00fcr Klimaschutzgesetz - Gr\u00fcne Gesch\u00e4fte\" \/>\n<meta property=\"og:description\" content=\"Glaubt man Philip Murphy, dem amerikanischen Botschafter in Berlin, und Energieexperte diesseits und jenseits des Atlantiks, dann k\u00f6nnte die heute gegl\u00fcckte Gesundheitsreform von Pr\u00e4sident Obama einen ungeahnten Nebeneffekt haben: Sie erweitert die innenpolitischen M\u00f6glichkeiten der Demokraten, ein Klimaschutzgesetz doch noch bis zum Herbst \u00fcber die B\u00fchne zu bringen. Warum? Der enorme Druck auf die Demokraten [&hellip;]\" \/>\n<meta property=\"og:url\" content=\"https:\/\/blog.zeit.de\/gruenegeschaefte\/2010\/03\/22\/us-gesundheitsreform-als-treiber-fur-klimaschutzgesetz\/\" \/>\n<meta property=\"og:site_name\" content=\"Gr\u00fcne Gesch\u00e4fte\" \/>\n<meta property=\"article:published_time\" content=\"2010-03-22T20:45:33+00:00\" \/>\n<meta name=\"author\" content=\"Marlies Uken\" \/>\n<meta name=\"twitter:card\" content=\"summary_large_image\" \/>\n<meta name=\"twitter:creator\" content=\"@zeitonline\" \/>\n<meta name=\"twitter:site\" content=\"@zeitonline\" \/>\n<meta name=\"twitter:label1\" content=\"Geschrieben von\" \/>\n\t<meta name=\"twitter:data1\" content=\"Marlies Uken\" \/>\n\t<meta name=\"twitter:label2\" content=\"Gesch\u00e4tzte Lesezeit\" \/>\n\t<meta name=\"twitter:data2\" content=\"1\u00a0Minute\" \/>\n<script type=\"application\/ld+json\" class=\"yoast-schema-graph\">{\"@context\":\"https:\/\/schema.org\",\"@graph\":[{\"@type\":\"WebPage\",\"@id\":\"https:\/\/blog.zeit.de\/gruenegeschaefte\/2010\/03\/22\/us-gesundheitsreform-als-treiber-fur-klimaschutzgesetz\/\",\"url\":\"https:\/\/blog.zeit.de\/gruenegeschaefte\/2010\/03\/22\/us-gesundheitsreform-als-treiber-fur-klimaschutzgesetz\/\",\"name\":\"US-Gesundheitsreform als Treiber f\u00fcr Klimaschutzgesetz - Gr\u00fcne Gesch\u00e4fte\",\"isPartOf\":{\"@id\":\"https:\/\/blog.zeit.de\/gruenegeschaefte\/#website\"},\"datePublished\":\"2010-03-22T20:45:33+00:00\",\"dateModified\":\"2010-03-22T20:45:33+00:00\",\"author\":{\"@id\":\"https:\/\/blog.zeit.de\/gruenegeschaefte\/#\/schema\/person\/56a2bdb136cd5997b1dd0485f3d105f9\"},\"breadcrumb\":{\"@id\":\"https:\/\/blog.zeit.de\/gruenegeschaefte\/2010\/03\/22\/us-gesundheitsreform-als-treiber-fur-klimaschutzgesetz\/#breadcrumb\"},\"inLanguage\":\"de\",\"potentialAction\":[{\"@type\":\"ReadAction\",\"target\":[\"https:\/\/blog.zeit.de\/gruenegeschaefte\/2010\/03\/22\/us-gesundheitsreform-als-treiber-fur-klimaschutzgesetz\/\"]}]},{\"@type\":\"BreadcrumbList\",\"@id\":\"https:\/\/blog.zeit.de\/gruenegeschaefte\/2010\/03\/22\/us-gesundheitsreform-als-treiber-fur-klimaschutzgesetz\/#breadcrumb\",\"itemListElement\":[{\"@type\":\"ListItem\",\"position\":1,\"name\":\"Startseite\",\"item\":\"https:\/\/blog.zeit.de\/gruenegeschaefte\/\"},{\"@type\":\"ListItem\",\"position\":2,\"name\":\"US-Gesundheitsreform als Treiber f\u00fcr Klimaschutzgesetz\"}]},{\"@type\":\"WebSite\",\"@id\":\"https:\/\/blog.zeit.de\/gruenegeschaefte\/#website\",\"url\":\"https:\/\/blog.zeit.de\/gruenegeschaefte\/\",\"name\":\"Gr\u00fcne Gesch\u00e4fte\",\"description\":\"Wir k\u00f6nnen&#039;s besser: Das Blog f\u00fcr eine Wirtschaft, die Ressourcen und Klima schont\",\"potentialAction\":[{\"@type\":\"SearchAction\",\"target\":{\"@type\":\"EntryPoint\",\"urlTemplate\":\"https:\/\/blog.zeit.de\/gruenegeschaefte\/?s={search_term_string}\"},\"query-input\":\"required name=search_term_string\"}],\"inLanguage\":\"de\"},{\"@type\":\"Person\",\"@id\":\"https:\/\/blog.zeit.de\/gruenegeschaefte\/#\/schema\/person\/56a2bdb136cd5997b1dd0485f3d105f9\",\"name\":\"Marlies Uken\",\"image\":{\"@type\":\"ImageObject\",\"inLanguage\":\"de\",\"@id\":\"https:\/\/blog.zeit.de\/gruenegeschaefte\/#\/schema\/person\/image\/\",\"url\":\"https:\/\/secure.gravatar.com\/avatar\/1b4c2e971f407a9ead4389a9370b171e45b0ee693342f36fcc448bb9175b9ee2?s=96&d=mm&r=g\",\"contentUrl\":\"https:\/\/secure.gravatar.com\/avatar\/1b4c2e971f407a9ead4389a9370b171e45b0ee693342f36fcc448bb9175b9ee2?s=96&d=mm&r=g\",\"caption\":\"Marlies Uken\"},\"description\":\"ist Redakteurin bei ZEIT ONLINE.\",\"sameAs\":[\"https:\/\/blog.zeit.de\/gruenegeschaefte\/\"],\"url\":\"https:\/\/blog.zeit.de\/gruenegeschaefte\/author\/marlies-uken\/\"}]}<\/script>\n<!-- \/ Yoast SEO plugin. -->","yoast_head_json":{"title":"US-Gesundheitsreform als Treiber f\u00fcr Klimaschutzgesetz - Gr\u00fcne Gesch\u00e4fte","robots":{"index":"index","follow":"follow","max-snippet":"max-snippet:-1","max-image-preview":"max-image-preview:large","max-video-preview":"max-video-preview:-1"},"canonical":"https:\/\/blog.zeit.de\/gruenegeschaefte\/2010\/03\/22\/us-gesundheitsreform-als-treiber-fur-klimaschutzgesetz\/","og_locale":"de_DE","og_type":"article","og_title":"US-Gesundheitsreform als Treiber f\u00fcr Klimaschutzgesetz - Gr\u00fcne Gesch\u00e4fte","og_description":"Glaubt man Philip Murphy, dem amerikanischen Botschafter in Berlin, und Energieexperte diesseits und jenseits des Atlantiks, dann k\u00f6nnte die heute gegl\u00fcckte Gesundheitsreform von Pr\u00e4sident Obama einen ungeahnten Nebeneffekt haben: Sie erweitert die innenpolitischen M\u00f6glichkeiten der Demokraten, ein Klimaschutzgesetz doch noch bis zum Herbst \u00fcber die B\u00fchne zu bringen. Warum? Der enorme Druck auf die Demokraten [&hellip;]","og_url":"https:\/\/blog.zeit.de\/gruenegeschaefte\/2010\/03\/22\/us-gesundheitsreform-als-treiber-fur-klimaschutzgesetz\/","og_site_name":"Gr\u00fcne Gesch\u00e4fte","article_published_time":"2010-03-22T20:45:33+00:00","author":"Marlies Uken","twitter_card":"summary_large_image","twitter_creator":"@zeitonline","twitter_site":"@zeitonline","twitter_misc":{"Geschrieben von":"Marlies Uken","Gesch\u00e4tzte Lesezeit":"1\u00a0Minute"},"schema":{"@context":"https:\/\/schema.org","@graph":[{"@type":"WebPage","@id":"https:\/\/blog.zeit.de\/gruenegeschaefte\/2010\/03\/22\/us-gesundheitsreform-als-treiber-fur-klimaschutzgesetz\/","url":"https:\/\/blog.zeit.de\/gruenegeschaefte\/2010\/03\/22\/us-gesundheitsreform-als-treiber-fur-klimaschutzgesetz\/","name":"US-Gesundheitsreform als Treiber f\u00fcr Klimaschutzgesetz - Gr\u00fcne Gesch\u00e4fte","isPartOf":{"@id":"https:\/\/blog.zeit.de\/gruenegeschaefte\/#website"},"datePublished":"2010-03-22T20:45:33+00:00","dateModified":"2010-03-22T20:45:33+00:00","author":{"@id":"https:\/\/blog.zeit.de\/gruenegeschaefte\/#\/schema\/person\/56a2bdb136cd5997b1dd0485f3d105f9"},"breadcrumb":{"@id":"https:\/\/blog.zeit.de\/gruenegeschaefte\/2010\/03\/22\/us-gesundheitsreform-als-treiber-fur-klimaschutzgesetz\/#breadcrumb"},"inLanguage":"de","potentialAction":[{"@type":"ReadAction","target":["https:\/\/blog.zeit.de\/gruenegeschaefte\/2010\/03\/22\/us-gesundheitsreform-als-treiber-fur-klimaschutzgesetz\/"]}]},{"@type":"BreadcrumbList","@id":"https:\/\/blog.zeit.de\/gruenegeschaefte\/2010\/03\/22\/us-gesundheitsreform-als-treiber-fur-klimaschutzgesetz\/#breadcrumb","itemListElement":[{"@type":"ListItem","position":1,"name":"Startseite","item":"https:\/\/blog.zeit.de\/gruenegeschaefte\/"},{"@type":"ListItem","position":2,"name":"US-Gesundheitsreform als Treiber f\u00fcr Klimaschutzgesetz"}]},{"@type":"WebSite","@id":"https:\/\/blog.zeit.de\/gruenegeschaefte\/#website","url":"https:\/\/blog.zeit.de\/gruenegeschaefte\/","name":"Gr\u00fcne Gesch\u00e4fte","description":"Wir k\u00f6nnen&#039;s besser: Das Blog f\u00fcr eine Wirtschaft, die Ressourcen und Klima schont","potentialAction":[{"@type":"SearchAction","target":{"@type":"EntryPoint","urlTemplate":"https:\/\/blog.zeit.de\/gruenegeschaefte\/?s={search_term_string}"},"query-input":"required name=search_term_string"}],"inLanguage":"de"},{"@type":"Person","@id":"https:\/\/blog.zeit.de\/gruenegeschaefte\/#\/schema\/person\/56a2bdb136cd5997b1dd0485f3d105f9","name":"Marlies Uken","image":{"@type":"ImageObject","inLanguage":"de","@id":"https:\/\/blog.zeit.de\/gruenegeschaefte\/#\/schema\/person\/image\/","url":"https:\/\/secure.gravatar.com\/avatar\/1b4c2e971f407a9ead4389a9370b171e45b0ee693342f36fcc448bb9175b9ee2?s=96&d=mm&r=g","contentUrl":"https:\/\/secure.gravatar.com\/avatar\/1b4c2e971f407a9ead4389a9370b171e45b0ee693342f36fcc448bb9175b9ee2?s=96&d=mm&r=g","caption":"Marlies Uken"},"description":"ist Redakteurin bei ZEIT ONLINE.","sameAs":["https:\/\/blog.zeit.de\/gruenegeschaefte\/"],"url":"https:\/\/blog.zeit.de\/gruenegeschaefte\/author\/marlies-uken\/"}]}},"jetpack_featured_media_url":"","jetpack_sharing_enabled":true,"_links":{"self":[{"href":"https:\/\/blog.zeit.de\/gruenegeschaefte\/wp-json\/wp\/v2\/posts\/677","targetHints":{"allow":["GET"]}}],"collection":[{"href":"https:\/\/blog.zeit.de\/gruenegeschaefte\/wp-json\/wp\/v2\/posts"}],"about":[{"href":"https:\/\/blog.zeit.de\/gruenegeschaefte\/wp-json\/wp\/v2\/types\/post"}],"author":[{"embeddable":true,"href":"https:\/\/blog.zeit.de\/gruenegeschaefte\/wp-json\/wp\/v2\/users\/196"}],"replies":[{"embeddable":true,"href":"https:\/\/blog.zeit.de\/gruenegeschaefte\/wp-json\/wp\/v2\/comments?post=677"}],"version-history":[{"count":0,"href":"https:\/\/blog.zeit.de\/gruenegeschaefte\/wp-json\/wp\/v2\/posts\/677\/revisions"}],"wp:attachment":[{"href":"https:\/\/blog.zeit.de\/gruenegeschaefte\/wp-json\/wp\/v2\/media?parent=677"}],"wp:term":[{"taxonomy":"category","embeddable":true,"href":"https:\/\/blog.zeit.de\/gruenegeschaefte\/wp-json\/wp\/v2\/categories?post=677"},{"taxonomy":"post_tag","embeddable":true,"href":"https:\/\/blog.zeit.de\/gruenegeschaefte\/wp-json\/wp\/v2\/tags?post=677"}],"curies":[{"name":"wp","href":"https:\/\/api.w.org\/{rel}","templated":true}]}}