{"id":685,"date":"2010-03-23T16:05:23","date_gmt":"2010-03-23T15:05:23","guid":{"rendered":"http:\/\/blog.zeit.de\/gruenegeschaefte\/?p=685"},"modified":"2010-03-23T16:27:41","modified_gmt":"2010-03-23T15:27:41","slug":"vattenfall-klage-wegen-moorburg-ausgesetzt","status":"publish","type":"post","link":"https:\/\/blog.zeit.de\/gruenegeschaefte\/2010\/03\/23\/vattenfall-klage-wegen-moorburg-ausgesetzt\/","title":{"rendered":"Vattenfall-Klage wegen Moorburg ausgesetzt"},"content":{"rendered":"<p>Vielleicht erinnert sich der eine oder andere ZEIT online-Leser noch: Im vergangenen September <a href=\"http:\/\/www.zeit.de\/online\/2009\/33\/vattenfall-moorburg\">klagte der Energieversorger Vattenfall <\/a>vor einem Schiedsstelle der Weltbank auf 1,4 Milliarden Euro Schadenersatz wegen seines Kraftwerks Moorburg. Vattenfall will damit seine Einnahmeverluste kompensieren,\u00a0 weil sich die Genehmigungen f\u00fcr den umstrittenen Kraftwerksbau immer wieder verz\u00f6gerten.<\/p>\n<p>Schaut man nun <a href=\"http:\/\/icsid.worldbank.org\/ICSID\/FrontServlet\">auf der Homepage der Schiedstelle<\/a> nach, so haben die beteiligten Parteien\u00a0 &#8211; das sind Deutschland und Vattenfall &#8211; am 15. M\u00e4rz das Verfahren ausgesetzt. F\u00fcr den BUND Hamburg kein gutes Zeichen. Die Umweltsch\u00fctzer bef\u00fcrchten, dass <a href=\"http:\/\/bund-hamburg.bund.net\/nc\/presse\/pressemitteilungen_hamburg\/detail\/artikel\/kraftwerk-moorburg-drohender-vergleich-zwischen-vattenfall-und-bundesrepublik-deutschland\/?tx_ttnews[backPid]=4671&amp;cHash=98836d222d\">Deutschland (in diesem Fall vertreten durch das Bundeswirtschaftsministerium) sich auf einen Vergleich einlassen k\u00f6nnte<\/a>, sprich auf eine Geldzahlung an Vattenfall. Das k\u00e4me einer<\/p>\n<blockquote><p><em>&#8222;erfolgreichen politischen Erpressung gleich und w\u00fcrde zudem die Gefahr bergen, dass zuk\u00fcnftig strenge Genehmigungsauflagen zum Schutz der Umwelt verst\u00e4rkt von Unternehmen vor dem Internationalen Schiedsgericht torpediert werden&#8220;, so Manfred Braasch, Landesgesch\u00e4ftsf\u00fchrer des BUND Hamburg.<\/em><\/p><\/blockquote>\n<p>Noch mehr Infos zu dem Thema auch <a href=\"http:\/\/www.welt.de\/die-welt\/wirtschaft\/article6890889\/Weltbank-Tribunal-setzt-Moorburg-Prozess-aus.html\">in der <em>Welt.<\/em><\/a><\/p>\n<blockquote><\/blockquote>\n","protected":false},"excerpt":{"rendered":"<p>Vielleicht erinnert sich der eine oder andere ZEIT online-Leser noch: Im vergangenen September klagte der Energieversorger Vattenfall vor einem Schiedsstelle der Weltbank auf 1,4 Milliarden Euro Schadenersatz wegen seines Kraftwerks Moorburg. Vattenfall will damit seine Einnahmeverluste kompensieren,\u00a0 weil sich die Genehmigungen f\u00fcr den umstrittenen Kraftwerksbau immer wieder verz\u00f6gerten. Schaut man nun auf der Homepage der [&hellip;]<\/p>\n","protected":false},"author":196,"featured_media":0,"comment_status":"open","ping_status":"open","sticky":false,"template":"","format":"standard","meta":{"_jetpack_memberships_contains_paid_content":false,"footnotes":""},"categories":[1145,591],"tags":[],"class_list":["post-685","post","type-post","status-publish","format-standard","hentry","category-kohle","category-wirtschaft"],"yoast_head":"<!-- This site is optimized with the Yoast SEO plugin v21.0 - https:\/\/yoast.com\/wordpress\/plugins\/seo\/ -->\n<title>Vattenfall-Klage wegen Moorburg ausgesetzt - Gr\u00fcne Gesch\u00e4fte<\/title>\n<meta name=\"robots\" content=\"index, follow, max-snippet:-1, max-image-preview:large, max-video-preview:-1\" \/>\n<link rel=\"canonical\" href=\"https:\/\/blog.zeit.de\/gruenegeschaefte\/2010\/03\/23\/vattenfall-klage-wegen-moorburg-ausgesetzt\/\" \/>\n<meta property=\"og:locale\" content=\"de_DE\" \/>\n<meta property=\"og:type\" content=\"article\" \/>\n<meta property=\"og:title\" content=\"Vattenfall-Klage wegen Moorburg ausgesetzt - Gr\u00fcne Gesch\u00e4fte\" \/>\n<meta property=\"og:description\" content=\"Vielleicht erinnert sich der eine oder andere ZEIT online-Leser noch: Im vergangenen September klagte der Energieversorger Vattenfall vor einem Schiedsstelle der Weltbank auf 1,4 Milliarden Euro Schadenersatz wegen seines Kraftwerks Moorburg. Vattenfall will damit seine Einnahmeverluste kompensieren,\u00a0 weil sich die Genehmigungen f\u00fcr den umstrittenen Kraftwerksbau immer wieder verz\u00f6gerten. Schaut man nun auf der Homepage der [&hellip;]\" \/>\n<meta property=\"og:url\" content=\"https:\/\/blog.zeit.de\/gruenegeschaefte\/2010\/03\/23\/vattenfall-klage-wegen-moorburg-ausgesetzt\/\" \/>\n<meta property=\"og:site_name\" content=\"Gr\u00fcne Gesch\u00e4fte\" \/>\n<meta property=\"article:published_time\" content=\"2010-03-23T15:05:23+00:00\" \/>\n<meta property=\"article:modified_time\" content=\"2010-03-23T15:27:41+00:00\" \/>\n<meta name=\"author\" content=\"Marlies Uken\" \/>\n<meta name=\"twitter:card\" content=\"summary_large_image\" \/>\n<meta name=\"twitter:creator\" content=\"@zeitonline\" \/>\n<meta name=\"twitter:site\" content=\"@zeitonline\" \/>\n<meta name=\"twitter:label1\" content=\"Geschrieben von\" \/>\n\t<meta name=\"twitter:data1\" content=\"Marlies Uken\" \/>\n\t<meta name=\"twitter:label2\" content=\"Gesch\u00e4tzte Lesezeit\" \/>\n\t<meta name=\"twitter:data2\" content=\"1\u00a0Minute\" \/>\n<script type=\"application\/ld+json\" class=\"yoast-schema-graph\">{\"@context\":\"https:\/\/schema.org\",\"@graph\":[{\"@type\":\"WebPage\",\"@id\":\"https:\/\/blog.zeit.de\/gruenegeschaefte\/2010\/03\/23\/vattenfall-klage-wegen-moorburg-ausgesetzt\/\",\"url\":\"https:\/\/blog.zeit.de\/gruenegeschaefte\/2010\/03\/23\/vattenfall-klage-wegen-moorburg-ausgesetzt\/\",\"name\":\"Vattenfall-Klage wegen Moorburg ausgesetzt - Gr\u00fcne Gesch\u00e4fte\",\"isPartOf\":{\"@id\":\"https:\/\/blog.zeit.de\/gruenegeschaefte\/#website\"},\"datePublished\":\"2010-03-23T15:05:23+00:00\",\"dateModified\":\"2010-03-23T15:27:41+00:00\",\"author\":{\"@id\":\"https:\/\/blog.zeit.de\/gruenegeschaefte\/#\/schema\/person\/56a2bdb136cd5997b1dd0485f3d105f9\"},\"breadcrumb\":{\"@id\":\"https:\/\/blog.zeit.de\/gruenegeschaefte\/2010\/03\/23\/vattenfall-klage-wegen-moorburg-ausgesetzt\/#breadcrumb\"},\"inLanguage\":\"de\",\"potentialAction\":[{\"@type\":\"ReadAction\",\"target\":[\"https:\/\/blog.zeit.de\/gruenegeschaefte\/2010\/03\/23\/vattenfall-klage-wegen-moorburg-ausgesetzt\/\"]}]},{\"@type\":\"BreadcrumbList\",\"@id\":\"https:\/\/blog.zeit.de\/gruenegeschaefte\/2010\/03\/23\/vattenfall-klage-wegen-moorburg-ausgesetzt\/#breadcrumb\",\"itemListElement\":[{\"@type\":\"ListItem\",\"position\":1,\"name\":\"Startseite\",\"item\":\"https:\/\/blog.zeit.de\/gruenegeschaefte\/\"},{\"@type\":\"ListItem\",\"position\":2,\"name\":\"Vattenfall-Klage wegen Moorburg ausgesetzt\"}]},{\"@type\":\"WebSite\",\"@id\":\"https:\/\/blog.zeit.de\/gruenegeschaefte\/#website\",\"url\":\"https:\/\/blog.zeit.de\/gruenegeschaefte\/\",\"name\":\"Gr\u00fcne Gesch\u00e4fte\",\"description\":\"Wir k\u00f6nnen&#039;s besser: Das Blog f\u00fcr eine Wirtschaft, die Ressourcen und Klima schont\",\"potentialAction\":[{\"@type\":\"SearchAction\",\"target\":{\"@type\":\"EntryPoint\",\"urlTemplate\":\"https:\/\/blog.zeit.de\/gruenegeschaefte\/?s={search_term_string}\"},\"query-input\":\"required name=search_term_string\"}],\"inLanguage\":\"de\"},{\"@type\":\"Person\",\"@id\":\"https:\/\/blog.zeit.de\/gruenegeschaefte\/#\/schema\/person\/56a2bdb136cd5997b1dd0485f3d105f9\",\"name\":\"Marlies Uken\",\"image\":{\"@type\":\"ImageObject\",\"inLanguage\":\"de\",\"@id\":\"https:\/\/blog.zeit.de\/gruenegeschaefte\/#\/schema\/person\/image\/\",\"url\":\"https:\/\/secure.gravatar.com\/avatar\/1b4c2e971f407a9ead4389a9370b171e45b0ee693342f36fcc448bb9175b9ee2?s=96&d=mm&r=g\",\"contentUrl\":\"https:\/\/secure.gravatar.com\/avatar\/1b4c2e971f407a9ead4389a9370b171e45b0ee693342f36fcc448bb9175b9ee2?s=96&d=mm&r=g\",\"caption\":\"Marlies Uken\"},\"description\":\"ist Redakteurin bei ZEIT ONLINE.\",\"sameAs\":[\"https:\/\/blog.zeit.de\/gruenegeschaefte\/\"],\"url\":\"https:\/\/blog.zeit.de\/gruenegeschaefte\/author\/marlies-uken\/\"}]}<\/script>\n<!-- \/ Yoast SEO plugin. -->","yoast_head_json":{"title":"Vattenfall-Klage wegen Moorburg ausgesetzt - Gr\u00fcne Gesch\u00e4fte","robots":{"index":"index","follow":"follow","max-snippet":"max-snippet:-1","max-image-preview":"max-image-preview:large","max-video-preview":"max-video-preview:-1"},"canonical":"https:\/\/blog.zeit.de\/gruenegeschaefte\/2010\/03\/23\/vattenfall-klage-wegen-moorburg-ausgesetzt\/","og_locale":"de_DE","og_type":"article","og_title":"Vattenfall-Klage wegen Moorburg ausgesetzt - Gr\u00fcne Gesch\u00e4fte","og_description":"Vielleicht erinnert sich der eine oder andere ZEIT online-Leser noch: Im vergangenen September klagte der Energieversorger Vattenfall vor einem Schiedsstelle der Weltbank auf 1,4 Milliarden Euro Schadenersatz wegen seines Kraftwerks Moorburg. Vattenfall will damit seine Einnahmeverluste kompensieren,\u00a0 weil sich die Genehmigungen f\u00fcr den umstrittenen Kraftwerksbau immer wieder verz\u00f6gerten. Schaut man nun auf der Homepage der [&hellip;]","og_url":"https:\/\/blog.zeit.de\/gruenegeschaefte\/2010\/03\/23\/vattenfall-klage-wegen-moorburg-ausgesetzt\/","og_site_name":"Gr\u00fcne Gesch\u00e4fte","article_published_time":"2010-03-23T15:05:23+00:00","article_modified_time":"2010-03-23T15:27:41+00:00","author":"Marlies Uken","twitter_card":"summary_large_image","twitter_creator":"@zeitonline","twitter_site":"@zeitonline","twitter_misc":{"Geschrieben von":"Marlies Uken","Gesch\u00e4tzte Lesezeit":"1\u00a0Minute"},"schema":{"@context":"https:\/\/schema.org","@graph":[{"@type":"WebPage","@id":"https:\/\/blog.zeit.de\/gruenegeschaefte\/2010\/03\/23\/vattenfall-klage-wegen-moorburg-ausgesetzt\/","url":"https:\/\/blog.zeit.de\/gruenegeschaefte\/2010\/03\/23\/vattenfall-klage-wegen-moorburg-ausgesetzt\/","name":"Vattenfall-Klage wegen Moorburg ausgesetzt - Gr\u00fcne Gesch\u00e4fte","isPartOf":{"@id":"https:\/\/blog.zeit.de\/gruenegeschaefte\/#website"},"datePublished":"2010-03-23T15:05:23+00:00","dateModified":"2010-03-23T15:27:41+00:00","author":{"@id":"https:\/\/blog.zeit.de\/gruenegeschaefte\/#\/schema\/person\/56a2bdb136cd5997b1dd0485f3d105f9"},"breadcrumb":{"@id":"https:\/\/blog.zeit.de\/gruenegeschaefte\/2010\/03\/23\/vattenfall-klage-wegen-moorburg-ausgesetzt\/#breadcrumb"},"inLanguage":"de","potentialAction":[{"@type":"ReadAction","target":["https:\/\/blog.zeit.de\/gruenegeschaefte\/2010\/03\/23\/vattenfall-klage-wegen-moorburg-ausgesetzt\/"]}]},{"@type":"BreadcrumbList","@id":"https:\/\/blog.zeit.de\/gruenegeschaefte\/2010\/03\/23\/vattenfall-klage-wegen-moorburg-ausgesetzt\/#breadcrumb","itemListElement":[{"@type":"ListItem","position":1,"name":"Startseite","item":"https:\/\/blog.zeit.de\/gruenegeschaefte\/"},{"@type":"ListItem","position":2,"name":"Vattenfall-Klage wegen Moorburg ausgesetzt"}]},{"@type":"WebSite","@id":"https:\/\/blog.zeit.de\/gruenegeschaefte\/#website","url":"https:\/\/blog.zeit.de\/gruenegeschaefte\/","name":"Gr\u00fcne Gesch\u00e4fte","description":"Wir k\u00f6nnen&#039;s besser: Das Blog f\u00fcr eine Wirtschaft, die Ressourcen und Klima schont","potentialAction":[{"@type":"SearchAction","target":{"@type":"EntryPoint","urlTemplate":"https:\/\/blog.zeit.de\/gruenegeschaefte\/?s={search_term_string}"},"query-input":"required name=search_term_string"}],"inLanguage":"de"},{"@type":"Person","@id":"https:\/\/blog.zeit.de\/gruenegeschaefte\/#\/schema\/person\/56a2bdb136cd5997b1dd0485f3d105f9","name":"Marlies Uken","image":{"@type":"ImageObject","inLanguage":"de","@id":"https:\/\/blog.zeit.de\/gruenegeschaefte\/#\/schema\/person\/image\/","url":"https:\/\/secure.gravatar.com\/avatar\/1b4c2e971f407a9ead4389a9370b171e45b0ee693342f36fcc448bb9175b9ee2?s=96&d=mm&r=g","contentUrl":"https:\/\/secure.gravatar.com\/avatar\/1b4c2e971f407a9ead4389a9370b171e45b0ee693342f36fcc448bb9175b9ee2?s=96&d=mm&r=g","caption":"Marlies Uken"},"description":"ist Redakteurin bei ZEIT ONLINE.","sameAs":["https:\/\/blog.zeit.de\/gruenegeschaefte\/"],"url":"https:\/\/blog.zeit.de\/gruenegeschaefte\/author\/marlies-uken\/"}]}},"jetpack_featured_media_url":"","jetpack_sharing_enabled":true,"_links":{"self":[{"href":"https:\/\/blog.zeit.de\/gruenegeschaefte\/wp-json\/wp\/v2\/posts\/685","targetHints":{"allow":["GET"]}}],"collection":[{"href":"https:\/\/blog.zeit.de\/gruenegeschaefte\/wp-json\/wp\/v2\/posts"}],"about":[{"href":"https:\/\/blog.zeit.de\/gruenegeschaefte\/wp-json\/wp\/v2\/types\/post"}],"author":[{"embeddable":true,"href":"https:\/\/blog.zeit.de\/gruenegeschaefte\/wp-json\/wp\/v2\/users\/196"}],"replies":[{"embeddable":true,"href":"https:\/\/blog.zeit.de\/gruenegeschaefte\/wp-json\/wp\/v2\/comments?post=685"}],"version-history":[{"count":0,"href":"https:\/\/blog.zeit.de\/gruenegeschaefte\/wp-json\/wp\/v2\/posts\/685\/revisions"}],"wp:attachment":[{"href":"https:\/\/blog.zeit.de\/gruenegeschaefte\/wp-json\/wp\/v2\/media?parent=685"}],"wp:term":[{"taxonomy":"category","embeddable":true,"href":"https:\/\/blog.zeit.de\/gruenegeschaefte\/wp-json\/wp\/v2\/categories?post=685"},{"taxonomy":"post_tag","embeddable":true,"href":"https:\/\/blog.zeit.de\/gruenegeschaefte\/wp-json\/wp\/v2\/tags?post=685"}],"curies":[{"name":"wp","href":"https:\/\/api.w.org\/{rel}","templated":true}]}}