{"id":7218,"date":"2015-08-17T16:26:57","date_gmt":"2015-08-17T14:26:57","guid":{"rendered":"http:\/\/blog.zeit.de\/gruenegeschaefte\/?p=7218"},"modified":"2015-09-17T13:53:34","modified_gmt":"2015-09-17T11:53:34","slug":"dann-mach-auch-was-sinnvolles-draus","status":"publish","type":"post","link":"https:\/\/blog.zeit.de\/gruenegeschaefte\/2015\/08\/17\/dann-mach-auch-was-sinnvolles-draus\/","title":{"rendered":"Dann mach auch was Sinnvolles draus"},"content":{"rendered":"<p>Keine Frage, an Selbstbewusstsein fehlt es Boyan Slat aus den Niederlanden nicht. Der 20-J\u00e4hrige hat vor zwei Jahren via Crowdfunding mal eben zwei Millionen Dollar eingesammelt f\u00fcr eine Idee, die er selbst als &#8222;verr\u00fcckt&#8220; bezeichnet: Mit riesigen, kilometerlangen Fangarmen will er schwimmenden Meeresm\u00fcll einfangen und zu einer Auffangplattform geleiten, wo er eingesammelt wird. Sogar von den Vereinten Nationen wurde Slat f\u00fcr sein <a href=\"http:\/\/www.theoceancleanup.com\">Ocean Cleanup Projekt<\/a> vergangenen Herbst ausgezeichnet.<\/p>\n<p><!--more--><\/p>\n<p>In diesen Tagen ist nun Slats &#8222;Mega-Expedition&#8220; angelaufen. Rund 30 Schiffe nehmen an der \u2013 nach eigenen Angaben \u2013 gr\u00f6\u00dften Forschungsexpedition der Geschichte auf dem Meer teil. Sie wollen drei Wochen lang ein riesiges Areal im Pazifik durchkreuzen, mehr \u00fcber die Schwimmbewegungen von Meeresm\u00fcll erfahren und zugleich gro\u00dfe M\u00fcllteile herausfischen. Beeindruckend, dass die Idee tats\u00e4chlich Konturen annimmt.<\/p>\n<p>Fragt sich nur, wie es mit dem M\u00fcll an Land weitergeht. Keine Frage: Es ist sinnvoll, den Meeresm\u00fcll einzusammeln. Die Bilder von Fischen und V\u00f6geln, die qualvoll an Meeresm\u00fcll verenden, bewegen fast jeden. Was aber wichtig ist: An Land m\u00fcssen die Reinigungs- und Recyclingkapazit\u00e4ten entstehen. Und da existiert noch eine L\u00fccke. Vor einigen Wochen <a href=\"http:\/\/www.adidas-group.com\/de\/medien\/newsarchiv\/pressemitteilungen\/2015\/adidas-und-parley-oceans-prasentieren-bei-un-veranstaltung-zum-k\/\">pr\u00e4sentierte zwar Adidas den ersten Sportschuh aus Meeresm\u00fcll<\/a>.<\/p>\n<p><figure id=\"attachment_7219\" aria-describedby=\"caption-attachment-7219\" style=\"width: 500px\" class=\"wp-caption aligncenter\"><img loading=\"lazy\" decoding=\"async\" class=\"wp-image-7219 size-full\" src=\"https:\/\/blog.zeit.de\/gruenegeschaefte\/files\/2015\/08\/Adidas.jpg\" alt=\"Prototyp-Schuh aus Meeresm\u00fcll \u00a9 Adidas\" width=\"500\" height=\"281\" srcset=\"https:\/\/blog.zeit.de\/gruenegeschaefte\/files\/2015\/08\/Adidas.jpg 500w, https:\/\/blog.zeit.de\/gruenegeschaefte\/files\/2015\/08\/Adidas-300x169.jpg 300w\" sizes=\"auto, (max-width: 500px) 100vw, 500px\" \/><figcaption id=\"caption-attachment-7219\" class=\"wp-caption-text\">Prototyp-Schuh aus Meeresm\u00fcll \u00a9 Adidas<\/figcaption><\/figure><\/p>\n<p>Das Obermaterial, im schicken, t\u00fcrkisfarbenen Wellenlook, wurde aus einem Garn hergestellt, das aus Meeresm\u00fcll gefertigt wurde. Von dem Schuh gibt es aber bislang allerdings weltweit nur zwei Paar und den Rohstoff hat die Organisation Parley for the Oceans selbst gesammelt. Think big, davon ist man noch weit entfernt.<\/p>\n<p>Der Naturschutzbund, der seit einigen Jahren mit dem Projekt Fishing for Litter K\u00fcstenfischer \u00fcberzeugt, Plastikm\u00fcll als Beifang an Land zu bringen, betont, wie wichtig es sei, sinnvoll zu recyceln.\u00a0 Die Natursch\u00fctzer erhalten bereits zahlreiche Anfragen von Unternehmen, die ihnen gerne den Plastikm\u00fcll abkaufen w\u00fcrden, um ihn wiederzuverwerten. Ihn aber beispielsweise zur Herstellung von schwarzen Plastikflaschen zu verwenden, wie es etwa ein Bio-Reinigungsmittelhersteller gemacht hat, h\u00e4lt man beim Nabu f\u00fcr falsch: Schlie\u00dflich lasse sich schwarzes Plastikmaterial nicht erneut recyceln. &#8222;Schwarzer Kunststoff ist in der Regel nicht recycelbar und wird aussortiert und verbrannt&#8220;, sagt Nabu-Fachmann Kim Detloff. Die Flasche werde maximal noch einmal verwendet, das sei nicht sehr nachhaltig und entspreche nicht dem Nabu-Verst\u00e4ndnis von Ressourceneffizienz. &#8222;Die meisten praktischen Anwendungen sind bisher Pilotprojekte oder eher Marketing als ein wirklicher Stoffr\u00fcckstrom.&#8220;<\/p>\n<p>Beim Cleanup Projekt wollen sie den Plastikm\u00fcll, salopp gesagt, erst einmal einfach wieder erhitzen, verfl\u00fcssigen und so \u00d6l herstellen \u2013 den Rohstoff f\u00fcr Plastik. Das sei bislang recht vielversprechend, so das Team rund um Boyan Slate.<\/p>\n","protected":false},"excerpt":{"rendered":"<p>Keine Frage, an Selbstbewusstsein fehlt es Boyan Slat aus den Niederlanden nicht. Der 20-J\u00e4hrige hat vor zwei Jahren via Crowdfunding mal eben zwei Millionen Dollar eingesammelt f\u00fcr eine Idee, die er selbst als &#8222;verr\u00fcckt&#8220; bezeichnet: Mit riesigen, kilometerlangen Fangarmen will er schwimmenden Meeresm\u00fcll einfangen und zu einer Auffangplattform geleiten, wo er eingesammelt wird. Sogar von [&hellip;]<\/p>\n","protected":false},"author":196,"featured_media":0,"comment_status":"open","ping_status":"open","sticky":false,"template":"","format":"standard","meta":{"_jetpack_memberships_contains_paid_content":false,"footnotes":""},"categories":[1],"tags":[],"class_list":["post-7218","post","type-post","status-publish","format-standard","hentry","category-allgemein"],"yoast_head":"<!-- This site is optimized with the Yoast SEO plugin v21.0 - https:\/\/yoast.com\/wordpress\/plugins\/seo\/ -->\n<title>Dann mach auch was Sinnvolles draus - Gr\u00fcne Gesch\u00e4fte<\/title>\n<meta name=\"robots\" content=\"index, follow, max-snippet:-1, max-image-preview:large, max-video-preview:-1\" \/>\n<link rel=\"canonical\" href=\"https:\/\/blog.zeit.de\/gruenegeschaefte\/2015\/08\/17\/dann-mach-auch-was-sinnvolles-draus\/\" \/>\n<meta property=\"og:locale\" content=\"de_DE\" \/>\n<meta property=\"og:type\" content=\"article\" \/>\n<meta property=\"og:title\" content=\"Dann mach auch was Sinnvolles draus - Gr\u00fcne Gesch\u00e4fte\" \/>\n<meta property=\"og:description\" content=\"Keine Frage, an Selbstbewusstsein fehlt es Boyan Slat aus den Niederlanden nicht. Der 20-J\u00e4hrige hat vor zwei Jahren via Crowdfunding mal eben zwei Millionen Dollar eingesammelt f\u00fcr eine Idee, die er selbst als &#8222;verr\u00fcckt&#8220; bezeichnet: Mit riesigen, kilometerlangen Fangarmen will er schwimmenden Meeresm\u00fcll einfangen und zu einer Auffangplattform geleiten, wo er eingesammelt wird. Sogar von [&hellip;]\" \/>\n<meta property=\"og:url\" content=\"https:\/\/blog.zeit.de\/gruenegeschaefte\/2015\/08\/17\/dann-mach-auch-was-sinnvolles-draus\/\" \/>\n<meta property=\"og:site_name\" content=\"Gr\u00fcne Gesch\u00e4fte\" \/>\n<meta property=\"article:published_time\" content=\"2015-08-17T14:26:57+00:00\" \/>\n<meta property=\"article:modified_time\" content=\"2015-09-17T11:53:34+00:00\" \/>\n<meta property=\"og:image\" content=\"https:\/\/blog.zeit.de\/gruenegeschaefte\/files\/2015\/08\/Adidas.jpg\" \/>\n<meta name=\"author\" content=\"Marlies Uken\" \/>\n<meta name=\"twitter:card\" content=\"summary_large_image\" \/>\n<meta name=\"twitter:creator\" content=\"@zeitonline\" \/>\n<meta name=\"twitter:site\" content=\"@zeitonline\" \/>\n<meta name=\"twitter:label1\" content=\"Geschrieben von\" \/>\n\t<meta name=\"twitter:data1\" content=\"Marlies Uken\" \/>\n\t<meta name=\"twitter:label2\" content=\"Gesch\u00e4tzte Lesezeit\" \/>\n\t<meta name=\"twitter:data2\" content=\"2\u00a0Minuten\" \/>\n<script type=\"application\/ld+json\" class=\"yoast-schema-graph\">{\"@context\":\"https:\/\/schema.org\",\"@graph\":[{\"@type\":\"WebPage\",\"@id\":\"https:\/\/blog.zeit.de\/gruenegeschaefte\/2015\/08\/17\/dann-mach-auch-was-sinnvolles-draus\/\",\"url\":\"https:\/\/blog.zeit.de\/gruenegeschaefte\/2015\/08\/17\/dann-mach-auch-was-sinnvolles-draus\/\",\"name\":\"Dann mach auch was Sinnvolles draus - Gr\u00fcne Gesch\u00e4fte\",\"isPartOf\":{\"@id\":\"https:\/\/blog.zeit.de\/gruenegeschaefte\/#website\"},\"datePublished\":\"2015-08-17T14:26:57+00:00\",\"dateModified\":\"2015-09-17T11:53:34+00:00\",\"author\":{\"@id\":\"https:\/\/blog.zeit.de\/gruenegeschaefte\/#\/schema\/person\/56a2bdb136cd5997b1dd0485f3d105f9\"},\"breadcrumb\":{\"@id\":\"https:\/\/blog.zeit.de\/gruenegeschaefte\/2015\/08\/17\/dann-mach-auch-was-sinnvolles-draus\/#breadcrumb\"},\"inLanguage\":\"de\",\"potentialAction\":[{\"@type\":\"ReadAction\",\"target\":[\"https:\/\/blog.zeit.de\/gruenegeschaefte\/2015\/08\/17\/dann-mach-auch-was-sinnvolles-draus\/\"]}]},{\"@type\":\"BreadcrumbList\",\"@id\":\"https:\/\/blog.zeit.de\/gruenegeschaefte\/2015\/08\/17\/dann-mach-auch-was-sinnvolles-draus\/#breadcrumb\",\"itemListElement\":[{\"@type\":\"ListItem\",\"position\":1,\"name\":\"Startseite\",\"item\":\"https:\/\/blog.zeit.de\/gruenegeschaefte\/\"},{\"@type\":\"ListItem\",\"position\":2,\"name\":\"Dann mach auch was Sinnvolles draus\"}]},{\"@type\":\"WebSite\",\"@id\":\"https:\/\/blog.zeit.de\/gruenegeschaefte\/#website\",\"url\":\"https:\/\/blog.zeit.de\/gruenegeschaefte\/\",\"name\":\"Gr\u00fcne Gesch\u00e4fte\",\"description\":\"Wir k\u00f6nnen&#039;s besser: Das Blog f\u00fcr eine Wirtschaft, die Ressourcen und Klima schont\",\"potentialAction\":[{\"@type\":\"SearchAction\",\"target\":{\"@type\":\"EntryPoint\",\"urlTemplate\":\"https:\/\/blog.zeit.de\/gruenegeschaefte\/?s={search_term_string}\"},\"query-input\":\"required name=search_term_string\"}],\"inLanguage\":\"de\"},{\"@type\":\"Person\",\"@id\":\"https:\/\/blog.zeit.de\/gruenegeschaefte\/#\/schema\/person\/56a2bdb136cd5997b1dd0485f3d105f9\",\"name\":\"Marlies Uken\",\"image\":{\"@type\":\"ImageObject\",\"inLanguage\":\"de\",\"@id\":\"https:\/\/blog.zeit.de\/gruenegeschaefte\/#\/schema\/person\/image\/\",\"url\":\"https:\/\/secure.gravatar.com\/avatar\/1b4c2e971f407a9ead4389a9370b171e45b0ee693342f36fcc448bb9175b9ee2?s=96&d=mm&r=g\",\"contentUrl\":\"https:\/\/secure.gravatar.com\/avatar\/1b4c2e971f407a9ead4389a9370b171e45b0ee693342f36fcc448bb9175b9ee2?s=96&d=mm&r=g\",\"caption\":\"Marlies Uken\"},\"description\":\"ist Redakteurin bei ZEIT ONLINE.\",\"sameAs\":[\"https:\/\/blog.zeit.de\/gruenegeschaefte\/\"],\"url\":\"https:\/\/blog.zeit.de\/gruenegeschaefte\/author\/marlies-uken\/\"}]}<\/script>\n<!-- \/ Yoast SEO plugin. -->","yoast_head_json":{"title":"Dann mach auch was Sinnvolles draus - Gr\u00fcne Gesch\u00e4fte","robots":{"index":"index","follow":"follow","max-snippet":"max-snippet:-1","max-image-preview":"max-image-preview:large","max-video-preview":"max-video-preview:-1"},"canonical":"https:\/\/blog.zeit.de\/gruenegeschaefte\/2015\/08\/17\/dann-mach-auch-was-sinnvolles-draus\/","og_locale":"de_DE","og_type":"article","og_title":"Dann mach auch was Sinnvolles draus - Gr\u00fcne Gesch\u00e4fte","og_description":"Keine Frage, an Selbstbewusstsein fehlt es Boyan Slat aus den Niederlanden nicht. Der 20-J\u00e4hrige hat vor zwei Jahren via Crowdfunding mal eben zwei Millionen Dollar eingesammelt f\u00fcr eine Idee, die er selbst als &#8222;verr\u00fcckt&#8220; bezeichnet: Mit riesigen, kilometerlangen Fangarmen will er schwimmenden Meeresm\u00fcll einfangen und zu einer Auffangplattform geleiten, wo er eingesammelt wird. Sogar von [&hellip;]","og_url":"https:\/\/blog.zeit.de\/gruenegeschaefte\/2015\/08\/17\/dann-mach-auch-was-sinnvolles-draus\/","og_site_name":"Gr\u00fcne Gesch\u00e4fte","article_published_time":"2015-08-17T14:26:57+00:00","article_modified_time":"2015-09-17T11:53:34+00:00","og_image":[{"url":"https:\/\/blog.zeit.de\/gruenegeschaefte\/files\/2015\/08\/Adidas.jpg"}],"author":"Marlies Uken","twitter_card":"summary_large_image","twitter_creator":"@zeitonline","twitter_site":"@zeitonline","twitter_misc":{"Geschrieben von":"Marlies Uken","Gesch\u00e4tzte Lesezeit":"2\u00a0Minuten"},"schema":{"@context":"https:\/\/schema.org","@graph":[{"@type":"WebPage","@id":"https:\/\/blog.zeit.de\/gruenegeschaefte\/2015\/08\/17\/dann-mach-auch-was-sinnvolles-draus\/","url":"https:\/\/blog.zeit.de\/gruenegeschaefte\/2015\/08\/17\/dann-mach-auch-was-sinnvolles-draus\/","name":"Dann mach auch was Sinnvolles draus - Gr\u00fcne Gesch\u00e4fte","isPartOf":{"@id":"https:\/\/blog.zeit.de\/gruenegeschaefte\/#website"},"datePublished":"2015-08-17T14:26:57+00:00","dateModified":"2015-09-17T11:53:34+00:00","author":{"@id":"https:\/\/blog.zeit.de\/gruenegeschaefte\/#\/schema\/person\/56a2bdb136cd5997b1dd0485f3d105f9"},"breadcrumb":{"@id":"https:\/\/blog.zeit.de\/gruenegeschaefte\/2015\/08\/17\/dann-mach-auch-was-sinnvolles-draus\/#breadcrumb"},"inLanguage":"de","potentialAction":[{"@type":"ReadAction","target":["https:\/\/blog.zeit.de\/gruenegeschaefte\/2015\/08\/17\/dann-mach-auch-was-sinnvolles-draus\/"]}]},{"@type":"BreadcrumbList","@id":"https:\/\/blog.zeit.de\/gruenegeschaefte\/2015\/08\/17\/dann-mach-auch-was-sinnvolles-draus\/#breadcrumb","itemListElement":[{"@type":"ListItem","position":1,"name":"Startseite","item":"https:\/\/blog.zeit.de\/gruenegeschaefte\/"},{"@type":"ListItem","position":2,"name":"Dann mach auch was Sinnvolles draus"}]},{"@type":"WebSite","@id":"https:\/\/blog.zeit.de\/gruenegeschaefte\/#website","url":"https:\/\/blog.zeit.de\/gruenegeschaefte\/","name":"Gr\u00fcne Gesch\u00e4fte","description":"Wir k\u00f6nnen&#039;s besser: Das Blog f\u00fcr eine Wirtschaft, die Ressourcen und Klima schont","potentialAction":[{"@type":"SearchAction","target":{"@type":"EntryPoint","urlTemplate":"https:\/\/blog.zeit.de\/gruenegeschaefte\/?s={search_term_string}"},"query-input":"required name=search_term_string"}],"inLanguage":"de"},{"@type":"Person","@id":"https:\/\/blog.zeit.de\/gruenegeschaefte\/#\/schema\/person\/56a2bdb136cd5997b1dd0485f3d105f9","name":"Marlies Uken","image":{"@type":"ImageObject","inLanguage":"de","@id":"https:\/\/blog.zeit.de\/gruenegeschaefte\/#\/schema\/person\/image\/","url":"https:\/\/secure.gravatar.com\/avatar\/1b4c2e971f407a9ead4389a9370b171e45b0ee693342f36fcc448bb9175b9ee2?s=96&d=mm&r=g","contentUrl":"https:\/\/secure.gravatar.com\/avatar\/1b4c2e971f407a9ead4389a9370b171e45b0ee693342f36fcc448bb9175b9ee2?s=96&d=mm&r=g","caption":"Marlies Uken"},"description":"ist Redakteurin bei ZEIT ONLINE.","sameAs":["https:\/\/blog.zeit.de\/gruenegeschaefte\/"],"url":"https:\/\/blog.zeit.de\/gruenegeschaefte\/author\/marlies-uken\/"}]}},"jetpack_featured_media_url":"","jetpack_sharing_enabled":true,"_links":{"self":[{"href":"https:\/\/blog.zeit.de\/gruenegeschaefte\/wp-json\/wp\/v2\/posts\/7218","targetHints":{"allow":["GET"]}}],"collection":[{"href":"https:\/\/blog.zeit.de\/gruenegeschaefte\/wp-json\/wp\/v2\/posts"}],"about":[{"href":"https:\/\/blog.zeit.de\/gruenegeschaefte\/wp-json\/wp\/v2\/types\/post"}],"author":[{"embeddable":true,"href":"https:\/\/blog.zeit.de\/gruenegeschaefte\/wp-json\/wp\/v2\/users\/196"}],"replies":[{"embeddable":true,"href":"https:\/\/blog.zeit.de\/gruenegeschaefte\/wp-json\/wp\/v2\/comments?post=7218"}],"version-history":[{"count":9,"href":"https:\/\/blog.zeit.de\/gruenegeschaefte\/wp-json\/wp\/v2\/posts\/7218\/revisions"}],"predecessor-version":[{"id":7259,"href":"https:\/\/blog.zeit.de\/gruenegeschaefte\/wp-json\/wp\/v2\/posts\/7218\/revisions\/7259"}],"wp:attachment":[{"href":"https:\/\/blog.zeit.de\/gruenegeschaefte\/wp-json\/wp\/v2\/media?parent=7218"}],"wp:term":[{"taxonomy":"category","embeddable":true,"href":"https:\/\/blog.zeit.de\/gruenegeschaefte\/wp-json\/wp\/v2\/categories?post=7218"},{"taxonomy":"post_tag","embeddable":true,"href":"https:\/\/blog.zeit.de\/gruenegeschaefte\/wp-json\/wp\/v2\/tags?post=7218"}],"curies":[{"name":"wp","href":"https:\/\/api.w.org\/{rel}","templated":true}]}}