{"id":75,"date":"2009-12-02T09:00:52","date_gmt":"2009-12-02T08:00:52","guid":{"rendered":"http:\/\/blog.zeit.de\/gruenegeschaefte\/?p=75"},"modified":"2009-12-02T09:21:07","modified_gmt":"2009-12-02T08:21:07","slug":"der-umwelt-markt","status":"publish","type":"post","link":"https:\/\/blog.zeit.de\/gruenegeschaefte\/2009\/12\/02\/der-umwelt-markt\/","title":{"rendered":"Der Umwelt-Markt"},"content":{"rendered":"<p>Eins ist wohl klar: Dieses Blog wird wahrscheinlich eine wunderbare Anlaufstelle f\u00fcr Pressestellen sein, die sich mit dem \u00d6ko-Engagement ihrer Unternehmen profilieren wollen. Sicherlich k\u00f6nnte auch diese etwas krude <a href=\"http:\/\/www.presseecho.de\/wirtschaft\/NA3731521722.htm\">Pressemitteilung<\/a> des Netto-Discounters in diese Kategorie fallen. In ihr r\u00fchmt sich das Unternehmen damit, als erster Discounter Deutschlands eine Filiale mit Strom von einem Windrad zu versorgen. Nun gut.<\/p>\n<p>Aber beim Lesen stolperte ich doch \u00fcber einige interessante Zahlen: Allein durch den Einbau von Glasscheiben vorm Joghurt-Regal kann der Vorzeige-Laden seinen Energieverbrauch enorm senken. Wenn Netto es ernst meint und tats\u00e4chlich seine K\u00fchlregale in ganz Deutschland mit Glast\u00fcren ausstattet &#8211; Netto betreibt \u00fcbrigens rund 4000 Filialen hierzulande &#8211; reduziert das Unternehmen seinen Stromverbrauch am K\u00fchlregel um bis zu einem Viertel. Und weil das Unternehmen seine Abw\u00e4rme per W\u00e4rmetauscher r\u00fcckgewinnt, wird der Supermarkt zu einer Art Passivhaus. \u00dcblicherweise wird verbrauchte, aufgew\u00e4rmte Luft nach drau\u00dfen gepustet und Frischluft einzogen &#8211; eine enorme Energieverschwendung. Jetzt gewinnt ein W\u00e4rmetauscher die W\u00e4rme aus der Abluft und heizt so den Laden.<\/p>\n<blockquote><p><em>&#8222;Durch  den Einsatz dieser modernen Heizsysteme in unserem Umwelt-Markt  k\u00f6nnen wir zu 100 Prozent auf den Einsatz fossiler Brennstoffe wie  Gas und Heiz\u00f6l verzichten&#8220;, so Manfred Karl.&#8220;<\/em> (Herr Karl ist \u00fcbrigens der Gesch\u00e4ftsf\u00fchrer Expansion von Netto)<em><br \/>\n<\/em><\/p><\/blockquote>\n<p>Das ist doch mal was! Und zeigt, was f\u00fcr <a href=\"http:\/\/www.zeit.de\/2009\/34\/Macher-und-Maerkte-Energieeffizienzstudie\">enorme Potenziale es beim Strom Sparen<\/a> noch gibt.<\/p>\n","protected":false},"excerpt":{"rendered":"<p>Eins ist wohl klar: Dieses Blog wird wahrscheinlich eine wunderbare Anlaufstelle f\u00fcr Pressestellen sein, die sich mit dem \u00d6ko-Engagement ihrer Unternehmen profilieren wollen. Sicherlich k\u00f6nnte auch diese etwas krude Pressemitteilung des Netto-Discounters in diese Kategorie fallen. In ihr r\u00fchmt sich das Unternehmen damit, als erster Discounter Deutschlands eine Filiale mit Strom von einem Windrad zu [&hellip;]<\/p>\n","protected":false},"author":196,"featured_media":0,"comment_status":"open","ping_status":"open","sticky":false,"template":"","format":"standard","meta":{"_jetpack_memberships_contains_paid_content":false,"footnotes":""},"categories":[1123],"tags":[],"class_list":["post-75","post","type-post","status-publish","format-standard","hentry","category-energieeffizienz"],"yoast_head":"<!-- This site is optimized with the Yoast SEO plugin v21.0 - https:\/\/yoast.com\/wordpress\/plugins\/seo\/ -->\n<title>Der Umwelt-Markt - Gr\u00fcne Gesch\u00e4fte<\/title>\n<meta name=\"robots\" content=\"index, follow, max-snippet:-1, max-image-preview:large, max-video-preview:-1\" \/>\n<link rel=\"canonical\" href=\"https:\/\/blog.zeit.de\/gruenegeschaefte\/2009\/12\/02\/der-umwelt-markt\/\" \/>\n<meta property=\"og:locale\" content=\"de_DE\" \/>\n<meta property=\"og:type\" content=\"article\" \/>\n<meta property=\"og:title\" content=\"Der Umwelt-Markt - Gr\u00fcne Gesch\u00e4fte\" \/>\n<meta property=\"og:description\" content=\"Eins ist wohl klar: Dieses Blog wird wahrscheinlich eine wunderbare Anlaufstelle f\u00fcr Pressestellen sein, die sich mit dem \u00d6ko-Engagement ihrer Unternehmen profilieren wollen. Sicherlich k\u00f6nnte auch diese etwas krude Pressemitteilung des Netto-Discounters in diese Kategorie fallen. In ihr r\u00fchmt sich das Unternehmen damit, als erster Discounter Deutschlands eine Filiale mit Strom von einem Windrad zu [&hellip;]\" \/>\n<meta property=\"og:url\" content=\"https:\/\/blog.zeit.de\/gruenegeschaefte\/2009\/12\/02\/der-umwelt-markt\/\" \/>\n<meta property=\"og:site_name\" content=\"Gr\u00fcne Gesch\u00e4fte\" \/>\n<meta property=\"article:published_time\" content=\"2009-12-02T08:00:52+00:00\" \/>\n<meta property=\"article:modified_time\" content=\"2009-12-02T08:21:07+00:00\" \/>\n<meta name=\"author\" content=\"Marlies Uken\" \/>\n<meta name=\"twitter:card\" content=\"summary_large_image\" \/>\n<meta name=\"twitter:creator\" content=\"@zeitonline\" \/>\n<meta name=\"twitter:site\" content=\"@zeitonline\" \/>\n<meta name=\"twitter:label1\" content=\"Geschrieben von\" \/>\n\t<meta name=\"twitter:data1\" content=\"Marlies Uken\" \/>\n\t<meta name=\"twitter:label2\" content=\"Gesch\u00e4tzte Lesezeit\" \/>\n\t<meta name=\"twitter:data2\" content=\"1\u00a0Minute\" \/>\n<script type=\"application\/ld+json\" class=\"yoast-schema-graph\">{\"@context\":\"https:\/\/schema.org\",\"@graph\":[{\"@type\":\"WebPage\",\"@id\":\"https:\/\/blog.zeit.de\/gruenegeschaefte\/2009\/12\/02\/der-umwelt-markt\/\",\"url\":\"https:\/\/blog.zeit.de\/gruenegeschaefte\/2009\/12\/02\/der-umwelt-markt\/\",\"name\":\"Der Umwelt-Markt - Gr\u00fcne Gesch\u00e4fte\",\"isPartOf\":{\"@id\":\"https:\/\/blog.zeit.de\/gruenegeschaefte\/#website\"},\"datePublished\":\"2009-12-02T08:00:52+00:00\",\"dateModified\":\"2009-12-02T08:21:07+00:00\",\"author\":{\"@id\":\"https:\/\/blog.zeit.de\/gruenegeschaefte\/#\/schema\/person\/56a2bdb136cd5997b1dd0485f3d105f9\"},\"breadcrumb\":{\"@id\":\"https:\/\/blog.zeit.de\/gruenegeschaefte\/2009\/12\/02\/der-umwelt-markt\/#breadcrumb\"},\"inLanguage\":\"de\",\"potentialAction\":[{\"@type\":\"ReadAction\",\"target\":[\"https:\/\/blog.zeit.de\/gruenegeschaefte\/2009\/12\/02\/der-umwelt-markt\/\"]}]},{\"@type\":\"BreadcrumbList\",\"@id\":\"https:\/\/blog.zeit.de\/gruenegeschaefte\/2009\/12\/02\/der-umwelt-markt\/#breadcrumb\",\"itemListElement\":[{\"@type\":\"ListItem\",\"position\":1,\"name\":\"Startseite\",\"item\":\"https:\/\/blog.zeit.de\/gruenegeschaefte\/\"},{\"@type\":\"ListItem\",\"position\":2,\"name\":\"Der Umwelt-Markt\"}]},{\"@type\":\"WebSite\",\"@id\":\"https:\/\/blog.zeit.de\/gruenegeschaefte\/#website\",\"url\":\"https:\/\/blog.zeit.de\/gruenegeschaefte\/\",\"name\":\"Gr\u00fcne Gesch\u00e4fte\",\"description\":\"Wir k\u00f6nnen&#039;s besser: Das Blog f\u00fcr eine Wirtschaft, die Ressourcen und Klima schont\",\"potentialAction\":[{\"@type\":\"SearchAction\",\"target\":{\"@type\":\"EntryPoint\",\"urlTemplate\":\"https:\/\/blog.zeit.de\/gruenegeschaefte\/?s={search_term_string}\"},\"query-input\":\"required name=search_term_string\"}],\"inLanguage\":\"de\"},{\"@type\":\"Person\",\"@id\":\"https:\/\/blog.zeit.de\/gruenegeschaefte\/#\/schema\/person\/56a2bdb136cd5997b1dd0485f3d105f9\",\"name\":\"Marlies Uken\",\"image\":{\"@type\":\"ImageObject\",\"inLanguage\":\"de\",\"@id\":\"https:\/\/blog.zeit.de\/gruenegeschaefte\/#\/schema\/person\/image\/\",\"url\":\"https:\/\/secure.gravatar.com\/avatar\/1b4c2e971f407a9ead4389a9370b171e45b0ee693342f36fcc448bb9175b9ee2?s=96&d=mm&r=g\",\"contentUrl\":\"https:\/\/secure.gravatar.com\/avatar\/1b4c2e971f407a9ead4389a9370b171e45b0ee693342f36fcc448bb9175b9ee2?s=96&d=mm&r=g\",\"caption\":\"Marlies Uken\"},\"description\":\"ist Redakteurin bei ZEIT ONLINE.\",\"sameAs\":[\"https:\/\/blog.zeit.de\/gruenegeschaefte\/\"],\"url\":\"https:\/\/blog.zeit.de\/gruenegeschaefte\/author\/marlies-uken\/\"}]}<\/script>\n<!-- \/ Yoast SEO plugin. -->","yoast_head_json":{"title":"Der Umwelt-Markt - Gr\u00fcne Gesch\u00e4fte","robots":{"index":"index","follow":"follow","max-snippet":"max-snippet:-1","max-image-preview":"max-image-preview:large","max-video-preview":"max-video-preview:-1"},"canonical":"https:\/\/blog.zeit.de\/gruenegeschaefte\/2009\/12\/02\/der-umwelt-markt\/","og_locale":"de_DE","og_type":"article","og_title":"Der Umwelt-Markt - Gr\u00fcne Gesch\u00e4fte","og_description":"Eins ist wohl klar: Dieses Blog wird wahrscheinlich eine wunderbare Anlaufstelle f\u00fcr Pressestellen sein, die sich mit dem \u00d6ko-Engagement ihrer Unternehmen profilieren wollen. Sicherlich k\u00f6nnte auch diese etwas krude Pressemitteilung des Netto-Discounters in diese Kategorie fallen. In ihr r\u00fchmt sich das Unternehmen damit, als erster Discounter Deutschlands eine Filiale mit Strom von einem Windrad zu [&hellip;]","og_url":"https:\/\/blog.zeit.de\/gruenegeschaefte\/2009\/12\/02\/der-umwelt-markt\/","og_site_name":"Gr\u00fcne Gesch\u00e4fte","article_published_time":"2009-12-02T08:00:52+00:00","article_modified_time":"2009-12-02T08:21:07+00:00","author":"Marlies Uken","twitter_card":"summary_large_image","twitter_creator":"@zeitonline","twitter_site":"@zeitonline","twitter_misc":{"Geschrieben von":"Marlies Uken","Gesch\u00e4tzte Lesezeit":"1\u00a0Minute"},"schema":{"@context":"https:\/\/schema.org","@graph":[{"@type":"WebPage","@id":"https:\/\/blog.zeit.de\/gruenegeschaefte\/2009\/12\/02\/der-umwelt-markt\/","url":"https:\/\/blog.zeit.de\/gruenegeschaefte\/2009\/12\/02\/der-umwelt-markt\/","name":"Der Umwelt-Markt - Gr\u00fcne Gesch\u00e4fte","isPartOf":{"@id":"https:\/\/blog.zeit.de\/gruenegeschaefte\/#website"},"datePublished":"2009-12-02T08:00:52+00:00","dateModified":"2009-12-02T08:21:07+00:00","author":{"@id":"https:\/\/blog.zeit.de\/gruenegeschaefte\/#\/schema\/person\/56a2bdb136cd5997b1dd0485f3d105f9"},"breadcrumb":{"@id":"https:\/\/blog.zeit.de\/gruenegeschaefte\/2009\/12\/02\/der-umwelt-markt\/#breadcrumb"},"inLanguage":"de","potentialAction":[{"@type":"ReadAction","target":["https:\/\/blog.zeit.de\/gruenegeschaefte\/2009\/12\/02\/der-umwelt-markt\/"]}]},{"@type":"BreadcrumbList","@id":"https:\/\/blog.zeit.de\/gruenegeschaefte\/2009\/12\/02\/der-umwelt-markt\/#breadcrumb","itemListElement":[{"@type":"ListItem","position":1,"name":"Startseite","item":"https:\/\/blog.zeit.de\/gruenegeschaefte\/"},{"@type":"ListItem","position":2,"name":"Der Umwelt-Markt"}]},{"@type":"WebSite","@id":"https:\/\/blog.zeit.de\/gruenegeschaefte\/#website","url":"https:\/\/blog.zeit.de\/gruenegeschaefte\/","name":"Gr\u00fcne Gesch\u00e4fte","description":"Wir k\u00f6nnen&#039;s besser: Das Blog f\u00fcr eine Wirtschaft, die Ressourcen und Klima schont","potentialAction":[{"@type":"SearchAction","target":{"@type":"EntryPoint","urlTemplate":"https:\/\/blog.zeit.de\/gruenegeschaefte\/?s={search_term_string}"},"query-input":"required name=search_term_string"}],"inLanguage":"de"},{"@type":"Person","@id":"https:\/\/blog.zeit.de\/gruenegeschaefte\/#\/schema\/person\/56a2bdb136cd5997b1dd0485f3d105f9","name":"Marlies Uken","image":{"@type":"ImageObject","inLanguage":"de","@id":"https:\/\/blog.zeit.de\/gruenegeschaefte\/#\/schema\/person\/image\/","url":"https:\/\/secure.gravatar.com\/avatar\/1b4c2e971f407a9ead4389a9370b171e45b0ee693342f36fcc448bb9175b9ee2?s=96&d=mm&r=g","contentUrl":"https:\/\/secure.gravatar.com\/avatar\/1b4c2e971f407a9ead4389a9370b171e45b0ee693342f36fcc448bb9175b9ee2?s=96&d=mm&r=g","caption":"Marlies Uken"},"description":"ist Redakteurin bei ZEIT ONLINE.","sameAs":["https:\/\/blog.zeit.de\/gruenegeschaefte\/"],"url":"https:\/\/blog.zeit.de\/gruenegeschaefte\/author\/marlies-uken\/"}]}},"jetpack_featured_media_url":"","jetpack_sharing_enabled":true,"_links":{"self":[{"href":"https:\/\/blog.zeit.de\/gruenegeschaefte\/wp-json\/wp\/v2\/posts\/75","targetHints":{"allow":["GET"]}}],"collection":[{"href":"https:\/\/blog.zeit.de\/gruenegeschaefte\/wp-json\/wp\/v2\/posts"}],"about":[{"href":"https:\/\/blog.zeit.de\/gruenegeschaefte\/wp-json\/wp\/v2\/types\/post"}],"author":[{"embeddable":true,"href":"https:\/\/blog.zeit.de\/gruenegeschaefte\/wp-json\/wp\/v2\/users\/196"}],"replies":[{"embeddable":true,"href":"https:\/\/blog.zeit.de\/gruenegeschaefte\/wp-json\/wp\/v2\/comments?post=75"}],"version-history":[{"count":0,"href":"https:\/\/blog.zeit.de\/gruenegeschaefte\/wp-json\/wp\/v2\/posts\/75\/revisions"}],"wp:attachment":[{"href":"https:\/\/blog.zeit.de\/gruenegeschaefte\/wp-json\/wp\/v2\/media?parent=75"}],"wp:term":[{"taxonomy":"category","embeddable":true,"href":"https:\/\/blog.zeit.de\/gruenegeschaefte\/wp-json\/wp\/v2\/categories?post=75"},{"taxonomy":"post_tag","embeddable":true,"href":"https:\/\/blog.zeit.de\/gruenegeschaefte\/wp-json\/wp\/v2\/tags?post=75"}],"curies":[{"name":"wp","href":"https:\/\/api.w.org\/{rel}","templated":true}]}}