{"id":768,"date":"2010-04-13T17:14:08","date_gmt":"2010-04-13T15:14:08","guid":{"rendered":"http:\/\/blog.zeit.de\/gruenegeschaefte\/?p=768"},"modified":"2010-04-13T17:17:15","modified_gmt":"2010-04-13T15:17:15","slug":"selbst-mckinsey-halt-radikale-co2-minderung-bis-2050-fur-moglich","status":"publish","type":"post","link":"https:\/\/blog.zeit.de\/gruenegeschaefte\/2010\/04\/13\/selbst-mckinsey-halt-radikale-co2-minderung-bis-2050-fur-moglich\/","title":{"rendered":"Selbst McKinsey h\u00e4lt radikale CO2-Minderung bis 2050 f\u00fcr m\u00f6glich"},"content":{"rendered":"<p>Nur flott: Die Unternehmensberatung McKinsey, die immer wieder mit spannenden Energiestudien f\u00fcr Aufmerksamkeit sorgt, hat heute in Br\u00fcssel die <em><a href=\"http:\/\/www.roadmap2050.eu\/downloads.html\">Roadmap 2050<\/a><\/em> vorgestellt. Sie wurde von der <a href=\"http:\/\/www.zeit.de\/wirtschaft\/2009-09\/klima-allianz\">European Climate Foundation<\/a> in Auftrag gegeben und zusammen mit Energieversorgern wie Vattenfall, RWE und E.On und NGOs wie Germanwatch erstellt. McKinsey geht in seiner Studie davon aus, dass Europa bis 2050 eine Reduzierung seiner Co2-Emissionen um 80 Prozent im Vergleich zu 1990 erreichen kann &#8211; und das alles mit bereits etablierten Technologien (also keine Osmosekraftwerke oder anderer Schnickschnack), sondern mit Energiesparen, Kohlendioxidabscheidung (CCS), dem Ausbau der erneuerbaren Energien &#8211; und einem gewissen Anteil von Atomstrom. Allerdings m\u00fcsste das Energiesystem daf\u00fcr fundamental ge\u00e4ndert werden &#8211; und die Zeit wird knapp: Gerade mal f\u00fcnf Jahre h\u00e4tten wir noch, um mit der Transformation zu beginnen.<\/p>\n","protected":false},"excerpt":{"rendered":"<p>Nur flott: Die Unternehmensberatung McKinsey, die immer wieder mit spannenden Energiestudien f\u00fcr Aufmerksamkeit sorgt, hat heute in Br\u00fcssel die Roadmap 2050 vorgestellt. Sie wurde von der European Climate Foundation in Auftrag gegeben und zusammen mit Energieversorgern wie Vattenfall, RWE und E.On und NGOs wie Germanwatch erstellt. McKinsey geht in seiner Studie davon aus, dass Europa [&hellip;]<\/p>\n","protected":false},"author":196,"featured_media":0,"comment_status":"open","ping_status":"open","sticky":false,"template":"","format":"standard","meta":{"_jetpack_memberships_contains_paid_content":false,"footnotes":""},"categories":[1123,1132,591],"tags":[],"class_list":["post-768","post","type-post","status-publish","format-standard","hentry","category-energieeffizienz","category-klima","category-wirtschaft"],"yoast_head":"<!-- This site is optimized with the Yoast SEO plugin v21.0 - https:\/\/yoast.com\/wordpress\/plugins\/seo\/ -->\n<title>Selbst McKinsey h\u00e4lt radikale CO2-Minderung bis 2050 f\u00fcr m\u00f6glich - Gr\u00fcne Gesch\u00e4fte<\/title>\n<meta name=\"robots\" content=\"index, follow, max-snippet:-1, max-image-preview:large, max-video-preview:-1\" \/>\n<link rel=\"canonical\" href=\"https:\/\/blog.zeit.de\/gruenegeschaefte\/2010\/04\/13\/selbst-mckinsey-halt-radikale-co2-minderung-bis-2050-fur-moglich\/\" \/>\n<meta property=\"og:locale\" content=\"de_DE\" \/>\n<meta property=\"og:type\" content=\"article\" \/>\n<meta property=\"og:title\" content=\"Selbst McKinsey h\u00e4lt radikale CO2-Minderung bis 2050 f\u00fcr m\u00f6glich - Gr\u00fcne Gesch\u00e4fte\" \/>\n<meta property=\"og:description\" content=\"Nur flott: Die Unternehmensberatung McKinsey, die immer wieder mit spannenden Energiestudien f\u00fcr Aufmerksamkeit sorgt, hat heute in Br\u00fcssel die Roadmap 2050 vorgestellt. Sie wurde von der European Climate Foundation in Auftrag gegeben und zusammen mit Energieversorgern wie Vattenfall, RWE und E.On und NGOs wie Germanwatch erstellt. McKinsey geht in seiner Studie davon aus, dass Europa [&hellip;]\" \/>\n<meta property=\"og:url\" content=\"https:\/\/blog.zeit.de\/gruenegeschaefte\/2010\/04\/13\/selbst-mckinsey-halt-radikale-co2-minderung-bis-2050-fur-moglich\/\" \/>\n<meta property=\"og:site_name\" content=\"Gr\u00fcne Gesch\u00e4fte\" \/>\n<meta property=\"article:published_time\" content=\"2010-04-13T15:14:08+00:00\" \/>\n<meta property=\"article:modified_time\" content=\"2010-04-13T15:17:15+00:00\" \/>\n<meta name=\"author\" content=\"Marlies Uken\" \/>\n<meta name=\"twitter:card\" content=\"summary_large_image\" \/>\n<meta name=\"twitter:creator\" content=\"@zeitonline\" \/>\n<meta name=\"twitter:site\" content=\"@zeitonline\" \/>\n<meta name=\"twitter:label1\" content=\"Geschrieben von\" \/>\n\t<meta name=\"twitter:data1\" content=\"Marlies Uken\" \/>\n\t<meta name=\"twitter:label2\" content=\"Gesch\u00e4tzte Lesezeit\" \/>\n\t<meta name=\"twitter:data2\" content=\"1\u00a0Minute\" \/>\n<script type=\"application\/ld+json\" class=\"yoast-schema-graph\">{\"@context\":\"https:\/\/schema.org\",\"@graph\":[{\"@type\":\"WebPage\",\"@id\":\"https:\/\/blog.zeit.de\/gruenegeschaefte\/2010\/04\/13\/selbst-mckinsey-halt-radikale-co2-minderung-bis-2050-fur-moglich\/\",\"url\":\"https:\/\/blog.zeit.de\/gruenegeschaefte\/2010\/04\/13\/selbst-mckinsey-halt-radikale-co2-minderung-bis-2050-fur-moglich\/\",\"name\":\"Selbst McKinsey h\u00e4lt radikale CO2-Minderung bis 2050 f\u00fcr m\u00f6glich - Gr\u00fcne Gesch\u00e4fte\",\"isPartOf\":{\"@id\":\"https:\/\/blog.zeit.de\/gruenegeschaefte\/#website\"},\"datePublished\":\"2010-04-13T15:14:08+00:00\",\"dateModified\":\"2010-04-13T15:17:15+00:00\",\"author\":{\"@id\":\"https:\/\/blog.zeit.de\/gruenegeschaefte\/#\/schema\/person\/56a2bdb136cd5997b1dd0485f3d105f9\"},\"breadcrumb\":{\"@id\":\"https:\/\/blog.zeit.de\/gruenegeschaefte\/2010\/04\/13\/selbst-mckinsey-halt-radikale-co2-minderung-bis-2050-fur-moglich\/#breadcrumb\"},\"inLanguage\":\"de\",\"potentialAction\":[{\"@type\":\"ReadAction\",\"target\":[\"https:\/\/blog.zeit.de\/gruenegeschaefte\/2010\/04\/13\/selbst-mckinsey-halt-radikale-co2-minderung-bis-2050-fur-moglich\/\"]}]},{\"@type\":\"BreadcrumbList\",\"@id\":\"https:\/\/blog.zeit.de\/gruenegeschaefte\/2010\/04\/13\/selbst-mckinsey-halt-radikale-co2-minderung-bis-2050-fur-moglich\/#breadcrumb\",\"itemListElement\":[{\"@type\":\"ListItem\",\"position\":1,\"name\":\"Startseite\",\"item\":\"https:\/\/blog.zeit.de\/gruenegeschaefte\/\"},{\"@type\":\"ListItem\",\"position\":2,\"name\":\"Selbst McKinsey h\u00e4lt radikale CO2-Minderung bis 2050 f\u00fcr m\u00f6glich\"}]},{\"@type\":\"WebSite\",\"@id\":\"https:\/\/blog.zeit.de\/gruenegeschaefte\/#website\",\"url\":\"https:\/\/blog.zeit.de\/gruenegeschaefte\/\",\"name\":\"Gr\u00fcne Gesch\u00e4fte\",\"description\":\"Wir k\u00f6nnen&#039;s besser: Das Blog f\u00fcr eine Wirtschaft, die Ressourcen und Klima schont\",\"potentialAction\":[{\"@type\":\"SearchAction\",\"target\":{\"@type\":\"EntryPoint\",\"urlTemplate\":\"https:\/\/blog.zeit.de\/gruenegeschaefte\/?s={search_term_string}\"},\"query-input\":\"required name=search_term_string\"}],\"inLanguage\":\"de\"},{\"@type\":\"Person\",\"@id\":\"https:\/\/blog.zeit.de\/gruenegeschaefte\/#\/schema\/person\/56a2bdb136cd5997b1dd0485f3d105f9\",\"name\":\"Marlies Uken\",\"image\":{\"@type\":\"ImageObject\",\"inLanguage\":\"de\",\"@id\":\"https:\/\/blog.zeit.de\/gruenegeschaefte\/#\/schema\/person\/image\/\",\"url\":\"https:\/\/secure.gravatar.com\/avatar\/1b4c2e971f407a9ead4389a9370b171e45b0ee693342f36fcc448bb9175b9ee2?s=96&d=mm&r=g\",\"contentUrl\":\"https:\/\/secure.gravatar.com\/avatar\/1b4c2e971f407a9ead4389a9370b171e45b0ee693342f36fcc448bb9175b9ee2?s=96&d=mm&r=g\",\"caption\":\"Marlies Uken\"},\"description\":\"ist Redakteurin bei ZEIT ONLINE.\",\"sameAs\":[\"https:\/\/blog.zeit.de\/gruenegeschaefte\/\"],\"url\":\"https:\/\/blog.zeit.de\/gruenegeschaefte\/author\/marlies-uken\/\"}]}<\/script>\n<!-- \/ Yoast SEO plugin. -->","yoast_head_json":{"title":"Selbst McKinsey h\u00e4lt radikale CO2-Minderung bis 2050 f\u00fcr m\u00f6glich - Gr\u00fcne Gesch\u00e4fte","robots":{"index":"index","follow":"follow","max-snippet":"max-snippet:-1","max-image-preview":"max-image-preview:large","max-video-preview":"max-video-preview:-1"},"canonical":"https:\/\/blog.zeit.de\/gruenegeschaefte\/2010\/04\/13\/selbst-mckinsey-halt-radikale-co2-minderung-bis-2050-fur-moglich\/","og_locale":"de_DE","og_type":"article","og_title":"Selbst McKinsey h\u00e4lt radikale CO2-Minderung bis 2050 f\u00fcr m\u00f6glich - Gr\u00fcne Gesch\u00e4fte","og_description":"Nur flott: Die Unternehmensberatung McKinsey, die immer wieder mit spannenden Energiestudien f\u00fcr Aufmerksamkeit sorgt, hat heute in Br\u00fcssel die Roadmap 2050 vorgestellt. Sie wurde von der European Climate Foundation in Auftrag gegeben und zusammen mit Energieversorgern wie Vattenfall, RWE und E.On und NGOs wie Germanwatch erstellt. McKinsey geht in seiner Studie davon aus, dass Europa [&hellip;]","og_url":"https:\/\/blog.zeit.de\/gruenegeschaefte\/2010\/04\/13\/selbst-mckinsey-halt-radikale-co2-minderung-bis-2050-fur-moglich\/","og_site_name":"Gr\u00fcne Gesch\u00e4fte","article_published_time":"2010-04-13T15:14:08+00:00","article_modified_time":"2010-04-13T15:17:15+00:00","author":"Marlies Uken","twitter_card":"summary_large_image","twitter_creator":"@zeitonline","twitter_site":"@zeitonline","twitter_misc":{"Geschrieben von":"Marlies Uken","Gesch\u00e4tzte Lesezeit":"1\u00a0Minute"},"schema":{"@context":"https:\/\/schema.org","@graph":[{"@type":"WebPage","@id":"https:\/\/blog.zeit.de\/gruenegeschaefte\/2010\/04\/13\/selbst-mckinsey-halt-radikale-co2-minderung-bis-2050-fur-moglich\/","url":"https:\/\/blog.zeit.de\/gruenegeschaefte\/2010\/04\/13\/selbst-mckinsey-halt-radikale-co2-minderung-bis-2050-fur-moglich\/","name":"Selbst McKinsey h\u00e4lt radikale CO2-Minderung bis 2050 f\u00fcr m\u00f6glich - Gr\u00fcne Gesch\u00e4fte","isPartOf":{"@id":"https:\/\/blog.zeit.de\/gruenegeschaefte\/#website"},"datePublished":"2010-04-13T15:14:08+00:00","dateModified":"2010-04-13T15:17:15+00:00","author":{"@id":"https:\/\/blog.zeit.de\/gruenegeschaefte\/#\/schema\/person\/56a2bdb136cd5997b1dd0485f3d105f9"},"breadcrumb":{"@id":"https:\/\/blog.zeit.de\/gruenegeschaefte\/2010\/04\/13\/selbst-mckinsey-halt-radikale-co2-minderung-bis-2050-fur-moglich\/#breadcrumb"},"inLanguage":"de","potentialAction":[{"@type":"ReadAction","target":["https:\/\/blog.zeit.de\/gruenegeschaefte\/2010\/04\/13\/selbst-mckinsey-halt-radikale-co2-minderung-bis-2050-fur-moglich\/"]}]},{"@type":"BreadcrumbList","@id":"https:\/\/blog.zeit.de\/gruenegeschaefte\/2010\/04\/13\/selbst-mckinsey-halt-radikale-co2-minderung-bis-2050-fur-moglich\/#breadcrumb","itemListElement":[{"@type":"ListItem","position":1,"name":"Startseite","item":"https:\/\/blog.zeit.de\/gruenegeschaefte\/"},{"@type":"ListItem","position":2,"name":"Selbst McKinsey h\u00e4lt radikale CO2-Minderung bis 2050 f\u00fcr m\u00f6glich"}]},{"@type":"WebSite","@id":"https:\/\/blog.zeit.de\/gruenegeschaefte\/#website","url":"https:\/\/blog.zeit.de\/gruenegeschaefte\/","name":"Gr\u00fcne Gesch\u00e4fte","description":"Wir k\u00f6nnen&#039;s besser: Das Blog f\u00fcr eine Wirtschaft, die Ressourcen und Klima schont","potentialAction":[{"@type":"SearchAction","target":{"@type":"EntryPoint","urlTemplate":"https:\/\/blog.zeit.de\/gruenegeschaefte\/?s={search_term_string}"},"query-input":"required name=search_term_string"}],"inLanguage":"de"},{"@type":"Person","@id":"https:\/\/blog.zeit.de\/gruenegeschaefte\/#\/schema\/person\/56a2bdb136cd5997b1dd0485f3d105f9","name":"Marlies Uken","image":{"@type":"ImageObject","inLanguage":"de","@id":"https:\/\/blog.zeit.de\/gruenegeschaefte\/#\/schema\/person\/image\/","url":"https:\/\/secure.gravatar.com\/avatar\/1b4c2e971f407a9ead4389a9370b171e45b0ee693342f36fcc448bb9175b9ee2?s=96&d=mm&r=g","contentUrl":"https:\/\/secure.gravatar.com\/avatar\/1b4c2e971f407a9ead4389a9370b171e45b0ee693342f36fcc448bb9175b9ee2?s=96&d=mm&r=g","caption":"Marlies Uken"},"description":"ist Redakteurin bei ZEIT ONLINE.","sameAs":["https:\/\/blog.zeit.de\/gruenegeschaefte\/"],"url":"https:\/\/blog.zeit.de\/gruenegeschaefte\/author\/marlies-uken\/"}]}},"jetpack_featured_media_url":"","jetpack_sharing_enabled":true,"_links":{"self":[{"href":"https:\/\/blog.zeit.de\/gruenegeschaefte\/wp-json\/wp\/v2\/posts\/768","targetHints":{"allow":["GET"]}}],"collection":[{"href":"https:\/\/blog.zeit.de\/gruenegeschaefte\/wp-json\/wp\/v2\/posts"}],"about":[{"href":"https:\/\/blog.zeit.de\/gruenegeschaefte\/wp-json\/wp\/v2\/types\/post"}],"author":[{"embeddable":true,"href":"https:\/\/blog.zeit.de\/gruenegeschaefte\/wp-json\/wp\/v2\/users\/196"}],"replies":[{"embeddable":true,"href":"https:\/\/blog.zeit.de\/gruenegeschaefte\/wp-json\/wp\/v2\/comments?post=768"}],"version-history":[{"count":0,"href":"https:\/\/blog.zeit.de\/gruenegeschaefte\/wp-json\/wp\/v2\/posts\/768\/revisions"}],"wp:attachment":[{"href":"https:\/\/blog.zeit.de\/gruenegeschaefte\/wp-json\/wp\/v2\/media?parent=768"}],"wp:term":[{"taxonomy":"category","embeddable":true,"href":"https:\/\/blog.zeit.de\/gruenegeschaefte\/wp-json\/wp\/v2\/categories?post=768"},{"taxonomy":"post_tag","embeddable":true,"href":"https:\/\/blog.zeit.de\/gruenegeschaefte\/wp-json\/wp\/v2\/tags?post=768"}],"curies":[{"name":"wp","href":"https:\/\/api.w.org\/{rel}","templated":true}]}}