{"id":778,"date":"2010-04-15T09:55:31","date_gmt":"2010-04-15T07:55:31","guid":{"rendered":"http:\/\/blog.zeit.de\/gruenegeschaefte\/?p=778"},"modified":"2010-04-15T09:56:14","modified_gmt":"2010-04-15T07:56:14","slug":"ernst-u-von-weizsacker-fordert-hohere-energiepreise","status":"publish","type":"post","link":"https:\/\/blog.zeit.de\/gruenegeschaefte\/2010\/04\/15\/ernst-u-von-weizsacker-fordert-hohere-energiepreise\/","title":{"rendered":"Ernst U. von Weizs\u00e4cker fordert h\u00f6here Energiepreise"},"content":{"rendered":"<p>Eine sinnvolle Forderung ist mir <a href=\"http:\/\/www.spiegel.de\/wirtschaft\/unternehmen\/0,1518,688099,00.html\">heute morgen auf <em>Spiegel Online<\/em><\/a> untergekommen: Ernst Ulrich von Weizs\u00e4cker, Neffe des Ex-Bundespr\u00e4sidenten (Gl\u00fcckwunsch!), ehemaliger SPD-Politiker und Umweltfachmann, fordert dort, die Preise f\u00fcr Energie, Wasser und andere Prim\u00e4rrohstoffe schrittweise anzuheben, damit sie die wahren Umweltkosten wiederspiegeln:<\/p>\n<blockquote><p><em>&#8222;Sinnvoll w\u00e4re es, die Preise f\u00fcr Energie, Wasser und Prim\u00e4rrohstoffe in  kleinen, sehr langfristig vorhersehbaren Schritten anzuheben. Uns  schwebt vor, dies einfach im Gleichschritt mit der gemessenen Erh\u00f6hung  der Energie- und Ressourcenproduktivit\u00e4t zu tun. Die monatlichen Kosten  f\u00fcr Energie, Wasser und andere  Rohstoffe steigen dann durchschnittlich  nicht, also gibt es weder soziale N\u00f6te noch wirtschaftssch\u00e4digende  Kapitalvernichtung. <\/em><\/p>\n<p><em>Und doch w\u00fcrden sich Investoren, Ingenieure, H\u00e4ndler  und Konsumenten alsbald von der Erwartung steigender  Naturverbrauchspreise beeinflussen lassen und den Gang der  Effizienzverbesserung beschleunigen. Das ist genau die Dynamik, die die  Welt braucht.&#8220;<\/em><\/p><\/blockquote>\n<p>Das allein mag ja schon provokant genug sein. Aber von Weizs\u00e4cker setzt in einem kurzen Satz noch einen drauf:<\/p>\n<blockquote><p><em>&#8222;Irgendwo muss auch ein Sinn f\u00fcr Gen\u00fcgsamkeit einsetzen.&#8220;<br \/>\n<\/em><\/p><\/blockquote>\n<p>Allesamt unpopul\u00e4re, aber wohl sinnvolle Forderungen, w\u00fcrde ich sagen. Was denken Sie?<\/p>\n<blockquote><p><em><br \/>\n<\/em><\/p><\/blockquote>\n","protected":false},"excerpt":{"rendered":"<p>Eine sinnvolle Forderung ist mir heute morgen auf Spiegel Online untergekommen: Ernst Ulrich von Weizs\u00e4cker, Neffe des Ex-Bundespr\u00e4sidenten (Gl\u00fcckwunsch!), ehemaliger SPD-Politiker und Umweltfachmann, fordert dort, die Preise f\u00fcr Energie, Wasser und andere Prim\u00e4rrohstoffe schrittweise anzuheben, damit sie die wahren Umweltkosten wiederspiegeln: &#8222;Sinnvoll w\u00e4re es, die Preise f\u00fcr Energie, Wasser und Prim\u00e4rrohstoffe in kleinen, sehr langfristig [&hellip;]<\/p>\n","protected":false},"author":196,"featured_media":0,"comment_status":"open","ping_status":"open","sticky":false,"template":"","format":"standard","meta":{"_jetpack_memberships_contains_paid_content":false,"footnotes":""},"categories":[1432,591],"tags":[],"class_list":["post-778","post","type-post","status-publish","format-standard","hentry","category-nachhaltigkeit","category-wirtschaft"],"yoast_head":"<!-- This site is optimized with the Yoast SEO plugin v21.0 - https:\/\/yoast.com\/wordpress\/plugins\/seo\/ -->\n<title>Ernst U. von Weizs\u00e4cker fordert h\u00f6here Energiepreise - Gr\u00fcne Gesch\u00e4fte<\/title>\n<meta name=\"robots\" content=\"index, follow, max-snippet:-1, max-image-preview:large, max-video-preview:-1\" \/>\n<link rel=\"canonical\" href=\"https:\/\/blog.zeit.de\/gruenegeschaefte\/2010\/04\/15\/ernst-u-von-weizsacker-fordert-hohere-energiepreise\/\" \/>\n<meta property=\"og:locale\" content=\"de_DE\" \/>\n<meta property=\"og:type\" content=\"article\" \/>\n<meta property=\"og:title\" content=\"Ernst U. von Weizs\u00e4cker fordert h\u00f6here Energiepreise - Gr\u00fcne Gesch\u00e4fte\" \/>\n<meta property=\"og:description\" content=\"Eine sinnvolle Forderung ist mir heute morgen auf Spiegel Online untergekommen: Ernst Ulrich von Weizs\u00e4cker, Neffe des Ex-Bundespr\u00e4sidenten (Gl\u00fcckwunsch!), ehemaliger SPD-Politiker und Umweltfachmann, fordert dort, die Preise f\u00fcr Energie, Wasser und andere Prim\u00e4rrohstoffe schrittweise anzuheben, damit sie die wahren Umweltkosten wiederspiegeln: &#8222;Sinnvoll w\u00e4re es, die Preise f\u00fcr Energie, Wasser und Prim\u00e4rrohstoffe in kleinen, sehr langfristig [&hellip;]\" \/>\n<meta property=\"og:url\" content=\"https:\/\/blog.zeit.de\/gruenegeschaefte\/2010\/04\/15\/ernst-u-von-weizsacker-fordert-hohere-energiepreise\/\" \/>\n<meta property=\"og:site_name\" content=\"Gr\u00fcne Gesch\u00e4fte\" \/>\n<meta property=\"article:published_time\" content=\"2010-04-15T07:55:31+00:00\" \/>\n<meta property=\"article:modified_time\" content=\"2010-04-15T07:56:14+00:00\" \/>\n<meta name=\"author\" content=\"Marlies Uken\" \/>\n<meta name=\"twitter:card\" content=\"summary_large_image\" \/>\n<meta name=\"twitter:creator\" content=\"@zeitonline\" \/>\n<meta name=\"twitter:site\" content=\"@zeitonline\" \/>\n<meta name=\"twitter:label1\" content=\"Geschrieben von\" \/>\n\t<meta name=\"twitter:data1\" content=\"Marlies Uken\" \/>\n\t<meta name=\"twitter:label2\" content=\"Gesch\u00e4tzte Lesezeit\" \/>\n\t<meta name=\"twitter:data2\" content=\"1\u00a0Minute\" \/>\n<script type=\"application\/ld+json\" class=\"yoast-schema-graph\">{\"@context\":\"https:\/\/schema.org\",\"@graph\":[{\"@type\":\"WebPage\",\"@id\":\"https:\/\/blog.zeit.de\/gruenegeschaefte\/2010\/04\/15\/ernst-u-von-weizsacker-fordert-hohere-energiepreise\/\",\"url\":\"https:\/\/blog.zeit.de\/gruenegeschaefte\/2010\/04\/15\/ernst-u-von-weizsacker-fordert-hohere-energiepreise\/\",\"name\":\"Ernst U. von Weizs\u00e4cker fordert h\u00f6here Energiepreise - Gr\u00fcne Gesch\u00e4fte\",\"isPartOf\":{\"@id\":\"https:\/\/blog.zeit.de\/gruenegeschaefte\/#website\"},\"datePublished\":\"2010-04-15T07:55:31+00:00\",\"dateModified\":\"2010-04-15T07:56:14+00:00\",\"author\":{\"@id\":\"https:\/\/blog.zeit.de\/gruenegeschaefte\/#\/schema\/person\/56a2bdb136cd5997b1dd0485f3d105f9\"},\"breadcrumb\":{\"@id\":\"https:\/\/blog.zeit.de\/gruenegeschaefte\/2010\/04\/15\/ernst-u-von-weizsacker-fordert-hohere-energiepreise\/#breadcrumb\"},\"inLanguage\":\"de\",\"potentialAction\":[{\"@type\":\"ReadAction\",\"target\":[\"https:\/\/blog.zeit.de\/gruenegeschaefte\/2010\/04\/15\/ernst-u-von-weizsacker-fordert-hohere-energiepreise\/\"]}]},{\"@type\":\"BreadcrumbList\",\"@id\":\"https:\/\/blog.zeit.de\/gruenegeschaefte\/2010\/04\/15\/ernst-u-von-weizsacker-fordert-hohere-energiepreise\/#breadcrumb\",\"itemListElement\":[{\"@type\":\"ListItem\",\"position\":1,\"name\":\"Startseite\",\"item\":\"https:\/\/blog.zeit.de\/gruenegeschaefte\/\"},{\"@type\":\"ListItem\",\"position\":2,\"name\":\"Ernst U. von Weizs\u00e4cker fordert h\u00f6here Energiepreise\"}]},{\"@type\":\"WebSite\",\"@id\":\"https:\/\/blog.zeit.de\/gruenegeschaefte\/#website\",\"url\":\"https:\/\/blog.zeit.de\/gruenegeschaefte\/\",\"name\":\"Gr\u00fcne Gesch\u00e4fte\",\"description\":\"Wir k\u00f6nnen&#039;s besser: Das Blog f\u00fcr eine Wirtschaft, die Ressourcen und Klima schont\",\"potentialAction\":[{\"@type\":\"SearchAction\",\"target\":{\"@type\":\"EntryPoint\",\"urlTemplate\":\"https:\/\/blog.zeit.de\/gruenegeschaefte\/?s={search_term_string}\"},\"query-input\":\"required name=search_term_string\"}],\"inLanguage\":\"de\"},{\"@type\":\"Person\",\"@id\":\"https:\/\/blog.zeit.de\/gruenegeschaefte\/#\/schema\/person\/56a2bdb136cd5997b1dd0485f3d105f9\",\"name\":\"Marlies Uken\",\"image\":{\"@type\":\"ImageObject\",\"inLanguage\":\"de\",\"@id\":\"https:\/\/blog.zeit.de\/gruenegeschaefte\/#\/schema\/person\/image\/\",\"url\":\"https:\/\/secure.gravatar.com\/avatar\/1b4c2e971f407a9ead4389a9370b171e45b0ee693342f36fcc448bb9175b9ee2?s=96&d=mm&r=g\",\"contentUrl\":\"https:\/\/secure.gravatar.com\/avatar\/1b4c2e971f407a9ead4389a9370b171e45b0ee693342f36fcc448bb9175b9ee2?s=96&d=mm&r=g\",\"caption\":\"Marlies Uken\"},\"description\":\"ist Redakteurin bei ZEIT ONLINE.\",\"sameAs\":[\"https:\/\/blog.zeit.de\/gruenegeschaefte\/\"],\"url\":\"https:\/\/blog.zeit.de\/gruenegeschaefte\/author\/marlies-uken\/\"}]}<\/script>\n<!-- \/ Yoast SEO plugin. -->","yoast_head_json":{"title":"Ernst U. von Weizs\u00e4cker fordert h\u00f6here Energiepreise - Gr\u00fcne Gesch\u00e4fte","robots":{"index":"index","follow":"follow","max-snippet":"max-snippet:-1","max-image-preview":"max-image-preview:large","max-video-preview":"max-video-preview:-1"},"canonical":"https:\/\/blog.zeit.de\/gruenegeschaefte\/2010\/04\/15\/ernst-u-von-weizsacker-fordert-hohere-energiepreise\/","og_locale":"de_DE","og_type":"article","og_title":"Ernst U. von Weizs\u00e4cker fordert h\u00f6here Energiepreise - Gr\u00fcne Gesch\u00e4fte","og_description":"Eine sinnvolle Forderung ist mir heute morgen auf Spiegel Online untergekommen: Ernst Ulrich von Weizs\u00e4cker, Neffe des Ex-Bundespr\u00e4sidenten (Gl\u00fcckwunsch!), ehemaliger SPD-Politiker und Umweltfachmann, fordert dort, die Preise f\u00fcr Energie, Wasser und andere Prim\u00e4rrohstoffe schrittweise anzuheben, damit sie die wahren Umweltkosten wiederspiegeln: &#8222;Sinnvoll w\u00e4re es, die Preise f\u00fcr Energie, Wasser und Prim\u00e4rrohstoffe in kleinen, sehr langfristig [&hellip;]","og_url":"https:\/\/blog.zeit.de\/gruenegeschaefte\/2010\/04\/15\/ernst-u-von-weizsacker-fordert-hohere-energiepreise\/","og_site_name":"Gr\u00fcne Gesch\u00e4fte","article_published_time":"2010-04-15T07:55:31+00:00","article_modified_time":"2010-04-15T07:56:14+00:00","author":"Marlies Uken","twitter_card":"summary_large_image","twitter_creator":"@zeitonline","twitter_site":"@zeitonline","twitter_misc":{"Geschrieben von":"Marlies Uken","Gesch\u00e4tzte Lesezeit":"1\u00a0Minute"},"schema":{"@context":"https:\/\/schema.org","@graph":[{"@type":"WebPage","@id":"https:\/\/blog.zeit.de\/gruenegeschaefte\/2010\/04\/15\/ernst-u-von-weizsacker-fordert-hohere-energiepreise\/","url":"https:\/\/blog.zeit.de\/gruenegeschaefte\/2010\/04\/15\/ernst-u-von-weizsacker-fordert-hohere-energiepreise\/","name":"Ernst U. von Weizs\u00e4cker fordert h\u00f6here Energiepreise - Gr\u00fcne Gesch\u00e4fte","isPartOf":{"@id":"https:\/\/blog.zeit.de\/gruenegeschaefte\/#website"},"datePublished":"2010-04-15T07:55:31+00:00","dateModified":"2010-04-15T07:56:14+00:00","author":{"@id":"https:\/\/blog.zeit.de\/gruenegeschaefte\/#\/schema\/person\/56a2bdb136cd5997b1dd0485f3d105f9"},"breadcrumb":{"@id":"https:\/\/blog.zeit.de\/gruenegeschaefte\/2010\/04\/15\/ernst-u-von-weizsacker-fordert-hohere-energiepreise\/#breadcrumb"},"inLanguage":"de","potentialAction":[{"@type":"ReadAction","target":["https:\/\/blog.zeit.de\/gruenegeschaefte\/2010\/04\/15\/ernst-u-von-weizsacker-fordert-hohere-energiepreise\/"]}]},{"@type":"BreadcrumbList","@id":"https:\/\/blog.zeit.de\/gruenegeschaefte\/2010\/04\/15\/ernst-u-von-weizsacker-fordert-hohere-energiepreise\/#breadcrumb","itemListElement":[{"@type":"ListItem","position":1,"name":"Startseite","item":"https:\/\/blog.zeit.de\/gruenegeschaefte\/"},{"@type":"ListItem","position":2,"name":"Ernst U. von Weizs\u00e4cker fordert h\u00f6here Energiepreise"}]},{"@type":"WebSite","@id":"https:\/\/blog.zeit.de\/gruenegeschaefte\/#website","url":"https:\/\/blog.zeit.de\/gruenegeschaefte\/","name":"Gr\u00fcne Gesch\u00e4fte","description":"Wir k\u00f6nnen&#039;s besser: Das Blog f\u00fcr eine Wirtschaft, die Ressourcen und Klima schont","potentialAction":[{"@type":"SearchAction","target":{"@type":"EntryPoint","urlTemplate":"https:\/\/blog.zeit.de\/gruenegeschaefte\/?s={search_term_string}"},"query-input":"required name=search_term_string"}],"inLanguage":"de"},{"@type":"Person","@id":"https:\/\/blog.zeit.de\/gruenegeschaefte\/#\/schema\/person\/56a2bdb136cd5997b1dd0485f3d105f9","name":"Marlies Uken","image":{"@type":"ImageObject","inLanguage":"de","@id":"https:\/\/blog.zeit.de\/gruenegeschaefte\/#\/schema\/person\/image\/","url":"https:\/\/secure.gravatar.com\/avatar\/1b4c2e971f407a9ead4389a9370b171e45b0ee693342f36fcc448bb9175b9ee2?s=96&d=mm&r=g","contentUrl":"https:\/\/secure.gravatar.com\/avatar\/1b4c2e971f407a9ead4389a9370b171e45b0ee693342f36fcc448bb9175b9ee2?s=96&d=mm&r=g","caption":"Marlies Uken"},"description":"ist Redakteurin bei ZEIT ONLINE.","sameAs":["https:\/\/blog.zeit.de\/gruenegeschaefte\/"],"url":"https:\/\/blog.zeit.de\/gruenegeschaefte\/author\/marlies-uken\/"}]}},"jetpack_featured_media_url":"","jetpack_sharing_enabled":true,"_links":{"self":[{"href":"https:\/\/blog.zeit.de\/gruenegeschaefte\/wp-json\/wp\/v2\/posts\/778","targetHints":{"allow":["GET"]}}],"collection":[{"href":"https:\/\/blog.zeit.de\/gruenegeschaefte\/wp-json\/wp\/v2\/posts"}],"about":[{"href":"https:\/\/blog.zeit.de\/gruenegeschaefte\/wp-json\/wp\/v2\/types\/post"}],"author":[{"embeddable":true,"href":"https:\/\/blog.zeit.de\/gruenegeschaefte\/wp-json\/wp\/v2\/users\/196"}],"replies":[{"embeddable":true,"href":"https:\/\/blog.zeit.de\/gruenegeschaefte\/wp-json\/wp\/v2\/comments?post=778"}],"version-history":[{"count":0,"href":"https:\/\/blog.zeit.de\/gruenegeschaefte\/wp-json\/wp\/v2\/posts\/778\/revisions"}],"wp:attachment":[{"href":"https:\/\/blog.zeit.de\/gruenegeschaefte\/wp-json\/wp\/v2\/media?parent=778"}],"wp:term":[{"taxonomy":"category","embeddable":true,"href":"https:\/\/blog.zeit.de\/gruenegeschaefte\/wp-json\/wp\/v2\/categories?post=778"},{"taxonomy":"post_tag","embeddable":true,"href":"https:\/\/blog.zeit.de\/gruenegeschaefte\/wp-json\/wp\/v2\/tags?post=778"}],"curies":[{"name":"wp","href":"https:\/\/api.w.org\/{rel}","templated":true}]}}